{"id":12224,"date":"2013-08-14T21:00:49","date_gmt":"2013-08-15T00:00:49","guid":{"rendered":"http:\/\/impressaodigital126.ufba.br\/?p=12224"},"modified":"2013-08-21T12:29:47","modified_gmt":"2013-08-21T15:29:47","slug":"da-montagem-a-vernissage","status":"publish","type":"post","link":"https:\/\/id126ufba.com.br\/memoria\/da-montagem-a-vernissage\/","title":{"rendered":"Da montagem \u00e0 vernissage"},"content":{"rendered":"<p><em>Percorra a sexta edi\u00e7\u00e3o do Circuito das Artes\u00a0atrav\u00e9s das imagens captadas nesta fotorreportagem<\/em><\/p>\n<p>&nbsp;<\/p>\n<p><span style=\"color: #888888;\"><strong>Lorena Vinturini e Wendell Wagner<\/strong><\/span><\/p>\n<p id=\"docs-internal-guid-1722fe1d-72d0-aedb-79a4-3a2dd39ad6dc\" style=\"text-align: justify;\" dir=\"ltr\">Com intuito de mostrar o percurso e registrar as etapas da sexta edi\u00e7\u00e3o do Circuito das Artes, a equipe do <em><strong>Impress\u00e3o Digital 126<\/strong><\/em> a montagem, as obras, os artistas e a abertura das exposi\u00e7\u00f5es em Salvador. Localizado em um trecho que compreende os \u00a0bairros do Canela, Vit\u00f3ria e Gra\u00e7a, o Circuito envolve sete galerias de arte da cidade: Galeria Ca\u00f1izares &#8211; UFBA, ICBA &#8211; Goehte Institut, ACBEU, Funda\u00e7\u00e3o Museu Carlos Costa Pinto, Alian\u00e7a Francesa, Instituto Cervantes e Palacete das Artes &#8211; Museu Rodin.<\/p>\n<p style=\"text-align: justify;\" dir=\"ltr\">Esta \u00e9 uma oportunidade para artistas de diversos campos da arte exibirem seus trabalhos e, ao mesmo tempo, permite ao p\u00fablico ter acesso \u00e0s obras n\u00e3o s\u00f3 por contato sensorial, mas tamb\u00e9m pelo poder de aquisi\u00e7\u00e3o das mesmas com pre\u00e7os que variam de R$80 a R$7 mil. S\u00e3o 180 obras de 60 artistas baianos, desde os mais consagrados aos novos talentos, os quais dividem os mesmos espa\u00e7os. A galeria da Funda\u00e7\u00e3o Museu Carlos Costa Pinto \u00e9 a sala especial do evento que traz a mostra comemorativa dos 80 anos de vida da artista pl\u00e1stica Nair de Cavalho, com dez telas da sua mais recente produ\u00e7\u00e3o (2011-2013) que traz os diversos aspectos da mulher baiana.<\/p>\n<p style=\"text-align: justify;\" dir=\"ltr\">Nessa sexta edi\u00e7\u00e3o, o Circuito amplia seus horizontes ao levar a ideia para mais duas capitais, Recife e Bras\u00edlia, na etapa chamada de Triangula\u00e7\u00f5es em que 20 artistas baianos ter\u00e3o suas obras expostas em conjunto com artistas de cada localidade. Em outubro de 2013 o Circuito das Artes retorna a Salvador com uma mostra dos melhores trabalhos das tr\u00eas cidades no Museu de Arte Moderna da Bahia &#8211; MAM\/Ba.<\/p>\n<p style=\"text-align: justify;\" dir=\"ltr\">Confiram um pouco dos caminhos tra\u00e7ados por nossas lentes nas fotos \u00a0dispostas nos slideshows e mais informa\u00e7\u00f5es em <a href=\"http:\/\/impressaodigital126.ufba.br\/?p=12392&amp;preview=true\" target=\"_blank\">Circuito das Artes promove interc\u00e2mbio com produ\u00e7\u00f5es de Bras\u00edlia e Recife<br \/>\n<\/a><\/p>\n<p>&nbsp;<\/p>\n<p style=\"text-align: justify;\"><strong>Montagem:<\/strong><\/p>\n<p style=\"text-align: justify;\"><em><em><em>[slideshow_deploy id=&#8217;12480&#8242;]<\/em><\/em><\/em><\/p>\n<p style=\"text-align: justify;\"><strong>Obras:<\/strong><\/p>\n<p style=\"text-align: justify;\"><em>[slideshow_deploy id=&#8217;12499&#8242;]<\/em><\/p>\n<p style=\"text-align: justify;\"><strong>Artistas:<\/strong><\/p>\n<p style=\"text-align: justify;\"><em>[slideshow_deploy id=&#8217;12510&#8242;]<\/em><\/p>\n<p style=\"text-align: justify;\"><strong>Circuito:<\/strong><\/p>\n<p style=\"text-align: justify;\"><em>[slideshow_deploy id=&#8217;12528&#8242;]<\/em><\/p>\n<p><strong>Leia mais<\/strong><\/p>\n<p><a title=\"reportagem\" href=\"http:\/\/wp.me\/p1I4B2-3dS\">Circuito das Artes promove interc\u00e2mbio com produ\u00e7\u00f5es de Bras\u00edlia e Recife<\/a><\/p>\n","protected":false},"excerpt":{"rendered":"<p>Percorra a sexta edi\u00e7\u00e3o do Circuito das Artes\u00a0atrav\u00e9s das imagens captadas nesta fotorreportagem &nbsp; Lorena Vinturini e Wendell Wagner Com intuito de mostrar o percurso e registrar as etapas da sexta edi\u00e7\u00e3o do Circuito das Artes, a equipe do Impress\u00e3o Digital 126 a montagem, as obras, os artistas e a abertura das exposi\u00e7\u00f5es em Salvador. [&hellip;]<\/p>\n","protected":false},"author":4,"featured_media":12261,"comment_status":"open","ping_status":"open","sticky":false,"template":"","format":"standard","meta":{"_acf_changed":false,"_monsterinsights_skip_tracking":false,"_monsterinsights_sitenote_active":false,"_monsterinsights_sitenote_note":"","_monsterinsights_sitenote_category":0,"footnotes":""},"categories":[3],"tags":[1010,1179,787,1192,1193],"acf":[],"aioseo_notices":[],"yoast_head":"<!-- This site is optimized with the Yoast SEO plugin v24.5 - https:\/\/yoast.com\/wordpress\/plugins\/seo\/ -->\n<title>Da montagem \u00e0 vernissage - Impressao Digital 126<\/title>\n<meta name=\"robots\" content=\"index, follow, max-snippet:-1, max-image-preview:large, max-video-preview:-1\" \/>\n<link rel=\"canonical\" href=\"https:\/\/id126ufba.com.br\/memoria\/da-montagem-a-vernissage\/\" \/>\n<meta property=\"og:locale\" content=\"pt_BR\" \/>\n<meta property=\"og:type\" content=\"article\" \/>\n<meta property=\"og:title\" content=\"Da montagem \u00e0 vernissage - Impressao Digital 126\" \/>\n<meta property=\"og:description\" content=\"Percorra a sexta edi\u00e7\u00e3o do Circuito das Artes\u00a0atrav\u00e9s das imagens captadas nesta fotorreportagem &nbsp; Lorena Vinturini e Wendell Wagner Com intuito de mostrar o percurso e registrar as etapas da sexta edi\u00e7\u00e3o do Circuito das Artes, a equipe do Impress\u00e3o Digital 126 a montagem, as obras, os artistas e a abertura das exposi\u00e7\u00f5es em Salvador. [&hellip;]\" \/>\n<meta property=\"og:url\" content=\"https:\/\/id126ufba.com.br\/memoria\/da-montagem-a-vernissage\/\" \/>\n<meta property=\"og:site_name\" content=\"Impressao Digital 126\" \/>\n<meta property=\"article:published_time\" content=\"2013-08-15T00:00:49+00:00\" \/>\n<meta property=\"article:modified_time\" content=\"2013-08-21T15:29:47+00:00\" \/>\n<meta property=\"og:image\" content=\"https:\/\/id126ufba.com.br\/memoria\/wp-content\/uploads\/2013\/07\/sem-t\u00edtulo_06072013-7.jpg\" \/>\n\t<meta property=\"og:image:width\" content=\"1024\" \/>\n\t<meta property=\"og:image:height\" content=\"678\" \/>\n\t<meta property=\"og:image:type\" content=\"image\/jpeg\" \/>\n<meta name=\"twitter:card\" content=\"summary_large_image\" \/>\n<meta name=\"twitter:label1\" content=\"Escrito por\" \/>\n\t<meta name=\"twitter:data1\" content=\"\" \/>\n\t<meta name=\"twitter:label2\" content=\"Est. tempo de leitura\" \/>\n\t<meta name=\"twitter:data2\" content=\"2 minutos\" \/>\n<script type=\"application\/ld+json\" class=\"yoast-schema-graph\">{\"@context\":\"https:\/\/schema.org\",\"@graph\":[{\"@type\":\"Article\",\"@id\":\"https:\/\/id126ufba.com.br\/memoria\/da-montagem-a-vernissage\/#article\",\"isPartOf\":{\"@id\":\"https:\/\/id126ufba.com.br\/memoria\/da-montagem-a-vernissage\/\"},\"author\":{\"name\":\"\",\"@id\":\"\"},\"headline\":\"Da montagem \u00e0 vernissage\",\"datePublished\":\"2013-08-15T00:00:49+00:00\",\"dateModified\":\"2013-08-21T15:29:47+00:00\",\"mainEntityOfPage\":{\"@id\":\"https:\/\/id126ufba.com.br\/memoria\/da-montagem-a-vernissage\/\"},\"wordCount\":374,\"commentCount\":0,\"publisher\":{\"@id\":\"https:\/\/id126ufba.com.br\/memoria\/#organization\"},\"image\":{\"@id\":\"https:\/\/id126ufba.com.br\/memoria\/da-montagem-a-vernissage\/#primaryimage\"},\"thumbnailUrl\":\"https:\/\/id126ufba.com.br\/memoria\/wp-content\/uploads\/2013\/07\/sem-t\u00edtulo_06072013-7.jpg\",\"keywords\":[\"Artes Visuais\",\"Circuito das Artes\",\"exposi\u00e7\u00e3o\",\"fotorreportagem\",\"galerias\"],\"articleSection\":[\"Cultura\"],\"inLanguage\":\"pt-BR\",\"potentialAction\":[{\"@type\":\"CommentAction\",\"name\":\"Comment\",\"target\":[\"https:\/\/id126ufba.com.br\/memoria\/da-montagem-a-vernissage\/#respond\"]}]},{\"@type\":\"WebPage\",\"@id\":\"https:\/\/id126ufba.com.br\/memoria\/da-montagem-a-vernissage\/\",\"url\":\"https:\/\/id126ufba.com.br\/memoria\/da-montagem-a-vernissage\/\",\"name\":\"Da montagem \u00e0 vernissage - Impressao Digital 126\",\"isPartOf\":{\"@id\":\"https:\/\/id126ufba.com.br\/memoria\/#website\"},\"primaryImageOfPage\":{\"@id\":\"https:\/\/id126ufba.com.br\/memoria\/da-montagem-a-vernissage\/#primaryimage\"},\"image\":{\"@id\":\"https:\/\/id126ufba.com.br\/memoria\/da-montagem-a-vernissage\/#primaryimage\"},\"thumbnailUrl\":\"https:\/\/id126ufba.com.br\/memoria\/wp-content\/uploads\/2013\/07\/sem-t\u00edtulo_06072013-7.jpg\",\"datePublished\":\"2013-08-15T00:00:49+00:00\",\"dateModified\":\"2013-08-21T15:29:47+00:00\",\"breadcrumb\":{\"@id\":\"https:\/\/id126ufba.com.br\/memoria\/da-montagem-a-vernissage\/#breadcrumb\"},\"inLanguage\":\"pt-BR\",\"potentialAction\":[{\"@type\":\"ReadAction\",\"target\":[\"https:\/\/id126ufba.com.br\/memoria\/da-montagem-a-vernissage\/\"]}]},{\"@type\":\"ImageObject\",\"inLanguage\":\"pt-BR\",\"@id\":\"https:\/\/id126ufba.com.br\/memoria\/da-montagem-a-vernissage\/#primaryimage\",\"url\":\"https:\/\/id126ufba.com.br\/memoria\/wp-content\/uploads\/2013\/07\/sem-t\u00edtulo_06072013-7.jpg\",\"contentUrl\":\"https:\/\/id126ufba.com.br\/memoria\/wp-content\/uploads\/2013\/07\/sem-t\u00edtulo_06072013-7.jpg\",\"width\":\"1024\",\"height\":\"678\"},{\"@type\":\"BreadcrumbList\",\"@id\":\"https:\/\/id126ufba.com.br\/memoria\/da-montagem-a-vernissage\/#breadcrumb\",\"itemListElement\":[{\"@type\":\"ListItem\",\"position\":1,\"name\":\"In\u00edcio\",\"item\":\"https:\/\/id126ufba.com.br\/memoria\/\"},{\"@type\":\"ListItem\",\"position\":2,\"name\":\"Da montagem \u00e0 vernissage\"}]},{\"@type\":\"WebSite\",\"@id\":\"https:\/\/id126ufba.com.br\/memoria\/#website\",\"url\":\"https:\/\/id126ufba.com.br\/memoria\/\",\"name\":\"Impressao Digital 126\",\"description\":\"\",\"publisher\":{\"@id\":\"https:\/\/id126ufba.com.br\/memoria\/#organization\"},\"potentialAction\":[{\"@type\":\"SearchAction\",\"target\":{\"@type\":\"EntryPoint\",\"urlTemplate\":\"https:\/\/id126ufba.com.br\/memoria\/?s={search_term_string}\"},\"query-input\":{\"@type\":\"PropertyValueSpecification\",\"valueRequired\":true,\"valueName\":\"search_term_string\"}}],\"inLanguage\":\"pt-BR\"},{\"@type\":\"Organization\",\"@id\":\"https:\/\/id126ufba.com.br\/memoria\/#organization\",\"name\":\"Impressao Digital 126\",\"url\":\"https:\/\/id126ufba.com.br\/memoria\/\",\"logo\":{\"@type\":\"ImageObject\",\"inLanguage\":\"pt-BR\",\"@id\":\"https:\/\/id126ufba.com.br\/memoria\/#\/schema\/logo\/image\/\",\"url\":\"https:\/\/id126ufba.com.br\/memoria\/wp-content\/uploads\/2024\/07\/cropped-logo_memoria-1.png\",\"contentUrl\":\"https:\/\/id126ufba.com.br\/memoria\/wp-content\/uploads\/2024\/07\/cropped-logo_memoria-1.png\",\"width\":500,\"height\":100,\"caption\":\"Impressao Digital 126\"},\"image\":{\"@id\":\"https:\/\/id126ufba.com.br\/memoria\/#\/schema\/logo\/image\/\"}},{\"@type\":\"Person\",\"@id\":\"\",\"url\":\"https:\/\/id126ufba.com.br\/memoria\/author\/\"}]}<\/script>\n<!-- \/ Yoast SEO plugin. -->","yoast_head_json":{"title":"Da montagem \u00e0 vernissage - Impressao Digital 126","robots":{"index":"index","follow":"follow","max-snippet":"max-snippet:-1","max-image-preview":"max-image-preview:large","max-video-preview":"max-video-preview:-1"},"canonical":"https:\/\/id126ufba.com.br\/memoria\/da-montagem-a-vernissage\/","og_locale":"pt_BR","og_type":"article","og_title":"Da montagem \u00e0 vernissage - Impressao Digital 126","og_description":"Percorra a sexta edi\u00e7\u00e3o do Circuito das Artes\u00a0atrav\u00e9s das imagens captadas nesta fotorreportagem &nbsp; Lorena Vinturini e Wendell Wagner Com intuito de mostrar o percurso e registrar as etapas da sexta edi\u00e7\u00e3o do Circuito das Artes, a equipe do Impress\u00e3o Digital 126 a montagem, as obras, os artistas e a abertura das exposi\u00e7\u00f5es em Salvador. [&hellip;]","og_url":"https:\/\/id126ufba.com.br\/memoria\/da-montagem-a-vernissage\/","og_site_name":"Impressao Digital 126","article_published_time":"2013-08-15T00:00:49+00:00","article_modified_time":"2013-08-21T15:29:47+00:00","og_image":[{"width":1024,"height":678,"url":"https:\/\/id126ufba.com.br\/memoria\/wp-content\/uploads\/2013\/07\/sem-t\u00edtulo_06072013-7.jpg","type":"image\/jpeg"}],"twitter_card":"summary_large_image","twitter_misc":{"Escrito por":"","Est. tempo de leitura":"2 minutos"},"schema":{"@context":"https:\/\/schema.org","@graph":[{"@type":"Article","@id":"https:\/\/id126ufba.com.br\/memoria\/da-montagem-a-vernissage\/#article","isPartOf":{"@id":"https:\/\/id126ufba.com.br\/memoria\/da-montagem-a-vernissage\/"},"author":{"name":"","@id":""},"headline":"Da montagem \u00e0 vernissage","datePublished":"2013-08-15T00:00:49+00:00","dateModified":"2013-08-21T15:29:47+00:00","mainEntityOfPage":{"@id":"https:\/\/id126ufba.com.br\/memoria\/da-montagem-a-vernissage\/"},"wordCount":374,"commentCount":0,"publisher":{"@id":"https:\/\/id126ufba.com.br\/memoria\/#organization"},"image":{"@id":"https:\/\/id126ufba.com.br\/memoria\/da-montagem-a-vernissage\/#primaryimage"},"thumbnailUrl":"https:\/\/id126ufba.com.br\/memoria\/wp-content\/uploads\/2013\/07\/sem-t\u00edtulo_06072013-7.jpg","keywords":["Artes Visuais","Circuito das Artes","exposi\u00e7\u00e3o","fotorreportagem","galerias"],"articleSection":["Cultura"],"inLanguage":"pt-BR","potentialAction":[{"@type":"CommentAction","name":"Comment","target":["https:\/\/id126ufba.com.br\/memoria\/da-montagem-a-vernissage\/#respond"]}]},{"@type":"WebPage","@id":"https:\/\/id126ufba.com.br\/memoria\/da-montagem-a-vernissage\/","url":"https:\/\/id126ufba.com.br\/memoria\/da-montagem-a-vernissage\/","name":"Da montagem \u00e0 vernissage - Impressao Digital 126","isPartOf":{"@id":"https:\/\/id126ufba.com.br\/memoria\/#website"},"primaryImageOfPage":{"@id":"https:\/\/id126ufba.com.br\/memoria\/da-montagem-a-vernissage\/#primaryimage"},"image":{"@id":"https:\/\/id126ufba.com.br\/memoria\/da-montagem-a-vernissage\/#primaryimage"},"thumbnailUrl":"https:\/\/id126ufba.com.br\/memoria\/wp-content\/uploads\/2013\/07\/sem-t\u00edtulo_06072013-7.jpg","datePublished":"2013-08-15T00:00:49+00:00","dateModified":"2013-08-21T15:29:47+00:00","breadcrumb":{"@id":"https:\/\/id126ufba.com.br\/memoria\/da-montagem-a-vernissage\/#breadcrumb"},"inLanguage":"pt-BR","potentialAction":[{"@type":"ReadAction","target":["https:\/\/id126ufba.com.br\/memoria\/da-montagem-a-vernissage\/"]}]},{"@type":"ImageObject","inLanguage":"pt-BR","@id":"https:\/\/id126ufba.com.br\/memoria\/da-montagem-a-vernissage\/#primaryimage","url":"https:\/\/id126ufba.com.br\/memoria\/wp-content\/uploads\/2013\/07\/sem-t\u00edtulo_06072013-7.jpg","contentUrl":"https:\/\/id126ufba.com.br\/memoria\/wp-content\/uploads\/2013\/07\/sem-t\u00edtulo_06072013-7.jpg","width":"1024","height":"678"},{"@type":"BreadcrumbList","@id":"https:\/\/id126ufba.com.br\/memoria\/da-montagem-a-vernissage\/#breadcrumb","itemListElement":[{"@type":"ListItem","position":1,"name":"In\u00edcio","item":"https:\/\/id126ufba.com.br\/memoria\/"},{"@type":"ListItem","position":2,"name":"Da montagem \u00e0 vernissage"}]},{"@type":"WebSite","@id":"https:\/\/id126ufba.com.br\/memoria\/#website","url":"https:\/\/id126ufba.com.br\/memoria\/","name":"Impressao Digital 126","description":"","publisher":{"@id":"https:\/\/id126ufba.com.br\/memoria\/#organization"},"potentialAction":[{"@type":"SearchAction","target":{"@type":"EntryPoint","urlTemplate":"https:\/\/id126ufba.com.br\/memoria\/?s={search_term_string}"},"query-input":{"@type":"PropertyValueSpecification","valueRequired":true,"valueName":"search_term_string"}}],"inLanguage":"pt-BR"},{"@type":"Organization","@id":"https:\/\/id126ufba.com.br\/memoria\/#organization","name":"Impressao Digital 126","url":"https:\/\/id126ufba.com.br\/memoria\/","logo":{"@type":"ImageObject","inLanguage":"pt-BR","@id":"https:\/\/id126ufba.com.br\/memoria\/#\/schema\/logo\/image\/","url":"https:\/\/id126ufba.com.br\/memoria\/wp-content\/uploads\/2024\/07\/cropped-logo_memoria-1.png","contentUrl":"https:\/\/id126ufba.com.br\/memoria\/wp-content\/uploads\/2024\/07\/cropped-logo_memoria-1.png","width":500,"height":100,"caption":"Impressao Digital 126"},"image":{"@id":"https:\/\/id126ufba.com.br\/memoria\/#\/schema\/logo\/image\/"}},{"@type":"Person","@id":"","url":"https:\/\/id126ufba.com.br\/memoria\/author\/"}]}},"_links":{"self":[{"href":"https:\/\/id126ufba.com.br\/memoria\/wp-json\/wp\/v2\/posts\/12224"}],"collection":[{"href":"https:\/\/id126ufba.com.br\/memoria\/wp-json\/wp\/v2\/posts"}],"about":[{"href":"https:\/\/id126ufba.com.br\/memoria\/wp-json\/wp\/v2\/types\/post"}],"author":[{"embeddable":true,"href":"https:\/\/id126ufba.com.br\/memoria\/wp-json\/wp\/v2\/users\/4"}],"replies":[{"embeddable":true,"href":"https:\/\/id126ufba.com.br\/memoria\/wp-json\/wp\/v2\/comments?post=12224"}],"version-history":[{"count":84,"href":"https:\/\/id126ufba.com.br\/memoria\/wp-json\/wp\/v2\/posts\/12224\/revisions"}],"predecessor-version":[{"id":12404,"href":"https:\/\/id126ufba.com.br\/memoria\/wp-json\/wp\/v2\/posts\/12224\/revisions\/12404"}],"wp:featuredmedia":[{"embeddable":true,"href":"https:\/\/id126ufba.com.br\/memoria\/wp-json\/wp\/v2\/media\/12261"}],"wp:attachment":[{"href":"https:\/\/id126ufba.com.br\/memoria\/wp-json\/wp\/v2\/media?parent=12224"}],"wp:term":[{"taxonomy":"category","embeddable":true,"href":"https:\/\/id126ufba.com.br\/memoria\/wp-json\/wp\/v2\/categories?post=12224"},{"taxonomy":"post_tag","embeddable":true,"href":"https:\/\/id126ufba.com.br\/memoria\/wp-json\/wp\/v2\/tags?post=12224"}],"curies":[{"name":"wp","href":"https:\/\/api.w.org\/{rel}","templated":true}]}}