{"id":12506,"date":"2013-08-13T22:09:14","date_gmt":"2013-08-14T01:09:14","guid":{"rendered":"http:\/\/impressaodigital126.ufba.br\/?p=12506"},"modified":"2013-08-14T22:11:27","modified_gmt":"2013-08-15T01:11:27","slug":"a-juventude-e-um-gueto","status":"publish","type":"post","link":"https:\/\/id126ufba.com.br\/memoria\/a-juventude-e-um-gueto\/","title":{"rendered":"\u201cA juventude \u00e9 um gueto\u201d"},"content":{"rendered":"<p style=\"text-align: justify;\"><em>Saiba como funciona o trabalho de um pastor da juventude e o que pensa sobre aborto e rela\u00e7\u00e3o homoafetiva<\/em><\/p>\n<p><strong><span style=\"color: #999999;\">Adriele Sousa<\/span><\/strong><\/p>\n<p style=\"text-align: justify;\">Formado em Teologia e Filosofia, o pastor Marcelino, como \u00e9 popularmente conhecido, recebeu a equipe do <strong><em>Impress\u00e3o Digital 126<\/em><\/strong> em seu escrit\u00f3rio na sede da igreja, em Salvador. Trabalhando em tempo integral como pastor da juventude, ele se dedica a aconselhar e a desenvolver estrat\u00e9gias para alcan\u00e7ar os jovens.<\/p>\n<p style=\"text-align: justify;\"><strong><em>Impress\u00e3o Digital 126-<\/em><\/strong><strong> Como \u00e9 o trabalho de um Pastor da Juventude?<\/strong><\/p>\n<p style=\"text-align: justify;\"><strong>Nilton Marcelino-<\/strong>\u00c9 muito diversificado: aconselhamento, conv\u00edvio com os jovens em v\u00e1rios eixos, acompanhamento nas atividades de lazer, nas atividades de natureza religiosa, a gente sempre procura estar perto, porquevoc\u00ea nunca sabe quando a pessoa vai pedir ajuda e n\u00e3o existe isso de pedir ajuda somente com hora marcada. Uma caracter\u00edstica pastoral \u00e9 estar ao lado das pessoas no momento de suas demandas. Nesta semana, por exemplo, uma m\u00e3e veio me procurar para eu conversar com o filho que est\u00e1 quase sendo expulso do Col\u00e9gio da Pol\u00edcia Militar- CPM.<\/p>\n<p style=\"text-align: justify;\"><strong><em>ID 126-<\/em><\/strong><strong> Para o senhor, que trabalha diariamente com jovens, o que h\u00e1 de interessante em ser um jovem crist\u00e3o? <\/strong><\/p>\n<p style=\"text-align: justify;\"><strong>NM-<\/strong>O que atrai a juventude n\u00e3o \u00e9 a forma, mas o conte\u00fado, o conte\u00fado que voc\u00ea d\u00e1 para as coisas. \u00c9 uma escolha. Por que eu tenho que ir com a maioria, por que eu tenho que fazer o que todo mundo faz? \u00c9 uma rela\u00e7\u00e3o educativa, eu n\u00e3o acho que seja uma rela\u00e7\u00e3o pesada, n\u00e3o acho que tenha que ser obrigat\u00f3ria. Vou te dar um exemplo recente, quando houve as mobiliza\u00e7\u00f5es do Movimento Passe Livre e um grupo de jovens da igreja queria participar da passeata, eu fui com eles. Foram quarenta jovens. Em grandes movimentos sociais, os jovens crist\u00e3os tamb\u00e9m est\u00e3o envolvidos. Tamb\u00e9m \u00e9 natural que a linguagem com a juventude seja diferente, \u00e9 uma linguagem mais descontra\u00edda, mais pr\u00f3xima. A juventude \u00e9 um gueto; \u00e9, de certa maneira, um cen\u00e1rio customizado,que tem suas nuances, que tem suas marcas.<\/p>\n<p style=\"text-align: justify;\"><strong><em>ID 126-<\/em><\/strong><strong>E qual o perfil dos jovens que mais buscam ajuda espiritual nesta igreja?<\/strong><\/p>\n<p style=\"text-align: justify;\"><strong>NM-<\/strong>Isso \u00e9 relativo porque nossa igreja \u00e9 muito heterog\u00eanea. Temos um segmento classe m\u00e9dia alta e o segmento comunit\u00e1rio, como n\u00f3s denominamos, que s\u00e3o os jovens que moram no entorno da igreja. As quest\u00f5es s\u00e3o as mais variadas: relacionamentos familiares, afetivos, experi\u00eancias de sofrimento, de dor, de perda, dentre outras. \u00c9 um desafio ter sensibilidade para identificar o cen\u00e1rio familiar que cada um dos jovens vive, porque voc\u00ea tem que ser eficaz e isso leva tempo. As pessoas n\u00e3o se abrem, se n\u00e3o t\u00eam confian\u00e7a. Hoje as pessoas t\u00eam tudo, a tecnologia ao seu alcance, um sistema social trabalhando a seu favor, o que gera muitas possibilidades, por isso quanto mais cedo um jovem tiver habilidade para escolher, fica mais f\u00e1cil entender seu caminho. Mas reconhe\u00e7o que, neste cen\u00e1rio de multiplicidade de oportunidades, isso se torna um grande desafio, que envolve compet\u00eancia dos pais, da escola e da Igreja, se for chamada.<\/p>\n<div id=\"attachment_12512\" style=\"width: 304px\" class=\"wp-caption aligncenter\"><a href=\"http:\/\/impressaodigital126.ufba.br\/wp-content\/uploads\/2013\/08\/Pastor-Marcelino-2.jpg\"><img loading=\"lazy\" decoding=\"async\" aria-describedby=\"caption-attachment-12512\" class=\"wp-image-12512 \" title=\"Pastor Marcelino-2\" src=\"http:\/\/impressaodigital126.ufba.br\/wp-content\/uploads\/2013\/08\/Pastor-Marcelino-2.jpg\" alt=\"\" width=\"294\" height=\"221\" srcset=\"https:\/\/id126ufba.com.br\/memoria\/wp-content\/uploads\/2013\/08\/Pastor-Marcelino-2.jpg 600w, https:\/\/id126ufba.com.br\/memoria\/wp-content\/uploads\/2013\/08\/Pastor-Marcelino-2-300x225.jpg 300w\" sizes=\"(max-width: 294px) 100vw, 294px\" \/><\/a><p id=\"caption-attachment-12512\" class=\"wp-caption-text\">Foto: Acervo pessoal<\/p><\/div>\n<p style=\"text-align: justify;\"><strong><em>ID 126-<\/em><\/strong><strong>E quando a Igreja \u00e9 chamada, que tipo de orienta\u00e7\u00e3o \u00e9 dada ao jovemsobreo uso do preservativo em rela\u00e7\u00f5es sexuais praticadas antes ou fora do casamento? <\/strong><\/p>\n<p style=\"text-align: justify;\"><strong>NM-<\/strong>Eu estou na igreja h\u00e1 33 anos e, na d\u00e9cada de80, a igreja tinha um poder institucionalde vida e morte. Por exemplo, havia quest\u00f5es de moralismo para penalizar automaticamente uma mulher que engravidasse. Sempre o preconceito em rela\u00e7\u00e3o \u00e0 mulher. A mulher ficou gr\u00e1vida, ela era discriminada. O pecado pela vida sexual, isso n\u00e3o existe, eu acho extremamente equivocado. Eu gostaria que as pessoas entendessem que a experi\u00eancia sexual mais rica acontece no ambiente da fam\u00edlia, no ambiente do casamento, \u00e9 como eu creio, mas h\u00e1 uma diferen\u00e7a entre o que voc\u00ea cr\u00ea e o que as pessoas fazem, h\u00e1 uma diferen\u00e7a entre o que voc\u00ea tem como ideal e o que as pessoas fazem. Ent\u00e3o, se eu estou dentro de um cen\u00e1rio real, eu tenho que sugerir procedimentos reais. N\u00f3s n\u00e3o somos contr\u00e1rios ao uso do preservativo, se h\u00e1 a escolha do envolvimento antes do casamento. Essa n\u00e3o \u00e9 a escolha ideal, tudo tem que acontecer na hora certa. Quando acontece fora da hora certa, \u00e9 transtorno, \u00e9 revis\u00e3o de caminhada, que pode gerar crescimento para outras pessoas, mas para outras n\u00e3o.<\/p>\n<p style=\"text-align: justify;\"><strong><em>ID 126-<\/em><\/strong><strong>Em rela\u00e7\u00e3o ao aborto, qual a postura defendida pelo senhor?<\/strong><\/p>\n<p style=\"text-align: justify;\"><strong>NM-<\/strong>Em tese, eu sou contra, porque eu sou a favor da Vida, mas eu reconhe\u00e7o que o aborto pode acontecer em v\u00e1rios outros cen\u00e1rios. Por exemplo, quando uma jovem sofre viol\u00eancia sexual, eu acho que ela tem que ter o poder da escolha. A mulher sempre tem que ter o poder da escolha, a verdade \u00e9 essa, mas a grande pergunta \u00e9 em que cen\u00e1rios essas escolhas se d\u00e3o. E a minha d\u00favida quanto \u00e0 legaliza\u00e7\u00e3o n\u00e3o \u00e9 de natureza teol\u00f3gica, mas de natureza institucional: ser\u00e1 que n\u00f3s temos um governo neste pa\u00eds que garantir\u00e1 uma condi\u00e7\u00e3o de sa\u00fade para a mulher para que ela possa praticar ou fazer o aborto em institui\u00e7\u00e3o de sa\u00fade p\u00fablica? A minha d\u00favida hoje \u00e9 se, por exemplo, legalizar o aborto em um pa\u00eds que n\u00e3o sabe cuidar da sa\u00fade, voc\u00ea vai expor a mulher a um cuidado ou a um risco? Acho que a institucionaliza\u00e7\u00e3o, no padr\u00e3o do Estado, deve acontecer, porque a escolha precede o Estado. Ningu\u00e9m vai ao servi\u00e7o de sa\u00fade porque algu\u00e9m mandou. Eu, como pastor, posso interferir at\u00e9 o momento da escolha. A Igreja trabalha n\u00e3o no plano da institui\u00e7\u00e3o do Estado, a igreja trabalha no plano da consci\u00eancia.<\/p>\n<p style=\"text-align: justify;\"><strong><em>ID 126-<\/em><\/strong><strong> Como as rela\u00e7\u00f5eshomoafetivas s\u00e3o percebidas por esta igreja?<\/strong><\/p>\n<p style=\"text-align: justify;\"><strong>NM-<\/strong>Pessoalmente, eu acredito que fam\u00edlia se estrutura como marido e mulher, s\u00e3o pap\u00e9is complementares na Cria\u00e7\u00e3o, \u00e9 o que vejo na B\u00edblia. A escolha por um comportamento homossexual, seja ele qual for, \u00e9 uma quest\u00e3o de foro \u00edntimo. Na maior parte dos casos que eu acompanhei, foi uma escolha. Do que eu tenho visto, s\u00e3o op\u00e7\u00f5es, que podem ser feitas at\u00e9 precocemente, mas quando voc\u00ea conversa com uma pessoa que est\u00e1 vivendo isso, a conversa nunca \u00e9 f\u00e1cil. Sobre a uni\u00e3o homoafetiva, eu vou at\u00e9 onde a legisla\u00e7\u00e3o permite, que \u00e9 a quest\u00e3o do Estado. Eu aplico o seguinte racioc\u00ednio: \u00e9 justo que duas pessoas que moram juntas, que fizeram patrim\u00f4nio juntas, na perda de um dos c\u00f4njuges, uma delas perca o direito de usufruir do patrim\u00f4nio constru\u00eddo em parceria? N\u00e3o. Claro que n\u00e3o! Eu acho que a garantia do Estado tem que chegar indistintamente a todas as pessoas. Isso \u00e9 um contrato civil. Pessoalmente, n\u00e3o vejo problema nenhum quanto a isso, do ponto de vista do Estado. Agora se voc\u00ea me perguntar, se como ministro eu faria uma solenidade?\u00a0 N\u00e3o faria, porque os meus valores n\u00e3o permitem, a\u00ed \u00e9 uma quest\u00e3o de valor. A quest\u00e3o de valor \u00e9 inegoci\u00e1vel, o Estado n\u00e3o pode me obrigar a realizar um casamento nessas condi\u00e7\u00f5es. Eu respeito a escolha homossexual, mas a nossa igreja n\u00e3o estimula.Na nossa igreja essas pessoas s\u00e3o muito bem recebidas, porque s\u00e3o seres humanos, s\u00e3o pessoas iguais a n\u00f3s, que t\u00eam a marca da imperfei\u00e7\u00e3o, que t\u00eam a marca da ambiguidade.<\/p>\n","protected":false},"excerpt":{"rendered":"<p>Saiba como funciona o trabalho de um pastor da juventude e o que pensa sobre aborto e rela\u00e7\u00e3o homoafetiva Adriele Sousa Formado em Teologia e Filosofia, o pastor Marcelino, como \u00e9 popularmente conhecido, recebeu a equipe do Impress\u00e3o Digital 126 em seu escrit\u00f3rio na sede da igreja, em Salvador. Trabalhando em tempo integral como pastor [&hellip;]<\/p>\n","protected":false},"author":4,"featured_media":0,"comment_status":"open","ping_status":"open","sticky":false,"template":"","format":"standard","meta":{"_acf_changed":false,"_monsterinsights_skip_tracking":false,"_monsterinsights_sitenote_active":false,"_monsterinsights_sitenote_note":"","_monsterinsights_sitenote_category":0,"footnotes":""},"categories":[111],"tags":[1196,1197,759,1195],"acf":[],"aioseo_notices":[],"yoast_head":"<!-- This site is optimized with the Yoast SEO plugin v24.5 - https:\/\/yoast.com\/wordpress\/plugins\/seo\/ -->\n<title>\u201cA juventude \u00e9 um gueto\u201d - Impressao Digital 126<\/title>\n<meta name=\"robots\" content=\"index, follow, max-snippet:-1, max-image-preview:large, max-video-preview:-1\" \/>\n<link rel=\"canonical\" href=\"https:\/\/id126ufba.com.br\/memoria\/a-juventude-e-um-gueto\/\" \/>\n<meta property=\"og:locale\" content=\"pt_BR\" \/>\n<meta property=\"og:type\" content=\"article\" \/>\n<meta property=\"og:title\" content=\"\u201cA juventude \u00e9 um gueto\u201d - Impressao Digital 126\" \/>\n<meta property=\"og:description\" content=\"Saiba como funciona o trabalho de um pastor da juventude e o que pensa sobre aborto e rela\u00e7\u00e3o homoafetiva Adriele Sousa Formado em Teologia e Filosofia, o pastor Marcelino, como \u00e9 popularmente conhecido, recebeu a equipe do Impress\u00e3o Digital 126 em seu escrit\u00f3rio na sede da igreja, em Salvador. Trabalhando em tempo integral como pastor [&hellip;]\" \/>\n<meta property=\"og:url\" content=\"https:\/\/id126ufba.com.br\/memoria\/a-juventude-e-um-gueto\/\" \/>\n<meta property=\"og:site_name\" content=\"Impressao Digital 126\" \/>\n<meta property=\"article:published_time\" content=\"2013-08-14T01:09:14+00:00\" \/>\n<meta property=\"article:modified_time\" content=\"2013-08-15T01:11:27+00:00\" \/>\n<meta property=\"og:image\" content=\"http:\/\/impressaodigital126.ufba.br\/wp-content\/uploads\/2013\/08\/Pastor-Marcelino-2.jpg\" \/>\n<meta name=\"twitter:card\" content=\"summary_large_image\" \/>\n<meta name=\"twitter:label1\" content=\"Escrito por\" \/>\n\t<meta name=\"twitter:data1\" content=\"\" \/>\n\t<meta name=\"twitter:label2\" content=\"Est. tempo de leitura\" \/>\n\t<meta name=\"twitter:data2\" content=\"6 minutos\" \/>\n<script type=\"application\/ld+json\" class=\"yoast-schema-graph\">{\"@context\":\"https:\/\/schema.org\",\"@graph\":[{\"@type\":\"Article\",\"@id\":\"https:\/\/id126ufba.com.br\/memoria\/a-juventude-e-um-gueto\/#article\",\"isPartOf\":{\"@id\":\"https:\/\/id126ufba.com.br\/memoria\/a-juventude-e-um-gueto\/\"},\"author\":{\"name\":\"\",\"@id\":\"\"},\"headline\":\"\u201cA juventude \u00e9 um gueto\u201d\",\"datePublished\":\"2013-08-14T01:09:14+00:00\",\"dateModified\":\"2013-08-15T01:11:27+00:00\",\"mainEntityOfPage\":{\"@id\":\"https:\/\/id126ufba.com.br\/memoria\/a-juventude-e-um-gueto\/\"},\"wordCount\":1300,\"commentCount\":0,\"publisher\":{\"@id\":\"https:\/\/id126ufba.com.br\/memoria\/#organization\"},\"image\":{\"@id\":\"https:\/\/id126ufba.com.br\/memoria\/a-juventude-e-um-gueto\/#primaryimage\"},\"thumbnailUrl\":\"http:\/\/impressaodigital126.ufba.br\/wp-content\/uploads\/2013\/08\/Pastor-Marcelino-2.jpg\",\"keywords\":[\"aborto\",\"homossexualidade\",\"igreja\",\"juventude\"],\"articleSection\":[\"Coordenadas\/Complementares\"],\"inLanguage\":\"pt-BR\",\"potentialAction\":[{\"@type\":\"CommentAction\",\"name\":\"Comment\",\"target\":[\"https:\/\/id126ufba.com.br\/memoria\/a-juventude-e-um-gueto\/#respond\"]}]},{\"@type\":\"WebPage\",\"@id\":\"https:\/\/id126ufba.com.br\/memoria\/a-juventude-e-um-gueto\/\",\"url\":\"https:\/\/id126ufba.com.br\/memoria\/a-juventude-e-um-gueto\/\",\"name\":\"\u201cA juventude \u00e9 um gueto\u201d - Impressao Digital 126\",\"isPartOf\":{\"@id\":\"https:\/\/id126ufba.com.br\/memoria\/#website\"},\"primaryImageOfPage\":{\"@id\":\"https:\/\/id126ufba.com.br\/memoria\/a-juventude-e-um-gueto\/#primaryimage\"},\"image\":{\"@id\":\"https:\/\/id126ufba.com.br\/memoria\/a-juventude-e-um-gueto\/#primaryimage\"},\"thumbnailUrl\":\"http:\/\/impressaodigital126.ufba.br\/wp-content\/uploads\/2013\/08\/Pastor-Marcelino-2.jpg\",\"datePublished\":\"2013-08-14T01:09:14+00:00\",\"dateModified\":\"2013-08-15T01:11:27+00:00\",\"breadcrumb\":{\"@id\":\"https:\/\/id126ufba.com.br\/memoria\/a-juventude-e-um-gueto\/#breadcrumb\"},\"inLanguage\":\"pt-BR\",\"potentialAction\":[{\"@type\":\"ReadAction\",\"target\":[\"https:\/\/id126ufba.com.br\/memoria\/a-juventude-e-um-gueto\/\"]}]},{\"@type\":\"ImageObject\",\"inLanguage\":\"pt-BR\",\"@id\":\"https:\/\/id126ufba.com.br\/memoria\/a-juventude-e-um-gueto\/#primaryimage\",\"url\":\"http:\/\/impressaodigital126.ufba.br\/wp-content\/uploads\/2013\/08\/Pastor-Marcelino-2.jpg\",\"contentUrl\":\"http:\/\/impressaodigital126.ufba.br\/wp-content\/uploads\/2013\/08\/Pastor-Marcelino-2.jpg\"},{\"@type\":\"BreadcrumbList\",\"@id\":\"https:\/\/id126ufba.com.br\/memoria\/a-juventude-e-um-gueto\/#breadcrumb\",\"itemListElement\":[{\"@type\":\"ListItem\",\"position\":1,\"name\":\"In\u00edcio\",\"item\":\"https:\/\/id126ufba.com.br\/memoria\/\"},{\"@type\":\"ListItem\",\"position\":2,\"name\":\"\u201cA juventude \u00e9 um gueto\u201d\"}]},{\"@type\":\"WebSite\",\"@id\":\"https:\/\/id126ufba.com.br\/memoria\/#website\",\"url\":\"https:\/\/id126ufba.com.br\/memoria\/\",\"name\":\"Impressao Digital 126\",\"description\":\"\",\"publisher\":{\"@id\":\"https:\/\/id126ufba.com.br\/memoria\/#organization\"},\"potentialAction\":[{\"@type\":\"SearchAction\",\"target\":{\"@type\":\"EntryPoint\",\"urlTemplate\":\"https:\/\/id126ufba.com.br\/memoria\/?s={search_term_string}\"},\"query-input\":{\"@type\":\"PropertyValueSpecification\",\"valueRequired\":true,\"valueName\":\"search_term_string\"}}],\"inLanguage\":\"pt-BR\"},{\"@type\":\"Organization\",\"@id\":\"https:\/\/id126ufba.com.br\/memoria\/#organization\",\"name\":\"Impressao Digital 126\",\"url\":\"https:\/\/id126ufba.com.br\/memoria\/\",\"logo\":{\"@type\":\"ImageObject\",\"inLanguage\":\"pt-BR\",\"@id\":\"https:\/\/id126ufba.com.br\/memoria\/#\/schema\/logo\/image\/\",\"url\":\"https:\/\/id126ufba.com.br\/memoria\/wp-content\/uploads\/2024\/07\/cropped-logo_memoria-1.png\",\"contentUrl\":\"https:\/\/id126ufba.com.br\/memoria\/wp-content\/uploads\/2024\/07\/cropped-logo_memoria-1.png\",\"width\":500,\"height\":100,\"caption\":\"Impressao Digital 126\"},\"image\":{\"@id\":\"https:\/\/id126ufba.com.br\/memoria\/#\/schema\/logo\/image\/\"}},{\"@type\":\"Person\",\"@id\":\"\",\"url\":\"https:\/\/id126ufba.com.br\/memoria\/author\/\"}]}<\/script>\n<!-- \/ Yoast SEO plugin. -->","yoast_head_json":{"title":"\u201cA juventude \u00e9 um gueto\u201d - Impressao Digital 126","robots":{"index":"index","follow":"follow","max-snippet":"max-snippet:-1","max-image-preview":"max-image-preview:large","max-video-preview":"max-video-preview:-1"},"canonical":"https:\/\/id126ufba.com.br\/memoria\/a-juventude-e-um-gueto\/","og_locale":"pt_BR","og_type":"article","og_title":"\u201cA juventude \u00e9 um gueto\u201d - Impressao Digital 126","og_description":"Saiba como funciona o trabalho de um pastor da juventude e o que pensa sobre aborto e rela\u00e7\u00e3o homoafetiva Adriele Sousa Formado em Teologia e Filosofia, o pastor Marcelino, como \u00e9 popularmente conhecido, recebeu a equipe do Impress\u00e3o Digital 126 em seu escrit\u00f3rio na sede da igreja, em Salvador. Trabalhando em tempo integral como pastor [&hellip;]","og_url":"https:\/\/id126ufba.com.br\/memoria\/a-juventude-e-um-gueto\/","og_site_name":"Impressao Digital 126","article_published_time":"2013-08-14T01:09:14+00:00","article_modified_time":"2013-08-15T01:11:27+00:00","og_image":[{"url":"http:\/\/impressaodigital126.ufba.br\/wp-content\/uploads\/2013\/08\/Pastor-Marcelino-2.jpg","type":"","width":"","height":""}],"twitter_card":"summary_large_image","twitter_misc":{"Escrito por":"","Est. tempo de leitura":"6 minutos"},"schema":{"@context":"https:\/\/schema.org","@graph":[{"@type":"Article","@id":"https:\/\/id126ufba.com.br\/memoria\/a-juventude-e-um-gueto\/#article","isPartOf":{"@id":"https:\/\/id126ufba.com.br\/memoria\/a-juventude-e-um-gueto\/"},"author":{"name":"","@id":""},"headline":"\u201cA juventude \u00e9 um gueto\u201d","datePublished":"2013-08-14T01:09:14+00:00","dateModified":"2013-08-15T01:11:27+00:00","mainEntityOfPage":{"@id":"https:\/\/id126ufba.com.br\/memoria\/a-juventude-e-um-gueto\/"},"wordCount":1300,"commentCount":0,"publisher":{"@id":"https:\/\/id126ufba.com.br\/memoria\/#organization"},"image":{"@id":"https:\/\/id126ufba.com.br\/memoria\/a-juventude-e-um-gueto\/#primaryimage"},"thumbnailUrl":"http:\/\/impressaodigital126.ufba.br\/wp-content\/uploads\/2013\/08\/Pastor-Marcelino-2.jpg","keywords":["aborto","homossexualidade","igreja","juventude"],"articleSection":["Coordenadas\/Complementares"],"inLanguage":"pt-BR","potentialAction":[{"@type":"CommentAction","name":"Comment","target":["https:\/\/id126ufba.com.br\/memoria\/a-juventude-e-um-gueto\/#respond"]}]},{"@type":"WebPage","@id":"https:\/\/id126ufba.com.br\/memoria\/a-juventude-e-um-gueto\/","url":"https:\/\/id126ufba.com.br\/memoria\/a-juventude-e-um-gueto\/","name":"\u201cA juventude \u00e9 um gueto\u201d - Impressao Digital 126","isPartOf":{"@id":"https:\/\/id126ufba.com.br\/memoria\/#website"},"primaryImageOfPage":{"@id":"https:\/\/id126ufba.com.br\/memoria\/a-juventude-e-um-gueto\/#primaryimage"},"image":{"@id":"https:\/\/id126ufba.com.br\/memoria\/a-juventude-e-um-gueto\/#primaryimage"},"thumbnailUrl":"http:\/\/impressaodigital126.ufba.br\/wp-content\/uploads\/2013\/08\/Pastor-Marcelino-2.jpg","datePublished":"2013-08-14T01:09:14+00:00","dateModified":"2013-08-15T01:11:27+00:00","breadcrumb":{"@id":"https:\/\/id126ufba.com.br\/memoria\/a-juventude-e-um-gueto\/#breadcrumb"},"inLanguage":"pt-BR","potentialAction":[{"@type":"ReadAction","target":["https:\/\/id126ufba.com.br\/memoria\/a-juventude-e-um-gueto\/"]}]},{"@type":"ImageObject","inLanguage":"pt-BR","@id":"https:\/\/id126ufba.com.br\/memoria\/a-juventude-e-um-gueto\/#primaryimage","url":"http:\/\/impressaodigital126.ufba.br\/wp-content\/uploads\/2013\/08\/Pastor-Marcelino-2.jpg","contentUrl":"http:\/\/impressaodigital126.ufba.br\/wp-content\/uploads\/2013\/08\/Pastor-Marcelino-2.jpg"},{"@type":"BreadcrumbList","@id":"https:\/\/id126ufba.com.br\/memoria\/a-juventude-e-um-gueto\/#breadcrumb","itemListElement":[{"@type":"ListItem","position":1,"name":"In\u00edcio","item":"https:\/\/id126ufba.com.br\/memoria\/"},{"@type":"ListItem","position":2,"name":"\u201cA juventude \u00e9 um gueto\u201d"}]},{"@type":"WebSite","@id":"https:\/\/id126ufba.com.br\/memoria\/#website","url":"https:\/\/id126ufba.com.br\/memoria\/","name":"Impressao Digital 126","description":"","publisher":{"@id":"https:\/\/id126ufba.com.br\/memoria\/#organization"},"potentialAction":[{"@type":"SearchAction","target":{"@type":"EntryPoint","urlTemplate":"https:\/\/id126ufba.com.br\/memoria\/?s={search_term_string}"},"query-input":{"@type":"PropertyValueSpecification","valueRequired":true,"valueName":"search_term_string"}}],"inLanguage":"pt-BR"},{"@type":"Organization","@id":"https:\/\/id126ufba.com.br\/memoria\/#organization","name":"Impressao Digital 126","url":"https:\/\/id126ufba.com.br\/memoria\/","logo":{"@type":"ImageObject","inLanguage":"pt-BR","@id":"https:\/\/id126ufba.com.br\/memoria\/#\/schema\/logo\/image\/","url":"https:\/\/id126ufba.com.br\/memoria\/wp-content\/uploads\/2024\/07\/cropped-logo_memoria-1.png","contentUrl":"https:\/\/id126ufba.com.br\/memoria\/wp-content\/uploads\/2024\/07\/cropped-logo_memoria-1.png","width":500,"height":100,"caption":"Impressao Digital 126"},"image":{"@id":"https:\/\/id126ufba.com.br\/memoria\/#\/schema\/logo\/image\/"}},{"@type":"Person","@id":"","url":"https:\/\/id126ufba.com.br\/memoria\/author\/"}]}},"_links":{"self":[{"href":"https:\/\/id126ufba.com.br\/memoria\/wp-json\/wp\/v2\/posts\/12506"}],"collection":[{"href":"https:\/\/id126ufba.com.br\/memoria\/wp-json\/wp\/v2\/posts"}],"about":[{"href":"https:\/\/id126ufba.com.br\/memoria\/wp-json\/wp\/v2\/types\/post"}],"author":[{"embeddable":true,"href":"https:\/\/id126ufba.com.br\/memoria\/wp-json\/wp\/v2\/users\/4"}],"replies":[{"embeddable":true,"href":"https:\/\/id126ufba.com.br\/memoria\/wp-json\/wp\/v2\/comments?post=12506"}],"version-history":[{"count":6,"href":"https:\/\/id126ufba.com.br\/memoria\/wp-json\/wp\/v2\/posts\/12506\/revisions"}],"predecessor-version":[{"id":13334,"href":"https:\/\/id126ufba.com.br\/memoria\/wp-json\/wp\/v2\/posts\/12506\/revisions\/13334"}],"wp:attachment":[{"href":"https:\/\/id126ufba.com.br\/memoria\/wp-json\/wp\/v2\/media?parent=12506"}],"wp:term":[{"taxonomy":"category","embeddable":true,"href":"https:\/\/id126ufba.com.br\/memoria\/wp-json\/wp\/v2\/categories?post=12506"},{"taxonomy":"post_tag","embeddable":true,"href":"https:\/\/id126ufba.com.br\/memoria\/wp-json\/wp\/v2\/tags?post=12506"}],"curies":[{"name":"wp","href":"https:\/\/api.w.org\/{rel}","templated":true}]}}