{"id":13748,"date":"2013-09-11T16:19:53","date_gmt":"2013-09-11T19:19:53","guid":{"rendered":"http:\/\/impressaodigital126.ufba.br\/?p=13748"},"modified":"2013-09-12T09:50:38","modified_gmt":"2013-09-12T12:50:38","slug":"cultura-de-la-para-ca-soteropolitanos-incorporam-aspectos-do-pop-niponico","status":"publish","type":"post","link":"https:\/\/id126ufba.com.br\/memoria\/cultura-de-la-para-ca-soteropolitanos-incorporam-aspectos-do-pop-niponico\/","title":{"rendered":"Cultura de l\u00e1 para c\u00e1: soteropolitanos incorporam aspectos do pop nip\u00f4nico"},"content":{"rendered":"<p dir=\"ltr\"><em>Em festivais que celebram a cultura e tradi\u00e7\u00e3o japonesa, jovens e adultos incorporam personagens de produtos pop, quebrando padr\u00f5es de g\u00eanero na hora de se fantasiar<\/em><\/p>\n<p style=\"text-align: justify;\" dir=\"ltr\"><span style=\"color: #888888;\"><strong> Joana Oliveira e Paula Morais<\/strong><\/span><\/p>\n<div>\n<p style=\"text-align: justify;\" dir=\"ltr\">Pessoas fantasiadas, muitas vezes com roupas do sexo oposto, dan\u00e7as e m\u00fasicas alegres regendo os festejos, al\u00e9m do clima de jovialidade. Tudo isso em Salvador. N\u00e3o, n\u00e3o \u00e9 carnaval. Entre os dias que deram adeus ao m\u00eas de agosto e os que brindaram a chegada de setembro, a baianidade nag\u00f4 cedeu espa\u00e7o para a comemora\u00e7\u00e3o do <a href=\"http:\/\/www.bonodorisalvador.com.br\/\" target=\"_blank\">VII Festival da Cultura Japonesa<\/a>, em que o maior destaque \u00e9 a festa Bon Odori.<\/p>\n<p style=\"text-align: justify;\" dir=\"ltr\">Enquanto celebridades e estrelas da ax\u00e9 music invadem as ruas soteropolitanas normalmente no m\u00eas de fevereiro para levar alegria de sete dias aos foli\u00f5es, no Jap\u00e3o, o Bon Odori acontece entre os meses de julho e agosto e celebra a passagem dos mortos para um novo est\u00e1gio de vida. Apesar de representar um ritual f\u00fanebre, sobriedade e tristeza n\u00e3o caracterizam o evento. \u00a0\u201c\u00c9 um dia de alegria, pois acreditamos que nossos antepassados v\u00eam visitar nossas fam\u00edlias\u201d, explica Roberto Mizushima, presidente da <a href=\"http:\/\/www.anisa.com.br\/\" target=\"_blank\">Associa\u00e7\u00e3o Cultural Nipo-Brasileira de Salvador (Anisa)<\/a> e coordenador do evento. Filho de imigrantes japoneses e residente na Bahia h\u00e1 30 anos, ele \u00e9 um dos respons\u00e1veis por manter vivas algumas tradi\u00e7\u00f5es orientais no estado.<\/p>\n<p style=\"text-align: justify;\" dir=\"ltr\">E, apesar de a culin\u00e1ria, os desenhos animados e hist\u00f3rias em quadrinhos serem os principais embaixadores dessa cultura na terra do dend\u00ea, a rela\u00e7\u00e3o entre Jap\u00e3o e Bahia tem ra\u00edzes hist\u00f3ricas mais fundas. \u201cEssa ponte surgiu no governo de Juscelino Kubitschek, que lan\u00e7ou um programa de incentivo para que trabalhadores imigrantes viessem para o interior do Nordeste, j\u00e1 que o Centro-Oeste e o Sudeste estavam quase superlotados. Com isso, muitos japoneses vieram para o interior da Bahia\u201d, conta Ricardo Silva, que organiza os festivais de cultura pop oriental <a href=\"http:\/\/www.anipolitan.com.br\/\" target=\"_blank\">Anip\u00f3litan<\/a>\u00a0e <a href=\"http:\/\/www.gamepolitan.com.br\/\" target=\"_blank\">Gamep\u00f3litan<\/a>.<\/p>\n<p style=\"text-align: justify;\" dir=\"ltr\">Nesses festivais, refer\u00eancias presentes <a href=\"http:\/\/www.anipolitan.com.br\/\u200e\">\u200e<\/a>na inf\u00e2ncia de grande parte dos jovens &#8211; como as hist\u00f3rias dos Cavaleiros dos Zod\u00edacos, <em>Shurato<\/em> e <em>Sakura Card Captors<\/em>, por exemplo &#8211; s\u00e3o resgatadas da mem\u00f3ria afetiva e se tornam protagonistas dos eventos. Para muitos f\u00e3s, o interesse nos personagens vem de uma identifica\u00e7\u00e3o pessoal que n\u00e3o encontram em produtos ocidentais. \u00c9 o caso de Nat\u00e1lia Matos, de 27 anos. \u201cFalta material de fic\u00e7\u00e3o para mulheres no Brasil e eu n\u00e3o conseguia me enxergar nos produtos existentes, como novelas, que s\u00e3o sempre voltados para a quest\u00e3o do amor e romance. Nos animes, mang\u00e1s e <a href=\"http:\/\/www.doramaonline.com.br\/\" target=\"_blank\">dorama <\/a>[novela japonesa] encontra-se uma variedade maior de personagens femininas, que t\u00eam profiss\u00f5es, problemas na faculdade, inseguran\u00e7as sobre o futuro\u2026 quest\u00f5es enfrentadas na vida real mesmo\u201d, conta.<\/p>\n<p style=\"text-align: justify;\" dir=\"ltr\"><strong><em>Crossplay<\/em> &#8211;<\/strong> \u00c9 tamb\u00e9m essa identifica\u00e7\u00e3o que leva alguns f\u00e3s a se fantasiarem de seus personagens favoritos, na pr\u00e1tica do <em>costume play<\/em>, ou \u00a0<em><a href=\"http:\/\/www.cosplaybr.com.br\/site\/index.php\">cosplay<\/a><\/em>, apenas por divers\u00e3o ou at\u00e9 mesmo para se apresentar e competir em concursos que elegem a melhor caracteriza\u00e7\u00e3o. Nesses eventos, \u00e9 comum encontrar meninos e meninas, homens e mulheres vestidos\u00a0de personagens que tenham sexo oposto ao seu. Isso caracteriza o <em>crossplay<\/em>, que nada tem a ver com a sexualidade dos <em>cosplayers<\/em>, mas com criatividade.<\/p>\n<p dir=\"ltr\"><strong><a href=\"http:\/\/impressaodigital126.ufba.br\/wp-content\/uploads\/2013\/09\/Sem-t\u00edtulo1.jpg\"><img loading=\"lazy\" decoding=\"async\" class=\"aligncenter\" title=\"Giovana Augusta  e Ana Claudia B\u00e9lico \" src=\"http:\/\/impressaodigital126.ufba.br\/wp-content\/uploads\/2013\/09\/Sem-t\u00edtulo1.jpg\" alt=\"\" width=\"284\" height=\"537\" \/><\/a><\/strong><\/p>\n<p style=\"text-align: justify;\" dir=\"ltr\">\u201cOs maiores e mais famosos <em>cosplayers<\/em> da atualidade s\u00e3o aqueles que t\u00eam a habilidade de se transformar em qualquer personagem, principalmente naqueles de outro sexo. Em eventos, \u00e9 m\u00e1gico n\u00e3o saber ao certo o sexo da pessoa\u201d, explica a estudante de Direito Giovana Augusta, 20, que prefere os personagens masculinos de personalidade forte e aventureira para se fantasiar em competi\u00e7\u00f5es.<\/p>\n<p style=\"text-align: justify;\" dir=\"ltr\">A artista pl\u00e1stica e estudante de Jornalismo, Ana Luiza B\u00e9lico, de 23 anos, \u00a0faz <em>cosplay<\/em> desde 2006, mas s\u00f3 no ano passado resolveu se caracterizar de um personagem masculino, o Inu-Yasha, um <em>yokai<\/em> (dem\u00f4nio do folclore japon\u00eas), que \u00e9 metade cachorro e metade humano. \u201cFoi uma experi\u00eancia bem legal. Muitas pessoas acharam que eu era um menino ou ficavam na d\u00favida e se surpreendiam quando descobriam que eu era menina. Lembro que at\u00e9 comentaram sobre meu <em>crossplay<\/em> em um podcast sobre o <em>Anime Friends<\/em> e me trataram como \u2018o cara de Inu-Yasha\u2019. Fiquei muito feliz porque o objetivo do <em>crossplay<\/em>, assim como do <em>cosplay<\/em> \u00e9 justamente ficar o mais parecido poss\u00edvel com o personagem\u201d.<\/p>\n<p style=\"text-align: justify;\" dir=\"ltr\">Outra vertente dentro do <em>cosplay<\/em> \u00e9 o<em> genderbender<\/em>, que significa, por exemplo, incorporar um personagem masculino, mas caracterizando-o com elementos femininos. Diferente do que acontece nos festejos carnavalescos, em que foli\u00f5es vestem trajes do sexo oposto para criar um efeito c\u00f4mico, o <em>crossplay<\/em> e o <em>genderbender<\/em> na\u00a0\u00a0cultura oriental s\u00e3o encarados com naturalidade.<\/p>\n<p>&nbsp;<\/p>\n<p style=\"text-align: justify;\" dir=\"ltr\"><strong>Leia mais<\/strong><\/p>\n<p style=\"text-align: justify;\" dir=\"ltr\"><a href=\"http:\/\/wp.me\/p1I4B2-3zD\" target=\"_blank\">\u00a0Androginia \u00e9 marca de valoriza\u00e7\u00e3o est\u00e9tica na cultura japonesa\u00a0<\/a><\/p>\n<p style=\"text-align: justify;\" dir=\"ltr\"><a href=\"http:\/\/wp.me\/p1I4B2-3zG\" target=\"_blank\">\u201cOs autores japoneses oferecem mais diversidade aos seus leitores e leitoras\u201d<\/a><\/p>\n<\/div>\n","protected":false},"excerpt":{"rendered":"<p>Em festivais que celebram a cultura e tradi\u00e7\u00e3o japonesa, jovens e adultos incorporam personagens de produtos pop, quebrando padr\u00f5es de g\u00eanero na hora de se fantasiar.<\/p>\n","protected":false},"author":4,"featured_media":13749,"comment_status":"open","ping_status":"open","sticky":false,"template":"","format":"standard","meta":{"_acf_changed":false,"_monsterinsights_skip_tracking":false,"_monsterinsights_sitenote_active":false,"_monsterinsights_sitenote_note":"","_monsterinsights_sitenote_category":0,"footnotes":""},"categories":[3],"tags":[633,640,1301,1299,634],"acf":[],"aioseo_notices":[],"yoast_head":"<!-- This site is optimized with the Yoast SEO plugin v24.5 - https:\/\/yoast.com\/wordpress\/plugins\/seo\/ -->\n<title>Cultura de l\u00e1 para c\u00e1: soteropolitanos incorporam aspectos do pop nip\u00f4nico - Impressao Digital 126<\/title>\n<meta name=\"robots\" content=\"index, follow, max-snippet:-1, max-image-preview:large, max-video-preview:-1\" \/>\n<link rel=\"canonical\" href=\"https:\/\/id126ufba.com.br\/memoria\/cultura-de-la-para-ca-soteropolitanos-incorporam-aspectos-do-pop-niponico\/\" \/>\n<meta property=\"og:locale\" content=\"pt_BR\" \/>\n<meta property=\"og:type\" content=\"article\" \/>\n<meta property=\"og:title\" content=\"Cultura de l\u00e1 para c\u00e1: soteropolitanos incorporam aspectos do pop nip\u00f4nico - Impressao Digital 126\" \/>\n<meta property=\"og:description\" content=\"Em festivais que celebram a cultura e tradi\u00e7\u00e3o japonesa, jovens e adultos incorporam personagens de produtos pop, quebrando padr\u00f5es de g\u00eanero na hora de se fantasiar.\" \/>\n<meta property=\"og:url\" content=\"https:\/\/id126ufba.com.br\/memoria\/cultura-de-la-para-ca-soteropolitanos-incorporam-aspectos-do-pop-niponico\/\" \/>\n<meta property=\"og:site_name\" content=\"Impressao Digital 126\" \/>\n<meta property=\"article:published_time\" content=\"2013-09-11T19:19:53+00:00\" \/>\n<meta property=\"article:modified_time\" content=\"2013-09-12T12:50:38+00:00\" \/>\n<meta property=\"og:image\" content=\"https:\/\/id126ufba.com.br\/memoria\/wp-content\/uploads\/2013\/09\/bonodori.jpg\" \/>\n\t<meta property=\"og:image:width\" content=\"992\" \/>\n\t<meta property=\"og:image:height\" content=\"744\" \/>\n\t<meta property=\"og:image:type\" content=\"image\/jpeg\" \/>\n<meta name=\"twitter:card\" content=\"summary_large_image\" \/>\n<meta name=\"twitter:label1\" content=\"Escrito por\" \/>\n\t<meta name=\"twitter:data1\" content=\"\" \/>\n\t<meta name=\"twitter:label2\" content=\"Est. tempo de leitura\" \/>\n\t<meta name=\"twitter:data2\" content=\"4 minutos\" \/>\n<script type=\"application\/ld+json\" class=\"yoast-schema-graph\">{\"@context\":\"https:\/\/schema.org\",\"@graph\":[{\"@type\":\"Article\",\"@id\":\"https:\/\/id126ufba.com.br\/memoria\/cultura-de-la-para-ca-soteropolitanos-incorporam-aspectos-do-pop-niponico\/#article\",\"isPartOf\":{\"@id\":\"https:\/\/id126ufba.com.br\/memoria\/cultura-de-la-para-ca-soteropolitanos-incorporam-aspectos-do-pop-niponico\/\"},\"author\":{\"name\":\"\",\"@id\":\"\"},\"headline\":\"Cultura de l\u00e1 para c\u00e1: soteropolitanos incorporam aspectos do pop nip\u00f4nico\",\"datePublished\":\"2013-09-11T19:19:53+00:00\",\"dateModified\":\"2013-09-12T12:50:38+00:00\",\"mainEntityOfPage\":{\"@id\":\"https:\/\/id126ufba.com.br\/memoria\/cultura-de-la-para-ca-soteropolitanos-incorporam-aspectos-do-pop-niponico\/\"},\"wordCount\":831,\"commentCount\":0,\"publisher\":{\"@id\":\"https:\/\/id126ufba.com.br\/memoria\/#organization\"},\"image\":{\"@id\":\"https:\/\/id126ufba.com.br\/memoria\/cultura-de-la-para-ca-soteropolitanos-incorporam-aspectos-do-pop-niponico\/#primaryimage\"},\"thumbnailUrl\":\"https:\/\/id126ufba.com.br\/memoria\/wp-content\/uploads\/2013\/09\/bonodori.jpg\",\"keywords\":[\"anime\",\"Cosplay\",\"crossplay\",\"cultura pop oriental\",\"mang\u00e1\"],\"articleSection\":[\"Cultura\"],\"inLanguage\":\"pt-BR\",\"potentialAction\":[{\"@type\":\"CommentAction\",\"name\":\"Comment\",\"target\":[\"https:\/\/id126ufba.com.br\/memoria\/cultura-de-la-para-ca-soteropolitanos-incorporam-aspectos-do-pop-niponico\/#respond\"]}]},{\"@type\":\"WebPage\",\"@id\":\"https:\/\/id126ufba.com.br\/memoria\/cultura-de-la-para-ca-soteropolitanos-incorporam-aspectos-do-pop-niponico\/\",\"url\":\"https:\/\/id126ufba.com.br\/memoria\/cultura-de-la-para-ca-soteropolitanos-incorporam-aspectos-do-pop-niponico\/\",\"name\":\"Cultura de l\u00e1 para c\u00e1: soteropolitanos incorporam aspectos do pop nip\u00f4nico - Impressao Digital 126\",\"isPartOf\":{\"@id\":\"https:\/\/id126ufba.com.br\/memoria\/#website\"},\"primaryImageOfPage\":{\"@id\":\"https:\/\/id126ufba.com.br\/memoria\/cultura-de-la-para-ca-soteropolitanos-incorporam-aspectos-do-pop-niponico\/#primaryimage\"},\"image\":{\"@id\":\"https:\/\/id126ufba.com.br\/memoria\/cultura-de-la-para-ca-soteropolitanos-incorporam-aspectos-do-pop-niponico\/#primaryimage\"},\"thumbnailUrl\":\"https:\/\/id126ufba.com.br\/memoria\/wp-content\/uploads\/2013\/09\/bonodori.jpg\",\"datePublished\":\"2013-09-11T19:19:53+00:00\",\"dateModified\":\"2013-09-12T12:50:38+00:00\",\"breadcrumb\":{\"@id\":\"https:\/\/id126ufba.com.br\/memoria\/cultura-de-la-para-ca-soteropolitanos-incorporam-aspectos-do-pop-niponico\/#breadcrumb\"},\"inLanguage\":\"pt-BR\",\"potentialAction\":[{\"@type\":\"ReadAction\",\"target\":[\"https:\/\/id126ufba.com.br\/memoria\/cultura-de-la-para-ca-soteropolitanos-incorporam-aspectos-do-pop-niponico\/\"]}]},{\"@type\":\"ImageObject\",\"inLanguage\":\"pt-BR\",\"@id\":\"https:\/\/id126ufba.com.br\/memoria\/cultura-de-la-para-ca-soteropolitanos-incorporam-aspectos-do-pop-niponico\/#primaryimage\",\"url\":\"https:\/\/id126ufba.com.br\/memoria\/wp-content\/uploads\/2013\/09\/bonodori.jpg\",\"contentUrl\":\"https:\/\/id126ufba.com.br\/memoria\/wp-content\/uploads\/2013\/09\/bonodori.jpg\",\"width\":\"992\",\"height\":\"744\"},{\"@type\":\"BreadcrumbList\",\"@id\":\"https:\/\/id126ufba.com.br\/memoria\/cultura-de-la-para-ca-soteropolitanos-incorporam-aspectos-do-pop-niponico\/#breadcrumb\",\"itemListElement\":[{\"@type\":\"ListItem\",\"position\":1,\"name\":\"In\u00edcio\",\"item\":\"https:\/\/id126ufba.com.br\/memoria\/\"},{\"@type\":\"ListItem\",\"position\":2,\"name\":\"Cultura de l\u00e1 para c\u00e1: soteropolitanos incorporam aspectos do pop nip\u00f4nico\"}]},{\"@type\":\"WebSite\",\"@id\":\"https:\/\/id126ufba.com.br\/memoria\/#website\",\"url\":\"https:\/\/id126ufba.com.br\/memoria\/\",\"name\":\"Impressao Digital 126\",\"description\":\"\",\"publisher\":{\"@id\":\"https:\/\/id126ufba.com.br\/memoria\/#organization\"},\"potentialAction\":[{\"@type\":\"SearchAction\",\"target\":{\"@type\":\"EntryPoint\",\"urlTemplate\":\"https:\/\/id126ufba.com.br\/memoria\/?s={search_term_string}\"},\"query-input\":{\"@type\":\"PropertyValueSpecification\",\"valueRequired\":true,\"valueName\":\"search_term_string\"}}],\"inLanguage\":\"pt-BR\"},{\"@type\":\"Organization\",\"@id\":\"https:\/\/id126ufba.com.br\/memoria\/#organization\",\"name\":\"Impressao Digital 126\",\"url\":\"https:\/\/id126ufba.com.br\/memoria\/\",\"logo\":{\"@type\":\"ImageObject\",\"inLanguage\":\"pt-BR\",\"@id\":\"https:\/\/id126ufba.com.br\/memoria\/#\/schema\/logo\/image\/\",\"url\":\"https:\/\/id126ufba.com.br\/memoria\/wp-content\/uploads\/2024\/07\/cropped-logo_memoria-1.png\",\"contentUrl\":\"https:\/\/id126ufba.com.br\/memoria\/wp-content\/uploads\/2024\/07\/cropped-logo_memoria-1.png\",\"width\":500,\"height\":100,\"caption\":\"Impressao Digital 126\"},\"image\":{\"@id\":\"https:\/\/id126ufba.com.br\/memoria\/#\/schema\/logo\/image\/\"}},{\"@type\":\"Person\",\"@id\":\"\",\"url\":\"https:\/\/id126ufba.com.br\/memoria\/author\/\"}]}<\/script>\n<!-- \/ Yoast SEO plugin. -->","yoast_head_json":{"title":"Cultura de l\u00e1 para c\u00e1: soteropolitanos incorporam aspectos do pop nip\u00f4nico - Impressao Digital 126","robots":{"index":"index","follow":"follow","max-snippet":"max-snippet:-1","max-image-preview":"max-image-preview:large","max-video-preview":"max-video-preview:-1"},"canonical":"https:\/\/id126ufba.com.br\/memoria\/cultura-de-la-para-ca-soteropolitanos-incorporam-aspectos-do-pop-niponico\/","og_locale":"pt_BR","og_type":"article","og_title":"Cultura de l\u00e1 para c\u00e1: soteropolitanos incorporam aspectos do pop nip\u00f4nico - Impressao Digital 126","og_description":"Em festivais que celebram a cultura e tradi\u00e7\u00e3o japonesa, jovens e adultos incorporam personagens de produtos pop, quebrando padr\u00f5es de g\u00eanero na hora de se fantasiar.","og_url":"https:\/\/id126ufba.com.br\/memoria\/cultura-de-la-para-ca-soteropolitanos-incorporam-aspectos-do-pop-niponico\/","og_site_name":"Impressao Digital 126","article_published_time":"2013-09-11T19:19:53+00:00","article_modified_time":"2013-09-12T12:50:38+00:00","og_image":[{"width":992,"height":744,"url":"https:\/\/id126ufba.com.br\/memoria\/wp-content\/uploads\/2013\/09\/bonodori.jpg","type":"image\/jpeg"}],"twitter_card":"summary_large_image","twitter_misc":{"Escrito por":"","Est. tempo de leitura":"4 minutos"},"schema":{"@context":"https:\/\/schema.org","@graph":[{"@type":"Article","@id":"https:\/\/id126ufba.com.br\/memoria\/cultura-de-la-para-ca-soteropolitanos-incorporam-aspectos-do-pop-niponico\/#article","isPartOf":{"@id":"https:\/\/id126ufba.com.br\/memoria\/cultura-de-la-para-ca-soteropolitanos-incorporam-aspectos-do-pop-niponico\/"},"author":{"name":"","@id":""},"headline":"Cultura de l\u00e1 para c\u00e1: soteropolitanos incorporam aspectos do pop nip\u00f4nico","datePublished":"2013-09-11T19:19:53+00:00","dateModified":"2013-09-12T12:50:38+00:00","mainEntityOfPage":{"@id":"https:\/\/id126ufba.com.br\/memoria\/cultura-de-la-para-ca-soteropolitanos-incorporam-aspectos-do-pop-niponico\/"},"wordCount":831,"commentCount":0,"publisher":{"@id":"https:\/\/id126ufba.com.br\/memoria\/#organization"},"image":{"@id":"https:\/\/id126ufba.com.br\/memoria\/cultura-de-la-para-ca-soteropolitanos-incorporam-aspectos-do-pop-niponico\/#primaryimage"},"thumbnailUrl":"https:\/\/id126ufba.com.br\/memoria\/wp-content\/uploads\/2013\/09\/bonodori.jpg","keywords":["anime","Cosplay","crossplay","cultura pop oriental","mang\u00e1"],"articleSection":["Cultura"],"inLanguage":"pt-BR","potentialAction":[{"@type":"CommentAction","name":"Comment","target":["https:\/\/id126ufba.com.br\/memoria\/cultura-de-la-para-ca-soteropolitanos-incorporam-aspectos-do-pop-niponico\/#respond"]}]},{"@type":"WebPage","@id":"https:\/\/id126ufba.com.br\/memoria\/cultura-de-la-para-ca-soteropolitanos-incorporam-aspectos-do-pop-niponico\/","url":"https:\/\/id126ufba.com.br\/memoria\/cultura-de-la-para-ca-soteropolitanos-incorporam-aspectos-do-pop-niponico\/","name":"Cultura de l\u00e1 para c\u00e1: soteropolitanos incorporam aspectos do pop nip\u00f4nico - Impressao Digital 126","isPartOf":{"@id":"https:\/\/id126ufba.com.br\/memoria\/#website"},"primaryImageOfPage":{"@id":"https:\/\/id126ufba.com.br\/memoria\/cultura-de-la-para-ca-soteropolitanos-incorporam-aspectos-do-pop-niponico\/#primaryimage"},"image":{"@id":"https:\/\/id126ufba.com.br\/memoria\/cultura-de-la-para-ca-soteropolitanos-incorporam-aspectos-do-pop-niponico\/#primaryimage"},"thumbnailUrl":"https:\/\/id126ufba.com.br\/memoria\/wp-content\/uploads\/2013\/09\/bonodori.jpg","datePublished":"2013-09-11T19:19:53+00:00","dateModified":"2013-09-12T12:50:38+00:00","breadcrumb":{"@id":"https:\/\/id126ufba.com.br\/memoria\/cultura-de-la-para-ca-soteropolitanos-incorporam-aspectos-do-pop-niponico\/#breadcrumb"},"inLanguage":"pt-BR","potentialAction":[{"@type":"ReadAction","target":["https:\/\/id126ufba.com.br\/memoria\/cultura-de-la-para-ca-soteropolitanos-incorporam-aspectos-do-pop-niponico\/"]}]},{"@type":"ImageObject","inLanguage":"pt-BR","@id":"https:\/\/id126ufba.com.br\/memoria\/cultura-de-la-para-ca-soteropolitanos-incorporam-aspectos-do-pop-niponico\/#primaryimage","url":"https:\/\/id126ufba.com.br\/memoria\/wp-content\/uploads\/2013\/09\/bonodori.jpg","contentUrl":"https:\/\/id126ufba.com.br\/memoria\/wp-content\/uploads\/2013\/09\/bonodori.jpg","width":"992","height":"744"},{"@type":"BreadcrumbList","@id":"https:\/\/id126ufba.com.br\/memoria\/cultura-de-la-para-ca-soteropolitanos-incorporam-aspectos-do-pop-niponico\/#breadcrumb","itemListElement":[{"@type":"ListItem","position":1,"name":"In\u00edcio","item":"https:\/\/id126ufba.com.br\/memoria\/"},{"@type":"ListItem","position":2,"name":"Cultura de l\u00e1 para c\u00e1: soteropolitanos incorporam aspectos do pop nip\u00f4nico"}]},{"@type":"WebSite","@id":"https:\/\/id126ufba.com.br\/memoria\/#website","url":"https:\/\/id126ufba.com.br\/memoria\/","name":"Impressao Digital 126","description":"","publisher":{"@id":"https:\/\/id126ufba.com.br\/memoria\/#organization"},"potentialAction":[{"@type":"SearchAction","target":{"@type":"EntryPoint","urlTemplate":"https:\/\/id126ufba.com.br\/memoria\/?s={search_term_string}"},"query-input":{"@type":"PropertyValueSpecification","valueRequired":true,"valueName":"search_term_string"}}],"inLanguage":"pt-BR"},{"@type":"Organization","@id":"https:\/\/id126ufba.com.br\/memoria\/#organization","name":"Impressao Digital 126","url":"https:\/\/id126ufba.com.br\/memoria\/","logo":{"@type":"ImageObject","inLanguage":"pt-BR","@id":"https:\/\/id126ufba.com.br\/memoria\/#\/schema\/logo\/image\/","url":"https:\/\/id126ufba.com.br\/memoria\/wp-content\/uploads\/2024\/07\/cropped-logo_memoria-1.png","contentUrl":"https:\/\/id126ufba.com.br\/memoria\/wp-content\/uploads\/2024\/07\/cropped-logo_memoria-1.png","width":500,"height":100,"caption":"Impressao Digital 126"},"image":{"@id":"https:\/\/id126ufba.com.br\/memoria\/#\/schema\/logo\/image\/"}},{"@type":"Person","@id":"","url":"https:\/\/id126ufba.com.br\/memoria\/author\/"}]}},"_links":{"self":[{"href":"https:\/\/id126ufba.com.br\/memoria\/wp-json\/wp\/v2\/posts\/13748"}],"collection":[{"href":"https:\/\/id126ufba.com.br\/memoria\/wp-json\/wp\/v2\/posts"}],"about":[{"href":"https:\/\/id126ufba.com.br\/memoria\/wp-json\/wp\/v2\/types\/post"}],"author":[{"embeddable":true,"href":"https:\/\/id126ufba.com.br\/memoria\/wp-json\/wp\/v2\/users\/4"}],"replies":[{"embeddable":true,"href":"https:\/\/id126ufba.com.br\/memoria\/wp-json\/wp\/v2\/comments?post=13748"}],"version-history":[{"count":12,"href":"https:\/\/id126ufba.com.br\/memoria\/wp-json\/wp\/v2\/posts\/13748\/revisions"}],"predecessor-version":[{"id":14776,"href":"https:\/\/id126ufba.com.br\/memoria\/wp-json\/wp\/v2\/posts\/13748\/revisions\/14776"}],"wp:featuredmedia":[{"embeddable":true,"href":"https:\/\/id126ufba.com.br\/memoria\/wp-json\/wp\/v2\/media\/13749"}],"wp:attachment":[{"href":"https:\/\/id126ufba.com.br\/memoria\/wp-json\/wp\/v2\/media?parent=13748"}],"wp:term":[{"taxonomy":"category","embeddable":true,"href":"https:\/\/id126ufba.com.br\/memoria\/wp-json\/wp\/v2\/categories?post=13748"},{"taxonomy":"post_tag","embeddable":true,"href":"https:\/\/id126ufba.com.br\/memoria\/wp-json\/wp\/v2\/tags?post=13748"}],"curies":[{"name":"wp","href":"https:\/\/api.w.org\/{rel}","templated":true}]}}