{"id":13777,"date":"2013-09-11T21:00:45","date_gmt":"2013-09-12T00:00:45","guid":{"rendered":"http:\/\/impressaodigital126.ufba.br\/?p=13777"},"modified":"2013-09-12T12:25:45","modified_gmt":"2013-09-12T15:25:45","slug":"o-que-e-importante-para-voce-veja-o-que-tem-sido-prioridade-dos-nossos-vereadores","status":"publish","type":"post","link":"https:\/\/id126ufba.com.br\/memoria\/o-que-e-importante-para-voce-veja-o-que-tem-sido-prioridade-dos-nossos-vereadores\/","title":{"rendered":"Para qu\u00ea tanta homenagem?"},"content":{"rendered":"<p style=\"text-align: justify;\"><em>Na Casa Legislativa da capital da Bahia, duas ou 200 proposi\u00e7\u00f5es apresentadas, muitas homenagens, sess\u00f5es de debates e\u2026 qual o resultado disso? A equipe do<strong> ID 126<\/strong> foi investigar<\/em><\/p>\n<p style=\"text-align: justify;\"><span style=\"color: #888888;\">Ana\u00edra L\u00f4bo, Camila Martinez e Daniele Rodrigues<\/span><\/p>\n<p style=\"text-align: justify;\">Numa cidade com tantas mazelas como Salvador, parece no m\u00ednimo estranho que mais de 18% das proposi\u00e7\u00f5es legislativas dos sete primeiros meses de mandato sejam destinadas a prestar homenagens de diversas naturezas. Foi este o \u00edndice que a equipe do <em><strong>ID 126<\/strong><\/em> encontrou ap\u00f3s analisar as atividades legislativas da <a title=\"C\u00e2mara Municipal de Salvador\" href=\"http:\/\/www.cms.ba.gov.br\/\" target=\"_blank\">C\u00e2mara Municipal de Salvador (CMS)<\/a>, realizadas entre janeiro e julho de 2013. Observou-se um total de 1.037 proposi\u00e7\u00f5es lan\u00e7adas pelos 43 edis e, ap\u00f3s an\u00e1lise, foram classificadas em 13 categorias como forma de verificar quais s\u00e3o as principais linhas de trabalho da CMS. Foram contabilizadas <a href=\"http:\/\/impressaodigital126.ufba.br\/wp-content\/uploads\/2013\/09\/HOMENAGENS.pdf\" target=\"_blank\">192 proposi\u00e7\u00f5es de Homenagens<\/a>, <a href=\"http:\/\/impressaodigital126.ufba.br\/wp-content\/uploads\/2013\/09\/INFRAESTRUTURA1.pdf\" target=\"_blank\">166 de Infraestrutura<\/a>, <a href=\"http:\/\/impressaodigital126.ufba.br\/wp-content\/uploads\/2013\/09\/MEIO-AMBIENTE.pdf\" target=\"_blank\">146 de Meio Ambiente<\/a>, <a href=\"http:\/\/impressaodigital126.ufba.br\/wp-content\/uploads\/2013\/09\/SA\u00daDE.pdf\" target=\"_blank\">126 de Sa\u00fade<\/a>, <a href=\"http:\/\/impressaodigital126.ufba.br\/wp-content\/uploads\/2013\/09\/MOBILIDADE-URBANA.pdf\" target=\"_blank\">117 de Mobilidade Urbana<\/a>, <a href=\"http:\/\/impressaodigital126.ufba.br\/wp-content\/uploads\/2013\/09\/TRABALHO.pdf\" target=\"_blank\">89 de Trabalho<\/a>, <a title=\"EDUCACAO\" href=\"http:\/\/impressaodigital126.ufba.br\/wp-content\/uploads\/2013\/09\/EDUCA\u00c7\u00c3O.pdf\" target=\"_blank\">76 de Educa\u00e7\u00e3o<\/a>, <a href=\"http:\/\/impressaodigital126.ufba.br\/wp-content\/uploads\/2013\/09\/UTILIDADE-P\u00daBLICA.pdf\" target=\"_blank\">49 de Reconhecimento ou Renova\u00e7\u00e3o de Utilidade P\u00fablica<\/a>, <a href=\"http:\/\/impressaodigital126.ufba.br\/wp-content\/uploads\/2013\/09\/SEGURAN\u00c7A.pdf\" target=\"_blank\">47 de Seguran\u00e7a<\/a>, <a href=\"http:\/\/impressaodigital126.ufba.br\/wp-content\/uploads\/2013\/09\/ESPORTE.pdf\" target=\"_blank\">39 de Esporte<\/a>, <a href=\"http:\/\/impressaodigital126.ufba.br\/wp-content\/uploads\/2013\/09\/INCLUS\u00c3O.pdf\" target=\"_blank\">34 de Inclus\u00e3o Social<\/a> e outras 138 que n\u00e3o se encaixaram em nenhuma categoria anterior, enquadradas como <a href=\"http:\/\/impressaodigital126.ufba.br\/wp-content\/uploads\/2013\/09\/DIVERSOS.pdf\" target=\"_blank\">Diversos<\/a>.<\/p>\n<p style=\"text-align: justify;\">Em rela\u00e7\u00e3o \u00e0s Homenagens, categoria que contempla a maioria das proposi\u00e7\u00f5es, os temas mais comuns consistem em institui\u00e7\u00e3o de dias comemorativos, celebra\u00e7\u00e3o de anivers\u00e1rios e mo\u00e7\u00f5es de homenagem. Um dos recordistas de proposi\u00e7\u00f5es neste quesito \u00e9 Gilmar Santiago (PT). O vereador tem se empenhado em comemorar as primaveras das mais diversas organiza\u00e7\u00f5es da cidade, tais como associa\u00e7\u00f5es, sindicatos, institui\u00e7\u00f5es de ensino, companhia de \u00e1gua e grupo de capoeira. Procurado pela reportagem, Santiago n\u00e3o respondeu aos nossos contatos. J\u00e1 Heber Santana (PSC) tem mostrado servi\u00e7o aos fi\u00e9is que o elegeram. Instituir o dia da B\u00edblia, o dia do pastor e, tamb\u00e9m, o dia da esposa do pastor, s\u00e3o exemplos de proposi\u00e7\u00f5es do nosso representante. Seguindo semelhante caminho, o cat\u00f3lico Joceval Rodrigues (PPS) prop\u00f4s comemora\u00e7\u00f5es como o anivers\u00e1rio da renova\u00e7\u00e3o carism\u00e1tica em Salvador e o encerramento do ano da f\u00e9.<\/p>\n<p style=\"text-align: justify;\">O cientista pol\u00edtico Joviniano Neto, professor aposentado da Universidade Federal da Bahia (UFBA) e membro da diretoria do Sindicato dos Professores das Institui\u00e7\u00f5es Federais de Ensino Superior da Bahia (Apub), explica que este tipo de posicionamento na C\u00e2mara \u00e9 corriqueiro entre os pol\u00edticos de modo geral, tanto para homenagear parceiros quanto para conceder o reconhecimento ou renova\u00e7\u00e3o de utilidade p\u00fablica a entidades, funda\u00e7\u00f5es e associa\u00e7\u00f5es civis. O referido t\u00edtulo reconhece as institui\u00e7\u00f5es como sem fins lucrativos e prestadoras de servi\u00e7os \u00e0 sociedade, e permite a inscri\u00e7\u00e3o em editais e recebimento de recursos p\u00fablicos. \u201c\u00c9 um modo de o vereador valorizar socialmente as suas bases eleitorais. A pol\u00edtica se faz por meio da defesa de interesses. O ideal seria que houvesse um equil\u00edbrio entre vontades do seu eleitorado e da popula\u00e7\u00e3o em geral\u201d, explica Joviniano.<\/p>\n<p style=\"text-align: justify;\">Na pr\u00e1tica, por\u00e9m, se v\u00ea muitas a\u00e7\u00f5es segmentadas para grupos espec\u00edficos. S\u00e3o v\u00e1rios os vereadores que prop\u00f5em projetos de indica\u00e7\u00e3o ao poder executivo municipal para beneficiar apenas certos bairros como, por exemplo, Toinho Carolino (PTN), padrinho de Itapu\u00e3, Boca do Rio e Amaralina. As medidas indicadas s\u00e3o geralmente melhorias do asfalto, ilumina\u00e7\u00e3o p\u00fablica e cal\u00e7adas. Nem todos os bairros, por\u00e9m, t\u00eam for\u00e7a para eleger os seus vereadores, ficando prejudicados nesta pol\u00edtica de apadrinhamento. Longe do ideal, j\u00e1 que alguns edis preocupam-se em atender fortemente o seu pr\u00f3prio eleitorado, a atual atividade legislativa da C\u00e2mara aponta que Salvador deve continuar a ser uma cidade de mazelas e fortes contrastes sociais. O vereador Paulo C\u00e2mara, presidente da mesa diretora da CMS, entretanto, avalia como \u201ca melhor poss\u00edvel\u201d a produtividade da Casa Legislativa no atual mandato: \u201cFechamos o semestre com o maior n\u00famero de sess\u00f5es j\u00e1 realizadas por esta institui\u00e7\u00e3o. \u00c9 uma C\u00e2mara renovada, com 53% de vereadores em seu primeiro mandato, e que possui efetivo compromisso de estar em sintonia com o que as pessoas pensam em Salvador\u201d.<\/p>\n<p style=\"text-align: justify;\"><strong>Nem 2 nem 200<\/strong> \u2013 Outra categoria com elevada quantidade de proposi\u00e7\u00f5es na C\u00e2mara Municipal \u00e9 a de Meio Ambiente, na qual foram inclu\u00eddas as abundantes propostas de Marcell Moraes (PV) voltadas para a prote\u00e7\u00e3o de animais, principalmente c\u00e3es e gatos. O pol\u00edtico orgulha-se de seus n\u00fameros: \u201cEu sou o vereador que mais tem projetos, tanto apresentados quanto aprovados, que s\u00e3o 14. Acho que dever\u00edamos ter metas em n\u00famero de proposi\u00e7\u00f5es, com san\u00e7\u00f5es para os que n\u00e3o apresentarem o m\u00ednimo. N\u00e3o podemos errar por omiss\u00e3o e por isso temos que propor bastante, com base em pesquisas e opini\u00f5es de profissionais. Se a sociedade vai gostar ou se vai ser aprovado, \u00e9 outra quest\u00e3o\u201d. O vereador justifica a sua grande produ\u00e7\u00e3o de proposi\u00e7\u00f5es ao ac\u00famulo de ideias que teve ao longo dos anos que antecederam a elei\u00e7\u00e3o.<\/p>\n<p style=\"text-align: center;\"><a style=\"text-align: justify;\" href=\"http:\/\/impressaodigital126.ufba.br\/wp-content\/uploads\/2013\/09\/marcell_cao.jpg\"><img loading=\"lazy\" decoding=\"async\" class=\"size-medium wp-image-14227 aligncenter\" style=\"border: 1px solid black; margin-top: 2px; margin-bottom: 2px;\" title=\"marcell moraes\" src=\"http:\/\/impressaodigital126.ufba.br\/wp-content\/uploads\/2013\/09\/marcell_cao-268x300.jpg\" alt=\"\" width=\"268\" height=\"300\" srcset=\"https:\/\/id126ufba.com.br\/memoria\/wp-content\/uploads\/2013\/09\/marcell_cao-268x300.jpg 268w, https:\/\/id126ufba.com.br\/memoria\/wp-content\/uploads\/2013\/09\/marcell_cao.jpg 300w\" sizes=\"(max-width: 268px) 100vw, 268px\" \/><\/a><\/p>\n<p style=\"text-align: justify;\">Com mais de 150 proposi\u00e7\u00f5es lan\u00e7adas nos sete primeiros meses de legislatura, Leo Prates, l\u00edder do governo e do partido Democratas na CMS, atribui sua elevada produtividade ao reaproveitamento do que foi elaborado por antigos vereadores que n\u00e3o renovaram o mandato. \u201cA minha primeira fonte de projetos s\u00e3o as minhas pr\u00f3prias observa\u00e7\u00f5es. A segunda s\u00e3o as proposi\u00e7\u00f5es de antigos vereadores, que n\u00e3o conseguiram a devida articula\u00e7\u00e3o pol\u00edtica para aprov\u00e1-las. S\u00e3o boas solu\u00e7\u00f5es para a cidade e que, se n\u00e3o fossem resgatadas, seriam arquivadas. Cerca de 20% a 30% dos projetos que aparecem como de minha autoria est\u00e3o neste caso e eu os relan\u00e7o aprimorados, citando o vereador idealizador. A terceira maneira \u00e9 por meio das sugest\u00f5es populares\u201d.<\/p>\n<p style=\"text-align: justify;\">J\u00e1 Soldado Prisco (PSDB), cuja expressiva vota\u00e7\u00e3o principalmente de policiais militares o tornou o quarto vereador mais votado (14.820 votos), possui baixo \u00edndice de apresenta\u00e7\u00e3o de proposi\u00e7\u00f5es legislativas. Questionado, o pol\u00edtico atribuiu o fato aos seus esfor\u00e7os em resgatar projetos antigos: \u201cSolicitei aos meus assessores que fizessem um levantamento de todos os projetos que estavam sem representatividade na CMS. Preferi, ent\u00e3o, apresentar menos projetos novos para priorizar antigos projetos de elevado interesse p\u00fablico\u201d. O Soldado Prisco pensa diferente de Leo Prates: \u201cEu n\u00e3o digo que o projeto de outra pessoa \u00e9 meu por uma quest\u00e3o \u00e9tica. Posso ajudar na articula\u00e7\u00e3o, mas n\u00e3o levarei a autoria. Lutei para aprovar muitos projetos de outros vereadores\u201d.<\/p>\n<p style=\"text-align: justify;\">O vereador Pedrinho Pep\u00ea (PMDB), identificado como autor de apenas uma proposi\u00e7\u00e3o ao longo da atual legislatura, ao ser perguntado sobre a sua atividade na C\u00e2mara, se justifica: \u201cMais do que legislar, \u00e9 papel do vereador fiscalizar o poder executivo. Tenho cuidado ao pensar em projetos de leis, pois as leis podem prejudicar muitas pessoas. Abdico de propor muitos projetos, porque n\u00e3o faltam leis em Salvador, mas sim fiscaliza\u00e7\u00e3o e cumprimento da legisla\u00e7\u00e3o\u201d. Carlos Muniz (PTN), vereador mais votado das elei\u00e7\u00f5es de 2012 com 16.959 votos e que foi apoiado em campanha principalmente por professores da rede p\u00fablica, \u00e9 o 1\u00ba vice-presidente da mesa diretora da CMS e tamb\u00e9m \u00e9 outro nome que s\u00f3 apresentou uma proposi\u00e7\u00e3o entre janeiro e julho de 2013. Procurado pela equipe do <em><strong>ID 126<\/strong><\/em>, n\u00e3o retornou os nossos sucessivos contatos.<\/p>\n<p style=\"text-align: justify;\">Para o cientista pol\u00edtico Paulo F\u00e1bio Dantas, professor adjunto do Departamento de Ci\u00eancia Pol\u00edtica da UFBA, \u201cn\u00e3o h\u00e1 como medir a produtividade dos vereadores pela quantidade de projetos que cada um prop\u00f5e. Os n\u00fameros em si n\u00e3o s\u00e3o crit\u00e9rios que indicam se um vereador \u00e9 bom ou mau pol\u00edtico\u201d, esclarece. De acordo com ele, \u201cum vereador, pode apresentar, por exemplo, 200 projetos, mas de fato n\u00e3o ter preocupa\u00e7\u00e3o se ser\u00e3o aprovados\u201d.<\/p>\n<p style=\"text-align: justify;\">O papel do vereador n\u00e3o pode ser visto como de apresenta\u00e7\u00e3o de projetos, essa \u00e9 apenas uma das dimens\u00f5es do seu trabalho. A atua\u00e7\u00e3o nas comiss\u00f5es, as discuss\u00f5es dos projetos que chegam \u00e0 Casa, a orienta\u00e7\u00e3o e a rela\u00e7\u00e3o que os vereadores t\u00eam com o poder executivo s\u00e3o muito importantes. \u201cO plen\u00e1rio deve debater, pensar o que \u00e9 mais urgente e relevante no contexto da cidade, por isso uma grande produ\u00e7\u00e3o \u00e9 t\u00e3o question\u00e1vel\u201d, opina Paulo F\u00e1bio. Apresentar, em sete meses, um par de proposi\u00e7\u00f5es tamb\u00e9m \u00e9 question\u00e1vel e n\u00e3o indica esfor\u00e7os para propor solu\u00e7\u00f5es \u00e0 cidade por meio da legisla\u00e7\u00e3o. Vamos acompanhar de perto as atividades dos vereadores da cidade de Salvador e tirar nossas conclus\u00f5es: o que significa propor ou deixar de propor projetos na C\u00e2mara?<\/p>\n<p style=\"text-align: justify;\"><strong>Leia mais<\/strong><\/p>\n<p style=\"text-align: justify;\"><a title=\"Saiba como se aprova um Projeto de Lei\" href=\"http:\/\/wp.me\/p1I4B2-3CJ\" target=\"_blank\">Saiba como se aprova um projeto de lei<\/a><\/p>\n<p style=\"text-align: justify;\"><a title=\"Novos vereadores na velha pol\u00edtica\" href=\"http:\/\/wp.me\/s1I4B2-14063\" target=\"_blank\">Novos vereadores na velha pol\u00edtica<\/a><\/p>\n","protected":false},"excerpt":{"rendered":"<p>Se voc\u00ea \u00e9 daqueles que vota de quatro em quatro anos, mas n\u00e3o faz ideia do que os vereadores da nossa cidade produzem, conhe\u00e7a um pouco mais os que estes pol\u00edticos t\u00eam feito ou deixado de fazer. <\/p>\n","protected":false},"author":4,"featured_media":14199,"comment_status":"open","ping_status":"open","sticky":false,"template":"","format":"standard","meta":{"_acf_changed":false,"_monsterinsights_skip_tracking":false,"_monsterinsights_sitenote_active":false,"_monsterinsights_sitenote_note":"","_monsterinsights_sitenote_category":0,"footnotes":""},"categories":[1],"tags":[1306,1309,1310,1308,1307],"acf":[],"aioseo_notices":[],"yoast_head":"<!-- This site is optimized with the Yoast SEO plugin v24.5 - https:\/\/yoast.com\/wordpress\/plugins\/seo\/ -->\n<title>Para qu\u00ea tanta homenagem? - Impressao Digital 126<\/title>\n<meta name=\"robots\" content=\"index, follow, max-snippet:-1, max-image-preview:large, max-video-preview:-1\" \/>\n<link rel=\"canonical\" href=\"https:\/\/id126ufba.com.br\/memoria\/o-que-e-importante-para-voce-veja-o-que-tem-sido-prioridade-dos-nossos-vereadores\/\" \/>\n<meta property=\"og:locale\" content=\"pt_BR\" \/>\n<meta property=\"og:type\" content=\"article\" \/>\n<meta property=\"og:title\" content=\"Para qu\u00ea tanta homenagem? - Impressao Digital 126\" \/>\n<meta property=\"og:description\" content=\"Se voc\u00ea \u00e9 daqueles que vota de quatro em quatro anos, mas n\u00e3o faz ideia do que os vereadores da nossa cidade produzem, conhe\u00e7a um pouco mais os que estes pol\u00edticos t\u00eam feito ou deixado de fazer.\" \/>\n<meta property=\"og:url\" content=\"https:\/\/id126ufba.com.br\/memoria\/o-que-e-importante-para-voce-veja-o-que-tem-sido-prioridade-dos-nossos-vereadores\/\" \/>\n<meta property=\"og:site_name\" content=\"Impressao Digital 126\" \/>\n<meta property=\"article:published_time\" content=\"2013-09-12T00:00:45+00:00\" \/>\n<meta property=\"article:modified_time\" content=\"2013-09-12T15:25:45+00:00\" \/>\n<meta property=\"og:image\" content=\"https:\/\/id126ufba.com.br\/memoria\/wp-content\/uploads\/2013\/09\/MP230413DR023.jpg\" \/>\n\t<meta property=\"og:image:width\" content=\"3872\" \/>\n\t<meta property=\"og:image:height\" content=\"2592\" \/>\n\t<meta property=\"og:image:type\" content=\"image\/jpeg\" \/>\n<meta name=\"twitter:card\" content=\"summary_large_image\" \/>\n<meta name=\"twitter:label1\" content=\"Escrito por\" \/>\n\t<meta name=\"twitter:data1\" content=\"\" \/>\n\t<meta name=\"twitter:label2\" content=\"Est. tempo de leitura\" \/>\n\t<meta name=\"twitter:data2\" content=\"7 minutos\" \/>\n<script type=\"application\/ld+json\" class=\"yoast-schema-graph\">{\"@context\":\"https:\/\/schema.org\",\"@graph\":[{\"@type\":\"Article\",\"@id\":\"https:\/\/id126ufba.com.br\/memoria\/o-que-e-importante-para-voce-veja-o-que-tem-sido-prioridade-dos-nossos-vereadores\/#article\",\"isPartOf\":{\"@id\":\"https:\/\/id126ufba.com.br\/memoria\/o-que-e-importante-para-voce-veja-o-que-tem-sido-prioridade-dos-nossos-vereadores\/\"},\"author\":{\"name\":\"\",\"@id\":\"\"},\"headline\":\"Para qu\u00ea tanta homenagem?\",\"datePublished\":\"2013-09-12T00:00:45+00:00\",\"dateModified\":\"2013-09-12T15:25:45+00:00\",\"mainEntityOfPage\":{\"@id\":\"https:\/\/id126ufba.com.br\/memoria\/o-que-e-importante-para-voce-veja-o-que-tem-sido-prioridade-dos-nossos-vereadores\/\"},\"wordCount\":1484,\"commentCount\":0,\"publisher\":{\"@id\":\"https:\/\/id126ufba.com.br\/memoria\/#organization\"},\"image\":{\"@id\":\"https:\/\/id126ufba.com.br\/memoria\/o-que-e-importante-para-voce-veja-o-que-tem-sido-prioridade-dos-nossos-vereadores\/#primaryimage\"},\"thumbnailUrl\":\"https:\/\/id126ufba.com.br\/memoria\/wp-content\/uploads\/2013\/09\/MP230413DR023.jpg\",\"keywords\":[\"C\u00e2mara Municipal de Salvador\",\"Elei\u00e7\u00e3o\",\"Poder Legislativo\",\"Projetos de Lei\",\"Vereadores\"],\"articleSection\":[\"Cotidiano\"],\"inLanguage\":\"pt-BR\",\"potentialAction\":[{\"@type\":\"CommentAction\",\"name\":\"Comment\",\"target\":[\"https:\/\/id126ufba.com.br\/memoria\/o-que-e-importante-para-voce-veja-o-que-tem-sido-prioridade-dos-nossos-vereadores\/#respond\"]}]},{\"@type\":\"WebPage\",\"@id\":\"https:\/\/id126ufba.com.br\/memoria\/o-que-e-importante-para-voce-veja-o-que-tem-sido-prioridade-dos-nossos-vereadores\/\",\"url\":\"https:\/\/id126ufba.com.br\/memoria\/o-que-e-importante-para-voce-veja-o-que-tem-sido-prioridade-dos-nossos-vereadores\/\",\"name\":\"Para qu\u00ea tanta homenagem? - Impressao Digital 126\",\"isPartOf\":{\"@id\":\"https:\/\/id126ufba.com.br\/memoria\/#website\"},\"primaryImageOfPage\":{\"@id\":\"https:\/\/id126ufba.com.br\/memoria\/o-que-e-importante-para-voce-veja-o-que-tem-sido-prioridade-dos-nossos-vereadores\/#primaryimage\"},\"image\":{\"@id\":\"https:\/\/id126ufba.com.br\/memoria\/o-que-e-importante-para-voce-veja-o-que-tem-sido-prioridade-dos-nossos-vereadores\/#primaryimage\"},\"thumbnailUrl\":\"https:\/\/id126ufba.com.br\/memoria\/wp-content\/uploads\/2013\/09\/MP230413DR023.jpg\",\"datePublished\":\"2013-09-12T00:00:45+00:00\",\"dateModified\":\"2013-09-12T15:25:45+00:00\",\"breadcrumb\":{\"@id\":\"https:\/\/id126ufba.com.br\/memoria\/o-que-e-importante-para-voce-veja-o-que-tem-sido-prioridade-dos-nossos-vereadores\/#breadcrumb\"},\"inLanguage\":\"pt-BR\",\"potentialAction\":[{\"@type\":\"ReadAction\",\"target\":[\"https:\/\/id126ufba.com.br\/memoria\/o-que-e-importante-para-voce-veja-o-que-tem-sido-prioridade-dos-nossos-vereadores\/\"]}]},{\"@type\":\"ImageObject\",\"inLanguage\":\"pt-BR\",\"@id\":\"https:\/\/id126ufba.com.br\/memoria\/o-que-e-importante-para-voce-veja-o-que-tem-sido-prioridade-dos-nossos-vereadores\/#primaryimage\",\"url\":\"https:\/\/id126ufba.com.br\/memoria\/wp-content\/uploads\/2013\/09\/MP230413DR023.jpg\",\"contentUrl\":\"https:\/\/id126ufba.com.br\/memoria\/wp-content\/uploads\/2013\/09\/MP230413DR023.jpg\",\"width\":\"3872\",\"height\":\"2592\"},{\"@type\":\"BreadcrumbList\",\"@id\":\"https:\/\/id126ufba.com.br\/memoria\/o-que-e-importante-para-voce-veja-o-que-tem-sido-prioridade-dos-nossos-vereadores\/#breadcrumb\",\"itemListElement\":[{\"@type\":\"ListItem\",\"position\":1,\"name\":\"In\u00edcio\",\"item\":\"https:\/\/id126ufba.com.br\/memoria\/\"},{\"@type\":\"ListItem\",\"position\":2,\"name\":\"Para qu\u00ea tanta homenagem?\"}]},{\"@type\":\"WebSite\",\"@id\":\"https:\/\/id126ufba.com.br\/memoria\/#website\",\"url\":\"https:\/\/id126ufba.com.br\/memoria\/\",\"name\":\"Impressao Digital 126\",\"description\":\"\",\"publisher\":{\"@id\":\"https:\/\/id126ufba.com.br\/memoria\/#organization\"},\"potentialAction\":[{\"@type\":\"SearchAction\",\"target\":{\"@type\":\"EntryPoint\",\"urlTemplate\":\"https:\/\/id126ufba.com.br\/memoria\/?s={search_term_string}\"},\"query-input\":{\"@type\":\"PropertyValueSpecification\",\"valueRequired\":true,\"valueName\":\"search_term_string\"}}],\"inLanguage\":\"pt-BR\"},{\"@type\":\"Organization\",\"@id\":\"https:\/\/id126ufba.com.br\/memoria\/#organization\",\"name\":\"Impressao Digital 126\",\"url\":\"https:\/\/id126ufba.com.br\/memoria\/\",\"logo\":{\"@type\":\"ImageObject\",\"inLanguage\":\"pt-BR\",\"@id\":\"https:\/\/id126ufba.com.br\/memoria\/#\/schema\/logo\/image\/\",\"url\":\"https:\/\/id126ufba.com.br\/memoria\/wp-content\/uploads\/2024\/07\/cropped-logo_memoria-1.png\",\"contentUrl\":\"https:\/\/id126ufba.com.br\/memoria\/wp-content\/uploads\/2024\/07\/cropped-logo_memoria-1.png\",\"width\":500,\"height\":100,\"caption\":\"Impressao Digital 126\"},\"image\":{\"@id\":\"https:\/\/id126ufba.com.br\/memoria\/#\/schema\/logo\/image\/\"}},{\"@type\":\"Person\",\"@id\":\"\",\"url\":\"https:\/\/id126ufba.com.br\/memoria\/author\/\"}]}<\/script>\n<!-- \/ Yoast SEO plugin. -->","yoast_head_json":{"title":"Para qu\u00ea tanta homenagem? - Impressao Digital 126","robots":{"index":"index","follow":"follow","max-snippet":"max-snippet:-1","max-image-preview":"max-image-preview:large","max-video-preview":"max-video-preview:-1"},"canonical":"https:\/\/id126ufba.com.br\/memoria\/o-que-e-importante-para-voce-veja-o-que-tem-sido-prioridade-dos-nossos-vereadores\/","og_locale":"pt_BR","og_type":"article","og_title":"Para qu\u00ea tanta homenagem? - Impressao Digital 126","og_description":"Se voc\u00ea \u00e9 daqueles que vota de quatro em quatro anos, mas n\u00e3o faz ideia do que os vereadores da nossa cidade produzem, conhe\u00e7a um pouco mais os que estes pol\u00edticos t\u00eam feito ou deixado de fazer.","og_url":"https:\/\/id126ufba.com.br\/memoria\/o-que-e-importante-para-voce-veja-o-que-tem-sido-prioridade-dos-nossos-vereadores\/","og_site_name":"Impressao Digital 126","article_published_time":"2013-09-12T00:00:45+00:00","article_modified_time":"2013-09-12T15:25:45+00:00","og_image":[{"width":3872,"height":2592,"url":"https:\/\/id126ufba.com.br\/memoria\/wp-content\/uploads\/2013\/09\/MP230413DR023.jpg","type":"image\/jpeg"}],"twitter_card":"summary_large_image","twitter_misc":{"Escrito por":"","Est. tempo de leitura":"7 minutos"},"schema":{"@context":"https:\/\/schema.org","@graph":[{"@type":"Article","@id":"https:\/\/id126ufba.com.br\/memoria\/o-que-e-importante-para-voce-veja-o-que-tem-sido-prioridade-dos-nossos-vereadores\/#article","isPartOf":{"@id":"https:\/\/id126ufba.com.br\/memoria\/o-que-e-importante-para-voce-veja-o-que-tem-sido-prioridade-dos-nossos-vereadores\/"},"author":{"name":"","@id":""},"headline":"Para qu\u00ea tanta homenagem?","datePublished":"2013-09-12T00:00:45+00:00","dateModified":"2013-09-12T15:25:45+00:00","mainEntityOfPage":{"@id":"https:\/\/id126ufba.com.br\/memoria\/o-que-e-importante-para-voce-veja-o-que-tem-sido-prioridade-dos-nossos-vereadores\/"},"wordCount":1484,"commentCount":0,"publisher":{"@id":"https:\/\/id126ufba.com.br\/memoria\/#organization"},"image":{"@id":"https:\/\/id126ufba.com.br\/memoria\/o-que-e-importante-para-voce-veja-o-que-tem-sido-prioridade-dos-nossos-vereadores\/#primaryimage"},"thumbnailUrl":"https:\/\/id126ufba.com.br\/memoria\/wp-content\/uploads\/2013\/09\/MP230413DR023.jpg","keywords":["C\u00e2mara Municipal de Salvador","Elei\u00e7\u00e3o","Poder Legislativo","Projetos de Lei","Vereadores"],"articleSection":["Cotidiano"],"inLanguage":"pt-BR","potentialAction":[{"@type":"CommentAction","name":"Comment","target":["https:\/\/id126ufba.com.br\/memoria\/o-que-e-importante-para-voce-veja-o-que-tem-sido-prioridade-dos-nossos-vereadores\/#respond"]}]},{"@type":"WebPage","@id":"https:\/\/id126ufba.com.br\/memoria\/o-que-e-importante-para-voce-veja-o-que-tem-sido-prioridade-dos-nossos-vereadores\/","url":"https:\/\/id126ufba.com.br\/memoria\/o-que-e-importante-para-voce-veja-o-que-tem-sido-prioridade-dos-nossos-vereadores\/","name":"Para qu\u00ea tanta homenagem? - Impressao Digital 126","isPartOf":{"@id":"https:\/\/id126ufba.com.br\/memoria\/#website"},"primaryImageOfPage":{"@id":"https:\/\/id126ufba.com.br\/memoria\/o-que-e-importante-para-voce-veja-o-que-tem-sido-prioridade-dos-nossos-vereadores\/#primaryimage"},"image":{"@id":"https:\/\/id126ufba.com.br\/memoria\/o-que-e-importante-para-voce-veja-o-que-tem-sido-prioridade-dos-nossos-vereadores\/#primaryimage"},"thumbnailUrl":"https:\/\/id126ufba.com.br\/memoria\/wp-content\/uploads\/2013\/09\/MP230413DR023.jpg","datePublished":"2013-09-12T00:00:45+00:00","dateModified":"2013-09-12T15:25:45+00:00","breadcrumb":{"@id":"https:\/\/id126ufba.com.br\/memoria\/o-que-e-importante-para-voce-veja-o-que-tem-sido-prioridade-dos-nossos-vereadores\/#breadcrumb"},"inLanguage":"pt-BR","potentialAction":[{"@type":"ReadAction","target":["https:\/\/id126ufba.com.br\/memoria\/o-que-e-importante-para-voce-veja-o-que-tem-sido-prioridade-dos-nossos-vereadores\/"]}]},{"@type":"ImageObject","inLanguage":"pt-BR","@id":"https:\/\/id126ufba.com.br\/memoria\/o-que-e-importante-para-voce-veja-o-que-tem-sido-prioridade-dos-nossos-vereadores\/#primaryimage","url":"https:\/\/id126ufba.com.br\/memoria\/wp-content\/uploads\/2013\/09\/MP230413DR023.jpg","contentUrl":"https:\/\/id126ufba.com.br\/memoria\/wp-content\/uploads\/2013\/09\/MP230413DR023.jpg","width":"3872","height":"2592"},{"@type":"BreadcrumbList","@id":"https:\/\/id126ufba.com.br\/memoria\/o-que-e-importante-para-voce-veja-o-que-tem-sido-prioridade-dos-nossos-vereadores\/#breadcrumb","itemListElement":[{"@type":"ListItem","position":1,"name":"In\u00edcio","item":"https:\/\/id126ufba.com.br\/memoria\/"},{"@type":"ListItem","position":2,"name":"Para qu\u00ea tanta homenagem?"}]},{"@type":"WebSite","@id":"https:\/\/id126ufba.com.br\/memoria\/#website","url":"https:\/\/id126ufba.com.br\/memoria\/","name":"Impressao Digital 126","description":"","publisher":{"@id":"https:\/\/id126ufba.com.br\/memoria\/#organization"},"potentialAction":[{"@type":"SearchAction","target":{"@type":"EntryPoint","urlTemplate":"https:\/\/id126ufba.com.br\/memoria\/?s={search_term_string}"},"query-input":{"@type":"PropertyValueSpecification","valueRequired":true,"valueName":"search_term_string"}}],"inLanguage":"pt-BR"},{"@type":"Organization","@id":"https:\/\/id126ufba.com.br\/memoria\/#organization","name":"Impressao Digital 126","url":"https:\/\/id126ufba.com.br\/memoria\/","logo":{"@type":"ImageObject","inLanguage":"pt-BR","@id":"https:\/\/id126ufba.com.br\/memoria\/#\/schema\/logo\/image\/","url":"https:\/\/id126ufba.com.br\/memoria\/wp-content\/uploads\/2024\/07\/cropped-logo_memoria-1.png","contentUrl":"https:\/\/id126ufba.com.br\/memoria\/wp-content\/uploads\/2024\/07\/cropped-logo_memoria-1.png","width":500,"height":100,"caption":"Impressao Digital 126"},"image":{"@id":"https:\/\/id126ufba.com.br\/memoria\/#\/schema\/logo\/image\/"}},{"@type":"Person","@id":"","url":"https:\/\/id126ufba.com.br\/memoria\/author\/"}]}},"_links":{"self":[{"href":"https:\/\/id126ufba.com.br\/memoria\/wp-json\/wp\/v2\/posts\/13777"}],"collection":[{"href":"https:\/\/id126ufba.com.br\/memoria\/wp-json\/wp\/v2\/posts"}],"about":[{"href":"https:\/\/id126ufba.com.br\/memoria\/wp-json\/wp\/v2\/types\/post"}],"author":[{"embeddable":true,"href":"https:\/\/id126ufba.com.br\/memoria\/wp-json\/wp\/v2\/users\/4"}],"replies":[{"embeddable":true,"href":"https:\/\/id126ufba.com.br\/memoria\/wp-json\/wp\/v2\/comments?post=13777"}],"version-history":[{"count":28,"href":"https:\/\/id126ufba.com.br\/memoria\/wp-json\/wp\/v2\/posts\/13777\/revisions"}],"predecessor-version":[{"id":13935,"href":"https:\/\/id126ufba.com.br\/memoria\/wp-json\/wp\/v2\/posts\/13777\/revisions\/13935"}],"wp:featuredmedia":[{"embeddable":true,"href":"https:\/\/id126ufba.com.br\/memoria\/wp-json\/wp\/v2\/media\/14199"}],"wp:attachment":[{"href":"https:\/\/id126ufba.com.br\/memoria\/wp-json\/wp\/v2\/media?parent=13777"}],"wp:term":[{"taxonomy":"category","embeddable":true,"href":"https:\/\/id126ufba.com.br\/memoria\/wp-json\/wp\/v2\/categories?post=13777"},{"taxonomy":"post_tag","embeddable":true,"href":"https:\/\/id126ufba.com.br\/memoria\/wp-json\/wp\/v2\/tags?post=13777"}],"curies":[{"name":"wp","href":"https:\/\/api.w.org\/{rel}","templated":true}]}}