{"id":1391,"date":"2011-07-13T12:48:39","date_gmt":"2011-07-13T12:48:39","guid":{"rendered":"http:\/\/impressaodigital126.ufba.br\/?p=1391"},"modified":"2012-04-01T16:29:46","modified_gmt":"2012-04-01T16:29:46","slug":"liberdade-abrigara-novo-percurso-do-carnaval-de-salvador","status":"publish","type":"post","link":"https:\/\/id126ufba.com.br\/memoria\/liberdade-abrigara-novo-percurso-do-carnaval-de-salvador\/","title":{"rendered":"Liberdade abrigar\u00e1 novo percurso do carnaval de Salvador"},"content":{"rendered":"<p><em>Projeto da vereadora L\u00e9o Kret do Brasil(PR) homenageia M\u00e3e Hilda Jitolu, a matriarca do Il\u00ea Aiy\u00ea<\/em><\/p>\n<p>&nbsp;<\/p>\n<p>Por Talyta Almeida e Tha\u00eds Carib\u00e9<\/p>\n<div id=\"attachment_1524\" style=\"width: 333px\" class=\"wp-caption alignleft\"><a href=\"http:\/\/impressaodigital126.ufba.br\/wp-content\/uploads\/2011\/07\/Sem-t\u00edtulo1.jpg\"><img loading=\"lazy\" decoding=\"async\" aria-describedby=\"caption-attachment-1524\" class=\"size-full wp-image-1524\" title=\"Mapa do novo circuito\" src=\"http:\/\/impressaodigital126.ufba.br\/wp-content\/uploads\/2011\/07\/Sem-t\u00edtulo1.jpg\" alt=\"\" width=\"323\" height=\"232\" srcset=\"https:\/\/id126ufba.com.br\/memoria\/wp-content\/uploads\/2011\/07\/Sem-t\u00edtulo1.jpg 449w, https:\/\/id126ufba.com.br\/memoria\/wp-content\/uploads\/2011\/07\/Sem-t\u00edtulo1-300x215.jpg 300w\" sizes=\"(max-width: 323px) 100vw, 323px\" \/><\/a><p id=\"caption-attachment-1524\" class=\"wp-caption-text\">O circuito &quot;M\u00e3e Hilda de Jitolu&quot; ter\u00e1 percurso do Curuzu ao Largo da Soledade<\/p><\/div>\n<p style=\"text-align: justify;\">Em 2012, o carnaval de Salvador ter\u00e1 um novo percurso. O Circuito M\u00e3e Hilda de Jitolu funcionar\u00e1 no bairro da Liberdade e adjac\u00eancias, que compreende o trajeto entre a porta da Senzala do Barro Preto (sede do <a href=\"http:\/\/www.ileaiye.org.br\/\">Il\u00ea Aiy\u00ea<\/a> no Curuzu) at\u00e9 a Soledade. No dia 10 de junho, o Projeto de Lei n\u00ba 406\/09, criado pela vereadora L\u00e9o Kret do Brasil (PR) foi aprovado na C\u00e2mara Municipal e sancionado pelo prefeito Jo\u00e3o Henrique Carneiro (PP).<\/p>\n<p style=\"text-align: justify;\">De acordo com L\u00e9o Kret do Brasil, o projeto pretende descentralizar o acesso \u00e0 folia e homenagear uma das mais importantes ialorix\u00e1s da Bahia e do Brasil e de grande representatividade para o bairro da Liberdade, M\u00e3e Hilda Jitolu. \u201cTrata-se de descentralizar o nosso carnaval e criar cada vez mais outros circuitos, somando-se aos nossos circuitos centrais. Nada mais pertinente do que homenagear a matriarca do bloco que \u00e9 a marca do bairro e o orgulho de todos os negros e negras desta cidade, deste estado e deste pa\u00eds\u201d, afirma a vereadora.<\/p>\n<p style=\"text-align: justify;\">A estrutura do percurso da Liberdade e adjac\u00eancias ainda ser\u00e1 discutida pela Empresa Salvador Turismo (<a href=\"http:\/\/www.saltur.salvador.ba.gov.br\/home.php\">Saltur<\/a>), o Conselho do Carnaval (Concar) e a vereadora L\u00e9o Kret do Brasil (PR). \u201cO circuito foi criado e agora temos que ter v\u00e1rias reuni\u00f5es para vermos a melhor forma de ser bom para todos, moradores, comerciantes, ambulantes e blocos\u201d, esclarece L\u00e9o Kret. De acordo com a assessora de comunica\u00e7\u00e3o da Saltur, Manuela Matos, o processo de cria\u00e7\u00e3o do novo circuito ainda est\u00e1 em tramita\u00e7\u00e3o entre a C\u00e2mara Municipal e a prefeitura de Salvador e at\u00e9 o momento n\u00e3o foi repassado para a Saltur.\u00a0 Segundo Fernando Bulhosa, presidente do Concar, o conselho n\u00e3o foi consultado para a cria\u00e7\u00e3o do novo circuito, por\u00e9m considera justa e merecida a homenagem prestada \u00e0 M\u00e3e Hilda. Para a antrop\u00f3loga Goli Guerreiro, \u00e9 importante que a comunidade da Liberdade decida se quer ou n\u00e3o o novo circuito.<\/p>\n<p style=\"text-align: justify;\"><strong>Continue lendo:<\/strong><\/p>\n<p style=\"text-align: justify;\"><a href=\"http:\/\/impressaodigital126.ufba.br\/?p=1395\">Circuito M\u00e3e Hilda de Jitolu cria expectativas para o carnaval da Liberdade<\/a><\/p>\n<p style=\"text-align: justify;\"><a href=\"http:\/\/impressaodigital126.ufba.br\/?p=1402\">Bairro da Liberdade se destaca na capital baiana<\/a><\/p>\n<p style=\"text-align: justify;\"><a href=\"http:\/\/impressaodigital126.ufba.br\/?p=1404\">Il\u00ea Aiy\u00ea: s\u00edmbolo de auto-afirma\u00e7\u00e3o do povo negro<\/a><\/p>\n<p style=\"text-align: justify;\"><a href=\"http:\/\/impressaodigital126.ufba.br\/?p=1406\">M\u00e3e Hilda, referencial de negritude e religiosidade<\/a><\/p>\n","protected":false},"excerpt":{"rendered":"<p>O Circuito M\u00e3e Hilda de Jitolu entrar\u00e1 em vigor em 2012 e funcionar\u00e1 no bairro da Liberdade e adjac\u00eancias. O novo percurso pretende descentralizar o acesso \u00e0 folia e homenagear uma das mais importantes ialorix\u00e1s da Bahia e do Brasil e de grande representatividade para o bairro da Liberdade. A estrutura do circuito ainda est\u00e1 sendo discutida.<\/p>\n","protected":false},"author":2,"featured_media":1678,"comment_status":"open","ping_status":"open","sticky":false,"template":"","format":"standard","meta":{"_acf_changed":false,"_monsterinsights_skip_tracking":false,"_monsterinsights_sitenote_active":false,"_monsterinsights_sitenote_note":"","_monsterinsights_sitenote_category":0,"footnotes":""},"categories":[3],"tags":[149,148,145],"acf":[],"aioseo_notices":[],"yoast_head":"<!-- This site is optimized with the Yoast SEO plugin v24.5 - https:\/\/yoast.com\/wordpress\/plugins\/seo\/ -->\n<title>Liberdade abrigar\u00e1 novo percurso do carnaval de Salvador - Impressao Digital 126<\/title>\n<meta name=\"robots\" content=\"index, follow, max-snippet:-1, max-image-preview:large, max-video-preview:-1\" \/>\n<link rel=\"canonical\" href=\"https:\/\/id126ufba.com.br\/memoria\/liberdade-abrigara-novo-percurso-do-carnaval-de-salvador\/\" \/>\n<meta property=\"og:locale\" content=\"pt_BR\" \/>\n<meta property=\"og:type\" content=\"article\" \/>\n<meta property=\"og:title\" content=\"Liberdade abrigar\u00e1 novo percurso do carnaval de Salvador - Impressao Digital 126\" \/>\n<meta property=\"og:description\" content=\"O Circuito M\u00e3e Hilda de Jitolu entrar\u00e1 em vigor em 2012 e funcionar\u00e1 no bairro da Liberdade e adjac\u00eancias. O novo percurso pretende descentralizar o acesso \u00e0 folia e homenagear uma das mais importantes ialorix\u00e1s da Bahia e do Brasil e de grande representatividade para o bairro da Liberdade. A estrutura do circuito ainda est\u00e1 sendo discutida.\" \/>\n<meta property=\"og:url\" content=\"https:\/\/id126ufba.com.br\/memoria\/liberdade-abrigara-novo-percurso-do-carnaval-de-salvador\/\" \/>\n<meta property=\"og:site_name\" content=\"Impressao Digital 126\" \/>\n<meta property=\"article:published_time\" content=\"2011-07-13T12:48:39+00:00\" \/>\n<meta property=\"article:modified_time\" content=\"2012-04-01T16:29:46+00:00\" \/>\n<meta property=\"og:image\" content=\"https:\/\/id126ufba.com.br\/memoria\/wp-content\/uploads\/2011\/07\/Il\u00ea3.jpg\" \/>\n\t<meta property=\"og:image:width\" content=\"680\" \/>\n\t<meta property=\"og:image:height\" content=\"1024\" \/>\n\t<meta property=\"og:image:type\" content=\"image\/jpeg\" \/>\n<meta name=\"author\" content=\"Editor\" \/>\n<meta name=\"twitter:card\" content=\"summary_large_image\" \/>\n<meta name=\"twitter:label1\" content=\"Escrito por\" \/>\n\t<meta name=\"twitter:data1\" content=\"Editor\" \/>\n\t<meta name=\"twitter:label2\" content=\"Est. tempo de leitura\" \/>\n\t<meta name=\"twitter:data2\" content=\"2 minutos\" \/>\n<script type=\"application\/ld+json\" class=\"yoast-schema-graph\">{\"@context\":\"https:\/\/schema.org\",\"@graph\":[{\"@type\":\"Article\",\"@id\":\"https:\/\/id126ufba.com.br\/memoria\/liberdade-abrigara-novo-percurso-do-carnaval-de-salvador\/#article\",\"isPartOf\":{\"@id\":\"https:\/\/id126ufba.com.br\/memoria\/liberdade-abrigara-novo-percurso-do-carnaval-de-salvador\/\"},\"author\":{\"name\":\"Editor\",\"@id\":\"https:\/\/id126ufba.com.br\/memoria\/#\/schema\/person\/4f42ebfe385625f80efb1e423b1971ee\"},\"headline\":\"Liberdade abrigar\u00e1 novo percurso do carnaval de Salvador\",\"datePublished\":\"2011-07-13T12:48:39+00:00\",\"dateModified\":\"2012-04-01T16:29:46+00:00\",\"mainEntityOfPage\":{\"@id\":\"https:\/\/id126ufba.com.br\/memoria\/liberdade-abrigara-novo-percurso-do-carnaval-de-salvador\/\"},\"wordCount\":434,\"commentCount\":0,\"publisher\":{\"@id\":\"https:\/\/id126ufba.com.br\/memoria\/#organization\"},\"image\":{\"@id\":\"https:\/\/id126ufba.com.br\/memoria\/liberdade-abrigara-novo-percurso-do-carnaval-de-salvador\/#primaryimage\"},\"thumbnailUrl\":\"https:\/\/id126ufba.com.br\/memoria\/wp-content\/uploads\/2011\/07\/Il\u00ea3.jpg\",\"keywords\":[\"carnaval\",\"Circuito M\u00e3e Hilda de Jitolu\",\"Liberdade\"],\"articleSection\":[\"Cultura\"],\"inLanguage\":\"pt-BR\",\"potentialAction\":[{\"@type\":\"CommentAction\",\"name\":\"Comment\",\"target\":[\"https:\/\/id126ufba.com.br\/memoria\/liberdade-abrigara-novo-percurso-do-carnaval-de-salvador\/#respond\"]}]},{\"@type\":\"WebPage\",\"@id\":\"https:\/\/id126ufba.com.br\/memoria\/liberdade-abrigara-novo-percurso-do-carnaval-de-salvador\/\",\"url\":\"https:\/\/id126ufba.com.br\/memoria\/liberdade-abrigara-novo-percurso-do-carnaval-de-salvador\/\",\"name\":\"Liberdade abrigar\u00e1 novo percurso do carnaval de Salvador - Impressao Digital 126\",\"isPartOf\":{\"@id\":\"https:\/\/id126ufba.com.br\/memoria\/#website\"},\"primaryImageOfPage\":{\"@id\":\"https:\/\/id126ufba.com.br\/memoria\/liberdade-abrigara-novo-percurso-do-carnaval-de-salvador\/#primaryimage\"},\"image\":{\"@id\":\"https:\/\/id126ufba.com.br\/memoria\/liberdade-abrigara-novo-percurso-do-carnaval-de-salvador\/#primaryimage\"},\"thumbnailUrl\":\"https:\/\/id126ufba.com.br\/memoria\/wp-content\/uploads\/2011\/07\/Il\u00ea3.jpg\",\"datePublished\":\"2011-07-13T12:48:39+00:00\",\"dateModified\":\"2012-04-01T16:29:46+00:00\",\"breadcrumb\":{\"@id\":\"https:\/\/id126ufba.com.br\/memoria\/liberdade-abrigara-novo-percurso-do-carnaval-de-salvador\/#breadcrumb\"},\"inLanguage\":\"pt-BR\",\"potentialAction\":[{\"@type\":\"ReadAction\",\"target\":[\"https:\/\/id126ufba.com.br\/memoria\/liberdade-abrigara-novo-percurso-do-carnaval-de-salvador\/\"]}]},{\"@type\":\"ImageObject\",\"inLanguage\":\"pt-BR\",\"@id\":\"https:\/\/id126ufba.com.br\/memoria\/liberdade-abrigara-novo-percurso-do-carnaval-de-salvador\/#primaryimage\",\"url\":\"https:\/\/id126ufba.com.br\/memoria\/wp-content\/uploads\/2011\/07\/Il\u00ea3.jpg\",\"contentUrl\":\"https:\/\/id126ufba.com.br\/memoria\/wp-content\/uploads\/2011\/07\/Il\u00ea3.jpg\",\"width\":\"680\",\"height\":\"1024\"},{\"@type\":\"BreadcrumbList\",\"@id\":\"https:\/\/id126ufba.com.br\/memoria\/liberdade-abrigara-novo-percurso-do-carnaval-de-salvador\/#breadcrumb\",\"itemListElement\":[{\"@type\":\"ListItem\",\"position\":1,\"name\":\"In\u00edcio\",\"item\":\"https:\/\/id126ufba.com.br\/memoria\/\"},{\"@type\":\"ListItem\",\"position\":2,\"name\":\"Liberdade abrigar\u00e1 novo percurso do carnaval de Salvador\"}]},{\"@type\":\"WebSite\",\"@id\":\"https:\/\/id126ufba.com.br\/memoria\/#website\",\"url\":\"https:\/\/id126ufba.com.br\/memoria\/\",\"name\":\"Impressao Digital 126\",\"description\":\"\",\"publisher\":{\"@id\":\"https:\/\/id126ufba.com.br\/memoria\/#organization\"},\"potentialAction\":[{\"@type\":\"SearchAction\",\"target\":{\"@type\":\"EntryPoint\",\"urlTemplate\":\"https:\/\/id126ufba.com.br\/memoria\/?s={search_term_string}\"},\"query-input\":{\"@type\":\"PropertyValueSpecification\",\"valueRequired\":true,\"valueName\":\"search_term_string\"}}],\"inLanguage\":\"pt-BR\"},{\"@type\":\"Organization\",\"@id\":\"https:\/\/id126ufba.com.br\/memoria\/#organization\",\"name\":\"Impressao Digital 126\",\"url\":\"https:\/\/id126ufba.com.br\/memoria\/\",\"logo\":{\"@type\":\"ImageObject\",\"inLanguage\":\"pt-BR\",\"@id\":\"https:\/\/id126ufba.com.br\/memoria\/#\/schema\/logo\/image\/\",\"url\":\"https:\/\/id126ufba.com.br\/memoria\/wp-content\/uploads\/2024\/07\/cropped-logo_memoria-1.png\",\"contentUrl\":\"https:\/\/id126ufba.com.br\/memoria\/wp-content\/uploads\/2024\/07\/cropped-logo_memoria-1.png\",\"width\":500,\"height\":100,\"caption\":\"Impressao Digital 126\"},\"image\":{\"@id\":\"https:\/\/id126ufba.com.br\/memoria\/#\/schema\/logo\/image\/\"}},{\"@type\":\"Person\",\"@id\":\"https:\/\/id126ufba.com.br\/memoria\/#\/schema\/person\/4f42ebfe385625f80efb1e423b1971ee\",\"name\":\"Editor\",\"image\":{\"@type\":\"ImageObject\",\"inLanguage\":\"pt-BR\",\"@id\":\"https:\/\/id126ufba.com.br\/memoria\/#\/schema\/person\/image\/\",\"url\":\"https:\/\/secure.gravatar.com\/avatar\/1d69d145a93605cda3e299a3b9c25751?s=96&d=mm&r=g\",\"contentUrl\":\"https:\/\/secure.gravatar.com\/avatar\/1d69d145a93605cda3e299a3b9c25751?s=96&d=mm&r=g\",\"caption\":\"Editor\"},\"url\":\"https:\/\/id126ufba.com.br\/memoria\/author\/editor\/\"}]}<\/script>\n<!-- \/ Yoast SEO plugin. -->","yoast_head_json":{"title":"Liberdade abrigar\u00e1 novo percurso do carnaval de Salvador - Impressao Digital 126","robots":{"index":"index","follow":"follow","max-snippet":"max-snippet:-1","max-image-preview":"max-image-preview:large","max-video-preview":"max-video-preview:-1"},"canonical":"https:\/\/id126ufba.com.br\/memoria\/liberdade-abrigara-novo-percurso-do-carnaval-de-salvador\/","og_locale":"pt_BR","og_type":"article","og_title":"Liberdade abrigar\u00e1 novo percurso do carnaval de Salvador - Impressao Digital 126","og_description":"O Circuito M\u00e3e Hilda de Jitolu entrar\u00e1 em vigor em 2012 e funcionar\u00e1 no bairro da Liberdade e adjac\u00eancias. O novo percurso pretende descentralizar o acesso \u00e0 folia e homenagear uma das mais importantes ialorix\u00e1s da Bahia e do Brasil e de grande representatividade para o bairro da Liberdade. A estrutura do circuito ainda est\u00e1 sendo discutida.","og_url":"https:\/\/id126ufba.com.br\/memoria\/liberdade-abrigara-novo-percurso-do-carnaval-de-salvador\/","og_site_name":"Impressao Digital 126","article_published_time":"2011-07-13T12:48:39+00:00","article_modified_time":"2012-04-01T16:29:46+00:00","og_image":[{"width":680,"height":1024,"url":"https:\/\/id126ufba.com.br\/memoria\/wp-content\/uploads\/2011\/07\/Il\u00ea3.jpg","type":"image\/jpeg"}],"author":"Editor","twitter_card":"summary_large_image","twitter_misc":{"Escrito por":"Editor","Est. tempo de leitura":"2 minutos"},"schema":{"@context":"https:\/\/schema.org","@graph":[{"@type":"Article","@id":"https:\/\/id126ufba.com.br\/memoria\/liberdade-abrigara-novo-percurso-do-carnaval-de-salvador\/#article","isPartOf":{"@id":"https:\/\/id126ufba.com.br\/memoria\/liberdade-abrigara-novo-percurso-do-carnaval-de-salvador\/"},"author":{"name":"Editor","@id":"https:\/\/id126ufba.com.br\/memoria\/#\/schema\/person\/4f42ebfe385625f80efb1e423b1971ee"},"headline":"Liberdade abrigar\u00e1 novo percurso do carnaval de Salvador","datePublished":"2011-07-13T12:48:39+00:00","dateModified":"2012-04-01T16:29:46+00:00","mainEntityOfPage":{"@id":"https:\/\/id126ufba.com.br\/memoria\/liberdade-abrigara-novo-percurso-do-carnaval-de-salvador\/"},"wordCount":434,"commentCount":0,"publisher":{"@id":"https:\/\/id126ufba.com.br\/memoria\/#organization"},"image":{"@id":"https:\/\/id126ufba.com.br\/memoria\/liberdade-abrigara-novo-percurso-do-carnaval-de-salvador\/#primaryimage"},"thumbnailUrl":"https:\/\/id126ufba.com.br\/memoria\/wp-content\/uploads\/2011\/07\/Il\u00ea3.jpg","keywords":["carnaval","Circuito M\u00e3e Hilda de Jitolu","Liberdade"],"articleSection":["Cultura"],"inLanguage":"pt-BR","potentialAction":[{"@type":"CommentAction","name":"Comment","target":["https:\/\/id126ufba.com.br\/memoria\/liberdade-abrigara-novo-percurso-do-carnaval-de-salvador\/#respond"]}]},{"@type":"WebPage","@id":"https:\/\/id126ufba.com.br\/memoria\/liberdade-abrigara-novo-percurso-do-carnaval-de-salvador\/","url":"https:\/\/id126ufba.com.br\/memoria\/liberdade-abrigara-novo-percurso-do-carnaval-de-salvador\/","name":"Liberdade abrigar\u00e1 novo percurso do carnaval de Salvador - Impressao Digital 126","isPartOf":{"@id":"https:\/\/id126ufba.com.br\/memoria\/#website"},"primaryImageOfPage":{"@id":"https:\/\/id126ufba.com.br\/memoria\/liberdade-abrigara-novo-percurso-do-carnaval-de-salvador\/#primaryimage"},"image":{"@id":"https:\/\/id126ufba.com.br\/memoria\/liberdade-abrigara-novo-percurso-do-carnaval-de-salvador\/#primaryimage"},"thumbnailUrl":"https:\/\/id126ufba.com.br\/memoria\/wp-content\/uploads\/2011\/07\/Il\u00ea3.jpg","datePublished":"2011-07-13T12:48:39+00:00","dateModified":"2012-04-01T16:29:46+00:00","breadcrumb":{"@id":"https:\/\/id126ufba.com.br\/memoria\/liberdade-abrigara-novo-percurso-do-carnaval-de-salvador\/#breadcrumb"},"inLanguage":"pt-BR","potentialAction":[{"@type":"ReadAction","target":["https:\/\/id126ufba.com.br\/memoria\/liberdade-abrigara-novo-percurso-do-carnaval-de-salvador\/"]}]},{"@type":"ImageObject","inLanguage":"pt-BR","@id":"https:\/\/id126ufba.com.br\/memoria\/liberdade-abrigara-novo-percurso-do-carnaval-de-salvador\/#primaryimage","url":"https:\/\/id126ufba.com.br\/memoria\/wp-content\/uploads\/2011\/07\/Il\u00ea3.jpg","contentUrl":"https:\/\/id126ufba.com.br\/memoria\/wp-content\/uploads\/2011\/07\/Il\u00ea3.jpg","width":"680","height":"1024"},{"@type":"BreadcrumbList","@id":"https:\/\/id126ufba.com.br\/memoria\/liberdade-abrigara-novo-percurso-do-carnaval-de-salvador\/#breadcrumb","itemListElement":[{"@type":"ListItem","position":1,"name":"In\u00edcio","item":"https:\/\/id126ufba.com.br\/memoria\/"},{"@type":"ListItem","position":2,"name":"Liberdade abrigar\u00e1 novo percurso do carnaval de Salvador"}]},{"@type":"WebSite","@id":"https:\/\/id126ufba.com.br\/memoria\/#website","url":"https:\/\/id126ufba.com.br\/memoria\/","name":"Impressao Digital 126","description":"","publisher":{"@id":"https:\/\/id126ufba.com.br\/memoria\/#organization"},"potentialAction":[{"@type":"SearchAction","target":{"@type":"EntryPoint","urlTemplate":"https:\/\/id126ufba.com.br\/memoria\/?s={search_term_string}"},"query-input":{"@type":"PropertyValueSpecification","valueRequired":true,"valueName":"search_term_string"}}],"inLanguage":"pt-BR"},{"@type":"Organization","@id":"https:\/\/id126ufba.com.br\/memoria\/#organization","name":"Impressao Digital 126","url":"https:\/\/id126ufba.com.br\/memoria\/","logo":{"@type":"ImageObject","inLanguage":"pt-BR","@id":"https:\/\/id126ufba.com.br\/memoria\/#\/schema\/logo\/image\/","url":"https:\/\/id126ufba.com.br\/memoria\/wp-content\/uploads\/2024\/07\/cropped-logo_memoria-1.png","contentUrl":"https:\/\/id126ufba.com.br\/memoria\/wp-content\/uploads\/2024\/07\/cropped-logo_memoria-1.png","width":500,"height":100,"caption":"Impressao Digital 126"},"image":{"@id":"https:\/\/id126ufba.com.br\/memoria\/#\/schema\/logo\/image\/"}},{"@type":"Person","@id":"https:\/\/id126ufba.com.br\/memoria\/#\/schema\/person\/4f42ebfe385625f80efb1e423b1971ee","name":"Editor","image":{"@type":"ImageObject","inLanguage":"pt-BR","@id":"https:\/\/id126ufba.com.br\/memoria\/#\/schema\/person\/image\/","url":"https:\/\/secure.gravatar.com\/avatar\/1d69d145a93605cda3e299a3b9c25751?s=96&d=mm&r=g","contentUrl":"https:\/\/secure.gravatar.com\/avatar\/1d69d145a93605cda3e299a3b9c25751?s=96&d=mm&r=g","caption":"Editor"},"url":"https:\/\/id126ufba.com.br\/memoria\/author\/editor\/"}]}},"_links":{"self":[{"href":"https:\/\/id126ufba.com.br\/memoria\/wp-json\/wp\/v2\/posts\/1391"}],"collection":[{"href":"https:\/\/id126ufba.com.br\/memoria\/wp-json\/wp\/v2\/posts"}],"about":[{"href":"https:\/\/id126ufba.com.br\/memoria\/wp-json\/wp\/v2\/types\/post"}],"author":[{"embeddable":true,"href":"https:\/\/id126ufba.com.br\/memoria\/wp-json\/wp\/v2\/users\/2"}],"replies":[{"embeddable":true,"href":"https:\/\/id126ufba.com.br\/memoria\/wp-json\/wp\/v2\/comments?post=1391"}],"version-history":[{"count":0,"href":"https:\/\/id126ufba.com.br\/memoria\/wp-json\/wp\/v2\/posts\/1391\/revisions"}],"wp:featuredmedia":[{"embeddable":true,"href":"https:\/\/id126ufba.com.br\/memoria\/wp-json\/wp\/v2\/media\/1678"}],"wp:attachment":[{"href":"https:\/\/id126ufba.com.br\/memoria\/wp-json\/wp\/v2\/media?parent=1391"}],"wp:term":[{"taxonomy":"category","embeddable":true,"href":"https:\/\/id126ufba.com.br\/memoria\/wp-json\/wp\/v2\/categories?post=1391"},{"taxonomy":"post_tag","embeddable":true,"href":"https:\/\/id126ufba.com.br\/memoria\/wp-json\/wp\/v2\/tags?post=1391"}],"curies":[{"name":"wp","href":"https:\/\/api.w.org\/{rel}","templated":true}]}}