{"id":2104,"date":"2011-05-13T13:08:49","date_gmt":"2011-05-13T13:08:49","guid":{"rendered":"http:\/\/impressaodigital126.ufba.br\/?p=2104"},"modified":"2011-07-18T15:58:29","modified_gmt":"2011-07-18T15:58:29","slug":"a-transformacao-do-individuo-atraves-da-arte-educacao","status":"publish","type":"post","link":"https:\/\/id126ufba.com.br\/memoria\/a-transformacao-do-individuo-atraves-da-arte-educacao\/","title":{"rendered":"A transforma\u00e7\u00e3o do indiv\u00edduo atrav\u00e9s da arte-educa\u00e7\u00e3o"},"content":{"rendered":"<div><em>O incentivo na \u00e1rea art\u00edstica faz com que o ser humano possa transitar no mundo das id\u00e9ias e expandir habilidades subjetivas<\/em><\/div>\n<div><em><br \/>\n<\/em><\/div>\n<div><strong>\u00a0<\/strong><\/div>\n<div><strong>Por Avana Cavalcante<\/strong><\/div>\n<p style=\"text-align: justify;\"><a href=\"http:\/\/impressaodigital126.ufba.br\/wp-content\/uploads\/2011\/07\/A-transforma\u00e7\u00e3o-no-indiv\u00edduo-na-arte-educa\u00e7\u00e3o1.jpg\"><\/a><\/p>\n<div id=\"attachment_2204\" style=\"width: 310px\" class=\"wp-caption alignleft\"><a href=\"http:\/\/impressaodigital126.ufba.br\/wp-content\/uploads\/2011\/07\/CRIA2.jpg\"><img loading=\"lazy\" decoding=\"async\" aria-describedby=\"caption-attachment-2204\" class=\"size-medium wp-image-2204\" title=\"Foto divulga\u00e7\u00e3o - Cria\" src=\"http:\/\/impressaodigital126.ufba.br\/wp-content\/uploads\/2011\/07\/CRIA2-300x184.jpg\" alt=\"\" width=\"300\" height=\"184\" srcset=\"https:\/\/id126ufba.com.br\/memoria\/wp-content\/uploads\/2011\/07\/CRIA2-300x184.jpg 300w, https:\/\/id126ufba.com.br\/memoria\/wp-content\/uploads\/2011\/07\/CRIA2.jpg 800w\" sizes=\"(max-width: 300px) 100vw, 300px\" \/><\/a><p id=\"caption-attachment-2204\" class=\"wp-caption-text\">A arte possiblita entender o mundo a partir do olhar interior<\/p><\/div>\n<p style=\"text-align: justify;\">&#8220;A arte existe porque a vida n\u00e3o basta&#8221;. A frase citada pelo poeta Ferreira Gullar d\u00e1 a id\u00e9ia de que o ser humano necessita de uma contextualiza\u00e7\u00e3o art\u00edstica para refletir sobre o mundo e, principalmente, o que ele representa como indiv\u00edduo. Pensando a arte como um meio transformador, que possibilita o desenvolvimento e a expans\u00e3o da habilidade subjetiva e l\u00fadica dos indiv\u00edduos, projetos de fomento \u00e0 arte-educa\u00e7\u00e3o t\u00eam ganhado maior visibilidade a cada ano, como o <a title=\"Site do Instituto \u00cdris\" href=\"http:\/\/www.institutoiris.org.br\/home.php\">Instituto \u00cdris <\/a>com o Projeto Arte e Cidadania, que funciona desde 2005, e nasceu da necessidade de inserir no curr\u00edculo escolar, mat\u00e9rias ligadas \u00e0 arte em escolas municipais de Salvador, al\u00e9m da Associa\u00e7\u00e3o Pracatum, atrav\u00e9s da Escola Municipal Infantil Virgen de La Almude\u00f1a, que traz em sua pedagogia a arte e a musicalidade como eixos norteadores.<\/p>\n<p style=\"text-align: justify;\">Para a doutoranda no programa de P\u00f3s-Gradua\u00e7\u00e3o em Artes C\u00eanicas da UFBA e professora no curso de Teatro da Universidade Federal de Sergipe, Alexandra Dumas, o<strong> <\/strong>fazer\u00a0 e pensar a arte num espa\u00e7o educacional coloca o indiv\u00edduo diante de um compromisso pedag\u00f3gico: \u201cA responsabilidade com e sobre a forma\u00e7\u00e3o do outro deve ser pensada a todo instante\u201d, diz a professora.<\/p>\n<div id=\"attachment_2149\" style=\"width: 213px\" class=\"wp-caption alignright\"><a href=\"http:\/\/impressaodigital126.ufba.br\/wp-content\/uploads\/2011\/07\/servletrecuperafoto2.jpg\"><img loading=\"lazy\" decoding=\"async\" aria-describedby=\"caption-attachment-2149\" class=\"size-medium wp-image-2149 \" title=\"Foto Divulga\u00e7\u00e3o\" src=\"http:\/\/impressaodigital126.ufba.br\/wp-content\/uploads\/2011\/07\/servletrecuperafoto2-226x300.jpg\" alt=\"\" width=\"203\" height=\"270\" \/><\/a><p id=\"caption-attachment-2149\" class=\"wp-caption-text\">&quot;A responsabilidade com e sobre a forma\u00e7\u00e3o do outro deve ser pensada a todo instante&quot;, diz Alexandra Dumas, doutoranda em Artes C\u00eanicas na UFBA <\/p><\/div>\n<p style=\"text-align: justify;\">Outro ponto importante citado por Alexandra Dumas \u00e9 quando o ensino, fundamentado na arte, envolve o indiv\u00edduo\u00a0fazendo com que ele participe do processo est\u00e9tico, transitando no mundo da subjetividade e tendo o seu momento de liberdade: \u201cPara se pensar o processo de ensino-aprendizagem na arte, o aluno deve entender que aquele momento de intera\u00e7\u00e3o com o fazer art\u00edstico \u00e9 um importante espa\u00e7o de produ\u00e7\u00e3o de conhecimentos, especialmente para projetar-se no mundo\u201d. Ela refor\u00e7a dizendo que \u201co fazer, apreciar, contextualizar e refletir o mundo pela arte, passa pelo trabalho de significar uma linguagem, que pode ser libertadora, desde quando ela tem o prazer e a liberdade como princ\u00edpios na sua realiza\u00e7\u00e3o\u201d, evidencia a professora que j\u00e1 trabalhou em ongs e escolas da rede p\u00fablica de ensino em Salvador, antes de ensinar na universidade.<\/p>\n<p style=\"text-align: justify;\"><strong>Quando n\u00e3o h\u00e1 incentivo &#8211; <\/strong>Apesar das ongs, associa\u00e7\u00f5es e institutos voltados para a arte-educa\u00e7\u00e3o, ainda \u00e9 quase inexistente a participa\u00e7\u00e3o do governo federal com pol\u00edticas de desenvolvimento e capacita\u00e7\u00e3o nessa \u00e1rea. Em 2010, o <a title=\"Site IPEA\" href=\"http:\/\/www.ipea.gov.br\/portal\/\">Instituto de Pesquisa Econ\u00f4mica Aplicada (IPEA),<\/a> divulgou uma avalia\u00e7\u00e3o do Programa Arte, Cultura e Cidadania \u2013 Cultura Viva, do governo federal, direcionado a pol\u00edticas p\u00fablicas culturais para a juventude. O relat\u00f3rio aponta que sua abrang\u00eancia \u00e9 pequena em termos populacionais e territoriais, assim como em estrat\u00e9gias globais das pol\u00edticas p\u00fablicas, em especial da arte-educa\u00e7\u00e3o. Na conclus\u00e3o da avalia\u00e7\u00e3o, o IPEA cita que o p<span style=\"text-decoration: line-through;\"> <\/span>rograma \u00e9 incapaz de enfrentar a l\u00f3gica dos mercados e o desafio da democratiza\u00e7\u00e3o dos meios de comunica\u00e7\u00e3o e da inclus\u00e3o social.<\/p>\n<p style=\"text-align: justify;\">O programa foi implantado em 2004, envolvendo um conjunto de a\u00e7\u00f5es distribu\u00eddas em cinco eixos e desenvolvidas com diferentes graus de consolida\u00e7\u00e3o enquanto a\u00e7\u00f5es p\u00fablicas: Pontos de Cultura, Cultura Digital, Agentes Cultura Viva, Gri\u00f4s (Mestres dos Saberes), e Escola Viva. O programa Arte, Cultura e Cidadania \u2013 Cultura Viva \u2013 lan\u00e7a editais anualmente e visa garantir os direitos culturais e construir a democracia cultural. Atua no est\u00edmulo a circuitos cujos agentes culturais principais s\u00e3o associa\u00e7\u00f5es perif\u00e9ricas e comunit\u00e1rias que, sem pol\u00edticas deste tipo, n\u00e3o ganhariam visibilidade nem receberiam apoio p\u00fablico<\/p>\n<p style=\"text-align: justify;\">No \u00e2mbito estadual, a <a title=\"Site SECULT\" href=\"http:\/\/www.cultura.ba.gov.br\/\" target=\"_blank\">Secretaria da Cultura da Bahia (Secult), <\/a>desde o in\u00edcio de 2011, estabeleceu novos procedimentos de apoio a projetos atrav\u00e9s dos diversos \u00f3rg\u00e3os ligados \u00e0 cultura como o <a title=\"Site SECULT\" href=\"http:\/\/www.cultura.ba.gov.br\/apoio-a-projetos\/fazcultura\/\" target=\"_blank\">Fazcultura,<\/a> <a title=\"Site SECULT\" href=\"http:\/\/www.cultura.ba.gov.br\/apoio-a-projetos\/fundos-de-cultura\" target=\"_blank\">Fundo de Cultura<\/a>, <a title=\"Site SECULT\" href=\"http:\/\/www.cultura.ba.gov.br\/projeto\/nucleo-de-teatro-do-tca\" target=\"_blank\">N\u00facleo TCA<\/a> e <a title=\"Site SECULT\" href=\"http:\/\/www.cultura.ba.gov.br\/apoio-a-projetos\/calendario-de-apoios-da-funceb\/\" target=\"_blank\">Calend\u00e1rio de Apoios da FUNCEB<\/a>. Eles foram iniciados com o objetivo de aprimorar seus instrumentos e mecanismos de gest\u00e3o para melhor promover a publica\u00e7\u00e3o de editais. Ser\u00e3o destinados at\u00e9 o final deste ano cerca de R$ 2.500.000,00 a projetos voltados para as \u00e1reas da cultura. Tamb\u00e9m foi criada uma comiss\u00e3o para avalia\u00e7\u00e3o dos decretos e procedimentos, visando diminuir o tempo de avalia\u00e7\u00e3o interna e simplificar exig\u00eancias dos processos de inscri\u00e7\u00e3o e sele\u00e7\u00e3o.<\/p>\n<p style=\"text-align: justify;\"><strong>Continue lendo:<\/strong><\/p>\n<p style=\"text-align: justify;\"><strong><span style=\"text-decoration: underline;\"><a title=\"Investimento no ser, sem fins lucrativos\" href=\"http:\/\/impressaodigital126.ufba.br\/2011\/07\/13\/investimento-no-ser-sem-fins-lucrativos\/\">Investimento no ser, sem fins lucrativos<\/a><\/span><\/strong><\/p>\n<p style=\"text-align: justify;\"><strong><span style=\"text-decoration: underline;\"><a title=\"De tr\u00e1s para frente: o come\u00e7o\" href=\"http:\/\/impressaodigital126.ufba.br\/2011\/07\/13\/de-tras-para-frente-o-comeco\/\">De tr\u00e1s para frente: o come\u00e7o<\/a><\/span><\/strong><\/p>\n","protected":false},"excerpt":{"rendered":"<p>O fomento \u00e0 arte-educa\u00e7\u00e3o tem ganhado maior visibilidade a cada ano atrav\u00e9s de organiza\u00e7\u00f5es n\u00e3o-governamentais. Para a doutoranda no programa de Artes C\u00eanicas da UFBA, Alexandra Dumas, esses espa\u00e7os de produ\u00e7\u00e3o de conhecimento fazem com que a crian\u00e7a e o adolescente consigam projetar-se no mundo.<\/p>\n","protected":false},"author":2,"featured_media":2127,"comment_status":"open","ping_status":"open","sticky":false,"template":"","format":"standard","meta":{"_acf_changed":false,"_monsterinsights_skip_tracking":false,"_monsterinsights_sitenote_active":false,"_monsterinsights_sitenote_note":"","_monsterinsights_sitenote_category":0,"footnotes":""},"categories":[3],"tags":[218,187,220,221,219],"acf":[],"aioseo_notices":[],"yoast_head":"<!-- This site is optimized with the Yoast SEO plugin v24.5 - https:\/\/yoast.com\/wordpress\/plugins\/seo\/ -->\n<title>A transforma\u00e7\u00e3o do indiv\u00edduo atrav\u00e9s da arte-educa\u00e7\u00e3o - Impressao Digital 126<\/title>\n<meta name=\"robots\" content=\"index, follow, max-snippet:-1, max-image-preview:large, max-video-preview:-1\" \/>\n<link rel=\"canonical\" href=\"https:\/\/id126ufba.com.br\/memoria\/a-transformacao-do-individuo-atraves-da-arte-educacao\/\" \/>\n<meta property=\"og:locale\" content=\"pt_BR\" \/>\n<meta property=\"og:type\" content=\"article\" \/>\n<meta property=\"og:title\" content=\"A transforma\u00e7\u00e3o do indiv\u00edduo atrav\u00e9s da arte-educa\u00e7\u00e3o - Impressao Digital 126\" \/>\n<meta property=\"og:description\" content=\"O fomento \u00e0 arte-educa\u00e7\u00e3o tem ganhado maior visibilidade a cada ano atrav\u00e9s de organiza\u00e7\u00f5es n\u00e3o-governamentais. Para a doutoranda no programa de Artes C\u00eanicas da UFBA, Alexandra Dumas, esses espa\u00e7os de produ\u00e7\u00e3o de conhecimento fazem com que a crian\u00e7a e o adolescente consigam projetar-se no mundo.\" \/>\n<meta property=\"og:url\" content=\"https:\/\/id126ufba.com.br\/memoria\/a-transformacao-do-individuo-atraves-da-arte-educacao\/\" \/>\n<meta property=\"og:site_name\" content=\"Impressao Digital 126\" \/>\n<meta property=\"article:published_time\" content=\"2011-05-13T13:08:49+00:00\" \/>\n<meta property=\"article:modified_time\" content=\"2011-07-18T15:58:29+00:00\" \/>\n<meta property=\"og:image\" content=\"https:\/\/id126ufba.com.br\/memoria\/wp-content\/uploads\/2011\/07\/CRIA1.jpg\" \/>\n\t<meta property=\"og:image:width\" content=\"800\" \/>\n\t<meta property=\"og:image:height\" content=\"491\" \/>\n\t<meta property=\"og:image:type\" content=\"image\/jpeg\" \/>\n<meta name=\"author\" content=\"Editor\" \/>\n<meta name=\"twitter:card\" content=\"summary_large_image\" \/>\n<meta name=\"twitter:label1\" content=\"Escrito por\" \/>\n\t<meta name=\"twitter:data1\" content=\"Editor\" \/>\n\t<meta name=\"twitter:label2\" content=\"Est. tempo de leitura\" \/>\n\t<meta name=\"twitter:data2\" content=\"4 minutos\" \/>\n<script type=\"application\/ld+json\" class=\"yoast-schema-graph\">{\"@context\":\"https:\/\/schema.org\",\"@graph\":[{\"@type\":\"Article\",\"@id\":\"https:\/\/id126ufba.com.br\/memoria\/a-transformacao-do-individuo-atraves-da-arte-educacao\/#article\",\"isPartOf\":{\"@id\":\"https:\/\/id126ufba.com.br\/memoria\/a-transformacao-do-individuo-atraves-da-arte-educacao\/\"},\"author\":{\"name\":\"Editor\",\"@id\":\"https:\/\/id126ufba.com.br\/memoria\/#\/schema\/person\/4f42ebfe385625f80efb1e423b1971ee\"},\"headline\":\"A transforma\u00e7\u00e3o do indiv\u00edduo atrav\u00e9s da arte-educa\u00e7\u00e3o\",\"datePublished\":\"2011-05-13T13:08:49+00:00\",\"dateModified\":\"2011-07-18T15:58:29+00:00\",\"mainEntityOfPage\":{\"@id\":\"https:\/\/id126ufba.com.br\/memoria\/a-transformacao-do-individuo-atraves-da-arte-educacao\/\"},\"wordCount\":823,\"commentCount\":0,\"publisher\":{\"@id\":\"https:\/\/id126ufba.com.br\/memoria\/#organization\"},\"image\":{\"@id\":\"https:\/\/id126ufba.com.br\/memoria\/a-transformacao-do-individuo-atraves-da-arte-educacao\/#primaryimage\"},\"thumbnailUrl\":\"https:\/\/id126ufba.com.br\/memoria\/wp-content\/uploads\/2011\/07\/CRIA1.jpg\",\"keywords\":[\"arte\",\"educa\u00e7\u00e3o\",\"incentivo econ\u00f4mico\",\"IPEA\",\"transforma\u00e7\u00e3o\"],\"articleSection\":[\"Cultura\"],\"inLanguage\":\"pt-BR\",\"potentialAction\":[{\"@type\":\"CommentAction\",\"name\":\"Comment\",\"target\":[\"https:\/\/id126ufba.com.br\/memoria\/a-transformacao-do-individuo-atraves-da-arte-educacao\/#respond\"]}]},{\"@type\":\"WebPage\",\"@id\":\"https:\/\/id126ufba.com.br\/memoria\/a-transformacao-do-individuo-atraves-da-arte-educacao\/\",\"url\":\"https:\/\/id126ufba.com.br\/memoria\/a-transformacao-do-individuo-atraves-da-arte-educacao\/\",\"name\":\"A transforma\u00e7\u00e3o do indiv\u00edduo atrav\u00e9s da arte-educa\u00e7\u00e3o - Impressao Digital 126\",\"isPartOf\":{\"@id\":\"https:\/\/id126ufba.com.br\/memoria\/#website\"},\"primaryImageOfPage\":{\"@id\":\"https:\/\/id126ufba.com.br\/memoria\/a-transformacao-do-individuo-atraves-da-arte-educacao\/#primaryimage\"},\"image\":{\"@id\":\"https:\/\/id126ufba.com.br\/memoria\/a-transformacao-do-individuo-atraves-da-arte-educacao\/#primaryimage\"},\"thumbnailUrl\":\"https:\/\/id126ufba.com.br\/memoria\/wp-content\/uploads\/2011\/07\/CRIA1.jpg\",\"datePublished\":\"2011-05-13T13:08:49+00:00\",\"dateModified\":\"2011-07-18T15:58:29+00:00\",\"breadcrumb\":{\"@id\":\"https:\/\/id126ufba.com.br\/memoria\/a-transformacao-do-individuo-atraves-da-arte-educacao\/#breadcrumb\"},\"inLanguage\":\"pt-BR\",\"potentialAction\":[{\"@type\":\"ReadAction\",\"target\":[\"https:\/\/id126ufba.com.br\/memoria\/a-transformacao-do-individuo-atraves-da-arte-educacao\/\"]}]},{\"@type\":\"ImageObject\",\"inLanguage\":\"pt-BR\",\"@id\":\"https:\/\/id126ufba.com.br\/memoria\/a-transformacao-do-individuo-atraves-da-arte-educacao\/#primaryimage\",\"url\":\"https:\/\/id126ufba.com.br\/memoria\/wp-content\/uploads\/2011\/07\/CRIA1.jpg\",\"contentUrl\":\"https:\/\/id126ufba.com.br\/memoria\/wp-content\/uploads\/2011\/07\/CRIA1.jpg\",\"width\":\"800\",\"height\":\"491\",\"caption\":\"A arte-educa\u00e7\u00e3o aproxima o jovem do refletir sobre o mundo\"},{\"@type\":\"BreadcrumbList\",\"@id\":\"https:\/\/id126ufba.com.br\/memoria\/a-transformacao-do-individuo-atraves-da-arte-educacao\/#breadcrumb\",\"itemListElement\":[{\"@type\":\"ListItem\",\"position\":1,\"name\":\"In\u00edcio\",\"item\":\"https:\/\/id126ufba.com.br\/memoria\/\"},{\"@type\":\"ListItem\",\"position\":2,\"name\":\"A transforma\u00e7\u00e3o do indiv\u00edduo atrav\u00e9s da arte-educa\u00e7\u00e3o\"}]},{\"@type\":\"WebSite\",\"@id\":\"https:\/\/id126ufba.com.br\/memoria\/#website\",\"url\":\"https:\/\/id126ufba.com.br\/memoria\/\",\"name\":\"Impressao Digital 126\",\"description\":\"\",\"publisher\":{\"@id\":\"https:\/\/id126ufba.com.br\/memoria\/#organization\"},\"potentialAction\":[{\"@type\":\"SearchAction\",\"target\":{\"@type\":\"EntryPoint\",\"urlTemplate\":\"https:\/\/id126ufba.com.br\/memoria\/?s={search_term_string}\"},\"query-input\":{\"@type\":\"PropertyValueSpecification\",\"valueRequired\":true,\"valueName\":\"search_term_string\"}}],\"inLanguage\":\"pt-BR\"},{\"@type\":\"Organization\",\"@id\":\"https:\/\/id126ufba.com.br\/memoria\/#organization\",\"name\":\"Impressao Digital 126\",\"url\":\"https:\/\/id126ufba.com.br\/memoria\/\",\"logo\":{\"@type\":\"ImageObject\",\"inLanguage\":\"pt-BR\",\"@id\":\"https:\/\/id126ufba.com.br\/memoria\/#\/schema\/logo\/image\/\",\"url\":\"https:\/\/id126ufba.com.br\/memoria\/wp-content\/uploads\/2024\/07\/cropped-logo_memoria-1.png\",\"contentUrl\":\"https:\/\/id126ufba.com.br\/memoria\/wp-content\/uploads\/2024\/07\/cropped-logo_memoria-1.png\",\"width\":500,\"height\":100,\"caption\":\"Impressao Digital 126\"},\"image\":{\"@id\":\"https:\/\/id126ufba.com.br\/memoria\/#\/schema\/logo\/image\/\"}},{\"@type\":\"Person\",\"@id\":\"https:\/\/id126ufba.com.br\/memoria\/#\/schema\/person\/4f42ebfe385625f80efb1e423b1971ee\",\"name\":\"Editor\",\"image\":{\"@type\":\"ImageObject\",\"inLanguage\":\"pt-BR\",\"@id\":\"https:\/\/id126ufba.com.br\/memoria\/#\/schema\/person\/image\/\",\"url\":\"https:\/\/secure.gravatar.com\/avatar\/1d69d145a93605cda3e299a3b9c25751?s=96&d=mm&r=g\",\"contentUrl\":\"https:\/\/secure.gravatar.com\/avatar\/1d69d145a93605cda3e299a3b9c25751?s=96&d=mm&r=g\",\"caption\":\"Editor\"},\"url\":\"https:\/\/id126ufba.com.br\/memoria\/author\/editor\/\"}]}<\/script>\n<!-- \/ Yoast SEO plugin. -->","yoast_head_json":{"title":"A transforma\u00e7\u00e3o do indiv\u00edduo atrav\u00e9s da arte-educa\u00e7\u00e3o - Impressao Digital 126","robots":{"index":"index","follow":"follow","max-snippet":"max-snippet:-1","max-image-preview":"max-image-preview:large","max-video-preview":"max-video-preview:-1"},"canonical":"https:\/\/id126ufba.com.br\/memoria\/a-transformacao-do-individuo-atraves-da-arte-educacao\/","og_locale":"pt_BR","og_type":"article","og_title":"A transforma\u00e7\u00e3o do indiv\u00edduo atrav\u00e9s da arte-educa\u00e7\u00e3o - Impressao Digital 126","og_description":"O fomento \u00e0 arte-educa\u00e7\u00e3o tem ganhado maior visibilidade a cada ano atrav\u00e9s de organiza\u00e7\u00f5es n\u00e3o-governamentais. Para a doutoranda no programa de Artes C\u00eanicas da UFBA, Alexandra Dumas, esses espa\u00e7os de produ\u00e7\u00e3o de conhecimento fazem com que a crian\u00e7a e o adolescente consigam projetar-se no mundo.","og_url":"https:\/\/id126ufba.com.br\/memoria\/a-transformacao-do-individuo-atraves-da-arte-educacao\/","og_site_name":"Impressao Digital 126","article_published_time":"2011-05-13T13:08:49+00:00","article_modified_time":"2011-07-18T15:58:29+00:00","og_image":[{"width":800,"height":491,"url":"https:\/\/id126ufba.com.br\/memoria\/wp-content\/uploads\/2011\/07\/CRIA1.jpg","type":"image\/jpeg"}],"author":"Editor","twitter_card":"summary_large_image","twitter_misc":{"Escrito por":"Editor","Est. tempo de leitura":"4 minutos"},"schema":{"@context":"https:\/\/schema.org","@graph":[{"@type":"Article","@id":"https:\/\/id126ufba.com.br\/memoria\/a-transformacao-do-individuo-atraves-da-arte-educacao\/#article","isPartOf":{"@id":"https:\/\/id126ufba.com.br\/memoria\/a-transformacao-do-individuo-atraves-da-arte-educacao\/"},"author":{"name":"Editor","@id":"https:\/\/id126ufba.com.br\/memoria\/#\/schema\/person\/4f42ebfe385625f80efb1e423b1971ee"},"headline":"A transforma\u00e7\u00e3o do indiv\u00edduo atrav\u00e9s da arte-educa\u00e7\u00e3o","datePublished":"2011-05-13T13:08:49+00:00","dateModified":"2011-07-18T15:58:29+00:00","mainEntityOfPage":{"@id":"https:\/\/id126ufba.com.br\/memoria\/a-transformacao-do-individuo-atraves-da-arte-educacao\/"},"wordCount":823,"commentCount":0,"publisher":{"@id":"https:\/\/id126ufba.com.br\/memoria\/#organization"},"image":{"@id":"https:\/\/id126ufba.com.br\/memoria\/a-transformacao-do-individuo-atraves-da-arte-educacao\/#primaryimage"},"thumbnailUrl":"https:\/\/id126ufba.com.br\/memoria\/wp-content\/uploads\/2011\/07\/CRIA1.jpg","keywords":["arte","educa\u00e7\u00e3o","incentivo econ\u00f4mico","IPEA","transforma\u00e7\u00e3o"],"articleSection":["Cultura"],"inLanguage":"pt-BR","potentialAction":[{"@type":"CommentAction","name":"Comment","target":["https:\/\/id126ufba.com.br\/memoria\/a-transformacao-do-individuo-atraves-da-arte-educacao\/#respond"]}]},{"@type":"WebPage","@id":"https:\/\/id126ufba.com.br\/memoria\/a-transformacao-do-individuo-atraves-da-arte-educacao\/","url":"https:\/\/id126ufba.com.br\/memoria\/a-transformacao-do-individuo-atraves-da-arte-educacao\/","name":"A transforma\u00e7\u00e3o do indiv\u00edduo atrav\u00e9s da arte-educa\u00e7\u00e3o - Impressao Digital 126","isPartOf":{"@id":"https:\/\/id126ufba.com.br\/memoria\/#website"},"primaryImageOfPage":{"@id":"https:\/\/id126ufba.com.br\/memoria\/a-transformacao-do-individuo-atraves-da-arte-educacao\/#primaryimage"},"image":{"@id":"https:\/\/id126ufba.com.br\/memoria\/a-transformacao-do-individuo-atraves-da-arte-educacao\/#primaryimage"},"thumbnailUrl":"https:\/\/id126ufba.com.br\/memoria\/wp-content\/uploads\/2011\/07\/CRIA1.jpg","datePublished":"2011-05-13T13:08:49+00:00","dateModified":"2011-07-18T15:58:29+00:00","breadcrumb":{"@id":"https:\/\/id126ufba.com.br\/memoria\/a-transformacao-do-individuo-atraves-da-arte-educacao\/#breadcrumb"},"inLanguage":"pt-BR","potentialAction":[{"@type":"ReadAction","target":["https:\/\/id126ufba.com.br\/memoria\/a-transformacao-do-individuo-atraves-da-arte-educacao\/"]}]},{"@type":"ImageObject","inLanguage":"pt-BR","@id":"https:\/\/id126ufba.com.br\/memoria\/a-transformacao-do-individuo-atraves-da-arte-educacao\/#primaryimage","url":"https:\/\/id126ufba.com.br\/memoria\/wp-content\/uploads\/2011\/07\/CRIA1.jpg","contentUrl":"https:\/\/id126ufba.com.br\/memoria\/wp-content\/uploads\/2011\/07\/CRIA1.jpg","width":"800","height":"491","caption":"A arte-educa\u00e7\u00e3o aproxima o jovem do refletir sobre o mundo"},{"@type":"BreadcrumbList","@id":"https:\/\/id126ufba.com.br\/memoria\/a-transformacao-do-individuo-atraves-da-arte-educacao\/#breadcrumb","itemListElement":[{"@type":"ListItem","position":1,"name":"In\u00edcio","item":"https:\/\/id126ufba.com.br\/memoria\/"},{"@type":"ListItem","position":2,"name":"A transforma\u00e7\u00e3o do indiv\u00edduo atrav\u00e9s da arte-educa\u00e7\u00e3o"}]},{"@type":"WebSite","@id":"https:\/\/id126ufba.com.br\/memoria\/#website","url":"https:\/\/id126ufba.com.br\/memoria\/","name":"Impressao Digital 126","description":"","publisher":{"@id":"https:\/\/id126ufba.com.br\/memoria\/#organization"},"potentialAction":[{"@type":"SearchAction","target":{"@type":"EntryPoint","urlTemplate":"https:\/\/id126ufba.com.br\/memoria\/?s={search_term_string}"},"query-input":{"@type":"PropertyValueSpecification","valueRequired":true,"valueName":"search_term_string"}}],"inLanguage":"pt-BR"},{"@type":"Organization","@id":"https:\/\/id126ufba.com.br\/memoria\/#organization","name":"Impressao Digital 126","url":"https:\/\/id126ufba.com.br\/memoria\/","logo":{"@type":"ImageObject","inLanguage":"pt-BR","@id":"https:\/\/id126ufba.com.br\/memoria\/#\/schema\/logo\/image\/","url":"https:\/\/id126ufba.com.br\/memoria\/wp-content\/uploads\/2024\/07\/cropped-logo_memoria-1.png","contentUrl":"https:\/\/id126ufba.com.br\/memoria\/wp-content\/uploads\/2024\/07\/cropped-logo_memoria-1.png","width":500,"height":100,"caption":"Impressao Digital 126"},"image":{"@id":"https:\/\/id126ufba.com.br\/memoria\/#\/schema\/logo\/image\/"}},{"@type":"Person","@id":"https:\/\/id126ufba.com.br\/memoria\/#\/schema\/person\/4f42ebfe385625f80efb1e423b1971ee","name":"Editor","image":{"@type":"ImageObject","inLanguage":"pt-BR","@id":"https:\/\/id126ufba.com.br\/memoria\/#\/schema\/person\/image\/","url":"https:\/\/secure.gravatar.com\/avatar\/1d69d145a93605cda3e299a3b9c25751?s=96&d=mm&r=g","contentUrl":"https:\/\/secure.gravatar.com\/avatar\/1d69d145a93605cda3e299a3b9c25751?s=96&d=mm&r=g","caption":"Editor"},"url":"https:\/\/id126ufba.com.br\/memoria\/author\/editor\/"}]}},"_links":{"self":[{"href":"https:\/\/id126ufba.com.br\/memoria\/wp-json\/wp\/v2\/posts\/2104"}],"collection":[{"href":"https:\/\/id126ufba.com.br\/memoria\/wp-json\/wp\/v2\/posts"}],"about":[{"href":"https:\/\/id126ufba.com.br\/memoria\/wp-json\/wp\/v2\/types\/post"}],"author":[{"embeddable":true,"href":"https:\/\/id126ufba.com.br\/memoria\/wp-json\/wp\/v2\/users\/2"}],"replies":[{"embeddable":true,"href":"https:\/\/id126ufba.com.br\/memoria\/wp-json\/wp\/v2\/comments?post=2104"}],"version-history":[{"count":0,"href":"https:\/\/id126ufba.com.br\/memoria\/wp-json\/wp\/v2\/posts\/2104\/revisions"}],"wp:featuredmedia":[{"embeddable":true,"href":"https:\/\/id126ufba.com.br\/memoria\/wp-json\/wp\/v2\/media\/2127"}],"wp:attachment":[{"href":"https:\/\/id126ufba.com.br\/memoria\/wp-json\/wp\/v2\/media?parent=2104"}],"wp:term":[{"taxonomy":"category","embeddable":true,"href":"https:\/\/id126ufba.com.br\/memoria\/wp-json\/wp\/v2\/categories?post=2104"},{"taxonomy":"post_tag","embeddable":true,"href":"https:\/\/id126ufba.com.br\/memoria\/wp-json\/wp\/v2\/tags?post=2104"}],"curies":[{"name":"wp","href":"https:\/\/api.w.org\/{rel}","templated":true}]}}