{"id":2678,"date":"2011-11-21T11:50:49","date_gmt":"2011-11-21T11:50:49","guid":{"rendered":"http:\/\/impressaodigital126.ufba.br\/?p=2678"},"modified":"2011-11-25T15:13:24","modified_gmt":"2011-11-25T15:13:24","slug":"%e2%80%9ca-gente-que-e-pobre-nao-sonha-em-ser-rico%e2%80%9d","status":"publish","type":"post","link":"https:\/\/id126ufba.com.br\/memoria\/%e2%80%9ca-gente-que-e-pobre-nao-sonha-em-ser-rico%e2%80%9d\/","title":{"rendered":"\u201cA gente que \u00e9 pobre n\u00e3o sonha em ser rico\u201d"},"content":{"rendered":"<p style=\"text-align: justify;\"><em>A equipe do Impress\u00e3o Digital 126 saiu \u00e0s ruas para descobrir se a popula\u00e7\u00e3o soteropolitana se considera bem-sucedida<\/em><\/p>\n<p style=\"text-align: justify;\"><em>Por La\u00eds Gomes e Renato Oselame<\/em><\/p>\n<p style=\"text-align: justify;\">Tarde de domingo na regi\u00e3o do Iguatemi, em Salvador. Centenas de pessoas atravessam a passarela para a esta\u00e7\u00e3o de \u00f4nibus ou em dire\u00e7\u00e3o ao shopping. \u00c9 quase imposs\u00edvel ser vis\u00edvel em meio a tanta gente, \u00e9 preciso acelerar o passo e n\u00e3o parar, sob pena de atrapalhar o fluxo. As pessoas n\u00e3o passam de um borr\u00e3o ou um r\u00e1pido flash. Estas s\u00e3o as hist\u00f3rias de vida que n\u00e3o est\u00e3o em exposi\u00e7\u00e3o.<\/p>\n<p style=\"text-align: justify;\">E elas surgem e se apagam depressa diante de seus olhos. Tratam-se de pessoas que voc\u00ea talvez nunca mais veja ou, se chegar a ver, talvez sequer lembre que j\u00e1 as viu antes. O tempo chega a ser injusto: n\u00e3o d\u00e1 para conversar, compartilhar hist\u00f3rias. Estas pessoas s\u00f3 vivem para voc\u00ea durante um segundo. E voc\u00ea tamb\u00e9m nada \u00e9 e nada vir\u00e1 a ser para elas. Chegamos a ser n\u00e3o-pessoas, somos os obst\u00e1culos entre o ponto A e o ponto B.<\/p>\n<p style=\"text-align: justify;\">Abandonamos a passarela e as pessoas tornam-se mais percept\u00edveis. Vendedores ambulantes, motoristas, taxistas, seguran\u00e7as, policiais, uma infinidade de profissionais e estere\u00f3tipos para desvendarmos. Todos trabalhando no domingo, por causa do grande movimento na regi\u00e3o \u2013 estariam eles se sentindo bem-sucedidos? Fomos descobrir.<\/p>\n<p style=\"text-align: justify;\">A primeira entrevistada foi Ver\u00f4nica, uma gari que encontramos engajada numa tarefa das mais imposs\u00edveis: manter a regi\u00e3o limpa. Apesar do desafio, ela se v\u00ea feliz no trabalho \u2013 e se declara bem-sucedida.<\/p>\n<p style=\"text-align: justify;\">[youtube=http:\/\/www.youtube.com\/watch?v=4HPSLhYn7GQ]<\/p>\n<p style=\"text-align: justify;\">Em seguida, encontramos Lucineide, colega de trabalho de Ver\u00f4nica, descansando \u00a0encostada \u00a0numa mureta da pra\u00e7a . Aos olhos do mundo, ela \u00e9 invis\u00edvel, jamais um exemplo de sucesso. Mas Lucineide quer crescer.<\/p>\n<p style=\"text-align: justify;\">[youtube=http:\/\/www.youtube.com\/watch?v=Nl7TuHeB16s]<\/p>\n<p style=\"text-align: justify;\">J\u00e1 Vado, vendedor ambulante, afirma que ser bem-sucedido significa ter uma vida confort\u00e1vel. E relaciona sucesso com o poder de escolher seus representantes pol\u00edticos e manter o pr\u00f3prio neg\u00f3cio que, embora informal, traz-lhe mais lucros do que se tivesse uma lojinha no bairro em que mora.<\/p>\n<p style=\"text-align: justify;\">[youtube=http:\/\/www.youtube.com\/watch?v=-AXEBO7OtsY]<\/p>\n<p style=\"text-align: justify;\">Claudir, um taxista, acostumado a transportar pessoas de diversas camadas sociais, \u00a0declara-se um indiv\u00edduo sem sucesso. \u201cA gente que \u00e9 pobre n\u00e3o pensa em ser rico\u201d, afirma.<\/p>\n<p style=\"text-align: justify;\">[youtube=http:\/\/www.youtube.com\/watch?v=00EV7t6Dlgs]<\/p>\n<p style=\"text-align: justify;\">Outro exemplo de insucesso \u00e9 Maria, vendedora ambulante. Para ela, ter sucesso \u00e9 algo que se concretizaria materialmente, em um ponto de vendas, se ela tivesse apoio do governo. E declara que, para conseguir ser bem-sucedida, n\u00e3o precisa ter muito estudo.<\/p>\n<p style=\"text-align: justify;\">[youtube=http:\/\/www.youtube.com\/watch?v=V87-H_3K4NY]<\/p>\n<p style=\"text-align: justify;\">Opini\u00f5e<span style=\"color: #000000;\">s como estas n\u00e3o faltam nas ruas de Salvador, embora jamais estejam acess\u00edveis at\u00e9 que algu\u00e9m fa\u00e7a o esfor\u00e7o de colh\u00ea-las. Ainda que breves, <\/span>as falas trazem consigo um aprendizado importante: \u00e9 preciso refletir sobre o que significa \u00a0ser bem-sucedido antes de enquadr\u00e1-las em uma das duas categorias: bem-sucedido ou n\u00e3o. E cuidado: algumas dessas \u201cpessoas invis\u00edveis\u201d pode ser t\u00e3o bem-sucedida quanto voc\u00ea.<\/p>\n<p style=\"text-align: justify;\">Leia mais:<\/p>\n<p><a href=\"http:\/\/impressaodigital126.ufba.br\/2011\/11\/21\/%E2%80%9Ca-secretaria-de-reparacao-do-municipio-e-uma-piada%E2%80%9D\/\">&#8220;A Secretaria da Repara\u00e7\u00e3o do munic\u00edpio \u00e9 uma piada&#8221;,\u00a0afirma o professor Fernando Concei\u00e7\u00e3o, pesquisador da \u00e1rea de M\u00eddia e Etnicidade.<\/a><\/p>\n<p><a href=\"http:\/\/impressaodigital126.ufba.br\/2011\/11\/21\/conheca-o-projeto-esta-pode-ser-a-sua-historia\/\" target=\"_blank\">Conhe\u00e7a melhor o projeto &#8220;Esta pode ser a sua hist\u00f3ria&#8221;<\/a><\/p>\n","protected":false},"excerpt":{"rendered":"<p>A equipe do Impress\u00e3o Digital 126 saiu \u00e0s ruas para descobrir se a popula\u00e7\u00e3o soteropolitana se considera bem-sucedida Por La\u00eds Gomes e Renato Oselame Tarde de domingo na regi\u00e3o do Iguatemi, em Salvador. Centenas de pessoas atravessam a passarela para a esta\u00e7\u00e3o de \u00f4nibus ou em dire\u00e7\u00e3o ao shopping. \u00c9 quase imposs\u00edvel ser vis\u00edvel em [&hellip;]<\/p>\n","protected":false},"author":4,"featured_media":0,"comment_status":"open","ping_status":"open","sticky":false,"template":"","format":"standard","meta":{"_acf_changed":false,"_monsterinsights_skip_tracking":false,"_monsterinsights_sitenote_active":false,"_monsterinsights_sitenote_note":"","_monsterinsights_sitenote_category":0,"footnotes":""},"categories":[111],"tags":[356,355,354,357],"acf":[],"aioseo_notices":[],"yoast_head":"<!-- This site is optimized with the Yoast SEO plugin v24.5 - https:\/\/yoast.com\/wordpress\/plugins\/seo\/ -->\n<title>\u201cA gente que \u00e9 pobre n\u00e3o sonha em ser rico\u201d - Impressao Digital 126<\/title>\n<meta name=\"robots\" content=\"index, follow, max-snippet:-1, max-image-preview:large, max-video-preview:-1\" \/>\n<link rel=\"canonical\" href=\"https:\/\/id126ufba.com.br\/memoria\/\u201ca-gente-que-e-pobre-nao-sonha-em-ser-rico\u201d\/\" \/>\n<meta property=\"og:locale\" content=\"pt_BR\" \/>\n<meta property=\"og:type\" content=\"article\" \/>\n<meta property=\"og:title\" content=\"\u201cA gente que \u00e9 pobre n\u00e3o sonha em ser rico\u201d - Impressao Digital 126\" \/>\n<meta property=\"og:description\" content=\"A equipe do Impress\u00e3o Digital 126 saiu \u00e0s ruas para descobrir se a popula\u00e7\u00e3o soteropolitana se considera bem-sucedida Por La\u00eds Gomes e Renato Oselame Tarde de domingo na regi\u00e3o do Iguatemi, em Salvador. Centenas de pessoas atravessam a passarela para a esta\u00e7\u00e3o de \u00f4nibus ou em dire\u00e7\u00e3o ao shopping. \u00c9 quase imposs\u00edvel ser vis\u00edvel em [&hellip;]\" \/>\n<meta property=\"og:url\" content=\"https:\/\/id126ufba.com.br\/memoria\/\u201ca-gente-que-e-pobre-nao-sonha-em-ser-rico\u201d\/\" \/>\n<meta property=\"og:site_name\" content=\"Impressao Digital 126\" \/>\n<meta property=\"article:published_time\" content=\"2011-11-21T11:50:49+00:00\" \/>\n<meta property=\"article:modified_time\" content=\"2011-11-25T15:13:24+00:00\" \/>\n<meta name=\"twitter:card\" content=\"summary_large_image\" \/>\n<meta name=\"twitter:label1\" content=\"Escrito por\" \/>\n\t<meta name=\"twitter:data1\" content=\"\" \/>\n\t<meta name=\"twitter:label2\" content=\"Est. tempo de leitura\" \/>\n\t<meta name=\"twitter:data2\" content=\"3 minutos\" \/>\n<script type=\"application\/ld+json\" class=\"yoast-schema-graph\">{\"@context\":\"https:\/\/schema.org\",\"@graph\":[{\"@type\":\"Article\",\"@id\":\"https:\/\/id126ufba.com.br\/memoria\/%e2%80%9ca-gente-que-e-pobre-nao-sonha-em-ser-rico%e2%80%9d\/#article\",\"isPartOf\":{\"@id\":\"https:\/\/id126ufba.com.br\/memoria\/%e2%80%9ca-gente-que-e-pobre-nao-sonha-em-ser-rico%e2%80%9d\/\"},\"author\":{\"name\":\"\",\"@id\":\"\"},\"headline\":\"\u201cA gente que \u00e9 pobre n\u00e3o sonha em ser rico\u201d\",\"datePublished\":\"2011-11-21T11:50:49+00:00\",\"dateModified\":\"2011-11-25T15:13:24+00:00\",\"mainEntityOfPage\":{\"@id\":\"https:\/\/id126ufba.com.br\/memoria\/%e2%80%9ca-gente-que-e-pobre-nao-sonha-em-ser-rico%e2%80%9d\/\"},\"wordCount\":595,\"commentCount\":0,\"publisher\":{\"@id\":\"https:\/\/id126ufba.com.br\/memoria\/#organization\"},\"keywords\":[\"dinheiro\",\"esta pode ser a sua hist\u00f3ria\",\"sucesso\",\"trabalho informal\"],\"articleSection\":[\"Coordenadas\/Complementares\"],\"inLanguage\":\"pt-BR\",\"potentialAction\":[{\"@type\":\"CommentAction\",\"name\":\"Comment\",\"target\":[\"https:\/\/id126ufba.com.br\/memoria\/%e2%80%9ca-gente-que-e-pobre-nao-sonha-em-ser-rico%e2%80%9d\/#respond\"]}]},{\"@type\":\"WebPage\",\"@id\":\"https:\/\/id126ufba.com.br\/memoria\/%e2%80%9ca-gente-que-e-pobre-nao-sonha-em-ser-rico%e2%80%9d\/\",\"url\":\"https:\/\/id126ufba.com.br\/memoria\/%e2%80%9ca-gente-que-e-pobre-nao-sonha-em-ser-rico%e2%80%9d\/\",\"name\":\"\u201cA gente que \u00e9 pobre n\u00e3o sonha em ser rico\u201d - Impressao Digital 126\",\"isPartOf\":{\"@id\":\"https:\/\/id126ufba.com.br\/memoria\/#website\"},\"datePublished\":\"2011-11-21T11:50:49+00:00\",\"dateModified\":\"2011-11-25T15:13:24+00:00\",\"breadcrumb\":{\"@id\":\"https:\/\/id126ufba.com.br\/memoria\/%e2%80%9ca-gente-que-e-pobre-nao-sonha-em-ser-rico%e2%80%9d\/#breadcrumb\"},\"inLanguage\":\"pt-BR\",\"potentialAction\":[{\"@type\":\"ReadAction\",\"target\":[\"https:\/\/id126ufba.com.br\/memoria\/%e2%80%9ca-gente-que-e-pobre-nao-sonha-em-ser-rico%e2%80%9d\/\"]}]},{\"@type\":\"BreadcrumbList\",\"@id\":\"https:\/\/id126ufba.com.br\/memoria\/%e2%80%9ca-gente-que-e-pobre-nao-sonha-em-ser-rico%e2%80%9d\/#breadcrumb\",\"itemListElement\":[{\"@type\":\"ListItem\",\"position\":1,\"name\":\"In\u00edcio\",\"item\":\"https:\/\/id126ufba.com.br\/memoria\/\"},{\"@type\":\"ListItem\",\"position\":2,\"name\":\"\u201cA gente que \u00e9 pobre n\u00e3o sonha em ser rico\u201d\"}]},{\"@type\":\"WebSite\",\"@id\":\"https:\/\/id126ufba.com.br\/memoria\/#website\",\"url\":\"https:\/\/id126ufba.com.br\/memoria\/\",\"name\":\"Impressao Digital 126\",\"description\":\"\",\"publisher\":{\"@id\":\"https:\/\/id126ufba.com.br\/memoria\/#organization\"},\"potentialAction\":[{\"@type\":\"SearchAction\",\"target\":{\"@type\":\"EntryPoint\",\"urlTemplate\":\"https:\/\/id126ufba.com.br\/memoria\/?s={search_term_string}\"},\"query-input\":{\"@type\":\"PropertyValueSpecification\",\"valueRequired\":true,\"valueName\":\"search_term_string\"}}],\"inLanguage\":\"pt-BR\"},{\"@type\":\"Organization\",\"@id\":\"https:\/\/id126ufba.com.br\/memoria\/#organization\",\"name\":\"Impressao Digital 126\",\"url\":\"https:\/\/id126ufba.com.br\/memoria\/\",\"logo\":{\"@type\":\"ImageObject\",\"inLanguage\":\"pt-BR\",\"@id\":\"https:\/\/id126ufba.com.br\/memoria\/#\/schema\/logo\/image\/\",\"url\":\"https:\/\/id126ufba.com.br\/memoria\/wp-content\/uploads\/2024\/07\/cropped-logo_memoria-1.png\",\"contentUrl\":\"https:\/\/id126ufba.com.br\/memoria\/wp-content\/uploads\/2024\/07\/cropped-logo_memoria-1.png\",\"width\":500,\"height\":100,\"caption\":\"Impressao Digital 126\"},\"image\":{\"@id\":\"https:\/\/id126ufba.com.br\/memoria\/#\/schema\/logo\/image\/\"}},{\"@type\":\"Person\",\"@id\":\"\",\"url\":\"https:\/\/id126ufba.com.br\/memoria\/author\/\"}]}<\/script>\n<!-- \/ Yoast SEO plugin. -->","yoast_head_json":{"title":"\u201cA gente que \u00e9 pobre n\u00e3o sonha em ser rico\u201d - Impressao Digital 126","robots":{"index":"index","follow":"follow","max-snippet":"max-snippet:-1","max-image-preview":"max-image-preview:large","max-video-preview":"max-video-preview:-1"},"canonical":"https:\/\/id126ufba.com.br\/memoria\/\u201ca-gente-que-e-pobre-nao-sonha-em-ser-rico\u201d\/","og_locale":"pt_BR","og_type":"article","og_title":"\u201cA gente que \u00e9 pobre n\u00e3o sonha em ser rico\u201d - Impressao Digital 126","og_description":"A equipe do Impress\u00e3o Digital 126 saiu \u00e0s ruas para descobrir se a popula\u00e7\u00e3o soteropolitana se considera bem-sucedida Por La\u00eds Gomes e Renato Oselame Tarde de domingo na regi\u00e3o do Iguatemi, em Salvador. Centenas de pessoas atravessam a passarela para a esta\u00e7\u00e3o de \u00f4nibus ou em dire\u00e7\u00e3o ao shopping. \u00c9 quase imposs\u00edvel ser vis\u00edvel em [&hellip;]","og_url":"https:\/\/id126ufba.com.br\/memoria\/\u201ca-gente-que-e-pobre-nao-sonha-em-ser-rico\u201d\/","og_site_name":"Impressao Digital 126","article_published_time":"2011-11-21T11:50:49+00:00","article_modified_time":"2011-11-25T15:13:24+00:00","twitter_card":"summary_large_image","twitter_misc":{"Escrito por":"","Est. tempo de leitura":"3 minutos"},"schema":{"@context":"https:\/\/schema.org","@graph":[{"@type":"Article","@id":"https:\/\/id126ufba.com.br\/memoria\/%e2%80%9ca-gente-que-e-pobre-nao-sonha-em-ser-rico%e2%80%9d\/#article","isPartOf":{"@id":"https:\/\/id126ufba.com.br\/memoria\/%e2%80%9ca-gente-que-e-pobre-nao-sonha-em-ser-rico%e2%80%9d\/"},"author":{"name":"","@id":""},"headline":"\u201cA gente que \u00e9 pobre n\u00e3o sonha em ser rico\u201d","datePublished":"2011-11-21T11:50:49+00:00","dateModified":"2011-11-25T15:13:24+00:00","mainEntityOfPage":{"@id":"https:\/\/id126ufba.com.br\/memoria\/%e2%80%9ca-gente-que-e-pobre-nao-sonha-em-ser-rico%e2%80%9d\/"},"wordCount":595,"commentCount":0,"publisher":{"@id":"https:\/\/id126ufba.com.br\/memoria\/#organization"},"keywords":["dinheiro","esta pode ser a sua hist\u00f3ria","sucesso","trabalho informal"],"articleSection":["Coordenadas\/Complementares"],"inLanguage":"pt-BR","potentialAction":[{"@type":"CommentAction","name":"Comment","target":["https:\/\/id126ufba.com.br\/memoria\/%e2%80%9ca-gente-que-e-pobre-nao-sonha-em-ser-rico%e2%80%9d\/#respond"]}]},{"@type":"WebPage","@id":"https:\/\/id126ufba.com.br\/memoria\/%e2%80%9ca-gente-que-e-pobre-nao-sonha-em-ser-rico%e2%80%9d\/","url":"https:\/\/id126ufba.com.br\/memoria\/%e2%80%9ca-gente-que-e-pobre-nao-sonha-em-ser-rico%e2%80%9d\/","name":"\u201cA gente que \u00e9 pobre n\u00e3o sonha em ser rico\u201d - Impressao Digital 126","isPartOf":{"@id":"https:\/\/id126ufba.com.br\/memoria\/#website"},"datePublished":"2011-11-21T11:50:49+00:00","dateModified":"2011-11-25T15:13:24+00:00","breadcrumb":{"@id":"https:\/\/id126ufba.com.br\/memoria\/%e2%80%9ca-gente-que-e-pobre-nao-sonha-em-ser-rico%e2%80%9d\/#breadcrumb"},"inLanguage":"pt-BR","potentialAction":[{"@type":"ReadAction","target":["https:\/\/id126ufba.com.br\/memoria\/%e2%80%9ca-gente-que-e-pobre-nao-sonha-em-ser-rico%e2%80%9d\/"]}]},{"@type":"BreadcrumbList","@id":"https:\/\/id126ufba.com.br\/memoria\/%e2%80%9ca-gente-que-e-pobre-nao-sonha-em-ser-rico%e2%80%9d\/#breadcrumb","itemListElement":[{"@type":"ListItem","position":1,"name":"In\u00edcio","item":"https:\/\/id126ufba.com.br\/memoria\/"},{"@type":"ListItem","position":2,"name":"\u201cA gente que \u00e9 pobre n\u00e3o sonha em ser rico\u201d"}]},{"@type":"WebSite","@id":"https:\/\/id126ufba.com.br\/memoria\/#website","url":"https:\/\/id126ufba.com.br\/memoria\/","name":"Impressao Digital 126","description":"","publisher":{"@id":"https:\/\/id126ufba.com.br\/memoria\/#organization"},"potentialAction":[{"@type":"SearchAction","target":{"@type":"EntryPoint","urlTemplate":"https:\/\/id126ufba.com.br\/memoria\/?s={search_term_string}"},"query-input":{"@type":"PropertyValueSpecification","valueRequired":true,"valueName":"search_term_string"}}],"inLanguage":"pt-BR"},{"@type":"Organization","@id":"https:\/\/id126ufba.com.br\/memoria\/#organization","name":"Impressao Digital 126","url":"https:\/\/id126ufba.com.br\/memoria\/","logo":{"@type":"ImageObject","inLanguage":"pt-BR","@id":"https:\/\/id126ufba.com.br\/memoria\/#\/schema\/logo\/image\/","url":"https:\/\/id126ufba.com.br\/memoria\/wp-content\/uploads\/2024\/07\/cropped-logo_memoria-1.png","contentUrl":"https:\/\/id126ufba.com.br\/memoria\/wp-content\/uploads\/2024\/07\/cropped-logo_memoria-1.png","width":500,"height":100,"caption":"Impressao Digital 126"},"image":{"@id":"https:\/\/id126ufba.com.br\/memoria\/#\/schema\/logo\/image\/"}},{"@type":"Person","@id":"","url":"https:\/\/id126ufba.com.br\/memoria\/author\/"}]}},"_links":{"self":[{"href":"https:\/\/id126ufba.com.br\/memoria\/wp-json\/wp\/v2\/posts\/2678"}],"collection":[{"href":"https:\/\/id126ufba.com.br\/memoria\/wp-json\/wp\/v2\/posts"}],"about":[{"href":"https:\/\/id126ufba.com.br\/memoria\/wp-json\/wp\/v2\/types\/post"}],"author":[{"embeddable":true,"href":"https:\/\/id126ufba.com.br\/memoria\/wp-json\/wp\/v2\/users\/4"}],"replies":[{"embeddable":true,"href":"https:\/\/id126ufba.com.br\/memoria\/wp-json\/wp\/v2\/comments?post=2678"}],"version-history":[{"count":0,"href":"https:\/\/id126ufba.com.br\/memoria\/wp-json\/wp\/v2\/posts\/2678\/revisions"}],"wp:attachment":[{"href":"https:\/\/id126ufba.com.br\/memoria\/wp-json\/wp\/v2\/media?parent=2678"}],"wp:term":[{"taxonomy":"category","embeddable":true,"href":"https:\/\/id126ufba.com.br\/memoria\/wp-json\/wp\/v2\/categories?post=2678"},{"taxonomy":"post_tag","embeddable":true,"href":"https:\/\/id126ufba.com.br\/memoria\/wp-json\/wp\/v2\/tags?post=2678"}],"curies":[{"name":"wp","href":"https:\/\/api.w.org\/{rel}","templated":true}]}}