{"id":2680,"date":"2011-11-25T11:00:11","date_gmt":"2011-11-25T11:00:11","guid":{"rendered":"http:\/\/impressaodigital126.ufba.br\/?p=2680"},"modified":"2012-04-01T16:28:01","modified_gmt":"2012-04-01T16:28:01","slug":"musica-classica-conquista-interesse-dos-soteropolitanos","status":"publish","type":"post","link":"https:\/\/id126ufba.com.br\/memoria\/musica-classica-conquista-interesse-dos-soteropolitanos\/","title":{"rendered":"M\u00fasica cl\u00e1ssica conquista interesse dos soteropolitanos"},"content":{"rendered":"<p style=\"text-align: justify;\"><em>A oferta cultural deste g\u00eanero cresce em Salvador e mais oportunidades surgem para os apreciadores da m\u00fasica cl\u00e1ssica <\/em><\/p>\n<p style=\"text-align: justify;\"><em>Por Camila Queiroz e Paula Amor<\/em><\/p>\n<div class=\"mceTemp\" style=\"text-align: justify;\">\n<dl id=\"attachment_2695\" class=\"wp-caption alignleft\" style=\"width: 310px;\">\n<dt class=\"wp-caption-dt\"><a href=\"http:\/\/impressaodigital126.ufba.br\/wp-content\/uploads\/2011\/10\/767787_63497578.jpg\"><img loading=\"lazy\" decoding=\"async\" class=\"size-medium wp-image-2695\" title=\"M\u00fasica cl\u00e1ssica conquista interesse dos soteropolitanos\" src=\"http:\/\/impressaodigital126.ufba.br\/wp-content\/uploads\/2011\/10\/767787_63497578-300x200.jpg\" alt=\"\" width=\"300\" height=\"200\" srcset=\"https:\/\/id126ufba.com.br\/memoria\/wp-content\/uploads\/2011\/10\/767787_63497578-300x200.jpg 300w, https:\/\/id126ufba.com.br\/memoria\/wp-content\/uploads\/2011\/10\/767787_63497578-1024x682.jpg 1024w\" sizes=\"(max-width: 300px) 100vw, 300px\" \/><\/a><\/dt>\n<dd class=\"wp-caption-dd\">Soteropolitanos se aproximam da m\u00fasica cl\u00e1ssica. Foto:SXC<\/dd>\n<\/dl>\n<\/div>\n<p style=\"text-align: justify;\">Quem acha que os soteropolitanos s\u00f3 andam atr\u00e1s do trio el\u00e9trico e dan\u00e7am pagode est\u00e1 enganado. Tamb\u00e9m h\u00e1 aqueles que preferem ouvir os cl\u00e1ssicos de Mozart e Beethoven nos seus cotidianos. Estes apreciadores da m\u00fasica cl\u00e1ssica t\u00eam encontrado no cen\u00e1rio musical baiano mais oportunidades de ouvir este tipo de m\u00fasica.<\/p>\n<p style=\"text-align: justify;\">O g\u00eanero cl\u00e1ssico ocupa o 6\u00ba lugar no gosto musical dos soteropolitanos, segundo <a href=\"http:\/\/www.correio24horas.com.br\/noticias\/detalhes\/detalhes-1\/artigo\/axe-perde-para-mpb-pagode-e-som-sertanejo-no-gosto-dos-baianos\/\" target=\"_blank\">pesquisa divulgada<\/a> em agosto pelo Correio, em parceria com o Instituto Futura. A prefer\u00eancia pela m\u00fasica cl\u00e1ssica ficou na frente at\u00e9 mesmo do rock, da m\u00fasica eletr\u00f4nica e da bossa nova.<\/p>\n<p style=\"text-align: justify;\">O interesse dos moradores da capital baiana pela m\u00fasica cl\u00e1ssica pode ser notado nos concertos do Neojib\u00e1 (N\u00facleos Estaduais de Orquestras Juvenis e Infantis da Bahia) e da Orquestra Sinf\u00f4nica da Bahia (OSBA), <a title=\"Orquestras movimentam cen\u00e1rio da m\u00fasica cl\u00e1ssica em Salvador\" href=\"http:\/\/impressaodigital126.ufba.br\/2011\/11\/21\/orquestras-movimentam-cenario-da-musica-classica-em-salvador\/\" target=\"_blank\">cada vez mais frequentados<\/a>. Nota-se que a m\u00fasica cl\u00e1ssica est\u00e1 ampliando o seu p\u00fablico e se tornando mais acess\u00edvel, deixando de ser restrita a adultos de classes mais abastadas, alcan\u00e7ando tamb\u00e9m jovens e pessoas de classes sociais variadas. Desde junho de 2010 Salvador conta com uma r\u00e1dio voltada para o g\u00eanero cl\u00e1ssico, a <a title=\"M\u00fasica cl\u00e1ssica na FM\" href=\"http:\/\/impressaodigital126.ufba.br\/2011\/11\/21\/musica-classica-na-fm\/\" target=\"_blank\">Vida FM<\/a>.<\/p>\n<p style=\"text-align: justify;\">Para Beth Ponte, diretora art\u00edstica do Neojib\u00e1, a falta de apresenta\u00e7\u00f5es regulares no Teatro Castro Alves (TCA) e o aspecto cultural de Salvador influenciavam a falta de interesse pela m\u00fasica cl\u00e1ssica. \u201cA m\u00fasica cl\u00e1ssica nunca esteve muito presente na vida cultural do soteropolitano. A gente est\u00e1 come\u00e7ando a mudar isso agora&#8221;, afirma Beth Ponte. Prender a aten\u00e7\u00e3o dos soteropolitanos hoje, com tantas ofertas culturais e o dia- a- dia cada vez mais corrido, \u00e9 um desafio. De acordo com o diretor da Escola de M\u00fasica da Universidade Federal da Bahia (UFBA),<a title=\"\u201cTemos que conquistar a pessoa para ir ao concerto\u201d\" href=\"http:\/\/impressaodigital126.ufba.br\/2011\/11\/21\/%e2%80%9ctemos-que-conquistar-a-pessoa-para-ir-ao-concerto%e2%80%9d\/\" target=\"_blank\"> Heinz Karl Schwebel<\/a>, \u201choje temos um leque de interesses e atividades que ocupam muito as pessoas, como a internet, o futebol, m\u00fasica popular, cinema, teatro. \u00c9 mais dif\u00edcil conquistar p\u00fablico hoje, a m\u00fasica cl\u00e1ssica n\u00e3o disputa esse interesse sozinha e o mercado \u00e9 muito poderoso\u201d.<\/p>\n<p style=\"text-align: justify;\">Se por um lado h\u00e1 um aumento do interesse pela m\u00fasica cl\u00e1ssica por parte dos soteropolitanos, por outro lado as institui\u00e7\u00f5es e m\u00fasicos enfrentam dificuldades no campo de atua\u00e7\u00e3o, relacionadas, por exemplo, ao recebimento de verbas, \u00e0 divulga\u00e7\u00e3o midi\u00e1tica e aos incentivos governamentais.<span style=\"color: #000000;\"> O Sindicato dos M\u00fasicos Profissionais do Estado da Bahia (Sindim\u00fasicos-BA) critica o incentivo governamental para a m\u00fasica cl\u00e1ssica. \u201cOs nossos governantes deveriam ver a m\u00fasica como parte das estrat\u00e9gias de desenvolvimento de uma sociedade e n\u00e3o trat\u00e1-la com simples ap\u00eandice\u201d, diz Gilson Moura, diretor de Rela\u00e7\u00f5es Institucionais do Sindim\u00fasicos-BA.<\/span><\/p>\n<p style=\"text-align: justify;\">Segundo o diretor da Escola de M\u00fasica da UFBA, Salvador deve oferecer para a popula\u00e7\u00e3o, em m\u00e9dia, um concerto por semana. \u201cN\u00e3o \u00e9 Nova Iorque, onde h\u00e1 cinco concertos por dia. Mas um concerto por semana n\u00e3o \u00e9 t\u00e3o ruim assim\u201d, considera Schwebel. \u00a0O que falta agora \u00e9 levar o conhecimento do que est\u00e1 acontecendo \u00e0s pessoas.<\/p>\n<p style=\"text-align: justify;\"><strong>O que \u00e9 m\u00fasica cl\u00e1ssica?<\/strong><\/p>\n<p style=\"text-align: justify;\">A defini\u00e7\u00e3o de m\u00fasica cl\u00e1ssica \u00e9 controversa. Heinz Schwebel acredita que a m\u00fasica de concerto \u00e9 a que mais se aproxima da ideia contempor\u00e2nea de m\u00fasica cl\u00e1ssica. \u201c\u00c9 uma m\u00fasica talvez que a gente possa atribuir a ela um papel de frui\u00e7\u00e3o. Se passou a chamar todo tipo de m\u00fasica de concerto, desde o per\u00edodo renascentista, at\u00e9 o per\u00edodo moderno, contempor\u00e2neo, de m\u00fasica cl\u00e1ssica. Ou seja, tudo que n\u00e3o \u00e9 m\u00fasica popular passou a ser chamado de m\u00fasica cl\u00e1ssica. Ent\u00e3o nem n\u00f3s, m\u00fasicos cl\u00e1ssicos, sabemos definir exatamente o que \u00e9 que a gente chama de m\u00fasica cl\u00e1ssica\u201d, diz Schwebel.<\/p>\n<p style=\"text-align: justify;\"><strong>Continue lendo<br \/>\n<\/strong><br \/>\n<a title=\"M\u00fasica cl\u00e1ssica na FM\" href=\"http:\/\/impressaodigital126.ufba.br\/2011\/11\/21\/musica-classica-na-fm\/\"> M\u00fasica cl\u00e1ssica na FM<\/a><\/p>\n<p style=\"text-align: justify;\"><a title=\"Orquestras movimentam cen\u00e1rio da m\u00fasica cl\u00e1ssica em Salvador\" href=\"http:\/\/impressaodigital126.ufba.br\/2011\/11\/21\/orquestras-movimentam-cenario-da-musica-classica-em-salvador\/\">Orquestras movimentam cen\u00e1rio da m\u00fasica cl\u00e1ssica em Salvador<\/a><\/p>\n<p style=\"text-align: justify;\"><a title=\"Bandas filarm\u00f4nicas na Bahia\" href=\"http:\/\/impressaodigital126.ufba.br\/2011\/11\/21\/bandas-filarmonicas-na-bahia\/\">Bandas filarm\u00f4nicas na Bahia<\/a><\/p>\n<p style=\"text-align: justify;\"><a title=\"Jovens musicistas contam suas experi\u00eancias\" href=\"http:\/\/impressaodigital126.ufba.br\/2011\/11\/21\/jovens-musicistas-contam-suas-experiencias\/\">Assista: Jovens musicistas contam suas experi\u00eancias<\/a><\/p>\n<p style=\"text-align: justify;\"><a title=\"Momentos cl\u00e1ssicos\" href=\"http:\/\/impressaodigital126.ufba.br\/2011\/11\/21\/momentos-classicos\/\">Linha do tempo: Momentos cl\u00e1ssicos<\/a><\/p>\n<p style=\"text-align: justify;\"><a title=\"\u201cTemos que conquistar a pessoa para ir ao concerto\u201d\" href=\"http:\/\/impressaodigital126.ufba.br\/2011\/11\/21\/%e2%80%9ctemos-que-conquistar-a-pessoa-para-ir-ao-concerto%e2%80%9d\/\">\u201cTemos que conquistar a pessoa para ir ao concerto\u201d, diz Heinz Schwebel<\/a><\/p>\n","protected":false},"excerpt":{"rendered":"<p>O cen\u00e1rio da m\u00fasica cl\u00e1ssica em Salvador tem se tornado mais din\u00e2mico e os soteropolitanos t\u00eam mais oportunidade de acesso a este g\u00eanero musical. Uma r\u00e1dio especializada e jovens e crian\u00e7as atuando em orquestras s\u00e3o algumas das tend\u00eancias deste cen\u00e1rio.<\/p>\n","protected":false},"author":4,"featured_media":3116,"comment_status":"open","ping_status":"open","sticky":false,"template":"","format":"standard","meta":{"_acf_changed":false,"_monsterinsights_skip_tracking":false,"_monsterinsights_sitenote_active":false,"_monsterinsights_sitenote_note":"","_monsterinsights_sitenote_category":0,"footnotes":""},"categories":[3],"tags":[40,274,273,268,269,270,271,272,113],"acf":[],"aioseo_notices":[],"yoast_head":"<!-- This site is optimized with the Yoast SEO plugin v24.5 - https:\/\/yoast.com\/wordpress\/plugins\/seo\/ -->\n<title>M\u00fasica cl\u00e1ssica conquista interesse dos soteropolitanos - Impressao Digital 126<\/title>\n<meta name=\"robots\" content=\"index, follow, max-snippet:-1, max-image-preview:large, max-video-preview:-1\" \/>\n<link rel=\"canonical\" href=\"https:\/\/id126ufba.com.br\/memoria\/musica-classica-conquista-interesse-dos-soteropolitanos\/\" \/>\n<meta property=\"og:locale\" content=\"pt_BR\" \/>\n<meta property=\"og:type\" content=\"article\" \/>\n<meta property=\"og:title\" content=\"M\u00fasica cl\u00e1ssica conquista interesse dos soteropolitanos - Impressao Digital 126\" \/>\n<meta property=\"og:description\" content=\"O cen\u00e1rio da m\u00fasica cl\u00e1ssica em Salvador tem se tornado mais din\u00e2mico e os soteropolitanos t\u00eam mais oportunidade de acesso a este g\u00eanero musical. Uma r\u00e1dio especializada e jovens e crian\u00e7as atuando em orquestras s\u00e3o algumas das tend\u00eancias deste cen\u00e1rio.\" \/>\n<meta property=\"og:url\" content=\"https:\/\/id126ufba.com.br\/memoria\/musica-classica-conquista-interesse-dos-soteropolitanos\/\" \/>\n<meta property=\"og:site_name\" content=\"Impressao Digital 126\" \/>\n<meta property=\"article:published_time\" content=\"2011-11-25T11:00:11+00:00\" \/>\n<meta property=\"article:modified_time\" content=\"2012-04-01T16:28:01+00:00\" \/>\n<meta property=\"og:image\" content=\"https:\/\/id126ufba.com.br\/memoria\/wp-content\/uploads\/2011\/10\/destaquinho.jpg\" \/>\n\t<meta property=\"og:image:width\" content=\"240\" \/>\n\t<meta property=\"og:image:height\" content=\"97\" \/>\n\t<meta property=\"og:image:type\" content=\"image\/jpeg\" \/>\n<meta name=\"twitter:card\" content=\"summary_large_image\" \/>\n<meta name=\"twitter:label1\" content=\"Escrito por\" \/>\n\t<meta name=\"twitter:data1\" content=\"\" \/>\n\t<meta name=\"twitter:label2\" content=\"Est. tempo de leitura\" \/>\n\t<meta name=\"twitter:data2\" content=\"4 minutos\" \/>\n<script type=\"application\/ld+json\" class=\"yoast-schema-graph\">{\"@context\":\"https:\/\/schema.org\",\"@graph\":[{\"@type\":\"Article\",\"@id\":\"https:\/\/id126ufba.com.br\/memoria\/musica-classica-conquista-interesse-dos-soteropolitanos\/#article\",\"isPartOf\":{\"@id\":\"https:\/\/id126ufba.com.br\/memoria\/musica-classica-conquista-interesse-dos-soteropolitanos\/\"},\"author\":{\"name\":\"\",\"@id\":\"\"},\"headline\":\"M\u00fasica cl\u00e1ssica conquista interesse dos soteropolitanos\",\"datePublished\":\"2011-11-25T11:00:11+00:00\",\"dateModified\":\"2012-04-01T16:28:01+00:00\",\"mainEntityOfPage\":{\"@id\":\"https:\/\/id126ufba.com.br\/memoria\/musica-classica-conquista-interesse-dos-soteropolitanos\/\"},\"wordCount\":746,\"commentCount\":0,\"publisher\":{\"@id\":\"https:\/\/id126ufba.com.br\/memoria\/#organization\"},\"image\":{\"@id\":\"https:\/\/id126ufba.com.br\/memoria\/musica-classica-conquista-interesse-dos-soteropolitanos\/#primaryimage\"},\"thumbnailUrl\":\"https:\/\/id126ufba.com.br\/memoria\/wp-content\/uploads\/2011\/10\/destaquinho.jpg\",\"keywords\":[\"Bahia\",\"Concerto\",\"Interesse\",\"M\u00fasica Cl\u00e1ssica\",\"Neojib\u00e1\",\"OSBA\",\"OSUFBA\",\"Populariza\u00e7\u00e3o\",\"salvador\"],\"articleSection\":[\"Cultura\"],\"inLanguage\":\"pt-BR\",\"potentialAction\":[{\"@type\":\"CommentAction\",\"name\":\"Comment\",\"target\":[\"https:\/\/id126ufba.com.br\/memoria\/musica-classica-conquista-interesse-dos-soteropolitanos\/#respond\"]}]},{\"@type\":\"WebPage\",\"@id\":\"https:\/\/id126ufba.com.br\/memoria\/musica-classica-conquista-interesse-dos-soteropolitanos\/\",\"url\":\"https:\/\/id126ufba.com.br\/memoria\/musica-classica-conquista-interesse-dos-soteropolitanos\/\",\"name\":\"M\u00fasica cl\u00e1ssica conquista interesse dos soteropolitanos - Impressao Digital 126\",\"isPartOf\":{\"@id\":\"https:\/\/id126ufba.com.br\/memoria\/#website\"},\"primaryImageOfPage\":{\"@id\":\"https:\/\/id126ufba.com.br\/memoria\/musica-classica-conquista-interesse-dos-soteropolitanos\/#primaryimage\"},\"image\":{\"@id\":\"https:\/\/id126ufba.com.br\/memoria\/musica-classica-conquista-interesse-dos-soteropolitanos\/#primaryimage\"},\"thumbnailUrl\":\"https:\/\/id126ufba.com.br\/memoria\/wp-content\/uploads\/2011\/10\/destaquinho.jpg\",\"datePublished\":\"2011-11-25T11:00:11+00:00\",\"dateModified\":\"2012-04-01T16:28:01+00:00\",\"breadcrumb\":{\"@id\":\"https:\/\/id126ufba.com.br\/memoria\/musica-classica-conquista-interesse-dos-soteropolitanos\/#breadcrumb\"},\"inLanguage\":\"pt-BR\",\"potentialAction\":[{\"@type\":\"ReadAction\",\"target\":[\"https:\/\/id126ufba.com.br\/memoria\/musica-classica-conquista-interesse-dos-soteropolitanos\/\"]}]},{\"@type\":\"ImageObject\",\"inLanguage\":\"pt-BR\",\"@id\":\"https:\/\/id126ufba.com.br\/memoria\/musica-classica-conquista-interesse-dos-soteropolitanos\/#primaryimage\",\"url\":\"https:\/\/id126ufba.com.br\/memoria\/wp-content\/uploads\/2011\/10\/destaquinho.jpg\",\"contentUrl\":\"https:\/\/id126ufba.com.br\/memoria\/wp-content\/uploads\/2011\/10\/destaquinho.jpg\",\"width\":\"240\",\"height\":\"97\"},{\"@type\":\"BreadcrumbList\",\"@id\":\"https:\/\/id126ufba.com.br\/memoria\/musica-classica-conquista-interesse-dos-soteropolitanos\/#breadcrumb\",\"itemListElement\":[{\"@type\":\"ListItem\",\"position\":1,\"name\":\"In\u00edcio\",\"item\":\"https:\/\/id126ufba.com.br\/memoria\/\"},{\"@type\":\"ListItem\",\"position\":2,\"name\":\"M\u00fasica cl\u00e1ssica conquista interesse dos soteropolitanos\"}]},{\"@type\":\"WebSite\",\"@id\":\"https:\/\/id126ufba.com.br\/memoria\/#website\",\"url\":\"https:\/\/id126ufba.com.br\/memoria\/\",\"name\":\"Impressao Digital 126\",\"description\":\"\",\"publisher\":{\"@id\":\"https:\/\/id126ufba.com.br\/memoria\/#organization\"},\"potentialAction\":[{\"@type\":\"SearchAction\",\"target\":{\"@type\":\"EntryPoint\",\"urlTemplate\":\"https:\/\/id126ufba.com.br\/memoria\/?s={search_term_string}\"},\"query-input\":{\"@type\":\"PropertyValueSpecification\",\"valueRequired\":true,\"valueName\":\"search_term_string\"}}],\"inLanguage\":\"pt-BR\"},{\"@type\":\"Organization\",\"@id\":\"https:\/\/id126ufba.com.br\/memoria\/#organization\",\"name\":\"Impressao Digital 126\",\"url\":\"https:\/\/id126ufba.com.br\/memoria\/\",\"logo\":{\"@type\":\"ImageObject\",\"inLanguage\":\"pt-BR\",\"@id\":\"https:\/\/id126ufba.com.br\/memoria\/#\/schema\/logo\/image\/\",\"url\":\"https:\/\/id126ufba.com.br\/memoria\/wp-content\/uploads\/2024\/07\/cropped-logo_memoria-1.png\",\"contentUrl\":\"https:\/\/id126ufba.com.br\/memoria\/wp-content\/uploads\/2024\/07\/cropped-logo_memoria-1.png\",\"width\":500,\"height\":100,\"caption\":\"Impressao Digital 126\"},\"image\":{\"@id\":\"https:\/\/id126ufba.com.br\/memoria\/#\/schema\/logo\/image\/\"}},{\"@type\":\"Person\",\"@id\":\"\",\"url\":\"https:\/\/id126ufba.com.br\/memoria\/author\/\"}]}<\/script>\n<!-- \/ Yoast SEO plugin. -->","yoast_head_json":{"title":"M\u00fasica cl\u00e1ssica conquista interesse dos soteropolitanos - Impressao Digital 126","robots":{"index":"index","follow":"follow","max-snippet":"max-snippet:-1","max-image-preview":"max-image-preview:large","max-video-preview":"max-video-preview:-1"},"canonical":"https:\/\/id126ufba.com.br\/memoria\/musica-classica-conquista-interesse-dos-soteropolitanos\/","og_locale":"pt_BR","og_type":"article","og_title":"M\u00fasica cl\u00e1ssica conquista interesse dos soteropolitanos - Impressao Digital 126","og_description":"O cen\u00e1rio da m\u00fasica cl\u00e1ssica em Salvador tem se tornado mais din\u00e2mico e os soteropolitanos t\u00eam mais oportunidade de acesso a este g\u00eanero musical. Uma r\u00e1dio especializada e jovens e crian\u00e7as atuando em orquestras s\u00e3o algumas das tend\u00eancias deste cen\u00e1rio.","og_url":"https:\/\/id126ufba.com.br\/memoria\/musica-classica-conquista-interesse-dos-soteropolitanos\/","og_site_name":"Impressao Digital 126","article_published_time":"2011-11-25T11:00:11+00:00","article_modified_time":"2012-04-01T16:28:01+00:00","og_image":[{"width":240,"height":97,"url":"https:\/\/id126ufba.com.br\/memoria\/wp-content\/uploads\/2011\/10\/destaquinho.jpg","type":"image\/jpeg"}],"twitter_card":"summary_large_image","twitter_misc":{"Escrito por":"","Est. tempo de leitura":"4 minutos"},"schema":{"@context":"https:\/\/schema.org","@graph":[{"@type":"Article","@id":"https:\/\/id126ufba.com.br\/memoria\/musica-classica-conquista-interesse-dos-soteropolitanos\/#article","isPartOf":{"@id":"https:\/\/id126ufba.com.br\/memoria\/musica-classica-conquista-interesse-dos-soteropolitanos\/"},"author":{"name":"","@id":""},"headline":"M\u00fasica cl\u00e1ssica conquista interesse dos soteropolitanos","datePublished":"2011-11-25T11:00:11+00:00","dateModified":"2012-04-01T16:28:01+00:00","mainEntityOfPage":{"@id":"https:\/\/id126ufba.com.br\/memoria\/musica-classica-conquista-interesse-dos-soteropolitanos\/"},"wordCount":746,"commentCount":0,"publisher":{"@id":"https:\/\/id126ufba.com.br\/memoria\/#organization"},"image":{"@id":"https:\/\/id126ufba.com.br\/memoria\/musica-classica-conquista-interesse-dos-soteropolitanos\/#primaryimage"},"thumbnailUrl":"https:\/\/id126ufba.com.br\/memoria\/wp-content\/uploads\/2011\/10\/destaquinho.jpg","keywords":["Bahia","Concerto","Interesse","M\u00fasica Cl\u00e1ssica","Neojib\u00e1","OSBA","OSUFBA","Populariza\u00e7\u00e3o","salvador"],"articleSection":["Cultura"],"inLanguage":"pt-BR","potentialAction":[{"@type":"CommentAction","name":"Comment","target":["https:\/\/id126ufba.com.br\/memoria\/musica-classica-conquista-interesse-dos-soteropolitanos\/#respond"]}]},{"@type":"WebPage","@id":"https:\/\/id126ufba.com.br\/memoria\/musica-classica-conquista-interesse-dos-soteropolitanos\/","url":"https:\/\/id126ufba.com.br\/memoria\/musica-classica-conquista-interesse-dos-soteropolitanos\/","name":"M\u00fasica cl\u00e1ssica conquista interesse dos soteropolitanos - Impressao Digital 126","isPartOf":{"@id":"https:\/\/id126ufba.com.br\/memoria\/#website"},"primaryImageOfPage":{"@id":"https:\/\/id126ufba.com.br\/memoria\/musica-classica-conquista-interesse-dos-soteropolitanos\/#primaryimage"},"image":{"@id":"https:\/\/id126ufba.com.br\/memoria\/musica-classica-conquista-interesse-dos-soteropolitanos\/#primaryimage"},"thumbnailUrl":"https:\/\/id126ufba.com.br\/memoria\/wp-content\/uploads\/2011\/10\/destaquinho.jpg","datePublished":"2011-11-25T11:00:11+00:00","dateModified":"2012-04-01T16:28:01+00:00","breadcrumb":{"@id":"https:\/\/id126ufba.com.br\/memoria\/musica-classica-conquista-interesse-dos-soteropolitanos\/#breadcrumb"},"inLanguage":"pt-BR","potentialAction":[{"@type":"ReadAction","target":["https:\/\/id126ufba.com.br\/memoria\/musica-classica-conquista-interesse-dos-soteropolitanos\/"]}]},{"@type":"ImageObject","inLanguage":"pt-BR","@id":"https:\/\/id126ufba.com.br\/memoria\/musica-classica-conquista-interesse-dos-soteropolitanos\/#primaryimage","url":"https:\/\/id126ufba.com.br\/memoria\/wp-content\/uploads\/2011\/10\/destaquinho.jpg","contentUrl":"https:\/\/id126ufba.com.br\/memoria\/wp-content\/uploads\/2011\/10\/destaquinho.jpg","width":"240","height":"97"},{"@type":"BreadcrumbList","@id":"https:\/\/id126ufba.com.br\/memoria\/musica-classica-conquista-interesse-dos-soteropolitanos\/#breadcrumb","itemListElement":[{"@type":"ListItem","position":1,"name":"In\u00edcio","item":"https:\/\/id126ufba.com.br\/memoria\/"},{"@type":"ListItem","position":2,"name":"M\u00fasica cl\u00e1ssica conquista interesse dos soteropolitanos"}]},{"@type":"WebSite","@id":"https:\/\/id126ufba.com.br\/memoria\/#website","url":"https:\/\/id126ufba.com.br\/memoria\/","name":"Impressao Digital 126","description":"","publisher":{"@id":"https:\/\/id126ufba.com.br\/memoria\/#organization"},"potentialAction":[{"@type":"SearchAction","target":{"@type":"EntryPoint","urlTemplate":"https:\/\/id126ufba.com.br\/memoria\/?s={search_term_string}"},"query-input":{"@type":"PropertyValueSpecification","valueRequired":true,"valueName":"search_term_string"}}],"inLanguage":"pt-BR"},{"@type":"Organization","@id":"https:\/\/id126ufba.com.br\/memoria\/#organization","name":"Impressao Digital 126","url":"https:\/\/id126ufba.com.br\/memoria\/","logo":{"@type":"ImageObject","inLanguage":"pt-BR","@id":"https:\/\/id126ufba.com.br\/memoria\/#\/schema\/logo\/image\/","url":"https:\/\/id126ufba.com.br\/memoria\/wp-content\/uploads\/2024\/07\/cropped-logo_memoria-1.png","contentUrl":"https:\/\/id126ufba.com.br\/memoria\/wp-content\/uploads\/2024\/07\/cropped-logo_memoria-1.png","width":500,"height":100,"caption":"Impressao Digital 126"},"image":{"@id":"https:\/\/id126ufba.com.br\/memoria\/#\/schema\/logo\/image\/"}},{"@type":"Person","@id":"","url":"https:\/\/id126ufba.com.br\/memoria\/author\/"}]}},"_links":{"self":[{"href":"https:\/\/id126ufba.com.br\/memoria\/wp-json\/wp\/v2\/posts\/2680"}],"collection":[{"href":"https:\/\/id126ufba.com.br\/memoria\/wp-json\/wp\/v2\/posts"}],"about":[{"href":"https:\/\/id126ufba.com.br\/memoria\/wp-json\/wp\/v2\/types\/post"}],"author":[{"embeddable":true,"href":"https:\/\/id126ufba.com.br\/memoria\/wp-json\/wp\/v2\/users\/4"}],"replies":[{"embeddable":true,"href":"https:\/\/id126ufba.com.br\/memoria\/wp-json\/wp\/v2\/comments?post=2680"}],"version-history":[{"count":0,"href":"https:\/\/id126ufba.com.br\/memoria\/wp-json\/wp\/v2\/posts\/2680\/revisions"}],"wp:featuredmedia":[{"embeddable":true,"href":"https:\/\/id126ufba.com.br\/memoria\/wp-json\/wp\/v2\/media\/3116"}],"wp:attachment":[{"href":"https:\/\/id126ufba.com.br\/memoria\/wp-json\/wp\/v2\/media?parent=2680"}],"wp:term":[{"taxonomy":"category","embeddable":true,"href":"https:\/\/id126ufba.com.br\/memoria\/wp-json\/wp\/v2\/categories?post=2680"},{"taxonomy":"post_tag","embeddable":true,"href":"https:\/\/id126ufba.com.br\/memoria\/wp-json\/wp\/v2\/tags?post=2680"}],"curies":[{"name":"wp","href":"https:\/\/api.w.org\/{rel}","templated":true}]}}