{"id":2684,"date":"2011-11-21T12:26:17","date_gmt":"2011-11-21T12:26:17","guid":{"rendered":"http:\/\/impressaodigital126.ufba.br\/?p=2684"},"modified":"2011-11-25T19:00:52","modified_gmt":"2011-11-25T19:00:52","slug":"conheca-o-projeto-esta-pode-ser-a-sua-historia","status":"publish","type":"post","link":"https:\/\/id126ufba.com.br\/memoria\/conheca-o-projeto-esta-pode-ser-a-sua-historia\/","title":{"rendered":"Conhe\u00e7a o projeto &#8220;Esta pode ser a sua hist\u00f3ria&#8221;"},"content":{"rendered":"<p style=\"text-align: justify;\"><em>Objetivo da a\u00e7\u00e3o \u00e9 incentivar negros a superarem a discrimina\u00e7\u00e3o social,\u00a0mas ele ser\u00e1 bem-sucedido?<\/em><\/p>\n<p style=\"text-align: justify;\"><em>Por La\u00eds Gomes e Renato Oselame<\/em><\/p>\n<p style=\"text-align: justify;\">O projeto &#8220;Esta pode ser a sua hist\u00f3ria&#8221;, desenvolvido pela Secretaria Municipal da Repara\u00e7\u00e3o (Semur), em parceria com a Secretaria Municipal de Educa\u00e7\u00e3o, Lazer e Cultura (Secult), tem como objetivo apresentar \u00edcones afrodescendentes para servir de refer\u00eancia de supera\u00e7\u00e3o. O in\u00edcio do projeto se deu atrav\u00e9s da escolha das personalidades que serviriam de exemplo para o programa, atrav\u00e9s de voto popular no <a href=\"http:\/\/www.blogdadiversidade.salvador.ba.gov.br\/\" target=\"_blank\">blog da Diversidade<\/a> (que \u00e9 mantido pela Semur) entre os dias\u00a05 e 16 de setembro.<\/p>\n<p style=\"text-align: justify;\">Foram selecionados doze nomes: Ana C\u00e9lia da Silva (professora, doutora e mestre em Educa\u00e7\u00e3o pela UFBA), Arany Santana (educadora), Cl\u00e1udia Rocha (professora e mestre em Educa\u00e7\u00e3o e Contemporaneidade), Eunice Martins (advogada e presidente da Comiss\u00e3o de Promo\u00e7\u00e3o da Igualdade Racial da OAB), Hor\u00e1cio Brasil (engenheiro e empres\u00e1rio), Louislinda Valois (ju\u00edza), Manass\u00e9s de Jesus Santos (advogado e conselheiro da OAB), Mario Nelson Carvalho (presidente da Associa\u00e7\u00e3o Nacional dos Empres\u00e1rios Afrodescendentes), Silvia Cerqueira (advogada e conselheira da OAB), Samuel Vida (professor e doutor), S\u00e9rgio S\u00e3o Bernardo (advogado e mestre em Direito) e Ubiratan Castro (presidente da Funda\u00e7\u00e3o Pedro Calmon).<\/p>\n<p style=\"text-align: justify;\">Entre os dias 26 de setembro e 9 de outubro, uma breve descri\u00e7\u00e3o da hist\u00f3ria de vida destas 12 personalidades ficou em exposi\u00e7\u00e3o no Salvador Shopping. Neste per\u00edodo, foram realizados encontros entre os \u00edcones e estudantes de escolas p\u00fablicas, como forma de manter um di\u00e1logo mais aprofundado acerca da supera\u00e7\u00e3o de obst\u00e1culos impostos pela discrimina\u00e7\u00e3o racial.<\/p>\n<p style=\"text-align: justify;\">A segunda etapa do projeto consiste em torn\u00e1-lo itinerante nas escolas municipais, para que todos os estudantes tenham acesso aos exemplos de vida expostos. Por fim, o projeto ser\u00e1 encerrado na primeira quinzena de novembro (sem data definida ainda), promovendo um \u00faltimo encontro com as\u00a012 personalidades reunidas e estudantes soteropolitanos.<\/p>\n<p style=\"text-align: justify;\">\u201cEsta pode ser a sua hist\u00f3ria\u201d \u00e9 um projeto que faz parte da campanha \u201c2011, ano internacional dos afrodescendentes\u201d, institu\u00edda pela 64\u00aa Assembl\u00e9ia Geral das Na\u00e7\u00f5es Unidas.<\/p>\n<p style=\"text-align: justify;\">Tentamos entrar em contato com o secret\u00e1rio Ailton Ferreira para esclarecer quest\u00f5es acerca da sele\u00e7\u00e3o das personalidades e do objetivo do projeto, mas n\u00e3o obtivemos resposta em tempo h\u00e1bil para a publica\u00e7\u00e3o.<\/p>\n<p style=\"text-align: justify;\">Leia mais:<\/p>\n<p><a href=\"..\/2011\/11\/21\/%E2%80%9Ca-secretaria-de-reparacao-do-municipio-e-uma-piada%E2%80%9D\" target=\"_blank\">Confira uma entrevista com Fernando Concei\u00e7\u00e3o, especialista na \u00e1rea de M\u00eddia e Etnicidade<\/a><\/p>\n<p><a href=\"http:\/\/impressaodigital126.ufba.br\/2011\/11\/21\/\u201ca-gente-que-e-pobre-nao-sonha-em-ser-rico\u201d\" target=\"_blank\">Entrevistas com v\u00eddeo sobre pequenos casos de sucesso\u00a0(ou n\u00e3o) de pessoas comuns<\/a><\/p>\n","protected":false},"excerpt":{"rendered":"<p>Objetivo da a\u00e7\u00e3o \u00e9 incentivar negros a superarem a discrimina\u00e7\u00e3o social,\u00a0mas ele ser\u00e1 bem-sucedido? Por La\u00eds Gomes e Renato Oselame O projeto &#8220;Esta pode ser a sua hist\u00f3ria&#8221;, desenvolvido pela Secretaria Municipal da Repara\u00e7\u00e3o (Semur), em parceria com a Secretaria Municipal de Educa\u00e7\u00e3o, Lazer e Cultura (Secult), tem como objetivo apresentar \u00edcones afrodescendentes para servir [&hellip;]<\/p>\n","protected":false},"author":4,"featured_media":0,"comment_status":"open","ping_status":"open","sticky":false,"template":"","format":"standard","meta":{"_acf_changed":false,"_monsterinsights_skip_tracking":false,"_monsterinsights_sitenote_active":false,"_monsterinsights_sitenote_note":"","_monsterinsights_sitenote_category":0,"footnotes":""},"categories":[111],"tags":[360,355,359,354],"acf":[],"aioseo_notices":[],"yoast_head":"<!-- This site is optimized with the Yoast SEO plugin v24.5 - https:\/\/yoast.com\/wordpress\/plugins\/seo\/ -->\n<title>Conhe\u00e7a o projeto &quot;Esta pode ser a sua hist\u00f3ria&quot; - Impressao Digital 126<\/title>\n<meta name=\"robots\" content=\"index, follow, max-snippet:-1, max-image-preview:large, max-video-preview:-1\" \/>\n<link rel=\"canonical\" href=\"https:\/\/id126ufba.com.br\/memoria\/conheca-o-projeto-esta-pode-ser-a-sua-historia\/\" \/>\n<meta property=\"og:locale\" content=\"pt_BR\" \/>\n<meta property=\"og:type\" content=\"article\" \/>\n<meta property=\"og:title\" content=\"Conhe\u00e7a o projeto &quot;Esta pode ser a sua hist\u00f3ria&quot; - Impressao Digital 126\" \/>\n<meta property=\"og:description\" content=\"Objetivo da a\u00e7\u00e3o \u00e9 incentivar negros a superarem a discrimina\u00e7\u00e3o social,\u00a0mas ele ser\u00e1 bem-sucedido? Por La\u00eds Gomes e Renato Oselame O projeto &#8220;Esta pode ser a sua hist\u00f3ria&#8221;, desenvolvido pela Secretaria Municipal da Repara\u00e7\u00e3o (Semur), em parceria com a Secretaria Municipal de Educa\u00e7\u00e3o, Lazer e Cultura (Secult), tem como objetivo apresentar \u00edcones afrodescendentes para servir [&hellip;]\" \/>\n<meta property=\"og:url\" content=\"https:\/\/id126ufba.com.br\/memoria\/conheca-o-projeto-esta-pode-ser-a-sua-historia\/\" \/>\n<meta property=\"og:site_name\" content=\"Impressao Digital 126\" \/>\n<meta property=\"article:published_time\" content=\"2011-11-21T12:26:17+00:00\" \/>\n<meta property=\"article:modified_time\" content=\"2011-11-25T19:00:52+00:00\" \/>\n<meta name=\"twitter:card\" content=\"summary_large_image\" \/>\n<meta name=\"twitter:label1\" content=\"Escrito por\" \/>\n\t<meta name=\"twitter:data1\" content=\"\" \/>\n\t<meta name=\"twitter:label2\" content=\"Est. tempo de leitura\" \/>\n\t<meta name=\"twitter:data2\" content=\"2 minutos\" \/>\n<script type=\"application\/ld+json\" class=\"yoast-schema-graph\">{\"@context\":\"https:\/\/schema.org\",\"@graph\":[{\"@type\":\"Article\",\"@id\":\"https:\/\/id126ufba.com.br\/memoria\/conheca-o-projeto-esta-pode-ser-a-sua-historia\/#article\",\"isPartOf\":{\"@id\":\"https:\/\/id126ufba.com.br\/memoria\/conheca-o-projeto-esta-pode-ser-a-sua-historia\/\"},\"author\":{\"name\":\"\",\"@id\":\"\"},\"headline\":\"Conhe\u00e7a o projeto &#8220;Esta pode ser a sua hist\u00f3ria&#8221;\",\"datePublished\":\"2011-11-21T12:26:17+00:00\",\"dateModified\":\"2011-11-25T19:00:52+00:00\",\"mainEntityOfPage\":{\"@id\":\"https:\/\/id126ufba.com.br\/memoria\/conheca-o-projeto-esta-pode-ser-a-sua-historia\/\"},\"wordCount\":440,\"commentCount\":0,\"publisher\":{\"@id\":\"https:\/\/id126ufba.com.br\/memoria\/#organization\"},\"keywords\":[\"discrimina\u00e7\u00e3o racial\",\"esta pode ser a sua hist\u00f3ria\",\"Secretaria municipal da repara\u00e7\u00e3o\",\"sucesso\"],\"articleSection\":[\"Coordenadas\/Complementares\"],\"inLanguage\":\"pt-BR\",\"potentialAction\":[{\"@type\":\"CommentAction\",\"name\":\"Comment\",\"target\":[\"https:\/\/id126ufba.com.br\/memoria\/conheca-o-projeto-esta-pode-ser-a-sua-historia\/#respond\"]}]},{\"@type\":\"WebPage\",\"@id\":\"https:\/\/id126ufba.com.br\/memoria\/conheca-o-projeto-esta-pode-ser-a-sua-historia\/\",\"url\":\"https:\/\/id126ufba.com.br\/memoria\/conheca-o-projeto-esta-pode-ser-a-sua-historia\/\",\"name\":\"Conhe\u00e7a o projeto \\\"Esta pode ser a sua hist\u00f3ria\\\" - Impressao Digital 126\",\"isPartOf\":{\"@id\":\"https:\/\/id126ufba.com.br\/memoria\/#website\"},\"datePublished\":\"2011-11-21T12:26:17+00:00\",\"dateModified\":\"2011-11-25T19:00:52+00:00\",\"breadcrumb\":{\"@id\":\"https:\/\/id126ufba.com.br\/memoria\/conheca-o-projeto-esta-pode-ser-a-sua-historia\/#breadcrumb\"},\"inLanguage\":\"pt-BR\",\"potentialAction\":[{\"@type\":\"ReadAction\",\"target\":[\"https:\/\/id126ufba.com.br\/memoria\/conheca-o-projeto-esta-pode-ser-a-sua-historia\/\"]}]},{\"@type\":\"BreadcrumbList\",\"@id\":\"https:\/\/id126ufba.com.br\/memoria\/conheca-o-projeto-esta-pode-ser-a-sua-historia\/#breadcrumb\",\"itemListElement\":[{\"@type\":\"ListItem\",\"position\":1,\"name\":\"In\u00edcio\",\"item\":\"https:\/\/id126ufba.com.br\/memoria\/\"},{\"@type\":\"ListItem\",\"position\":2,\"name\":\"Conhe\u00e7a o projeto &#8220;Esta pode ser a sua hist\u00f3ria&#8221;\"}]},{\"@type\":\"WebSite\",\"@id\":\"https:\/\/id126ufba.com.br\/memoria\/#website\",\"url\":\"https:\/\/id126ufba.com.br\/memoria\/\",\"name\":\"Impressao Digital 126\",\"description\":\"\",\"publisher\":{\"@id\":\"https:\/\/id126ufba.com.br\/memoria\/#organization\"},\"potentialAction\":[{\"@type\":\"SearchAction\",\"target\":{\"@type\":\"EntryPoint\",\"urlTemplate\":\"https:\/\/id126ufba.com.br\/memoria\/?s={search_term_string}\"},\"query-input\":{\"@type\":\"PropertyValueSpecification\",\"valueRequired\":true,\"valueName\":\"search_term_string\"}}],\"inLanguage\":\"pt-BR\"},{\"@type\":\"Organization\",\"@id\":\"https:\/\/id126ufba.com.br\/memoria\/#organization\",\"name\":\"Impressao Digital 126\",\"url\":\"https:\/\/id126ufba.com.br\/memoria\/\",\"logo\":{\"@type\":\"ImageObject\",\"inLanguage\":\"pt-BR\",\"@id\":\"https:\/\/id126ufba.com.br\/memoria\/#\/schema\/logo\/image\/\",\"url\":\"https:\/\/id126ufba.com.br\/memoria\/wp-content\/uploads\/2024\/07\/cropped-logo_memoria-1.png\",\"contentUrl\":\"https:\/\/id126ufba.com.br\/memoria\/wp-content\/uploads\/2024\/07\/cropped-logo_memoria-1.png\",\"width\":500,\"height\":100,\"caption\":\"Impressao Digital 126\"},\"image\":{\"@id\":\"https:\/\/id126ufba.com.br\/memoria\/#\/schema\/logo\/image\/\"}},{\"@type\":\"Person\",\"@id\":\"\",\"url\":\"https:\/\/id126ufba.com.br\/memoria\/author\/\"}]}<\/script>\n<!-- \/ Yoast SEO plugin. -->","yoast_head_json":{"title":"Conhe\u00e7a o projeto \"Esta pode ser a sua hist\u00f3ria\" - Impressao Digital 126","robots":{"index":"index","follow":"follow","max-snippet":"max-snippet:-1","max-image-preview":"max-image-preview:large","max-video-preview":"max-video-preview:-1"},"canonical":"https:\/\/id126ufba.com.br\/memoria\/conheca-o-projeto-esta-pode-ser-a-sua-historia\/","og_locale":"pt_BR","og_type":"article","og_title":"Conhe\u00e7a o projeto \"Esta pode ser a sua hist\u00f3ria\" - Impressao Digital 126","og_description":"Objetivo da a\u00e7\u00e3o \u00e9 incentivar negros a superarem a discrimina\u00e7\u00e3o social,\u00a0mas ele ser\u00e1 bem-sucedido? Por La\u00eds Gomes e Renato Oselame O projeto &#8220;Esta pode ser a sua hist\u00f3ria&#8221;, desenvolvido pela Secretaria Municipal da Repara\u00e7\u00e3o (Semur), em parceria com a Secretaria Municipal de Educa\u00e7\u00e3o, Lazer e Cultura (Secult), tem como objetivo apresentar \u00edcones afrodescendentes para servir [&hellip;]","og_url":"https:\/\/id126ufba.com.br\/memoria\/conheca-o-projeto-esta-pode-ser-a-sua-historia\/","og_site_name":"Impressao Digital 126","article_published_time":"2011-11-21T12:26:17+00:00","article_modified_time":"2011-11-25T19:00:52+00:00","twitter_card":"summary_large_image","twitter_misc":{"Escrito por":"","Est. tempo de leitura":"2 minutos"},"schema":{"@context":"https:\/\/schema.org","@graph":[{"@type":"Article","@id":"https:\/\/id126ufba.com.br\/memoria\/conheca-o-projeto-esta-pode-ser-a-sua-historia\/#article","isPartOf":{"@id":"https:\/\/id126ufba.com.br\/memoria\/conheca-o-projeto-esta-pode-ser-a-sua-historia\/"},"author":{"name":"","@id":""},"headline":"Conhe\u00e7a o projeto &#8220;Esta pode ser a sua hist\u00f3ria&#8221;","datePublished":"2011-11-21T12:26:17+00:00","dateModified":"2011-11-25T19:00:52+00:00","mainEntityOfPage":{"@id":"https:\/\/id126ufba.com.br\/memoria\/conheca-o-projeto-esta-pode-ser-a-sua-historia\/"},"wordCount":440,"commentCount":0,"publisher":{"@id":"https:\/\/id126ufba.com.br\/memoria\/#organization"},"keywords":["discrimina\u00e7\u00e3o racial","esta pode ser a sua hist\u00f3ria","Secretaria municipal da repara\u00e7\u00e3o","sucesso"],"articleSection":["Coordenadas\/Complementares"],"inLanguage":"pt-BR","potentialAction":[{"@type":"CommentAction","name":"Comment","target":["https:\/\/id126ufba.com.br\/memoria\/conheca-o-projeto-esta-pode-ser-a-sua-historia\/#respond"]}]},{"@type":"WebPage","@id":"https:\/\/id126ufba.com.br\/memoria\/conheca-o-projeto-esta-pode-ser-a-sua-historia\/","url":"https:\/\/id126ufba.com.br\/memoria\/conheca-o-projeto-esta-pode-ser-a-sua-historia\/","name":"Conhe\u00e7a o projeto \"Esta pode ser a sua hist\u00f3ria\" - Impressao Digital 126","isPartOf":{"@id":"https:\/\/id126ufba.com.br\/memoria\/#website"},"datePublished":"2011-11-21T12:26:17+00:00","dateModified":"2011-11-25T19:00:52+00:00","breadcrumb":{"@id":"https:\/\/id126ufba.com.br\/memoria\/conheca-o-projeto-esta-pode-ser-a-sua-historia\/#breadcrumb"},"inLanguage":"pt-BR","potentialAction":[{"@type":"ReadAction","target":["https:\/\/id126ufba.com.br\/memoria\/conheca-o-projeto-esta-pode-ser-a-sua-historia\/"]}]},{"@type":"BreadcrumbList","@id":"https:\/\/id126ufba.com.br\/memoria\/conheca-o-projeto-esta-pode-ser-a-sua-historia\/#breadcrumb","itemListElement":[{"@type":"ListItem","position":1,"name":"In\u00edcio","item":"https:\/\/id126ufba.com.br\/memoria\/"},{"@type":"ListItem","position":2,"name":"Conhe\u00e7a o projeto &#8220;Esta pode ser a sua hist\u00f3ria&#8221;"}]},{"@type":"WebSite","@id":"https:\/\/id126ufba.com.br\/memoria\/#website","url":"https:\/\/id126ufba.com.br\/memoria\/","name":"Impressao Digital 126","description":"","publisher":{"@id":"https:\/\/id126ufba.com.br\/memoria\/#organization"},"potentialAction":[{"@type":"SearchAction","target":{"@type":"EntryPoint","urlTemplate":"https:\/\/id126ufba.com.br\/memoria\/?s={search_term_string}"},"query-input":{"@type":"PropertyValueSpecification","valueRequired":true,"valueName":"search_term_string"}}],"inLanguage":"pt-BR"},{"@type":"Organization","@id":"https:\/\/id126ufba.com.br\/memoria\/#organization","name":"Impressao Digital 126","url":"https:\/\/id126ufba.com.br\/memoria\/","logo":{"@type":"ImageObject","inLanguage":"pt-BR","@id":"https:\/\/id126ufba.com.br\/memoria\/#\/schema\/logo\/image\/","url":"https:\/\/id126ufba.com.br\/memoria\/wp-content\/uploads\/2024\/07\/cropped-logo_memoria-1.png","contentUrl":"https:\/\/id126ufba.com.br\/memoria\/wp-content\/uploads\/2024\/07\/cropped-logo_memoria-1.png","width":500,"height":100,"caption":"Impressao Digital 126"},"image":{"@id":"https:\/\/id126ufba.com.br\/memoria\/#\/schema\/logo\/image\/"}},{"@type":"Person","@id":"","url":"https:\/\/id126ufba.com.br\/memoria\/author\/"}]}},"_links":{"self":[{"href":"https:\/\/id126ufba.com.br\/memoria\/wp-json\/wp\/v2\/posts\/2684"}],"collection":[{"href":"https:\/\/id126ufba.com.br\/memoria\/wp-json\/wp\/v2\/posts"}],"about":[{"href":"https:\/\/id126ufba.com.br\/memoria\/wp-json\/wp\/v2\/types\/post"}],"author":[{"embeddable":true,"href":"https:\/\/id126ufba.com.br\/memoria\/wp-json\/wp\/v2\/users\/4"}],"replies":[{"embeddable":true,"href":"https:\/\/id126ufba.com.br\/memoria\/wp-json\/wp\/v2\/comments?post=2684"}],"version-history":[{"count":0,"href":"https:\/\/id126ufba.com.br\/memoria\/wp-json\/wp\/v2\/posts\/2684\/revisions"}],"wp:attachment":[{"href":"https:\/\/id126ufba.com.br\/memoria\/wp-json\/wp\/v2\/media?parent=2684"}],"wp:term":[{"taxonomy":"category","embeddable":true,"href":"https:\/\/id126ufba.com.br\/memoria\/wp-json\/wp\/v2\/categories?post=2684"},{"taxonomy":"post_tag","embeddable":true,"href":"https:\/\/id126ufba.com.br\/memoria\/wp-json\/wp\/v2\/tags?post=2684"}],"curies":[{"name":"wp","href":"https:\/\/api.w.org\/{rel}","templated":true}]}}