{"id":3274,"date":"2011-11-21T12:55:48","date_gmt":"2011-11-21T12:55:48","guid":{"rendered":"http:\/\/impressaodigital126.ufba.br\/?p=3274"},"modified":"2011-11-23T14:11:04","modified_gmt":"2011-11-23T14:11:04","slug":"primeira-edicao-da-flica-apresenta-pros-e-contras-mas-saldo-e-positivo","status":"publish","type":"post","link":"https:\/\/id126ufba.com.br\/memoria\/primeira-edicao-da-flica-apresenta-pros-e-contras-mas-saldo-e-positivo\/","title":{"rendered":"Primeira edi\u00e7\u00e3o da Flica apresenta pr\u00f3s e contras, mas saldo \u00e9 positivo"},"content":{"rendered":"<div>\n<div>\n<p><em>O <strong>ID 126<\/strong> visitou a primeira edi\u00e7\u00e3o da Festa Liter\u00e1ria Internacional de Cachoeira e fez um balan\u00e7o do evento, na cidade hist\u00f3rica do Rec\u00f4ncavo Baiano.<\/em><\/p>\n<p><em>Por Carol Gomes e Vitor Villar<\/em><\/p>\n<p style=\"text-align: center;\"><em> <\/em><\/p>\n<p><em> <\/em><\/p>\n<p><em><\/p>\n<div id=\"attachment_3295\" style=\"width: 583px\" class=\"wp-caption aligncenter\"><a href=\"http:\/\/impressaodigital126.ufba.br\/wp-content\/uploads\/2011\/10\/Carmo-Flica.jpg\"><img loading=\"lazy\" decoding=\"async\" aria-describedby=\"caption-attachment-3295\" class=\"size-full wp-image-3295  \" title=\"Carmo Flica\" src=\"http:\/\/impressaodigital126.ufba.br\/wp-content\/uploads\/2011\/10\/Carmo-Flica.jpg\" alt=\"\" width=\"573\" height=\"383\" srcset=\"https:\/\/id126ufba.com.br\/memoria\/wp-content\/uploads\/2011\/10\/Carmo-Flica.jpg 1024w, https:\/\/id126ufba.com.br\/memoria\/wp-content\/uploads\/2011\/10\/Carmo-Flica-300x200.jpg 300w\" sizes=\"(max-width: 573px) 100vw, 573px\" \/><\/a><p id=\"caption-attachment-3295\" class=\"wp-caption-text\">Convento do Carmo, lugar onde ocorreu a Flica 2011 (Foto: Carol Gomes)<\/p><\/div>\n<p><\/em><em> <\/em><em> <\/em><em> <\/em><em> <\/em><em> <\/em><em> <\/em><em> <\/em><em> <\/em><em> <\/em><em> <\/em><em> <\/em><\/p>\n<p>Apesar dos problemas apresentados na organiza\u00e7\u00e3o do evento, a primeira edi\u00e7\u00e3o da Festa Liter\u00e1ria Internacional de Cachoeira (Flica) teve um saldo positivo. Realizada na cidade hist\u00f3rica do Rec\u00f4ncavo Baiano, durante os dias 11 e 16 de outubro, o evento trouxe diversidade na sua programa\u00e7\u00e3o principal. Em paralelo, a festa proporcionou a cria\u00e7\u00e3o de um legado para a obra liter\u00e1ria da cidade, com o Pr\u00eamio Dam\u00e1rio Dacruz de poesia.<\/p>\n<p>A produ\u00e7\u00e3o da Flica tentou prontamente resolver os problemas apresentados na sua organiza\u00e7\u00e3o. Alguns n\u00e3o tiveram solu\u00e7\u00e3o, como a climatiza\u00e7\u00e3o ruim no local do evento e a falta de op\u00e7\u00f5es para hospedagem e servi\u00e7os, como alimenta\u00e7\u00e3o, na cidade de Cachoeira. Outros, como a mudan\u00e7a repentina de local, acabaram por agradar o p\u00fablico.<\/p>\n<p><strong>Leia:<\/strong><\/p>\n<p><strong><a href=\"http:\/\/impressaodigital126.ufba.br\/2011\/11\/21\/primeira-festa-literaria-da-bahia-atraiu-aproximadamente-quatro-mil-participantes\/\">Primeira festa liter\u00e1ria da Bahia recebe aproximadamente 4 mil participantes <\/a><\/strong><\/p>\n<p><strong><a href=\"http:\/\/impressaodigital126.ufba.br\/2011\/11\/21\/alguns-problemas-marcam-a-primeira-edicao-da-flica\/\">Alguns problemas marcam a primeira edi\u00e7\u00e3o da Flica <\/a><\/strong><\/p>\n<p><strong><a href=\"http:\/\/impressaodigital126.ufba.br\/2011\/11\/21\/cronica-do-jornalista-davi-boaventura\/\">Cr\u00f4nica: Estrada da Perdi\u00e7\u00e3o \u2013 Di\u00e1rio Incompleto da Flica<\/a><\/strong><\/p>\n<p><strong><a href=\"http:\/\/impressaodigital126.ufba.br\/2011\/11\/21\/%E2%80%9Co-problema-e-que-nao-existe-leitor%E2%80%9D-diz-jose-inacio-vieira-de-melo\/\">Entrevista: Jos\u00e9 In\u00e1cio Vieira de Melo<\/a><\/strong><\/p>\n<p><strong><a href=\"http:\/\/wp.me\/p1I4B2-123\">Galeria de fotos<\/a><\/strong><\/p>\n<\/div>\n<\/div>\n","protected":false},"excerpt":{"rendered":"<p>Entre os dias 11 e 16 de outubro,  1\u00aa edi\u00e7\u00e3o da Festa Liter\u00e1ria Internacional de Cachoeira (Flica) foi realizada na cidade hist\u00f3rica do Rec\u00f4ncavo Baiano. O evento foi considerado um sucesso pelo p\u00fablico e pelos produtores, mesmo com pequenos problemas e algumas altera\u00e7\u00f5es em cima da hora. <\/p>\n","protected":false},"author":4,"featured_media":3762,"comment_status":"open","ping_status":"open","sticky":false,"template":"","format":"standard","meta":{"_acf_changed":false,"_monsterinsights_skip_tracking":false,"_monsterinsights_sitenote_active":false,"_monsterinsights_sitenote_note":"","_monsterinsights_sitenote_category":0,"footnotes":""},"categories":[3],"tags":[2543,368,366,2544,367,56,369,370,2545],"acf":[],"aioseo_notices":[],"yoast_head":"<!-- This site is optimized with the Yoast SEO plugin v24.5 - https:\/\/yoast.com\/wordpress\/plugins\/seo\/ -->\n<title>Primeira edi\u00e7\u00e3o da Flica apresenta pr\u00f3s e contras, mas saldo \u00e9 positivo - Impressao Digital 126<\/title>\n<meta name=\"robots\" content=\"index, follow, max-snippet:-1, max-image-preview:large, max-video-preview:-1\" \/>\n<link rel=\"canonical\" href=\"https:\/\/id126ufba.com.br\/memoria\/primeira-edicao-da-flica-apresenta-pros-e-contras-mas-saldo-e-positivo\/\" \/>\n<meta property=\"og:locale\" content=\"pt_BR\" \/>\n<meta property=\"og:type\" content=\"article\" \/>\n<meta property=\"og:title\" content=\"Primeira edi\u00e7\u00e3o da Flica apresenta pr\u00f3s e contras, mas saldo \u00e9 positivo - Impressao Digital 126\" \/>\n<meta property=\"og:description\" content=\"Entre os dias 11 e 16 de outubro, 1\u00aa edi\u00e7\u00e3o da Festa Liter\u00e1ria Internacional de Cachoeira (Flica) foi realizada na cidade hist\u00f3rica do Rec\u00f4ncavo Baiano. O evento foi considerado um sucesso pelo p\u00fablico e pelos produtores, mesmo com pequenos problemas e algumas altera\u00e7\u00f5es em cima da hora.\" \/>\n<meta property=\"og:url\" content=\"https:\/\/id126ufba.com.br\/memoria\/primeira-edicao-da-flica-apresenta-pros-e-contras-mas-saldo-e-positivo\/\" \/>\n<meta property=\"og:site_name\" content=\"Impressao Digital 126\" \/>\n<meta property=\"article:published_time\" content=\"2011-11-21T12:55:48+00:00\" \/>\n<meta property=\"article:modified_time\" content=\"2011-11-23T14:11:04+00:00\" \/>\n<meta property=\"og:image\" content=\"https:\/\/id126ufba.com.br\/memoria\/wp-content\/uploads\/2011\/11\/DSC09836bx.jpg\" \/>\n\t<meta property=\"og:image:width\" content=\"704\" \/>\n\t<meta property=\"og:image:height\" content=\"488\" \/>\n\t<meta property=\"og:image:type\" content=\"image\/jpeg\" \/>\n<meta name=\"twitter:card\" content=\"summary_large_image\" \/>\n<meta name=\"twitter:label1\" content=\"Escrito por\" \/>\n\t<meta name=\"twitter:data1\" content=\"\" \/>\n\t<meta name=\"twitter:label2\" content=\"Est. tempo de leitura\" \/>\n\t<meta name=\"twitter:data2\" content=\"1 minuto\" \/>\n<script type=\"application\/ld+json\" class=\"yoast-schema-graph\">{\"@context\":\"https:\/\/schema.org\",\"@graph\":[{\"@type\":\"Article\",\"@id\":\"https:\/\/id126ufba.com.br\/memoria\/primeira-edicao-da-flica-apresenta-pros-e-contras-mas-saldo-e-positivo\/#article\",\"isPartOf\":{\"@id\":\"https:\/\/id126ufba.com.br\/memoria\/primeira-edicao-da-flica-apresenta-pros-e-contras-mas-saldo-e-positivo\/\"},\"author\":{\"name\":\"\",\"@id\":\"\"},\"headline\":\"Primeira edi\u00e7\u00e3o da Flica apresenta pr\u00f3s e contras, mas saldo \u00e9 positivo\",\"datePublished\":\"2011-11-21T12:55:48+00:00\",\"dateModified\":\"2011-11-23T14:11:04+00:00\",\"mainEntityOfPage\":{\"@id\":\"https:\/\/id126ufba.com.br\/memoria\/primeira-edicao-da-flica-apresenta-pros-e-contras-mas-saldo-e-positivo\/\"},\"wordCount\":246,\"commentCount\":0,\"publisher\":{\"@id\":\"https:\/\/id126ufba.com.br\/memoria\/#organization\"},\"image\":{\"@id\":\"https:\/\/id126ufba.com.br\/memoria\/primeira-edicao-da-flica-apresenta-pros-e-contras-mas-saldo-e-positivo\/#primaryimage\"},\"thumbnailUrl\":\"https:\/\/id126ufba.com.br\/memoria\/wp-content\/uploads\/2011\/11\/DSC09836bx.jpg\",\"keywords\":[\"Cachoeira\",\"cidade hist\u00f3rica\",\"evento\",\"Flica\",\"literatura\",\"livros\",\"outubro\",\"primeira edi\u00e7\u00e3o\",\"Rec\u00f4ncavo Baiano\"],\"articleSection\":[\"Cultura\"],\"inLanguage\":\"pt-BR\",\"potentialAction\":[{\"@type\":\"CommentAction\",\"name\":\"Comment\",\"target\":[\"https:\/\/id126ufba.com.br\/memoria\/primeira-edicao-da-flica-apresenta-pros-e-contras-mas-saldo-e-positivo\/#respond\"]}]},{\"@type\":\"WebPage\",\"@id\":\"https:\/\/id126ufba.com.br\/memoria\/primeira-edicao-da-flica-apresenta-pros-e-contras-mas-saldo-e-positivo\/\",\"url\":\"https:\/\/id126ufba.com.br\/memoria\/primeira-edicao-da-flica-apresenta-pros-e-contras-mas-saldo-e-positivo\/\",\"name\":\"Primeira edi\u00e7\u00e3o da Flica apresenta pr\u00f3s e contras, mas saldo \u00e9 positivo - Impressao Digital 126\",\"isPartOf\":{\"@id\":\"https:\/\/id126ufba.com.br\/memoria\/#website\"},\"primaryImageOfPage\":{\"@id\":\"https:\/\/id126ufba.com.br\/memoria\/primeira-edicao-da-flica-apresenta-pros-e-contras-mas-saldo-e-positivo\/#primaryimage\"},\"image\":{\"@id\":\"https:\/\/id126ufba.com.br\/memoria\/primeira-edicao-da-flica-apresenta-pros-e-contras-mas-saldo-e-positivo\/#primaryimage\"},\"thumbnailUrl\":\"https:\/\/id126ufba.com.br\/memoria\/wp-content\/uploads\/2011\/11\/DSC09836bx.jpg\",\"datePublished\":\"2011-11-21T12:55:48+00:00\",\"dateModified\":\"2011-11-23T14:11:04+00:00\",\"breadcrumb\":{\"@id\":\"https:\/\/id126ufba.com.br\/memoria\/primeira-edicao-da-flica-apresenta-pros-e-contras-mas-saldo-e-positivo\/#breadcrumb\"},\"inLanguage\":\"pt-BR\",\"potentialAction\":[{\"@type\":\"ReadAction\",\"target\":[\"https:\/\/id126ufba.com.br\/memoria\/primeira-edicao-da-flica-apresenta-pros-e-contras-mas-saldo-e-positivo\/\"]}]},{\"@type\":\"ImageObject\",\"inLanguage\":\"pt-BR\",\"@id\":\"https:\/\/id126ufba.com.br\/memoria\/primeira-edicao-da-flica-apresenta-pros-e-contras-mas-saldo-e-positivo\/#primaryimage\",\"url\":\"https:\/\/id126ufba.com.br\/memoria\/wp-content\/uploads\/2011\/11\/DSC09836bx.jpg\",\"contentUrl\":\"https:\/\/id126ufba.com.br\/memoria\/wp-content\/uploads\/2011\/11\/DSC09836bx.jpg\",\"width\":\"704\",\"height\":\"488\"},{\"@type\":\"BreadcrumbList\",\"@id\":\"https:\/\/id126ufba.com.br\/memoria\/primeira-edicao-da-flica-apresenta-pros-e-contras-mas-saldo-e-positivo\/#breadcrumb\",\"itemListElement\":[{\"@type\":\"ListItem\",\"position\":1,\"name\":\"In\u00edcio\",\"item\":\"https:\/\/id126ufba.com.br\/memoria\/\"},{\"@type\":\"ListItem\",\"position\":2,\"name\":\"Primeira edi\u00e7\u00e3o da Flica apresenta pr\u00f3s e contras, mas saldo \u00e9 positivo\"}]},{\"@type\":\"WebSite\",\"@id\":\"https:\/\/id126ufba.com.br\/memoria\/#website\",\"url\":\"https:\/\/id126ufba.com.br\/memoria\/\",\"name\":\"Impressao Digital 126\",\"description\":\"\",\"publisher\":{\"@id\":\"https:\/\/id126ufba.com.br\/memoria\/#organization\"},\"potentialAction\":[{\"@type\":\"SearchAction\",\"target\":{\"@type\":\"EntryPoint\",\"urlTemplate\":\"https:\/\/id126ufba.com.br\/memoria\/?s={search_term_string}\"},\"query-input\":{\"@type\":\"PropertyValueSpecification\",\"valueRequired\":true,\"valueName\":\"search_term_string\"}}],\"inLanguage\":\"pt-BR\"},{\"@type\":\"Organization\",\"@id\":\"https:\/\/id126ufba.com.br\/memoria\/#organization\",\"name\":\"Impressao Digital 126\",\"url\":\"https:\/\/id126ufba.com.br\/memoria\/\",\"logo\":{\"@type\":\"ImageObject\",\"inLanguage\":\"pt-BR\",\"@id\":\"https:\/\/id126ufba.com.br\/memoria\/#\/schema\/logo\/image\/\",\"url\":\"https:\/\/id126ufba.com.br\/memoria\/wp-content\/uploads\/2024\/07\/cropped-logo_memoria-1.png\",\"contentUrl\":\"https:\/\/id126ufba.com.br\/memoria\/wp-content\/uploads\/2024\/07\/cropped-logo_memoria-1.png\",\"width\":500,\"height\":100,\"caption\":\"Impressao Digital 126\"},\"image\":{\"@id\":\"https:\/\/id126ufba.com.br\/memoria\/#\/schema\/logo\/image\/\"}},{\"@type\":\"Person\",\"@id\":\"\",\"url\":\"https:\/\/id126ufba.com.br\/memoria\/author\/\"}]}<\/script>\n<!-- \/ Yoast SEO plugin. -->","yoast_head_json":{"title":"Primeira edi\u00e7\u00e3o da Flica apresenta pr\u00f3s e contras, mas saldo \u00e9 positivo - Impressao Digital 126","robots":{"index":"index","follow":"follow","max-snippet":"max-snippet:-1","max-image-preview":"max-image-preview:large","max-video-preview":"max-video-preview:-1"},"canonical":"https:\/\/id126ufba.com.br\/memoria\/primeira-edicao-da-flica-apresenta-pros-e-contras-mas-saldo-e-positivo\/","og_locale":"pt_BR","og_type":"article","og_title":"Primeira edi\u00e7\u00e3o da Flica apresenta pr\u00f3s e contras, mas saldo \u00e9 positivo - Impressao Digital 126","og_description":"Entre os dias 11 e 16 de outubro, 1\u00aa edi\u00e7\u00e3o da Festa Liter\u00e1ria Internacional de Cachoeira (Flica) foi realizada na cidade hist\u00f3rica do Rec\u00f4ncavo Baiano. O evento foi considerado um sucesso pelo p\u00fablico e pelos produtores, mesmo com pequenos problemas e algumas altera\u00e7\u00f5es em cima da hora.","og_url":"https:\/\/id126ufba.com.br\/memoria\/primeira-edicao-da-flica-apresenta-pros-e-contras-mas-saldo-e-positivo\/","og_site_name":"Impressao Digital 126","article_published_time":"2011-11-21T12:55:48+00:00","article_modified_time":"2011-11-23T14:11:04+00:00","og_image":[{"width":704,"height":488,"url":"https:\/\/id126ufba.com.br\/memoria\/wp-content\/uploads\/2011\/11\/DSC09836bx.jpg","type":"image\/jpeg"}],"twitter_card":"summary_large_image","twitter_misc":{"Escrito por":"","Est. tempo de leitura":"1 minuto"},"schema":{"@context":"https:\/\/schema.org","@graph":[{"@type":"Article","@id":"https:\/\/id126ufba.com.br\/memoria\/primeira-edicao-da-flica-apresenta-pros-e-contras-mas-saldo-e-positivo\/#article","isPartOf":{"@id":"https:\/\/id126ufba.com.br\/memoria\/primeira-edicao-da-flica-apresenta-pros-e-contras-mas-saldo-e-positivo\/"},"author":{"name":"","@id":""},"headline":"Primeira edi\u00e7\u00e3o da Flica apresenta pr\u00f3s e contras, mas saldo \u00e9 positivo","datePublished":"2011-11-21T12:55:48+00:00","dateModified":"2011-11-23T14:11:04+00:00","mainEntityOfPage":{"@id":"https:\/\/id126ufba.com.br\/memoria\/primeira-edicao-da-flica-apresenta-pros-e-contras-mas-saldo-e-positivo\/"},"wordCount":246,"commentCount":0,"publisher":{"@id":"https:\/\/id126ufba.com.br\/memoria\/#organization"},"image":{"@id":"https:\/\/id126ufba.com.br\/memoria\/primeira-edicao-da-flica-apresenta-pros-e-contras-mas-saldo-e-positivo\/#primaryimage"},"thumbnailUrl":"https:\/\/id126ufba.com.br\/memoria\/wp-content\/uploads\/2011\/11\/DSC09836bx.jpg","keywords":["Cachoeira","cidade hist\u00f3rica","evento","Flica","literatura","livros","outubro","primeira edi\u00e7\u00e3o","Rec\u00f4ncavo Baiano"],"articleSection":["Cultura"],"inLanguage":"pt-BR","potentialAction":[{"@type":"CommentAction","name":"Comment","target":["https:\/\/id126ufba.com.br\/memoria\/primeira-edicao-da-flica-apresenta-pros-e-contras-mas-saldo-e-positivo\/#respond"]}]},{"@type":"WebPage","@id":"https:\/\/id126ufba.com.br\/memoria\/primeira-edicao-da-flica-apresenta-pros-e-contras-mas-saldo-e-positivo\/","url":"https:\/\/id126ufba.com.br\/memoria\/primeira-edicao-da-flica-apresenta-pros-e-contras-mas-saldo-e-positivo\/","name":"Primeira edi\u00e7\u00e3o da Flica apresenta pr\u00f3s e contras, mas saldo \u00e9 positivo - Impressao Digital 126","isPartOf":{"@id":"https:\/\/id126ufba.com.br\/memoria\/#website"},"primaryImageOfPage":{"@id":"https:\/\/id126ufba.com.br\/memoria\/primeira-edicao-da-flica-apresenta-pros-e-contras-mas-saldo-e-positivo\/#primaryimage"},"image":{"@id":"https:\/\/id126ufba.com.br\/memoria\/primeira-edicao-da-flica-apresenta-pros-e-contras-mas-saldo-e-positivo\/#primaryimage"},"thumbnailUrl":"https:\/\/id126ufba.com.br\/memoria\/wp-content\/uploads\/2011\/11\/DSC09836bx.jpg","datePublished":"2011-11-21T12:55:48+00:00","dateModified":"2011-11-23T14:11:04+00:00","breadcrumb":{"@id":"https:\/\/id126ufba.com.br\/memoria\/primeira-edicao-da-flica-apresenta-pros-e-contras-mas-saldo-e-positivo\/#breadcrumb"},"inLanguage":"pt-BR","potentialAction":[{"@type":"ReadAction","target":["https:\/\/id126ufba.com.br\/memoria\/primeira-edicao-da-flica-apresenta-pros-e-contras-mas-saldo-e-positivo\/"]}]},{"@type":"ImageObject","inLanguage":"pt-BR","@id":"https:\/\/id126ufba.com.br\/memoria\/primeira-edicao-da-flica-apresenta-pros-e-contras-mas-saldo-e-positivo\/#primaryimage","url":"https:\/\/id126ufba.com.br\/memoria\/wp-content\/uploads\/2011\/11\/DSC09836bx.jpg","contentUrl":"https:\/\/id126ufba.com.br\/memoria\/wp-content\/uploads\/2011\/11\/DSC09836bx.jpg","width":"704","height":"488"},{"@type":"BreadcrumbList","@id":"https:\/\/id126ufba.com.br\/memoria\/primeira-edicao-da-flica-apresenta-pros-e-contras-mas-saldo-e-positivo\/#breadcrumb","itemListElement":[{"@type":"ListItem","position":1,"name":"In\u00edcio","item":"https:\/\/id126ufba.com.br\/memoria\/"},{"@type":"ListItem","position":2,"name":"Primeira edi\u00e7\u00e3o da Flica apresenta pr\u00f3s e contras, mas saldo \u00e9 positivo"}]},{"@type":"WebSite","@id":"https:\/\/id126ufba.com.br\/memoria\/#website","url":"https:\/\/id126ufba.com.br\/memoria\/","name":"Impressao Digital 126","description":"","publisher":{"@id":"https:\/\/id126ufba.com.br\/memoria\/#organization"},"potentialAction":[{"@type":"SearchAction","target":{"@type":"EntryPoint","urlTemplate":"https:\/\/id126ufba.com.br\/memoria\/?s={search_term_string}"},"query-input":{"@type":"PropertyValueSpecification","valueRequired":true,"valueName":"search_term_string"}}],"inLanguage":"pt-BR"},{"@type":"Organization","@id":"https:\/\/id126ufba.com.br\/memoria\/#organization","name":"Impressao Digital 126","url":"https:\/\/id126ufba.com.br\/memoria\/","logo":{"@type":"ImageObject","inLanguage":"pt-BR","@id":"https:\/\/id126ufba.com.br\/memoria\/#\/schema\/logo\/image\/","url":"https:\/\/id126ufba.com.br\/memoria\/wp-content\/uploads\/2024\/07\/cropped-logo_memoria-1.png","contentUrl":"https:\/\/id126ufba.com.br\/memoria\/wp-content\/uploads\/2024\/07\/cropped-logo_memoria-1.png","width":500,"height":100,"caption":"Impressao Digital 126"},"image":{"@id":"https:\/\/id126ufba.com.br\/memoria\/#\/schema\/logo\/image\/"}},{"@type":"Person","@id":"","url":"https:\/\/id126ufba.com.br\/memoria\/author\/"}]}},"_links":{"self":[{"href":"https:\/\/id126ufba.com.br\/memoria\/wp-json\/wp\/v2\/posts\/3274"}],"collection":[{"href":"https:\/\/id126ufba.com.br\/memoria\/wp-json\/wp\/v2\/posts"}],"about":[{"href":"https:\/\/id126ufba.com.br\/memoria\/wp-json\/wp\/v2\/types\/post"}],"author":[{"embeddable":true,"href":"https:\/\/id126ufba.com.br\/memoria\/wp-json\/wp\/v2\/users\/4"}],"replies":[{"embeddable":true,"href":"https:\/\/id126ufba.com.br\/memoria\/wp-json\/wp\/v2\/comments?post=3274"}],"version-history":[{"count":0,"href":"https:\/\/id126ufba.com.br\/memoria\/wp-json\/wp\/v2\/posts\/3274\/revisions"}],"wp:featuredmedia":[{"embeddable":true,"href":"https:\/\/id126ufba.com.br\/memoria\/wp-json\/wp\/v2\/media\/3762"}],"wp:attachment":[{"href":"https:\/\/id126ufba.com.br\/memoria\/wp-json\/wp\/v2\/media?parent=3274"}],"wp:term":[{"taxonomy":"category","embeddable":true,"href":"https:\/\/id126ufba.com.br\/memoria\/wp-json\/wp\/v2\/categories?post=3274"},{"taxonomy":"post_tag","embeddable":true,"href":"https:\/\/id126ufba.com.br\/memoria\/wp-json\/wp\/v2\/tags?post=3274"}],"curies":[{"name":"wp","href":"https:\/\/api.w.org\/{rel}","templated":true}]}}