{"id":33457,"date":"2017-07-05T09:21:32","date_gmt":"2017-07-05T12:21:32","guid":{"rendered":"http:\/\/impressaodigital126.ufba.br\/?p=33457"},"modified":"2017-07-05T17:38:54","modified_gmt":"2017-07-05T20:38:54","slug":"onda-coreana-conquista-jovens-de-salvador","status":"publish","type":"post","link":"https:\/\/id126ufba.com.br\/memoria\/onda-coreana-conquista-jovens-de-salvador\/","title":{"rendered":"K-POP: Onda coreana conquista jovens de Salvador"},"content":{"rendered":"<p><em>Concurso e shows de bandas coreanas re\u00fanem centenas de jovens em Salvador<\/em><\/p>\n<h6><span style=\"color: #808080;\">\u00cdtalo Cerqueira e Helena Mafra<\/span><\/h6>\n<div id=\"attachment_33518\" style=\"width: 310px\" class=\"wp-caption alignleft\"><a href=\"http:\/\/impressaodigital126.ufba.br\/?attachment_id=33518\" rel=\"attachment wp-att-33518\"><img loading=\"lazy\" decoding=\"async\" aria-describedby=\"caption-attachment-33518\" class=\"size-medium wp-image-33518\" src=\"http:\/\/impressaodigital126.ufba.br\/wp-content\/uploads\/2017\/07\/Grupo-se-apresenta-em-encontro-do-K-popers-Baianos-300x200.jpg\" alt=\"\" width=\"300\" height=\"200\" srcset=\"https:\/\/id126ufba.com.br\/memoria\/wp-content\/uploads\/2017\/07\/Grupo-se-apresenta-em-encontro-do-K-popers-Baianos-300x200.jpg 300w, https:\/\/id126ufba.com.br\/memoria\/wp-content\/uploads\/2017\/07\/Grupo-se-apresenta-em-encontro-do-K-popers-Baianos.jpg 720w\" sizes=\"(max-width: 300px) 100vw, 300px\" \/><\/a><p id=\"caption-attachment-33518\" class=\"wp-caption-text\">Grupo se apresenta em encontro do K-popers Baianos (Foto: Divulga\u00e7\u00e3o)<\/p><\/div>\n<p>Voc\u00ea j\u00e1 ouviu falar nas bandas BTS, EXO ou Wonder Girls? N\u00e3o!? Mas apostamos que alguma vez voc\u00ea j\u00e1 dan\u00e7ou ao som de Gagnam Style do cantor Psy, n\u00e3o foi? O que todos esses artistas t\u00eam em comum \u00e9 que eles fazem parte de um movimento musical que tem origem na Coreia do Sul e tem ganhado forte express\u00e3o no mundo todo.<\/p>\n<p>O Korean Pop, ou simplesmente K-pop, tem como caracter\u00edstica as m\u00fasicas dan\u00e7antes, coreografias milimetricamente ensaiadas, figurino ousado e cabelos estilizados. O estilo musical chega ao Brasil n\u00e3o pela grande ind\u00fastria de m\u00eddia, apesar de ser um fen\u00f4meno bastante <em>mainstream<\/em> na Cor\u00e9ia do Sul, mas por vias alternativas, como o compartilhamento de conte\u00fado em grupos fechados, seja pela internet ou n\u00e3o.<\/p>\n<p>O sucesso do fen\u00f4meno vem desde os anos 2000, mas se consolidou a partir de 2012 com os grupos Girls\u2019 Generation, Super Junior, Big Bang, 2ne1 e SHInee. O videoclipe de Gagnam Style, que <a href=\"https:\/\/www.youtube.com\/watch?v=9bZkp7q19f0\">foi lan\u00e7ado h\u00e1 quatro anos, \u00e9 o mais visto da hist\u00f3ria no Youtube, com mais de 3 bilh\u00f5es de visualiza\u00e7\u00f5es<\/a>.<\/p>\n<p>Em Salvador, o estilo \u00e9 consumido majoritariamente por adolescentes e jovens entre 12 e 25 anos. Muitos se re\u00fanem n\u00e3o s\u00f3 para ouvir as m\u00fasicas, mas ensaiar as coreografias, montar figurinos baseados em suas bandas preferidas, organizar grupos covers e participar de mostras competitivas.<\/p>\n<p>H\u00e1 nove anos, a produtora cultural, Manuela Reis, 23 anos, teve seu primeiro contato com o movimento ainda no col\u00e9gio. A m\u00fasica \u201cTell Me\u201d da banda Wonder Girls, \u00e0 princ\u00edpio, n\u00e3o havia chamado muito a sua aten\u00e7\u00e3o, tanto que s\u00f3 em 2015, ela a redescobriu e assistiu ao clipe. \u201cA maioria dos clipes, principalmente os mais recentes, \u00e9 muito bem produzido e interessante. Ent\u00e3o, acredito que o ritmo do K-pop, mesmo dialogando muito com o pop americano\/ocidental, tenha sido o que despertou meu interesse\u201d, analisa.<\/p>\n<p>Toda essa motiva\u00e7\u00e3o pelo estilo \u00e9 compartilhada com milhares de pessoas. Para se ter uma ideia da dimens\u00e3o do movimento por aqui, o grupo virtual K-popers Baianos, considerada a maior comunidade do segmento na Bahia, re\u00fane mais de 2.700 participantes, que tem por objetivo discutir e compartilhar as novidades desse universo musical, como tamb\u00e9m agregar ainda mais membros.<\/p>\n<p>Um dos l\u00edderes do K-Poppers Baianos, Junot Neto, de 25 anos, acredita que o grupo tem grande representatividade e impacto na comunidade. \u201cNossos eventos s\u00e3o momentos de descontra\u00e7\u00e3o, onde o jovem pode se sentir seguro sabendo que s\u00f3 ir\u00e1 ver pessoas que se identificam com os mesmos gostos dele\u201d, explica. Al\u00e9m disso, ele acrescenta que a cria\u00e7\u00e3o desse espa\u00e7o legitima a presen\u00e7a da cultura coreana na Bahia.<\/p>\n<p><strong>F\u00e3s de k-pop ocupam espa\u00e7os da cidade com mostras e competi\u00e7\u00f5es<\/strong><\/p>\n<div id=\"attachment_33520\" style=\"width: 310px\" class=\"wp-caption alignright\"><a href=\"http:\/\/impressaodigital126.ufba.br\/?attachment_id=33520\" rel=\"attachment wp-att-33520\"><img loading=\"lazy\" decoding=\"async\" aria-describedby=\"caption-attachment-33520\" class=\"size-medium wp-image-33520\" src=\"http:\/\/impressaodigital126.ufba.br\/wp-content\/uploads\/2017\/07\/Apresenta\u00e7\u00e3o-do-grupo-Kiddo-no-II-Festival-KPOP-Bahia-A-Team-Cr\u00e9ditos-Rick-Van-Pelt-300x224.jpg\" alt=\"\" width=\"300\" height=\"224\" srcset=\"https:\/\/id126ufba.com.br\/memoria\/wp-content\/uploads\/2017\/07\/Apresenta\u00e7\u00e3o-do-grupo-Kiddo-no-II-Festival-KPOP-Bahia-A-Team-Cr\u00e9ditos-Rick-Van-Pelt-300x224.jpg 300w, https:\/\/id126ufba.com.br\/memoria\/wp-content\/uploads\/2017\/07\/Apresenta\u00e7\u00e3o-do-grupo-Kiddo-no-II-Festival-KPOP-Bahia-A-Team-Cr\u00e9ditos-Rick-Van-Pelt.jpg 701w\" sizes=\"(max-width: 300px) 100vw, 300px\" \/><\/a><p id=\"caption-attachment-33520\" class=\"wp-caption-text\">Apresenta\u00e7\u00e3o do grupo Kiddo no II Festival KPOP Bahia (A-Team) &#8211; (Foto: Reprodu\u00e7\u00e3o\/Rick Van Pelt)<\/p><\/div>\n<p>A \u00faltima edi\u00e7\u00e3o do Festival K-pop BA A-Team, uma das maiores competi\u00e7\u00f5es do estilo musical no Nordeste, reuniu 28 grupos covers e mais de 150 participantes, al\u00e9m de um p\u00fablico superior a 300 pessoas no Cine Teatro Solar Boa Vista. O evento tem como objetivo premiar em R$ 1.000,00 o grupo cover de banda k-pop que tenha o melhor estilo, figurino e semelhan\u00e7a com a banda de inspira\u00e7\u00e3o. A banca julgadora \u00e9 formada por dois dan\u00e7arinos profissionais e uma jurada da comunidade k-pop.<\/p>\n<p>Os grupos que se apresentam em competi\u00e7\u00f5es como essa precisam de uma rotina de ensaio e de dedica\u00e7\u00e3o para que tudo aconte\u00e7a da forma planejada. O estudante de BI em Artes, Tamir Silva, 20 anos, criou a banda cover Kiddo em Salvador, que geralmente faz apresenta\u00e7\u00f5es baseadas em bandas femininas, como T-Ara, Oh My Girls e Girls\u2019 Generation. \u201cEu iniciei o projeto, e como s\u00f3 escuto m\u00fasicas e s\u00f3 acompanho grupos femininos, procurei meninos que topassem fazer o mesmo\u201d, conta. O grupo Kiddo tem rotina de ensaios semanais, todos os domingos das 9h \u00e0s 18h. \u201cCada membro no grupo fica respons\u00e1vel por algo, todos se envolvem e opinam para que tudo saia o mais pr\u00f3ximo do perfeito\u201d.<\/p>\n<p>Portanto, esses espa\u00e7os de mostras e competi\u00e7\u00f5es criam um ambiente n\u00e3o s\u00f3 de consumo, como tamb\u00e9m de produ\u00e7\u00e3o e compartilhamento, onde os f\u00e3s podem se apropriar e recriar em Salvador tudo aquilo que \u00e9 produzido na Coreia do Sul. Tamir observa que desde 2014 o p\u00fablico s\u00f3 aumenta: \u201cas pessoas sempre procuram outras pessoas que compartilhem o mesmo gosto que voc\u00ea para poder conversar e trocar experi\u00eancias, conhecer novos grupos e at\u00e9 participar de algum grupo cover\u201d, comenta.<\/p>\n<blockquote>\n<h3>\u201cO interesse dos f\u00e3s em nenhum momento \u00e9 parodiar ou rir de seus \u00eddolos, mas imit\u00e1-los com a maior precis\u00e3o poss\u00edvel. Existem covers de canto tamb\u00e9m, mas tem menos express\u00e3o\u201d, diz o jornalista Caio Cruz, que pesquisou o fen\u00f4meno do K-pop.<\/h3>\n<\/blockquote>\n<p>De maneira menos r\u00edgida que um concurso como o A-Team, o K-popers Baianos tamb\u00e9m promove mostras e encontros em pra\u00e7as de Salvador, como no Loteamento Aquarius e na Pra\u00e7a Ana L\u00facia Magalh\u00e3es, ambas na Pituba. Junot Neto afirma que criar esse ambiente sem o peso de uma competi\u00e7\u00e3o \u00e9 essencial para ludicidade do movimento. \u201dA nossa maior preocupa\u00e7\u00e3o n\u00e3o \u00e9 focar nos grupos covers, que possuem muitas plataformas para mostrarem o seu trabalho, mas sim aquelas pessoas que ainda n\u00e3o tem um grupo e querem interagir com a comunidade de outra forma\u201d, explica. Ele ainda afirma que as competi\u00e7\u00f5es muitas vezes desestimulam a intera\u00e7\u00e3o de f\u00e3s, pois h\u00e1 cr\u00edticas que s\u00e3o severas.<\/p>\n<p>Para o tamb\u00e9m l\u00edder do K-popers Baianos, Ives Damasceno, 22 anos, a ess\u00eancia desses encontros est\u00e1 em agregar n\u00e3o somente aqueles que dan\u00e7am, mas tamb\u00e9m aqueles que apenas apreciam o estilo. \u201cEsses espa\u00e7os beneficiam a imagem dos f\u00e3s baianos e que eles s\u00e3o ativos tanto como consumidores de k-pop como integrantes de grupos cover\u201d, diz.<\/p>\n<p><strong>Estudante da UFBA pesquisa fen\u00f4meno K-pop<\/strong><\/p>\n<p>Em 2016, o jornalista Caio Cruz se debru\u00e7ou sobre o sucesso coreano para realizar seu trabalho de conclus\u00e3o de curso em Jornalismo, na Faculdade de Comunica\u00e7\u00e3o da Universidade Federal da Bahia (UFBA). Com o t\u00edtulo \u201cE precisa falar coreano? Uma an\u00e1lise cultural do k-pop no Brasil\u201d, a sua pesquisa surgiu a partir do porqu\u00ea um estilo que pertence a um pa\u00eds com matrizes culturais t\u00e3o diferentes do Brasil, faz tanto sucesso por aqui.<\/p>\n<p>A princ\u00edpio, Cruz acredita que a dan\u00e7a \u00e9 um elemento essencial para ajudar a difundir a cultura K-Pop ao redor do mundo. \u201cO interesse dos f\u00e3s em nenhum momento \u00e9 parodiar ou rir de seus \u00eddolos, mas imit\u00e1-los com a maior precis\u00e3o poss\u00edvel. Existem covers de canto tamb\u00e9m, mas tem menos express\u00e3o\u201d, explica. O jornalista diz ainda que n\u00e3o s\u00f3 a l\u00edngua coreana \u00e9 uma barreira para o consumo, como tamb\u00e9m as formas de se vestir, dan\u00e7ar, representa\u00e7\u00f5es das mulheres e homens. \u201cMesmo assim, o K-pop vem conseguindo transpor essas barreiras e agregar mais f\u00e3s a cada ano no ocidente\u201d.<\/p>\n<p>Embora o K-Pop tenha muitas semelhan\u00e7as est\u00e9ticas com pop americano, Cruz ressalta que o estilo n\u00e3o \u00e9 uma mera c\u00f3pia ou tentativa de imitar o pop norte-americano. \u201cExistem as diferen\u00e7as est\u00e9ticas de m\u00fasicas e videoclipes, que podem ser sutis, como v\u00eddeos menos focados em contar hist\u00f3rias, mas demonstrar um apre\u00e7o tecnol\u00f3gico com efeitos visuais e coreografias dif\u00edceis e complexas\u201d, exemplifica.<\/p>\n<hr \/>\n<p><em>Em 2013, durante o carnaval, a cantora Cl\u00e1udia Leitte recebeu o artista Psy em seu trio el\u00e9trico. A ocasi\u00e3o marcou a primeira apresenta\u00e7\u00e3o de um artista do K-Pop em terras baianas.<\/em><\/p>\n<hr \/>\n<p>A ind\u00fastria do k-pop \u00e9 pensada em forma de uma cadeia estruturada e aproveitou a capilaridade da internet para ultrapassar as barreiras das ind\u00fastrias musicais de cada pa\u00eds. Para se ter uma ideia, os cantores de k-pop s\u00e3o treinados desde cedo em escolas especializadas em criar grandes \u00eddolos, onde eles aprendem a dan\u00e7ar, cantar e propagar uma boa imagem do pa\u00eds. Ent\u00e3o, al\u00e9m das m\u00fasicas, esses artistas devem produzir conte\u00fado para a internet, como v\u00eddeos ao vivo e grava\u00e7\u00f5es de backstage.<\/p>\n<p>Exemplo desse \u00eaxito foi a premia\u00e7\u00e3o da banda sul-coreana BTS na categoria \u201cTop Social Artist\u201d da Billboard Music Awards 2017, que \u00e9 votada diretamente pelo p\u00fablico. A banda bateu artistas como Ariana Grande, Justin Bieber, Selena Gomez e Shawn Mendes. O pr\u00eamio \u00e9 considerado por Cruz um avan\u00e7o para o fen\u00f4meno K-pop: \u201cO pr\u00eamio \u00e9 importante para a ind\u00fastria musical coreana, pois isso \u00e9 um sinal de que o k-pop est\u00e1 alcan\u00e7ando posi\u00e7\u00f5es para se tornar um fen\u00f4meno global, em um cen\u00e1rio imposs\u00edvel para a m\u00fasica coreana antigamente\u201d, conclui Cruz.<\/p>\n\n\t\t<style type=\"text\/css\">\n\t\t\t#gallery-1 {\n\t\t\t\tmargin: auto;\n\t\t\t}\n\t\t\t#gallery-1 .gallery-item {\n\t\t\t\tfloat: left;\n\t\t\t\tmargin-top: 10px;\n\t\t\t\ttext-align: center;\n\t\t\t\twidth: 50%;\n\t\t\t}\n\t\t\t#gallery-1 img {\n\t\t\t\tborder: 2px solid #cfcfcf;\n\t\t\t}\n\t\t\t#gallery-1 .gallery-caption {\n\t\t\t\tmargin-left: 0;\n\t\t\t}\n\t\t\t\/* see gallery_shortcode() in wp-includes\/media.php *\/\n\t\t<\/style>\n\t\t<div id='gallery-1' class='gallery galleryid-33457 gallery-columns-2 gallery-size-full'><dl class='gallery-item'>\n\t\t\t<dt class='gallery-icon landscape'>\n\t\t\t\t<img loading=\"lazy\" decoding=\"async\" width=\"720\" height=\"404\" src=\"https:\/\/id126ufba.com.br\/memoria\/wp-content\/uploads\/2017\/07\/Apresenta\u00e7\u00e3o-de-grupo-cover-no-Loteamento-Aquarius-Cr\u00e9ditos-Acervo-pessoal-Junot-Neto.jpg\" class=\"attachment-full size-full\" alt=\"\" aria-describedby=\"gallery-1-33521\" srcset=\"https:\/\/id126ufba.com.br\/memoria\/wp-content\/uploads\/2017\/07\/Apresenta\u00e7\u00e3o-de-grupo-cover-no-Loteamento-Aquarius-Cr\u00e9ditos-Acervo-pessoal-Junot-Neto.jpg 720w, https:\/\/id126ufba.com.br\/memoria\/wp-content\/uploads\/2017\/07\/Apresenta\u00e7\u00e3o-de-grupo-cover-no-Loteamento-Aquarius-Cr\u00e9ditos-Acervo-pessoal-Junot-Neto-300x168.jpg 300w\" sizes=\"(max-width: 720px) 100vw, 720px\" \/>\n\t\t\t<\/dt>\n\t\t\t\t<dd class='wp-caption-text gallery-caption' id='gallery-1-33521'>\n\t\t\t\tApresenta\u00e7\u00e3o de grupo cover no Loteamento Aquarius (Foto: Acervo pessoal Junot Neto)\n\t\t\t\t<\/dd><\/dl><dl class='gallery-item'>\n\t\t\t<dt class='gallery-icon landscape'>\n\t\t\t\t<img loading=\"lazy\" decoding=\"async\" width=\"960\" height=\"640\" src=\"https:\/\/id126ufba.com.br\/memoria\/wp-content\/uploads\/2017\/07\/Tamir-Silva-explica-que-o-cover-de-bandas-femininas-\u00e9-uma-quest\u00e3o-de-afinidade-do-grupo-Cr\u00e9dito-.jpg\" class=\"attachment-full size-full\" alt=\"\" aria-describedby=\"gallery-1-33523\" srcset=\"https:\/\/id126ufba.com.br\/memoria\/wp-content\/uploads\/2017\/07\/Tamir-Silva-explica-que-o-cover-de-bandas-femininas-\u00e9-uma-quest\u00e3o-de-afinidade-do-grupo-Cr\u00e9dito-.jpg 960w, https:\/\/id126ufba.com.br\/memoria\/wp-content\/uploads\/2017\/07\/Tamir-Silva-explica-que-o-cover-de-bandas-femininas-\u00e9-uma-quest\u00e3o-de-afinidade-do-grupo-Cr\u00e9dito--300x200.jpg 300w, https:\/\/id126ufba.com.br\/memoria\/wp-content\/uploads\/2017\/07\/Tamir-Silva-explica-que-o-cover-de-bandas-femininas-\u00e9-uma-quest\u00e3o-de-afinidade-do-grupo-Cr\u00e9dito--768x512.jpg 768w\" sizes=\"(max-width: 960px) 100vw, 960px\" \/>\n\t\t\t<\/dt>\n\t\t\t\t<dd class='wp-caption-text gallery-caption' id='gallery-1-33523'>\n\t\t\t\tTamir Silva explica que o cover de bandas femininas \u00e9 uma quest\u00e3o de afinidade do grupo (Foto: Acervo pessoal de Caio Gutemberg)\n\t\t\t\t<\/dd><\/dl><br style=\"clear: both\" \/>\n\t\t<\/div>\n\n<div id=\"attachment_33525\" style=\"width: 970px\" class=\"wp-caption aligncenter\"><a href=\"http:\/\/impressaodigital126.ufba.br\/?attachment_id=33525\" rel=\"attachment wp-att-33525\"><img loading=\"lazy\" decoding=\"async\" aria-describedby=\"caption-attachment-33525\" class=\"size-full wp-image-33525\" src=\"http:\/\/impressaodigital126.ufba.br\/wp-content\/uploads\/2017\/07\/foto.jpg\" alt=\"\" width=\"960\" height=\"482\" srcset=\"https:\/\/id126ufba.com.br\/memoria\/wp-content\/uploads\/2017\/07\/foto.jpg 960w, https:\/\/id126ufba.com.br\/memoria\/wp-content\/uploads\/2017\/07\/foto-300x151.jpg 300w, https:\/\/id126ufba.com.br\/memoria\/wp-content\/uploads\/2017\/07\/foto-768x386.jpg 768w\" sizes=\"(max-width: 960px) 100vw, 960px\" \/><\/a><p id=\"caption-attachment-33525\" class=\"wp-caption-text\">No dia 25 de junho, Salvador recebeu pela primeira vez a turn\u00ea de uma banda de K-pop. O grupo K.A.R.D. promoveu uma fansign no Hotel Sheraton. Os ingressos do encontro se esgotaram em apenas oito minutos depois do in\u00edcio de suas vendas. (Foto: Divulga\u00e7\u00e3o\/Fanpage oficial da banda Wild Kard no Facebook)<\/p><\/div>\n","protected":false},"excerpt":{"rendered":"<p>O K-POP atravessou o mundo e desembarcou em terras baianas para atrair milhares de jovens \u00e1vidos por descobrir novas est\u00e9ticas musicais e visuais. Eles fazem covers e alguns at\u00e9 aprendem o idioma para vencer os concursos.<\/p>\n","protected":false},"author":4,"featured_media":33522,"comment_status":"open","ping_status":"open","sticky":false,"template":"","format":"standard","meta":{"_acf_changed":false,"_monsterinsights_skip_tracking":false,"_monsterinsights_sitenote_active":false,"_monsterinsights_sitenote_note":"","_monsterinsights_sitenote_category":0,"footnotes":""},"categories":[3],"tags":[2578,152,2577,569,2588,113],"acf":[],"aioseo_notices":[],"yoast_head":"<!-- This site is optimized with the Yoast SEO plugin v24.5 - https:\/\/yoast.com\/wordpress\/plugins\/seo\/ -->\n<title>K-POP: Onda coreana conquista jovens de Salvador - Impressao Digital 126<\/title>\n<meta name=\"robots\" content=\"index, follow, max-snippet:-1, max-image-preview:large, max-video-preview:-1\" \/>\n<link rel=\"canonical\" href=\"https:\/\/id126ufba.com.br\/memoria\/onda-coreana-conquista-jovens-de-salvador\/\" \/>\n<meta property=\"og:locale\" content=\"pt_BR\" \/>\n<meta property=\"og:type\" content=\"article\" \/>\n<meta property=\"og:title\" content=\"K-POP: Onda coreana conquista jovens de Salvador - Impressao Digital 126\" \/>\n<meta property=\"og:description\" content=\"O K-POP atravessou o mundo e desembarcou em terras baianas para atrair milhares de jovens \u00e1vidos por descobrir novas est\u00e9ticas musicais e visuais. Eles fazem covers e alguns at\u00e9 aprendem o idioma para vencer os concursos.\" \/>\n<meta property=\"og:url\" content=\"https:\/\/id126ufba.com.br\/memoria\/onda-coreana-conquista-jovens-de-salvador\/\" \/>\n<meta property=\"og:site_name\" content=\"Impressao Digital 126\" \/>\n<meta property=\"article:published_time\" content=\"2017-07-05T12:21:32+00:00\" \/>\n<meta property=\"article:modified_time\" content=\"2017-07-05T20:38:54+00:00\" \/>\n<meta property=\"og:image\" content=\"https:\/\/id126ufba.com.br\/memoria\/wp-content\/uploads\/2017\/07\/O-ensaio-foi-pensado-para-divulgar-a-participa\u00e7\u00e3o-do-grupo-no-pr\u00f3ximo-Festival-K-Pop-Bahia-Cr\u00e9ditos-.jpg\" \/>\n\t<meta property=\"og:image:width\" content=\"960\" \/>\n\t<meta property=\"og:image:height\" content=\"640\" \/>\n\t<meta property=\"og:image:type\" content=\"image\/jpeg\" \/>\n<meta name=\"twitter:card\" content=\"summary_large_image\" \/>\n<meta name=\"twitter:label1\" content=\"Escrito por\" \/>\n\t<meta name=\"twitter:data1\" content=\"\" \/>\n\t<meta name=\"twitter:label2\" content=\"Est. tempo de leitura\" \/>\n\t<meta name=\"twitter:data2\" content=\"8 minutos\" \/>\n<script type=\"application\/ld+json\" class=\"yoast-schema-graph\">{\"@context\":\"https:\/\/schema.org\",\"@graph\":[{\"@type\":\"Article\",\"@id\":\"https:\/\/id126ufba.com.br\/memoria\/onda-coreana-conquista-jovens-de-salvador\/#article\",\"isPartOf\":{\"@id\":\"https:\/\/id126ufba.com.br\/memoria\/onda-coreana-conquista-jovens-de-salvador\/\"},\"author\":{\"name\":\"\",\"@id\":\"\"},\"headline\":\"K-POP: Onda coreana conquista jovens de Salvador\",\"datePublished\":\"2017-07-05T12:21:32+00:00\",\"dateModified\":\"2017-07-05T20:38:54+00:00\",\"mainEntityOfPage\":{\"@id\":\"https:\/\/id126ufba.com.br\/memoria\/onda-coreana-conquista-jovens-de-salvador\/\"},\"wordCount\":1627,\"commentCount\":0,\"publisher\":{\"@id\":\"https:\/\/id126ufba.com.br\/memoria\/#organization\"},\"image\":{\"@id\":\"https:\/\/id126ufba.com.br\/memoria\/onda-coreana-conquista-jovens-de-salvador\/#primaryimage\"},\"thumbnailUrl\":\"https:\/\/id126ufba.com.br\/memoria\/wp-content\/uploads\/2017\/07\/O-ensaio-foi-pensado-para-divulgar-a-participa\u00e7\u00e3o-do-grupo-no-pr\u00f3ximo-Festival-K-Pop-Bahia-Cr\u00e9ditos-.jpg\",\"keywords\":[\"Coreia do Sul\",\"cultura\",\"K-Pop\",\"m\u00fasica\",\"psy\",\"salvador\"],\"articleSection\":[\"Cultura\"],\"inLanguage\":\"pt-BR\",\"potentialAction\":[{\"@type\":\"CommentAction\",\"name\":\"Comment\",\"target\":[\"https:\/\/id126ufba.com.br\/memoria\/onda-coreana-conquista-jovens-de-salvador\/#respond\"]}]},{\"@type\":\"WebPage\",\"@id\":\"https:\/\/id126ufba.com.br\/memoria\/onda-coreana-conquista-jovens-de-salvador\/\",\"url\":\"https:\/\/id126ufba.com.br\/memoria\/onda-coreana-conquista-jovens-de-salvador\/\",\"name\":\"K-POP: Onda coreana conquista jovens de Salvador - Impressao Digital 126\",\"isPartOf\":{\"@id\":\"https:\/\/id126ufba.com.br\/memoria\/#website\"},\"primaryImageOfPage\":{\"@id\":\"https:\/\/id126ufba.com.br\/memoria\/onda-coreana-conquista-jovens-de-salvador\/#primaryimage\"},\"image\":{\"@id\":\"https:\/\/id126ufba.com.br\/memoria\/onda-coreana-conquista-jovens-de-salvador\/#primaryimage\"},\"thumbnailUrl\":\"https:\/\/id126ufba.com.br\/memoria\/wp-content\/uploads\/2017\/07\/O-ensaio-foi-pensado-para-divulgar-a-participa\u00e7\u00e3o-do-grupo-no-pr\u00f3ximo-Festival-K-Pop-Bahia-Cr\u00e9ditos-.jpg\",\"datePublished\":\"2017-07-05T12:21:32+00:00\",\"dateModified\":\"2017-07-05T20:38:54+00:00\",\"breadcrumb\":{\"@id\":\"https:\/\/id126ufba.com.br\/memoria\/onda-coreana-conquista-jovens-de-salvador\/#breadcrumb\"},\"inLanguage\":\"pt-BR\",\"potentialAction\":[{\"@type\":\"ReadAction\",\"target\":[\"https:\/\/id126ufba.com.br\/memoria\/onda-coreana-conquista-jovens-de-salvador\/\"]}]},{\"@type\":\"ImageObject\",\"inLanguage\":\"pt-BR\",\"@id\":\"https:\/\/id126ufba.com.br\/memoria\/onda-coreana-conquista-jovens-de-salvador\/#primaryimage\",\"url\":\"https:\/\/id126ufba.com.br\/memoria\/wp-content\/uploads\/2017\/07\/O-ensaio-foi-pensado-para-divulgar-a-participa\u00e7\u00e3o-do-grupo-no-pr\u00f3ximo-Festival-K-Pop-Bahia-Cr\u00e9ditos-.jpg\",\"contentUrl\":\"https:\/\/id126ufba.com.br\/memoria\/wp-content\/uploads\/2017\/07\/O-ensaio-foi-pensado-para-divulgar-a-participa\u00e7\u00e3o-do-grupo-no-pr\u00f3ximo-Festival-K-Pop-Bahia-Cr\u00e9ditos-.jpg\",\"width\":960,\"height\":640},{\"@type\":\"BreadcrumbList\",\"@id\":\"https:\/\/id126ufba.com.br\/memoria\/onda-coreana-conquista-jovens-de-salvador\/#breadcrumb\",\"itemListElement\":[{\"@type\":\"ListItem\",\"position\":1,\"name\":\"In\u00edcio\",\"item\":\"https:\/\/id126ufba.com.br\/memoria\/\"},{\"@type\":\"ListItem\",\"position\":2,\"name\":\"K-POP: Onda coreana conquista jovens de Salvador\"}]},{\"@type\":\"WebSite\",\"@id\":\"https:\/\/id126ufba.com.br\/memoria\/#website\",\"url\":\"https:\/\/id126ufba.com.br\/memoria\/\",\"name\":\"Impressao Digital 126\",\"description\":\"\",\"publisher\":{\"@id\":\"https:\/\/id126ufba.com.br\/memoria\/#organization\"},\"potentialAction\":[{\"@type\":\"SearchAction\",\"target\":{\"@type\":\"EntryPoint\",\"urlTemplate\":\"https:\/\/id126ufba.com.br\/memoria\/?s={search_term_string}\"},\"query-input\":{\"@type\":\"PropertyValueSpecification\",\"valueRequired\":true,\"valueName\":\"search_term_string\"}}],\"inLanguage\":\"pt-BR\"},{\"@type\":\"Organization\",\"@id\":\"https:\/\/id126ufba.com.br\/memoria\/#organization\",\"name\":\"Impressao Digital 126\",\"url\":\"https:\/\/id126ufba.com.br\/memoria\/\",\"logo\":{\"@type\":\"ImageObject\",\"inLanguage\":\"pt-BR\",\"@id\":\"https:\/\/id126ufba.com.br\/memoria\/#\/schema\/logo\/image\/\",\"url\":\"https:\/\/id126ufba.com.br\/memoria\/wp-content\/uploads\/2024\/07\/cropped-logo_memoria-1.png\",\"contentUrl\":\"https:\/\/id126ufba.com.br\/memoria\/wp-content\/uploads\/2024\/07\/cropped-logo_memoria-1.png\",\"width\":500,\"height\":100,\"caption\":\"Impressao Digital 126\"},\"image\":{\"@id\":\"https:\/\/id126ufba.com.br\/memoria\/#\/schema\/logo\/image\/\"}},{\"@type\":\"Person\",\"@id\":\"\",\"url\":\"https:\/\/id126ufba.com.br\/memoria\/author\/\"}]}<\/script>\n<!-- \/ Yoast SEO plugin. -->","yoast_head_json":{"title":"K-POP: Onda coreana conquista jovens de Salvador - Impressao Digital 126","robots":{"index":"index","follow":"follow","max-snippet":"max-snippet:-1","max-image-preview":"max-image-preview:large","max-video-preview":"max-video-preview:-1"},"canonical":"https:\/\/id126ufba.com.br\/memoria\/onda-coreana-conquista-jovens-de-salvador\/","og_locale":"pt_BR","og_type":"article","og_title":"K-POP: Onda coreana conquista jovens de Salvador - Impressao Digital 126","og_description":"O K-POP atravessou o mundo e desembarcou em terras baianas para atrair milhares de jovens \u00e1vidos por descobrir novas est\u00e9ticas musicais e visuais. Eles fazem covers e alguns at\u00e9 aprendem o idioma para vencer os concursos.","og_url":"https:\/\/id126ufba.com.br\/memoria\/onda-coreana-conquista-jovens-de-salvador\/","og_site_name":"Impressao Digital 126","article_published_time":"2017-07-05T12:21:32+00:00","article_modified_time":"2017-07-05T20:38:54+00:00","og_image":[{"width":960,"height":640,"url":"https:\/\/id126ufba.com.br\/memoria\/wp-content\/uploads\/2017\/07\/O-ensaio-foi-pensado-para-divulgar-a-participa\u00e7\u00e3o-do-grupo-no-pr\u00f3ximo-Festival-K-Pop-Bahia-Cr\u00e9ditos-.jpg","type":"image\/jpeg"}],"twitter_card":"summary_large_image","twitter_misc":{"Escrito por":"","Est. tempo de leitura":"8 minutos"},"schema":{"@context":"https:\/\/schema.org","@graph":[{"@type":"Article","@id":"https:\/\/id126ufba.com.br\/memoria\/onda-coreana-conquista-jovens-de-salvador\/#article","isPartOf":{"@id":"https:\/\/id126ufba.com.br\/memoria\/onda-coreana-conquista-jovens-de-salvador\/"},"author":{"name":"","@id":""},"headline":"K-POP: Onda coreana conquista jovens de Salvador","datePublished":"2017-07-05T12:21:32+00:00","dateModified":"2017-07-05T20:38:54+00:00","mainEntityOfPage":{"@id":"https:\/\/id126ufba.com.br\/memoria\/onda-coreana-conquista-jovens-de-salvador\/"},"wordCount":1627,"commentCount":0,"publisher":{"@id":"https:\/\/id126ufba.com.br\/memoria\/#organization"},"image":{"@id":"https:\/\/id126ufba.com.br\/memoria\/onda-coreana-conquista-jovens-de-salvador\/#primaryimage"},"thumbnailUrl":"https:\/\/id126ufba.com.br\/memoria\/wp-content\/uploads\/2017\/07\/O-ensaio-foi-pensado-para-divulgar-a-participa\u00e7\u00e3o-do-grupo-no-pr\u00f3ximo-Festival-K-Pop-Bahia-Cr\u00e9ditos-.jpg","keywords":["Coreia do Sul","cultura","K-Pop","m\u00fasica","psy","salvador"],"articleSection":["Cultura"],"inLanguage":"pt-BR","potentialAction":[{"@type":"CommentAction","name":"Comment","target":["https:\/\/id126ufba.com.br\/memoria\/onda-coreana-conquista-jovens-de-salvador\/#respond"]}]},{"@type":"WebPage","@id":"https:\/\/id126ufba.com.br\/memoria\/onda-coreana-conquista-jovens-de-salvador\/","url":"https:\/\/id126ufba.com.br\/memoria\/onda-coreana-conquista-jovens-de-salvador\/","name":"K-POP: Onda coreana conquista jovens de Salvador - Impressao Digital 126","isPartOf":{"@id":"https:\/\/id126ufba.com.br\/memoria\/#website"},"primaryImageOfPage":{"@id":"https:\/\/id126ufba.com.br\/memoria\/onda-coreana-conquista-jovens-de-salvador\/#primaryimage"},"image":{"@id":"https:\/\/id126ufba.com.br\/memoria\/onda-coreana-conquista-jovens-de-salvador\/#primaryimage"},"thumbnailUrl":"https:\/\/id126ufba.com.br\/memoria\/wp-content\/uploads\/2017\/07\/O-ensaio-foi-pensado-para-divulgar-a-participa\u00e7\u00e3o-do-grupo-no-pr\u00f3ximo-Festival-K-Pop-Bahia-Cr\u00e9ditos-.jpg","datePublished":"2017-07-05T12:21:32+00:00","dateModified":"2017-07-05T20:38:54+00:00","breadcrumb":{"@id":"https:\/\/id126ufba.com.br\/memoria\/onda-coreana-conquista-jovens-de-salvador\/#breadcrumb"},"inLanguage":"pt-BR","potentialAction":[{"@type":"ReadAction","target":["https:\/\/id126ufba.com.br\/memoria\/onda-coreana-conquista-jovens-de-salvador\/"]}]},{"@type":"ImageObject","inLanguage":"pt-BR","@id":"https:\/\/id126ufba.com.br\/memoria\/onda-coreana-conquista-jovens-de-salvador\/#primaryimage","url":"https:\/\/id126ufba.com.br\/memoria\/wp-content\/uploads\/2017\/07\/O-ensaio-foi-pensado-para-divulgar-a-participa\u00e7\u00e3o-do-grupo-no-pr\u00f3ximo-Festival-K-Pop-Bahia-Cr\u00e9ditos-.jpg","contentUrl":"https:\/\/id126ufba.com.br\/memoria\/wp-content\/uploads\/2017\/07\/O-ensaio-foi-pensado-para-divulgar-a-participa\u00e7\u00e3o-do-grupo-no-pr\u00f3ximo-Festival-K-Pop-Bahia-Cr\u00e9ditos-.jpg","width":960,"height":640},{"@type":"BreadcrumbList","@id":"https:\/\/id126ufba.com.br\/memoria\/onda-coreana-conquista-jovens-de-salvador\/#breadcrumb","itemListElement":[{"@type":"ListItem","position":1,"name":"In\u00edcio","item":"https:\/\/id126ufba.com.br\/memoria\/"},{"@type":"ListItem","position":2,"name":"K-POP: Onda coreana conquista jovens de Salvador"}]},{"@type":"WebSite","@id":"https:\/\/id126ufba.com.br\/memoria\/#website","url":"https:\/\/id126ufba.com.br\/memoria\/","name":"Impressao Digital 126","description":"","publisher":{"@id":"https:\/\/id126ufba.com.br\/memoria\/#organization"},"potentialAction":[{"@type":"SearchAction","target":{"@type":"EntryPoint","urlTemplate":"https:\/\/id126ufba.com.br\/memoria\/?s={search_term_string}"},"query-input":{"@type":"PropertyValueSpecification","valueRequired":true,"valueName":"search_term_string"}}],"inLanguage":"pt-BR"},{"@type":"Organization","@id":"https:\/\/id126ufba.com.br\/memoria\/#organization","name":"Impressao Digital 126","url":"https:\/\/id126ufba.com.br\/memoria\/","logo":{"@type":"ImageObject","inLanguage":"pt-BR","@id":"https:\/\/id126ufba.com.br\/memoria\/#\/schema\/logo\/image\/","url":"https:\/\/id126ufba.com.br\/memoria\/wp-content\/uploads\/2024\/07\/cropped-logo_memoria-1.png","contentUrl":"https:\/\/id126ufba.com.br\/memoria\/wp-content\/uploads\/2024\/07\/cropped-logo_memoria-1.png","width":500,"height":100,"caption":"Impressao Digital 126"},"image":{"@id":"https:\/\/id126ufba.com.br\/memoria\/#\/schema\/logo\/image\/"}},{"@type":"Person","@id":"","url":"https:\/\/id126ufba.com.br\/memoria\/author\/"}]}},"_links":{"self":[{"href":"https:\/\/id126ufba.com.br\/memoria\/wp-json\/wp\/v2\/posts\/33457"}],"collection":[{"href":"https:\/\/id126ufba.com.br\/memoria\/wp-json\/wp\/v2\/posts"}],"about":[{"href":"https:\/\/id126ufba.com.br\/memoria\/wp-json\/wp\/v2\/types\/post"}],"author":[{"embeddable":true,"href":"https:\/\/id126ufba.com.br\/memoria\/wp-json\/wp\/v2\/users\/4"}],"replies":[{"embeddable":true,"href":"https:\/\/id126ufba.com.br\/memoria\/wp-json\/wp\/v2\/comments?post=33457"}],"version-history":[{"count":11,"href":"https:\/\/id126ufba.com.br\/memoria\/wp-json\/wp\/v2\/posts\/33457\/revisions"}],"predecessor-version":[{"id":33587,"href":"https:\/\/id126ufba.com.br\/memoria\/wp-json\/wp\/v2\/posts\/33457\/revisions\/33587"}],"wp:featuredmedia":[{"embeddable":true,"href":"https:\/\/id126ufba.com.br\/memoria\/wp-json\/wp\/v2\/media\/33522"}],"wp:attachment":[{"href":"https:\/\/id126ufba.com.br\/memoria\/wp-json\/wp\/v2\/media?parent=33457"}],"wp:term":[{"taxonomy":"category","embeddable":true,"href":"https:\/\/id126ufba.com.br\/memoria\/wp-json\/wp\/v2\/categories?post=33457"},{"taxonomy":"post_tag","embeddable":true,"href":"https:\/\/id126ufba.com.br\/memoria\/wp-json\/wp\/v2\/tags?post=33457"}],"curies":[{"name":"wp","href":"https:\/\/api.w.org\/{rel}","templated":true}]}}