{"id":33580,"date":"2017-07-05T09:36:18","date_gmt":"2017-07-05T12:36:18","guid":{"rendered":"http:\/\/impressaodigital126.ufba.br\/?p=33580"},"modified":"2017-07-14T14:51:38","modified_gmt":"2017-07-14T17:51:38","slug":"lutar-e-preciso-o-resto-e-dificil","status":"publish","type":"post","link":"https:\/\/id126ufba.com.br\/memoria\/lutar-e-preciso-o-resto-e-dificil\/","title":{"rendered":"Lutar \u00e9 preciso, o resto \u00e9 dif\u00edcil"},"content":{"rendered":"<p><em>Da sa\u00fade ao sonho, a pr\u00e1tica de artes marciais tr\u00e1s muitos benef\u00edcios, mas se profissionalizar \u00e9\u00a0uma tarefa complicada<\/em><\/p>\n<h6>Heitor Oliveira e Jos\u00e9 Cairo<\/h6>\n<div id=\"attachment_33598\" style=\"width: 930px\" class=\"wp-caption alignnone\"><a href=\"http:\/\/impressaodigital126.ufba.br\/?attachment_id=33598\" rel=\"attachment wp-att-33598\"><img loading=\"lazy\" decoding=\"async\" aria-describedby=\"caption-attachment-33598\" class=\"size-full wp-image-33598\" src=\"http:\/\/impressaodigital126.ufba.br\/wp-content\/uploads\/2017\/07\/lutas.jpg\" alt=\"\" width=\"920\" height=\"613\" srcset=\"https:\/\/id126ufba.com.br\/memoria\/wp-content\/uploads\/2017\/07\/lutas.jpg 920w, https:\/\/id126ufba.com.br\/memoria\/wp-content\/uploads\/2017\/07\/lutas-300x200.jpg 300w, https:\/\/id126ufba.com.br\/memoria\/wp-content\/uploads\/2017\/07\/lutas-768x512.jpg 768w\" sizes=\"(max-width: 920px) 100vw, 920px\" \/><\/a><p id=\"caption-attachment-33598\" class=\"wp-caption-text\">Marcio Conde, 27, deseja viajar \u00e0 Tail\u00e2ndia e trazer um novo estilo de luta para o Brasil. (Foto: Heitor Oliveira)<\/p><\/div>\n<p>H\u00e1 mais no mundo das lutas do que apenas conquistas de medalhas, trof\u00e9us ou t\u00edtulos mundiais. Nem todos chegam ao topo. Para a maioria das pessoas, o boxe, por exemplo, pode ser apenas uma pr\u00e1tica esportiva. Outra, por\u00e9m, pode ser uma t\u00e1bua de salva\u00e7\u00e3o. Ou ent\u00e3o pode ser a profiss\u00e3o escolhida. \u00a0Este foi o caso de Adriana Ara\u00fajo, 35 anos, que recentemente estreou com vit\u00f3ria no boxe profissional. A medalhista de bronze em Londres, 2012, nem sempre quis lutar. Em entrevista ao ID 126, Adriana conta que foi s\u00f3 aos 17 que descobriu o pugilismo, atrav\u00e9s de uma amiga. Antes, ela jogava futebol. Mesmo assim, foi reticente no in\u00edcio, por achar o esporte agressivo.<\/p>\n<p>&#8220;Primeiro comecei por est\u00e9tica, perder peso. Logo em seguida, cinco anos depois, eu levei o boxe como minha profiss\u00e3o&#8221;. Em 2002, quando fez sua primeira luta, o boxe feminino n\u00e3o era considerado esporte ol\u00edmpico e, portanto, carecia investimentos. Mesmo com a chegada de seu primeiro patroc\u00ednio, o Bolsa Atleta, do Governo Federal e a possibilidade de viver do boxe se materializando, ainda sim n\u00e3o era o suficiente. A atleta precisou se virar para custear o transporte para competir e enfrentar a discrimina\u00e7\u00e3o por ser mulher em um esporte predominantemente masculino.<\/p>\n<p>Mesmo com perrengues, o boxe lhe proporcionou experi\u00eancias \u00fanicas que, de outra forma talvez n\u00e3o tivesse. Ela pode conhecer novas culturas e contracenar com personagens importantes do mundo do esporte e da luta. Adriana diz ainda que, se n\u00e3o tivesse mudado a trajet\u00f3ria, seria uma pessoa normal. &#8220;Eu queria me formar em gastronomia, com certeza teria me formado e estaria trabalhando&#8221;.<\/p>\n<p><strong>Criando la\u00e7os<\/strong><\/p>\n<div id=\"attachment_33592\" style=\"width: 328px\" class=\"wp-caption alignleft\"><a href=\"http:\/\/impressaodigital126.ufba.br\/?attachment_id=33592\" rel=\"attachment wp-att-33592\"><img loading=\"lazy\" decoding=\"async\" aria-describedby=\"caption-attachment-33592\" class=\"wp-image-33592 \" src=\"http:\/\/impressaodigital126.ufba.br\/wp-content\/uploads\/2017\/07\/heitor-e1500053310874.jpg\" alt=\"\" width=\"318\" height=\"269\" \/><\/a><p id=\"caption-attachment-33592\" class=\"wp-caption-text\">&#8220;Para mim n\u00e3o \u00e9 perda de energia, \u00e9 ganho, eu preciso disso para dar o g\u00e1s no resto do dia&#8221;. Em seis meses de arte marcial, T\u00e1ina dos Santos perdeu 20kg. (Foto: Acervo pessoal).<\/p><\/div>\n<p>T\u00e1ina dos Santos, 25, tamb\u00e9m buscou auxilio na luta para mudar sua rela\u00e7\u00e3o com o corpo e acabou se apaixonando pela luta. Praticante de muay thai a 18 meses e se aventurando pelo jiu-jitsu a tr\u00eas. A psic\u00f3loga afirma que n\u00e3o conseguia perder peso. Fosse atrav\u00e9s da dieta ou da academia, os resultados n\u00e3o eram satisfat\u00f3rios. O que mudou com a arte marcial foi a vontade de melhorar. O desejo de dominar a modalidade lhe deu for\u00e7as para mudar a alimenta\u00e7\u00e3o, o que auxiliou em ganho em sa\u00fade e condicionamento.<\/p>\n<p>A jovem perdeu 20kg em seis meses e os ganhos foram al\u00e9m do tatame, como o entendimento de que a melhora \u00e9 um processo gradual. Vinda do interior, T\u00e1ina encontrou no CT Fight Brotas, onde treina, la\u00e7os que permaneceram em sua vida e lhe trouxeram o senso de pertencimento que faltava. &#8220;Na competi\u00e7\u00e3o passada, t\u00ednhamos os nossos que n\u00e3o podiam ir, juntamos todos, cada um deu dez reais e todo mundo p\u00f4de&#8221;, lembra. Para ela, os colegas de luta s\u00e3o uma segunda fam\u00edlia.<\/p>\n<p><strong>&#8220;Bonitinho \u00e9 s\u00f3 na televis\u00e3o&#8221;<\/strong><\/p>\n<p>Quando perguntado sobre os bastidores do mundo da luta M\u00e1rcio Conde, 27, responde &#8220;bonitinho \u00e9 s\u00f3 na TV, porqu\u00ea na realidade \u00e9 muito diferente, ou voc\u00ea tem sorte. \u00c9 uma loteria&#8221;. Apresentado ao mundo da luta aos 12 anos, com o Kickboxing e posteriormente entrando no muay thai, Conde tinha um sonho, ser lutador profissional. Junto com o objetivo vinha uma cobran\u00e7a onipresente, a necessidade de prestar contas de tudo e a impossibilidade de viver fora do tatame.&#8221;Se eu quisesse ser lutador, tinha que treinar pelo menos oito horas por dia, isso n\u00e3o tinha como acontecer&#8221;, explicou.<\/p>\n<p>Pai aos 18, teve que trancar a faculdade de educa\u00e7\u00e3o f\u00edsica pois n\u00e3o conseguia conciliar com o trabalho. Conde parou diversas vezes de treinar pelo mesmo motivo, enquanto outros persistiam. \u201cVi amigo meu n\u00e3o ter o dinheiro para almo\u00e7ar, e a galera que tinha patroc\u00ednio do suplemento, que era pouco, dividia com ele, era o almo\u00e7o dele. Ele ia em busca do sonho dele, mas desmaiava, em tempo de ter outra coisa&#8221;.<\/p>\n<p>Hoje professor de muay thai e com 15 anos de pr\u00e1tica, ele lembra que al\u00e9m das barreiras, o retorno era pouco, \u201cquando o promotor fecha uma luta pra voc\u00ea e voc\u00ea ganha, \u00e9 20% dele, 20% seu e 20% da academia. Acaba sobrando muito pouco\u201d, afirma.<\/p>\n<p><strong>Voc\u00ea tem que sonhar sua realidade<\/strong><\/p>\n<p>H\u00e1 quatro anos, Conde tira seu sustento exclusivamente da luta, se dividindo entre ensinar em academias e o servi\u00e7o de Personal Fight. Em vez do aluno ir at\u00e9 ele, ele vai at\u00e9 o aluno. De moto, ele sai de casa \u00e0s 4h30 da manh\u00e3 para percorrer a cidade em dire\u00e7\u00e3o aos v\u00e1rios destinos onde d\u00e1 aula, parando apenas para almo\u00e7ar e levar o filho para a escola.<\/p>\n<p>Entre o extremo da busca e a frustra\u00e7\u00e3o, ele preferiu manter os p\u00e9s no ch\u00e3o. Se antes era t\u00edmido, entrou em consenso com o mundo digital e agora explora este recurso para divulgar seu trabalho. \u201cVoc\u00ea tem que fazer com que todos vejam o trabalho sendo realizado da melhor maneira, hoje em dia a gente vive num mundo virtual\u201d.<\/p>\n<p>Apesar das dificuldades, ainda sim, tra\u00e7a novos caminhos: quer conhecer a Tail\u00e2ndia e a raiz do muay thai, o muay boran, aprender o estilo e retornar ao Brasil para ensinar. &#8220;Voc\u00ea tem que sonhar a sua realidade&#8221;, ele garante, &#8220;tudo que voc\u00ea faz, vive ou realiza, isso \u00e9 o seu sonho&#8221;. Para ele, os sonhos mudaram, mas a perseveran\u00e7a \u00e9 a mesma.<\/p>\n<p>Adriana segue a mesma linha de pensamento e avisa \u201cser profissional em nosso pa\u00eds \u00e9 dif\u00edcil\u201d. N\u00e3o h\u00e1 d\u00favidas. Mas lutar, no entanto, \u00e9 preciso, nestes casos, em todos os sentidos.<\/p>\n","protected":false},"excerpt":{"rendered":"<p>Da sa\u00fade ao sonho, a pr\u00e1tica de artes marciais tr\u00e1s muitos benef\u00edcios, mas se profissionalizar \u00e9\u00a0uma tarefa complicada Heitor Oliveira e Jos\u00e9 Cairo H\u00e1 mais no mundo das lutas do que apenas conquistas de medalhas, trof\u00e9us ou t\u00edtulos mundiais. Nem todos chegam ao topo. Para a maioria das pessoas, o boxe, por exemplo, pode ser [&hellip;]<\/p>\n","protected":false},"author":1,"featured_media":0,"comment_status":"open","ping_status":"open","sticky":false,"template":"","format":"standard","meta":{"_acf_changed":false,"_monsterinsights_skip_tracking":false,"_monsterinsights_sitenote_active":false,"_monsterinsights_sitenote_note":"","_monsterinsights_sitenote_category":0,"footnotes":""},"categories":[1],"tags":[2422,2594,645,2592,2593],"acf":[],"aioseo_notices":[],"yoast_head":"<!-- This site is optimized with the Yoast SEO plugin v24.5 - https:\/\/yoast.com\/wordpress\/plugins\/seo\/ -->\n<title>Lutar \u00e9 preciso, o resto \u00e9 dif\u00edcil - Impressao Digital 126<\/title>\n<meta name=\"robots\" content=\"index, follow, max-snippet:-1, max-image-preview:large, max-video-preview:-1\" \/>\n<link rel=\"canonical\" href=\"https:\/\/id126ufba.com.br\/memoria\/lutar-e-preciso-o-resto-e-dificil\/\" \/>\n<meta property=\"og:locale\" content=\"pt_BR\" \/>\n<meta property=\"og:type\" content=\"article\" \/>\n<meta property=\"og:title\" content=\"Lutar \u00e9 preciso, o resto \u00e9 dif\u00edcil - Impressao Digital 126\" \/>\n<meta property=\"og:description\" content=\"Da sa\u00fade ao sonho, a pr\u00e1tica de artes marciais tr\u00e1s muitos benef\u00edcios, mas se profissionalizar \u00e9\u00a0uma tarefa complicada Heitor Oliveira e Jos\u00e9 Cairo H\u00e1 mais no mundo das lutas do que apenas conquistas de medalhas, trof\u00e9us ou t\u00edtulos mundiais. Nem todos chegam ao topo. Para a maioria das pessoas, o boxe, por exemplo, pode ser [&hellip;]\" \/>\n<meta property=\"og:url\" content=\"https:\/\/id126ufba.com.br\/memoria\/lutar-e-preciso-o-resto-e-dificil\/\" \/>\n<meta property=\"og:site_name\" content=\"Impressao Digital 126\" \/>\n<meta property=\"article:published_time\" content=\"2017-07-05T12:36:18+00:00\" \/>\n<meta property=\"article:modified_time\" content=\"2017-07-14T17:51:38+00:00\" \/>\n<meta property=\"og:image\" content=\"http:\/\/impressaodigital126.ufba.br\/wp-content\/uploads\/2017\/07\/lutas.jpg\" \/>\n<meta name=\"author\" content=\"admin@id126\" \/>\n<meta name=\"twitter:card\" content=\"summary_large_image\" \/>\n<meta name=\"twitter:label1\" content=\"Escrito por\" \/>\n\t<meta name=\"twitter:data1\" content=\"admin@id126\" \/>\n\t<meta name=\"twitter:label2\" content=\"Est. tempo de leitura\" \/>\n\t<meta name=\"twitter:data2\" content=\"5 minutos\" \/>\n<script type=\"application\/ld+json\" class=\"yoast-schema-graph\">{\"@context\":\"https:\/\/schema.org\",\"@graph\":[{\"@type\":\"Article\",\"@id\":\"https:\/\/id126ufba.com.br\/memoria\/lutar-e-preciso-o-resto-e-dificil\/#article\",\"isPartOf\":{\"@id\":\"https:\/\/id126ufba.com.br\/memoria\/lutar-e-preciso-o-resto-e-dificil\/\"},\"author\":{\"name\":\"admin@id126\",\"@id\":\"https:\/\/id126ufba.com.br\/memoria\/#\/schema\/person\/c6fcb22d1ef62f8b18c927639ff5f714\"},\"headline\":\"Lutar \u00e9 preciso, o resto \u00e9 dif\u00edcil\",\"datePublished\":\"2017-07-05T12:36:18+00:00\",\"dateModified\":\"2017-07-14T17:51:38+00:00\",\"mainEntityOfPage\":{\"@id\":\"https:\/\/id126ufba.com.br\/memoria\/lutar-e-preciso-o-resto-e-dificil\/\"},\"wordCount\":1036,\"commentCount\":0,\"publisher\":{\"@id\":\"https:\/\/id126ufba.com.br\/memoria\/#organization\"},\"image\":{\"@id\":\"https:\/\/id126ufba.com.br\/memoria\/lutar-e-preciso-o-resto-e-dificil\/#primaryimage\"},\"thumbnailUrl\":\"http:\/\/impressaodigital126.ufba.br\/wp-content\/uploads\/2017\/07\/lutas.jpg\",\"keywords\":[\"Boxe\",\"educa\u00e7\u00e3o f\u00edsica\",\"esportes\",\"lutas\",\"muay thai\"],\"articleSection\":[\"Cotidiano\"],\"inLanguage\":\"pt-BR\",\"potentialAction\":[{\"@type\":\"CommentAction\",\"name\":\"Comment\",\"target\":[\"https:\/\/id126ufba.com.br\/memoria\/lutar-e-preciso-o-resto-e-dificil\/#respond\"]}]},{\"@type\":\"WebPage\",\"@id\":\"https:\/\/id126ufba.com.br\/memoria\/lutar-e-preciso-o-resto-e-dificil\/\",\"url\":\"https:\/\/id126ufba.com.br\/memoria\/lutar-e-preciso-o-resto-e-dificil\/\",\"name\":\"Lutar \u00e9 preciso, o resto \u00e9 dif\u00edcil - Impressao Digital 126\",\"isPartOf\":{\"@id\":\"https:\/\/id126ufba.com.br\/memoria\/#website\"},\"primaryImageOfPage\":{\"@id\":\"https:\/\/id126ufba.com.br\/memoria\/lutar-e-preciso-o-resto-e-dificil\/#primaryimage\"},\"image\":{\"@id\":\"https:\/\/id126ufba.com.br\/memoria\/lutar-e-preciso-o-resto-e-dificil\/#primaryimage\"},\"thumbnailUrl\":\"http:\/\/impressaodigital126.ufba.br\/wp-content\/uploads\/2017\/07\/lutas.jpg\",\"datePublished\":\"2017-07-05T12:36:18+00:00\",\"dateModified\":\"2017-07-14T17:51:38+00:00\",\"breadcrumb\":{\"@id\":\"https:\/\/id126ufba.com.br\/memoria\/lutar-e-preciso-o-resto-e-dificil\/#breadcrumb\"},\"inLanguage\":\"pt-BR\",\"potentialAction\":[{\"@type\":\"ReadAction\",\"target\":[\"https:\/\/id126ufba.com.br\/memoria\/lutar-e-preciso-o-resto-e-dificil\/\"]}]},{\"@type\":\"ImageObject\",\"inLanguage\":\"pt-BR\",\"@id\":\"https:\/\/id126ufba.com.br\/memoria\/lutar-e-preciso-o-resto-e-dificil\/#primaryimage\",\"url\":\"http:\/\/impressaodigital126.ufba.br\/wp-content\/uploads\/2017\/07\/lutas.jpg\",\"contentUrl\":\"http:\/\/impressaodigital126.ufba.br\/wp-content\/uploads\/2017\/07\/lutas.jpg\"},{\"@type\":\"BreadcrumbList\",\"@id\":\"https:\/\/id126ufba.com.br\/memoria\/lutar-e-preciso-o-resto-e-dificil\/#breadcrumb\",\"itemListElement\":[{\"@type\":\"ListItem\",\"position\":1,\"name\":\"In\u00edcio\",\"item\":\"https:\/\/id126ufba.com.br\/memoria\/\"},{\"@type\":\"ListItem\",\"position\":2,\"name\":\"Lutar \u00e9 preciso, o resto \u00e9 dif\u00edcil\"}]},{\"@type\":\"WebSite\",\"@id\":\"https:\/\/id126ufba.com.br\/memoria\/#website\",\"url\":\"https:\/\/id126ufba.com.br\/memoria\/\",\"name\":\"Impressao Digital 126\",\"description\":\"\",\"publisher\":{\"@id\":\"https:\/\/id126ufba.com.br\/memoria\/#organization\"},\"potentialAction\":[{\"@type\":\"SearchAction\",\"target\":{\"@type\":\"EntryPoint\",\"urlTemplate\":\"https:\/\/id126ufba.com.br\/memoria\/?s={search_term_string}\"},\"query-input\":{\"@type\":\"PropertyValueSpecification\",\"valueRequired\":true,\"valueName\":\"search_term_string\"}}],\"inLanguage\":\"pt-BR\"},{\"@type\":\"Organization\",\"@id\":\"https:\/\/id126ufba.com.br\/memoria\/#organization\",\"name\":\"Impressao Digital 126\",\"url\":\"https:\/\/id126ufba.com.br\/memoria\/\",\"logo\":{\"@type\":\"ImageObject\",\"inLanguage\":\"pt-BR\",\"@id\":\"https:\/\/id126ufba.com.br\/memoria\/#\/schema\/logo\/image\/\",\"url\":\"https:\/\/id126ufba.com.br\/memoria\/wp-content\/uploads\/2024\/07\/cropped-logo_memoria-1.png\",\"contentUrl\":\"https:\/\/id126ufba.com.br\/memoria\/wp-content\/uploads\/2024\/07\/cropped-logo_memoria-1.png\",\"width\":500,\"height\":100,\"caption\":\"Impressao Digital 126\"},\"image\":{\"@id\":\"https:\/\/id126ufba.com.br\/memoria\/#\/schema\/logo\/image\/\"}},{\"@type\":\"Person\",\"@id\":\"https:\/\/id126ufba.com.br\/memoria\/#\/schema\/person\/c6fcb22d1ef62f8b18c927639ff5f714\",\"name\":\"admin@id126\",\"image\":{\"@type\":\"ImageObject\",\"inLanguage\":\"pt-BR\",\"@id\":\"https:\/\/id126ufba.com.br\/memoria\/#\/schema\/person\/image\/\",\"url\":\"https:\/\/secure.gravatar.com\/avatar\/5e1b68156ed86086cd71521a6acacdd0?s=96&d=mm&r=g\",\"contentUrl\":\"https:\/\/secure.gravatar.com\/avatar\/5e1b68156ed86086cd71521a6acacdd0?s=96&d=mm&r=g\",\"caption\":\"admin@id126\"},\"sameAs\":[\"http:\/\/id126ufba.com.br\"],\"url\":\"https:\/\/id126ufba.com.br\/memoria\/author\/adminid126\/\"}]}<\/script>\n<!-- \/ Yoast SEO plugin. -->","yoast_head_json":{"title":"Lutar \u00e9 preciso, o resto \u00e9 dif\u00edcil - Impressao Digital 126","robots":{"index":"index","follow":"follow","max-snippet":"max-snippet:-1","max-image-preview":"max-image-preview:large","max-video-preview":"max-video-preview:-1"},"canonical":"https:\/\/id126ufba.com.br\/memoria\/lutar-e-preciso-o-resto-e-dificil\/","og_locale":"pt_BR","og_type":"article","og_title":"Lutar \u00e9 preciso, o resto \u00e9 dif\u00edcil - Impressao Digital 126","og_description":"Da sa\u00fade ao sonho, a pr\u00e1tica de artes marciais tr\u00e1s muitos benef\u00edcios, mas se profissionalizar \u00e9\u00a0uma tarefa complicada Heitor Oliveira e Jos\u00e9 Cairo H\u00e1 mais no mundo das lutas do que apenas conquistas de medalhas, trof\u00e9us ou t\u00edtulos mundiais. Nem todos chegam ao topo. Para a maioria das pessoas, o boxe, por exemplo, pode ser [&hellip;]","og_url":"https:\/\/id126ufba.com.br\/memoria\/lutar-e-preciso-o-resto-e-dificil\/","og_site_name":"Impressao Digital 126","article_published_time":"2017-07-05T12:36:18+00:00","article_modified_time":"2017-07-14T17:51:38+00:00","og_image":[{"url":"http:\/\/impressaodigital126.ufba.br\/wp-content\/uploads\/2017\/07\/lutas.jpg","type":"","width":"","height":""}],"author":"admin@id126","twitter_card":"summary_large_image","twitter_misc":{"Escrito por":"admin@id126","Est. tempo de leitura":"5 minutos"},"schema":{"@context":"https:\/\/schema.org","@graph":[{"@type":"Article","@id":"https:\/\/id126ufba.com.br\/memoria\/lutar-e-preciso-o-resto-e-dificil\/#article","isPartOf":{"@id":"https:\/\/id126ufba.com.br\/memoria\/lutar-e-preciso-o-resto-e-dificil\/"},"author":{"name":"admin@id126","@id":"https:\/\/id126ufba.com.br\/memoria\/#\/schema\/person\/c6fcb22d1ef62f8b18c927639ff5f714"},"headline":"Lutar \u00e9 preciso, o resto \u00e9 dif\u00edcil","datePublished":"2017-07-05T12:36:18+00:00","dateModified":"2017-07-14T17:51:38+00:00","mainEntityOfPage":{"@id":"https:\/\/id126ufba.com.br\/memoria\/lutar-e-preciso-o-resto-e-dificil\/"},"wordCount":1036,"commentCount":0,"publisher":{"@id":"https:\/\/id126ufba.com.br\/memoria\/#organization"},"image":{"@id":"https:\/\/id126ufba.com.br\/memoria\/lutar-e-preciso-o-resto-e-dificil\/#primaryimage"},"thumbnailUrl":"http:\/\/impressaodigital126.ufba.br\/wp-content\/uploads\/2017\/07\/lutas.jpg","keywords":["Boxe","educa\u00e7\u00e3o f\u00edsica","esportes","lutas","muay thai"],"articleSection":["Cotidiano"],"inLanguage":"pt-BR","potentialAction":[{"@type":"CommentAction","name":"Comment","target":["https:\/\/id126ufba.com.br\/memoria\/lutar-e-preciso-o-resto-e-dificil\/#respond"]}]},{"@type":"WebPage","@id":"https:\/\/id126ufba.com.br\/memoria\/lutar-e-preciso-o-resto-e-dificil\/","url":"https:\/\/id126ufba.com.br\/memoria\/lutar-e-preciso-o-resto-e-dificil\/","name":"Lutar \u00e9 preciso, o resto \u00e9 dif\u00edcil - Impressao Digital 126","isPartOf":{"@id":"https:\/\/id126ufba.com.br\/memoria\/#website"},"primaryImageOfPage":{"@id":"https:\/\/id126ufba.com.br\/memoria\/lutar-e-preciso-o-resto-e-dificil\/#primaryimage"},"image":{"@id":"https:\/\/id126ufba.com.br\/memoria\/lutar-e-preciso-o-resto-e-dificil\/#primaryimage"},"thumbnailUrl":"http:\/\/impressaodigital126.ufba.br\/wp-content\/uploads\/2017\/07\/lutas.jpg","datePublished":"2017-07-05T12:36:18+00:00","dateModified":"2017-07-14T17:51:38+00:00","breadcrumb":{"@id":"https:\/\/id126ufba.com.br\/memoria\/lutar-e-preciso-o-resto-e-dificil\/#breadcrumb"},"inLanguage":"pt-BR","potentialAction":[{"@type":"ReadAction","target":["https:\/\/id126ufba.com.br\/memoria\/lutar-e-preciso-o-resto-e-dificil\/"]}]},{"@type":"ImageObject","inLanguage":"pt-BR","@id":"https:\/\/id126ufba.com.br\/memoria\/lutar-e-preciso-o-resto-e-dificil\/#primaryimage","url":"http:\/\/impressaodigital126.ufba.br\/wp-content\/uploads\/2017\/07\/lutas.jpg","contentUrl":"http:\/\/impressaodigital126.ufba.br\/wp-content\/uploads\/2017\/07\/lutas.jpg"},{"@type":"BreadcrumbList","@id":"https:\/\/id126ufba.com.br\/memoria\/lutar-e-preciso-o-resto-e-dificil\/#breadcrumb","itemListElement":[{"@type":"ListItem","position":1,"name":"In\u00edcio","item":"https:\/\/id126ufba.com.br\/memoria\/"},{"@type":"ListItem","position":2,"name":"Lutar \u00e9 preciso, o resto \u00e9 dif\u00edcil"}]},{"@type":"WebSite","@id":"https:\/\/id126ufba.com.br\/memoria\/#website","url":"https:\/\/id126ufba.com.br\/memoria\/","name":"Impressao Digital 126","description":"","publisher":{"@id":"https:\/\/id126ufba.com.br\/memoria\/#organization"},"potentialAction":[{"@type":"SearchAction","target":{"@type":"EntryPoint","urlTemplate":"https:\/\/id126ufba.com.br\/memoria\/?s={search_term_string}"},"query-input":{"@type":"PropertyValueSpecification","valueRequired":true,"valueName":"search_term_string"}}],"inLanguage":"pt-BR"},{"@type":"Organization","@id":"https:\/\/id126ufba.com.br\/memoria\/#organization","name":"Impressao Digital 126","url":"https:\/\/id126ufba.com.br\/memoria\/","logo":{"@type":"ImageObject","inLanguage":"pt-BR","@id":"https:\/\/id126ufba.com.br\/memoria\/#\/schema\/logo\/image\/","url":"https:\/\/id126ufba.com.br\/memoria\/wp-content\/uploads\/2024\/07\/cropped-logo_memoria-1.png","contentUrl":"https:\/\/id126ufba.com.br\/memoria\/wp-content\/uploads\/2024\/07\/cropped-logo_memoria-1.png","width":500,"height":100,"caption":"Impressao Digital 126"},"image":{"@id":"https:\/\/id126ufba.com.br\/memoria\/#\/schema\/logo\/image\/"}},{"@type":"Person","@id":"https:\/\/id126ufba.com.br\/memoria\/#\/schema\/person\/c6fcb22d1ef62f8b18c927639ff5f714","name":"admin@id126","image":{"@type":"ImageObject","inLanguage":"pt-BR","@id":"https:\/\/id126ufba.com.br\/memoria\/#\/schema\/person\/image\/","url":"https:\/\/secure.gravatar.com\/avatar\/5e1b68156ed86086cd71521a6acacdd0?s=96&d=mm&r=g","contentUrl":"https:\/\/secure.gravatar.com\/avatar\/5e1b68156ed86086cd71521a6acacdd0?s=96&d=mm&r=g","caption":"admin@id126"},"sameAs":["http:\/\/id126ufba.com.br"],"url":"https:\/\/id126ufba.com.br\/memoria\/author\/adminid126\/"}]}},"_links":{"self":[{"href":"https:\/\/id126ufba.com.br\/memoria\/wp-json\/wp\/v2\/posts\/33580"}],"collection":[{"href":"https:\/\/id126ufba.com.br\/memoria\/wp-json\/wp\/v2\/posts"}],"about":[{"href":"https:\/\/id126ufba.com.br\/memoria\/wp-json\/wp\/v2\/types\/post"}],"author":[{"embeddable":true,"href":"https:\/\/id126ufba.com.br\/memoria\/wp-json\/wp\/v2\/users\/1"}],"replies":[{"embeddable":true,"href":"https:\/\/id126ufba.com.br\/memoria\/wp-json\/wp\/v2\/comments?post=33580"}],"version-history":[{"count":3,"href":"https:\/\/id126ufba.com.br\/memoria\/wp-json\/wp\/v2\/posts\/33580\/revisions"}],"predecessor-version":[{"id":33593,"href":"https:\/\/id126ufba.com.br\/memoria\/wp-json\/wp\/v2\/posts\/33580\/revisions\/33593"}],"wp:attachment":[{"href":"https:\/\/id126ufba.com.br\/memoria\/wp-json\/wp\/v2\/media?parent=33580"}],"wp:term":[{"taxonomy":"category","embeddable":true,"href":"https:\/\/id126ufba.com.br\/memoria\/wp-json\/wp\/v2\/categories?post=33580"},{"taxonomy":"post_tag","embeddable":true,"href":"https:\/\/id126ufba.com.br\/memoria\/wp-json\/wp\/v2\/tags?post=33580"}],"curies":[{"name":"wp","href":"https:\/\/api.w.org\/{rel}","templated":true}]}}