{"id":33999,"date":"2017-08-31T09:15:24","date_gmt":"2017-08-31T12:15:24","guid":{"rendered":"http:\/\/impressaodigital126.ufba.br\/?p=33999"},"modified":"2017-11-04T09:20:46","modified_gmt":"2017-11-04T12:20:46","slug":"b-a-v-ioxe-que-onda-e-essa","status":"publish","type":"post","link":"https:\/\/id126ufba.com.br\/memoria\/b-a-v-ioxe-que-onda-e-essa\/","title":{"rendered":"B.A.V.I?Oxe! Que onda \u00e9 essa?"},"content":{"rendered":"<p><em>O casamento do Viol\u00e3o com o Berimbau e as novas possibilidades sonoras dos dois instrumentos, exploradas pelo Duo B.A.V.I<\/em><\/p>\n<h6>Carolina Carvalho e Raysa Pires<\/h6>\n<div id=\"attachment_34004\" style=\"width: 1010px\" class=\"wp-caption aligncenter\"><img loading=\"lazy\" decoding=\"async\" aria-describedby=\"caption-attachment-34004\" class=\"wp-image-34004 size-full\" src=\"http:\/\/impressaodigital126.ufba.br\/wp-content\/uploads\/2017\/08\/Foto-Matheus-Leite-png.png-2.png\" alt=\"\" width=\"1000\" height=\"667\" srcset=\"https:\/\/id126ufba.com.br\/memoria\/wp-content\/uploads\/2017\/08\/Foto-Matheus-Leite-png.png-2.png 1000w, https:\/\/id126ufba.com.br\/memoria\/wp-content\/uploads\/2017\/08\/Foto-Matheus-Leite-png.png-2-300x200.png 300w, https:\/\/id126ufba.com.br\/memoria\/wp-content\/uploads\/2017\/08\/Foto-Matheus-Leite-png.png-2-768x512.png 768w\" sizes=\"(max-width: 1000px) 100vw, 1000px\" \/><p id=\"caption-attachment-34004\" class=\"wp-caption-text\">Berimbau Aparelhado Viol\u00e3o Invent\u00e1vel &#8211; (Foto: Matheus Leite)<\/p><\/div>\n<p>No cora\u00e7\u00e3o do Centro Hist\u00f3rico de Salvador, bem em frente a Cruz do Pascoal, o Largo do Santo Ant\u00f4nio \u00e9 morada da nova experimenta\u00e7\u00e3o musical que tem agitado os becos e vielas do cen\u00e1rio alternativo da cidade. \u00c9 no \u00faltimo andar de um casar\u00e3o de estilo portugu\u00eas, aos p\u00e9s da Ba\u00eda de Todos os Santos, que os m\u00fasicos Anderson Petti e Jo\u00e3o Almy se re\u00fanem, duas vezes por semana, para os ensaios do Duo B.A.V.I.<\/p>\n<p>B.A.V.I \u00e9 uma sigla que refere-se ao Berimbau Aparelhado Viol\u00e3o Invent\u00e1vel, que nasceu do encontro entre os m\u00fasicos Anderson Petti e Jo\u00e3o Almy. Formados pela Universidade Federal da Bahia, os m\u00fasicos se conheceram quando ainda eram estudantes da Escola de M\u00fasica. Um estudava percuss\u00e3o sinf\u00f4nica (Petti), o outro viol\u00e3o cl\u00e1ssico (Almy). As turmas eram separadas, os cursos eram diferentes, mas o dois volta e meia se esbarravam entre os corredores da faculdade e o palcos dos espet\u00e1culos de m\u00fasica da cidade.<\/p>\n<p>Petti cresceu ouvindo samba de roda, na companhia de uma fam\u00edlia de m\u00fasicos (n\u00e3o de profiss\u00e3o, mas de hobby), aos 12 anos j\u00e1 tirava um dinheiro da m\u00fasica, em bandas de baile e trios el\u00e9tricos. Jo\u00e3o decidiu estudar m\u00fasica ainda pequeno, o sonho era tocar guitarra, mas a m\u00e3e preferiu matricul\u00e1-lo nas aulas de flauta, n\u00e3o quis ir pra aula de flauta, ent\u00e3o come\u00e7ou a aprender viol\u00e3o. J\u00e1 no final de seu ensino m\u00e9dio, se emaranhou dentro do universo da m\u00fasica erudita. Petti sempre quis aprender a tocar berimbau, mas n\u00e3o queria fazer capoeira. \u201cFoi o primeiro instrumento musical que eu fiquei encantado e n\u00e3o tinha quem me ensinasse, ent\u00e3o eu comprei um berimbau e fui aprendendo sozinho, de acordo com o que eu ouvia nas aulas&#8221;, conta.\u00a0 J\u00e1 na faculdade, saiu da Bahia para estudar m\u00fasica na Alemanha, l\u00e1 come\u00e7ou experienciar a simbiose entre instrumentos ac\u00fasticos e a tecnologia. Jo\u00e3o estudava viol\u00e3o cl\u00e1ssico e j\u00e1 tocava m\u00fasica popular em barzinhos, mas sempre teve vontade de explorar os instrumentos eletr\u00f4nicos. O encontro estava marcado.<\/p>\n<p><strong>Berimbau Aparelhado Viol\u00e3o Invent\u00e1vel<\/strong><\/p>\n<p>Assim que Petti retornou da Alemanha, os dois se encontraram. Da\u00ed por diante o Duo B.A.V.I come\u00e7ou a tomar forma. O berimbau utilizado \u00e9 um instrumento espec\u00edfico para m\u00fasicos, n\u00e3o aqueles utilizados em rodas de capoeira. &#8220;A esp\u00e9cie da caba\u00e7a dele \u00e9 diferente, tem uma tarracha de contrabaixo. \u00c9 uma coisa bem espec\u00edfica, que ainda \u00e9 alterada por causa da aparelhagem&#8221;, fala Petti. A quest\u00e3o das possibilidades sonoras do berimbau \u00e9 de experimenta\u00e7\u00e3o e descoberta. Tentativa e erro, teste pr\u00e1tico mesmo. &#8220;Como \u00e9 que eu posso mudar o som do berimbau? Ah, vou testar com alum\u00ednio, n\u00e3o d\u00e1 certo. Com vidro, j\u00e1 deu certo. Vou pegar agora um arco de violoncelo, e assim vai&#8221;, indaga Petti. O viol\u00e3o invent\u00e1vel surgiu da necessidade de fazer coisas incomuns com o instrumento e sair do lugar comum. &#8220;Tocar um viol\u00e3o com pedais, por exemplo&#8221;, ressalta Jo\u00e3o.<\/p>\n<div id=\"attachment_34012\" style=\"width: 2058px\" class=\"wp-caption aligncenter\"><img loading=\"lazy\" decoding=\"async\" aria-describedby=\"caption-attachment-34012\" class=\"wp-image-34012 size-full\" src=\"http:\/\/impressaodigital126.ufba.br\/wp-content\/uploads\/2017\/08\/15025135_195362634204838_1276514964867868923_o.jpg\" alt=\"\" width=\"2048\" height=\"1365\" srcset=\"https:\/\/id126ufba.com.br\/memoria\/wp-content\/uploads\/2017\/08\/15025135_195362634204838_1276514964867868923_o.jpg 2048w, https:\/\/id126ufba.com.br\/memoria\/wp-content\/uploads\/2017\/08\/15025135_195362634204838_1276514964867868923_o-300x200.jpg 300w, https:\/\/id126ufba.com.br\/memoria\/wp-content\/uploads\/2017\/08\/15025135_195362634204838_1276514964867868923_o-768x512.jpg 768w, https:\/\/id126ufba.com.br\/memoria\/wp-content\/uploads\/2017\/08\/15025135_195362634204838_1276514964867868923_o-1024x683.jpg 1024w\" sizes=\"(max-width: 2048px) 100vw, 2048px\" \/><p id=\"caption-attachment-34012\" class=\"wp-caption-text\">Duo B.A.V.I pelas lentes do p\u00fablico (Foto: Matheus Leite)<\/p><\/div>\n<p><strong>\u00a0M\u00fasica urbana soteropolitana, seria isso? <\/strong><\/p>\n<p>A faixa &#8220;Na Cordadeira&#8221; ressalta bem o que seria o Duo B.A.V.I. Primeira composi\u00e7\u00e3o do duo, &#8220;Na Cordadeira&#8221; tem um pouco de tudo. Diferentes texturas e ambi\u00eancias, melodias, berimbau aparelhado, viol\u00e3o invent\u00e1vel. N\u00e3o foi \u00e0 toa que m\u00fasica concorreu ao Pr\u00eamio Caymmi de M\u00fasica. Durante um tempo o duo se definia como &#8220;m\u00fasica semi instrumental&#8221;, mas, afirma Jo\u00e3o e Petti, que recentemente tem sido cada vez mais dif\u00edcil se encaixar em um g\u00eanero. &#8220;As vezes \u00e9 instrumental, \u00e0s vezes tem voz, \u00e0s vezes \u00e9 pop. Agora a gente est\u00e1 utilizando o pagode, por exemplo. Acho que talvez &#8220;experimental&#8221; \u00e9 o que mais se encaixa&#8221;, diz Petti.<\/p>\n<p>A jun\u00e7\u00e3o da cultura popular se mistura com os diversos mundos vivenciados pela dupla. Viol\u00e3o de 7 cordas, viol\u00e3o com pedais, berimbau que vira microfone, cello, baixo. Viol\u00e3o erudita que se transforma em guitarra baiana. Algumas batidas graves incrementadas a m\u00fasica, seguidas de um sotaque baiano encaixado em vinhetas que se lan\u00e7am durante o show. \u201cBora Bavi!&#8221;, &#8220;Oxe, que onda \u00e9 essa?&#8221;. O Duo B.A.V.I come\u00e7a a formatar essas viv\u00eancias e experimenta\u00e7\u00f5es, como um grande laborat\u00f3rio de m\u00fasica. &#8220;O processo de sistematiza\u00e7\u00e3o s\u00f3 vem depois que a m\u00fasica t\u00e1 pronta. At\u00e9 l\u00e1 \u00e9 experimentar e ir montando as coisas aos poucos. Perceber pra que lado aquela m\u00fasica vai. Nada \u00e9 premeditado&#8221;, diz Jo\u00e3o.<\/p>\n<p>Nas apresenta\u00e7\u00f5es comandadas por eles, misturam-se o arrocha, o samba de rec\u00f4ncavo, o graves da m\u00fasica jamaicana, o pagode, a m\u00fasica erudita, a m\u00fasica popular brasileira, nada \u00e9 previs\u00edvel. &#8220;Voc\u00ea olha pro berimbau antes de Petti tocar, j\u00e1 imaginando um som, com uma refer\u00eancia de um som, e quando voc\u00ea v\u00ea Petti tocando o berimbau sai um som totalmente inesperado&#8221;, Matheus Leite, fot\u00f3grafo e f\u00e3, em depoimento \u00e0 material videogr\u00e1fico da banda.<\/p>\n<p>O show varia em momentos de aprecia\u00e7\u00e3o e cl\u00edmax. Por ora, o p\u00fablico fica atento, em estado apreciativo, percebendo ali toda a expans\u00e3o musical causada pela aparelhagem e pelos diversos artif\u00edcios usados para ampliar a experi\u00eancia sonora do berimbau, e apreciando tamb\u00e9m a primazia em que Almy dedilha o seu viol\u00e3o invent\u00e1vel, ao mesmo tempo em que utiliza os pedais, tudo de forma bem sincronizada. Por outra, o corpo se entrega a um som mais pegado, mais arrochado. Quando o show vai se aproximando do final, acontece o frenesi que transforma tudo aquilo em uma grande roda de samba, aberta naturalmente pelos mais animados, lembrando as festas de largo que acontecem durante o ver\u00e3o na Bahia.<\/p>\n<p>\u00c9 imposs\u00edvel passar despercebido pelo som do B.A.V.I. Seja pela estranheza, seja pela novidade, seja pela curiosidade, seja pelos arranjos e melodias que v\u00e3o tomando o corpo e a cabe\u00e7a. Depois do susto, tudo vai se colocando em seu devido lugar. Aquela sensa\u00e7\u00e3o de territ\u00f3rio desconhecido, os olhares estranhos, vai dando espa\u00e7o ao som, ao movimento do corpo e, quando menos se espera, voc\u00ea est\u00e1 cantarolando o refr\u00e3o de uma m\u00fasica que nunca tinha ouvido antes, mas que agora aparenta ser super familiar. Que onda \u00e9 essa? N\u00e3o sabemos. S\u00f3 sabemos que \u00e9 bom.<\/p>\n<p><iframe loading=\"lazy\" title=\"Duo B.A.V.I. - Ocupaca \u00c1gua Viva\" width=\"500\" height=\"281\" src=\"https:\/\/www.youtube.com\/embed\/ABg1hijgLQM?feature=oembed\" frameborder=\"0\" allow=\"accelerometer; autoplay; clipboard-write; encrypted-media; gyroscope; picture-in-picture; web-share\" referrerpolicy=\"strict-origin-when-cross-origin\" allowfullscreen><\/iframe><\/p>\n","protected":false},"excerpt":{"rendered":"<p>B.A.V.I (Berimbau Aparelhado Viol\u00e3o Invent\u00e1vel) prop\u00f5e uma nova experi\u00eancia sonora e sensorial do Berimbau e do Viol\u00e3o, atrelados a aparelhagem eletr\u00f4nica.<\/p>\n","protected":false},"author":4,"featured_media":34004,"comment_status":"open","ping_status":"open","sticky":false,"template":"","format":"standard","meta":{"_acf_changed":false,"_monsterinsights_skip_tracking":false,"_monsterinsights_sitenote_active":false,"_monsterinsights_sitenote_note":"","_monsterinsights_sitenote_category":0,"footnotes":""},"categories":[3],"tags":[2660,2661,2664,2665,569,2666,2663,2662],"acf":[],"aioseo_notices":[],"yoast_head":"<!-- This site is optimized with the Yoast SEO plugin v24.5 - https:\/\/yoast.com\/wordpress\/plugins\/seo\/ -->\n<title>B.A.V.I?Oxe! Que onda \u00e9 essa? - Impressao Digital 126<\/title>\n<meta name=\"robots\" content=\"index, follow, max-snippet:-1, max-image-preview:large, max-video-preview:-1\" \/>\n<link rel=\"canonical\" href=\"https:\/\/id126ufba.com.br\/memoria\/b-a-v-ioxe-que-onda-e-essa\/\" \/>\n<meta property=\"og:locale\" content=\"pt_BR\" \/>\n<meta property=\"og:type\" content=\"article\" \/>\n<meta property=\"og:title\" content=\"B.A.V.I?Oxe! Que onda \u00e9 essa? - Impressao Digital 126\" \/>\n<meta property=\"og:description\" content=\"B.A.V.I (Berimbau Aparelhado Viol\u00e3o Invent\u00e1vel) prop\u00f5e uma nova experi\u00eancia sonora e sensorial do Berimbau e do Viol\u00e3o, atrelados a aparelhagem eletr\u00f4nica.\" \/>\n<meta property=\"og:url\" content=\"https:\/\/id126ufba.com.br\/memoria\/b-a-v-ioxe-que-onda-e-essa\/\" \/>\n<meta property=\"og:site_name\" content=\"Impressao Digital 126\" \/>\n<meta property=\"article:published_time\" content=\"2017-08-31T12:15:24+00:00\" \/>\n<meta property=\"article:modified_time\" content=\"2017-11-04T12:20:46+00:00\" \/>\n<meta property=\"og:image\" content=\"https:\/\/id126ufba.com.br\/memoria\/wp-content\/uploads\/2017\/08\/Foto-Matheus-Leite-png.png-2.png\" \/>\n\t<meta property=\"og:image:width\" content=\"1000\" \/>\n\t<meta property=\"og:image:height\" content=\"667\" \/>\n\t<meta property=\"og:image:type\" content=\"image\/png\" \/>\n<meta name=\"twitter:card\" content=\"summary_large_image\" \/>\n<meta name=\"twitter:label1\" content=\"Escrito por\" \/>\n\t<meta name=\"twitter:data1\" content=\"\" \/>\n\t<meta name=\"twitter:label2\" content=\"Est. tempo de leitura\" \/>\n\t<meta name=\"twitter:data2\" content=\"6 minutos\" \/>\n<script type=\"application\/ld+json\" class=\"yoast-schema-graph\">{\"@context\":\"https:\/\/schema.org\",\"@graph\":[{\"@type\":\"Article\",\"@id\":\"https:\/\/id126ufba.com.br\/memoria\/b-a-v-ioxe-que-onda-e-essa\/#article\",\"isPartOf\":{\"@id\":\"https:\/\/id126ufba.com.br\/memoria\/b-a-v-ioxe-que-onda-e-essa\/\"},\"author\":{\"name\":\"\",\"@id\":\"\"},\"headline\":\"B.A.V.I?Oxe! Que onda \u00e9 essa?\",\"datePublished\":\"2017-08-31T12:15:24+00:00\",\"dateModified\":\"2017-11-04T12:20:46+00:00\",\"mainEntityOfPage\":{\"@id\":\"https:\/\/id126ufba.com.br\/memoria\/b-a-v-ioxe-que-onda-e-essa\/\"},\"wordCount\":1186,\"commentCount\":0,\"publisher\":{\"@id\":\"https:\/\/id126ufba.com.br\/memoria\/#organization\"},\"image\":{\"@id\":\"https:\/\/id126ufba.com.br\/memoria\/b-a-v-ioxe-que-onda-e-essa\/#primaryimage\"},\"thumbnailUrl\":\"https:\/\/id126ufba.com.br\/memoria\/wp-content\/uploads\/2017\/08\/Foto-Matheus-Leite-png.png-2.png\",\"keywords\":[\"B.A.V.I\",\"berimbau aparelhado\",\"berimnau\",\"biol\u00e3o\",\"m\u00fasica\",\"m\u00fasica experimental\",\"m\u00fasica urbana soteropolitana\",\"viol\u00e3o invent\u00e1vel\"],\"articleSection\":[\"Cultura\"],\"inLanguage\":\"pt-BR\",\"potentialAction\":[{\"@type\":\"CommentAction\",\"name\":\"Comment\",\"target\":[\"https:\/\/id126ufba.com.br\/memoria\/b-a-v-ioxe-que-onda-e-essa\/#respond\"]}]},{\"@type\":\"WebPage\",\"@id\":\"https:\/\/id126ufba.com.br\/memoria\/b-a-v-ioxe-que-onda-e-essa\/\",\"url\":\"https:\/\/id126ufba.com.br\/memoria\/b-a-v-ioxe-que-onda-e-essa\/\",\"name\":\"B.A.V.I?Oxe! Que onda \u00e9 essa? - Impressao Digital 126\",\"isPartOf\":{\"@id\":\"https:\/\/id126ufba.com.br\/memoria\/#website\"},\"primaryImageOfPage\":{\"@id\":\"https:\/\/id126ufba.com.br\/memoria\/b-a-v-ioxe-que-onda-e-essa\/#primaryimage\"},\"image\":{\"@id\":\"https:\/\/id126ufba.com.br\/memoria\/b-a-v-ioxe-que-onda-e-essa\/#primaryimage\"},\"thumbnailUrl\":\"https:\/\/id126ufba.com.br\/memoria\/wp-content\/uploads\/2017\/08\/Foto-Matheus-Leite-png.png-2.png\",\"datePublished\":\"2017-08-31T12:15:24+00:00\",\"dateModified\":\"2017-11-04T12:20:46+00:00\",\"breadcrumb\":{\"@id\":\"https:\/\/id126ufba.com.br\/memoria\/b-a-v-ioxe-que-onda-e-essa\/#breadcrumb\"},\"inLanguage\":\"pt-BR\",\"potentialAction\":[{\"@type\":\"ReadAction\",\"target\":[\"https:\/\/id126ufba.com.br\/memoria\/b-a-v-ioxe-que-onda-e-essa\/\"]}]},{\"@type\":\"ImageObject\",\"inLanguage\":\"pt-BR\",\"@id\":\"https:\/\/id126ufba.com.br\/memoria\/b-a-v-ioxe-que-onda-e-essa\/#primaryimage\",\"url\":\"https:\/\/id126ufba.com.br\/memoria\/wp-content\/uploads\/2017\/08\/Foto-Matheus-Leite-png.png-2.png\",\"contentUrl\":\"https:\/\/id126ufba.com.br\/memoria\/wp-content\/uploads\/2017\/08\/Foto-Matheus-Leite-png.png-2.png\",\"width\":1000,\"height\":667,\"caption\":\"(Berimbau Aparelhado Viol\u00e3o Invent\u00e1vel - foto: Matheus Leite)\"},{\"@type\":\"BreadcrumbList\",\"@id\":\"https:\/\/id126ufba.com.br\/memoria\/b-a-v-ioxe-que-onda-e-essa\/#breadcrumb\",\"itemListElement\":[{\"@type\":\"ListItem\",\"position\":1,\"name\":\"In\u00edcio\",\"item\":\"https:\/\/id126ufba.com.br\/memoria\/\"},{\"@type\":\"ListItem\",\"position\":2,\"name\":\"B.A.V.I?Oxe! Que onda \u00e9 essa?\"}]},{\"@type\":\"WebSite\",\"@id\":\"https:\/\/id126ufba.com.br\/memoria\/#website\",\"url\":\"https:\/\/id126ufba.com.br\/memoria\/\",\"name\":\"Impressao Digital 126\",\"description\":\"\",\"publisher\":{\"@id\":\"https:\/\/id126ufba.com.br\/memoria\/#organization\"},\"potentialAction\":[{\"@type\":\"SearchAction\",\"target\":{\"@type\":\"EntryPoint\",\"urlTemplate\":\"https:\/\/id126ufba.com.br\/memoria\/?s={search_term_string}\"},\"query-input\":{\"@type\":\"PropertyValueSpecification\",\"valueRequired\":true,\"valueName\":\"search_term_string\"}}],\"inLanguage\":\"pt-BR\"},{\"@type\":\"Organization\",\"@id\":\"https:\/\/id126ufba.com.br\/memoria\/#organization\",\"name\":\"Impressao Digital 126\",\"url\":\"https:\/\/id126ufba.com.br\/memoria\/\",\"logo\":{\"@type\":\"ImageObject\",\"inLanguage\":\"pt-BR\",\"@id\":\"https:\/\/id126ufba.com.br\/memoria\/#\/schema\/logo\/image\/\",\"url\":\"https:\/\/id126ufba.com.br\/memoria\/wp-content\/uploads\/2024\/07\/cropped-logo_memoria-1.png\",\"contentUrl\":\"https:\/\/id126ufba.com.br\/memoria\/wp-content\/uploads\/2024\/07\/cropped-logo_memoria-1.png\",\"width\":500,\"height\":100,\"caption\":\"Impressao Digital 126\"},\"image\":{\"@id\":\"https:\/\/id126ufba.com.br\/memoria\/#\/schema\/logo\/image\/\"}},{\"@type\":\"Person\",\"@id\":\"\",\"url\":\"https:\/\/id126ufba.com.br\/memoria\/author\/\"}]}<\/script>\n<!-- \/ Yoast SEO plugin. -->","yoast_head_json":{"title":"B.A.V.I?Oxe! Que onda \u00e9 essa? - Impressao Digital 126","robots":{"index":"index","follow":"follow","max-snippet":"max-snippet:-1","max-image-preview":"max-image-preview:large","max-video-preview":"max-video-preview:-1"},"canonical":"https:\/\/id126ufba.com.br\/memoria\/b-a-v-ioxe-que-onda-e-essa\/","og_locale":"pt_BR","og_type":"article","og_title":"B.A.V.I?Oxe! Que onda \u00e9 essa? - Impressao Digital 126","og_description":"B.A.V.I (Berimbau Aparelhado Viol\u00e3o Invent\u00e1vel) prop\u00f5e uma nova experi\u00eancia sonora e sensorial do Berimbau e do Viol\u00e3o, atrelados a aparelhagem eletr\u00f4nica.","og_url":"https:\/\/id126ufba.com.br\/memoria\/b-a-v-ioxe-que-onda-e-essa\/","og_site_name":"Impressao Digital 126","article_published_time":"2017-08-31T12:15:24+00:00","article_modified_time":"2017-11-04T12:20:46+00:00","og_image":[{"width":1000,"height":667,"url":"https:\/\/id126ufba.com.br\/memoria\/wp-content\/uploads\/2017\/08\/Foto-Matheus-Leite-png.png-2.png","type":"image\/png"}],"twitter_card":"summary_large_image","twitter_misc":{"Escrito por":"","Est. tempo de leitura":"6 minutos"},"schema":{"@context":"https:\/\/schema.org","@graph":[{"@type":"Article","@id":"https:\/\/id126ufba.com.br\/memoria\/b-a-v-ioxe-que-onda-e-essa\/#article","isPartOf":{"@id":"https:\/\/id126ufba.com.br\/memoria\/b-a-v-ioxe-que-onda-e-essa\/"},"author":{"name":"","@id":""},"headline":"B.A.V.I?Oxe! Que onda \u00e9 essa?","datePublished":"2017-08-31T12:15:24+00:00","dateModified":"2017-11-04T12:20:46+00:00","mainEntityOfPage":{"@id":"https:\/\/id126ufba.com.br\/memoria\/b-a-v-ioxe-que-onda-e-essa\/"},"wordCount":1186,"commentCount":0,"publisher":{"@id":"https:\/\/id126ufba.com.br\/memoria\/#organization"},"image":{"@id":"https:\/\/id126ufba.com.br\/memoria\/b-a-v-ioxe-que-onda-e-essa\/#primaryimage"},"thumbnailUrl":"https:\/\/id126ufba.com.br\/memoria\/wp-content\/uploads\/2017\/08\/Foto-Matheus-Leite-png.png-2.png","keywords":["B.A.V.I","berimbau aparelhado","berimnau","biol\u00e3o","m\u00fasica","m\u00fasica experimental","m\u00fasica urbana soteropolitana","viol\u00e3o invent\u00e1vel"],"articleSection":["Cultura"],"inLanguage":"pt-BR","potentialAction":[{"@type":"CommentAction","name":"Comment","target":["https:\/\/id126ufba.com.br\/memoria\/b-a-v-ioxe-que-onda-e-essa\/#respond"]}]},{"@type":"WebPage","@id":"https:\/\/id126ufba.com.br\/memoria\/b-a-v-ioxe-que-onda-e-essa\/","url":"https:\/\/id126ufba.com.br\/memoria\/b-a-v-ioxe-que-onda-e-essa\/","name":"B.A.V.I?Oxe! Que onda \u00e9 essa? - Impressao Digital 126","isPartOf":{"@id":"https:\/\/id126ufba.com.br\/memoria\/#website"},"primaryImageOfPage":{"@id":"https:\/\/id126ufba.com.br\/memoria\/b-a-v-ioxe-que-onda-e-essa\/#primaryimage"},"image":{"@id":"https:\/\/id126ufba.com.br\/memoria\/b-a-v-ioxe-que-onda-e-essa\/#primaryimage"},"thumbnailUrl":"https:\/\/id126ufba.com.br\/memoria\/wp-content\/uploads\/2017\/08\/Foto-Matheus-Leite-png.png-2.png","datePublished":"2017-08-31T12:15:24+00:00","dateModified":"2017-11-04T12:20:46+00:00","breadcrumb":{"@id":"https:\/\/id126ufba.com.br\/memoria\/b-a-v-ioxe-que-onda-e-essa\/#breadcrumb"},"inLanguage":"pt-BR","potentialAction":[{"@type":"ReadAction","target":["https:\/\/id126ufba.com.br\/memoria\/b-a-v-ioxe-que-onda-e-essa\/"]}]},{"@type":"ImageObject","inLanguage":"pt-BR","@id":"https:\/\/id126ufba.com.br\/memoria\/b-a-v-ioxe-que-onda-e-essa\/#primaryimage","url":"https:\/\/id126ufba.com.br\/memoria\/wp-content\/uploads\/2017\/08\/Foto-Matheus-Leite-png.png-2.png","contentUrl":"https:\/\/id126ufba.com.br\/memoria\/wp-content\/uploads\/2017\/08\/Foto-Matheus-Leite-png.png-2.png","width":1000,"height":667,"caption":"(Berimbau Aparelhado Viol\u00e3o Invent\u00e1vel - foto: Matheus Leite)"},{"@type":"BreadcrumbList","@id":"https:\/\/id126ufba.com.br\/memoria\/b-a-v-ioxe-que-onda-e-essa\/#breadcrumb","itemListElement":[{"@type":"ListItem","position":1,"name":"In\u00edcio","item":"https:\/\/id126ufba.com.br\/memoria\/"},{"@type":"ListItem","position":2,"name":"B.A.V.I?Oxe! Que onda \u00e9 essa?"}]},{"@type":"WebSite","@id":"https:\/\/id126ufba.com.br\/memoria\/#website","url":"https:\/\/id126ufba.com.br\/memoria\/","name":"Impressao Digital 126","description":"","publisher":{"@id":"https:\/\/id126ufba.com.br\/memoria\/#organization"},"potentialAction":[{"@type":"SearchAction","target":{"@type":"EntryPoint","urlTemplate":"https:\/\/id126ufba.com.br\/memoria\/?s={search_term_string}"},"query-input":{"@type":"PropertyValueSpecification","valueRequired":true,"valueName":"search_term_string"}}],"inLanguage":"pt-BR"},{"@type":"Organization","@id":"https:\/\/id126ufba.com.br\/memoria\/#organization","name":"Impressao Digital 126","url":"https:\/\/id126ufba.com.br\/memoria\/","logo":{"@type":"ImageObject","inLanguage":"pt-BR","@id":"https:\/\/id126ufba.com.br\/memoria\/#\/schema\/logo\/image\/","url":"https:\/\/id126ufba.com.br\/memoria\/wp-content\/uploads\/2024\/07\/cropped-logo_memoria-1.png","contentUrl":"https:\/\/id126ufba.com.br\/memoria\/wp-content\/uploads\/2024\/07\/cropped-logo_memoria-1.png","width":500,"height":100,"caption":"Impressao Digital 126"},"image":{"@id":"https:\/\/id126ufba.com.br\/memoria\/#\/schema\/logo\/image\/"}},{"@type":"Person","@id":"","url":"https:\/\/id126ufba.com.br\/memoria\/author\/"}]}},"_links":{"self":[{"href":"https:\/\/id126ufba.com.br\/memoria\/wp-json\/wp\/v2\/posts\/33999"}],"collection":[{"href":"https:\/\/id126ufba.com.br\/memoria\/wp-json\/wp\/v2\/posts"}],"about":[{"href":"https:\/\/id126ufba.com.br\/memoria\/wp-json\/wp\/v2\/types\/post"}],"author":[{"embeddable":true,"href":"https:\/\/id126ufba.com.br\/memoria\/wp-json\/wp\/v2\/users\/4"}],"replies":[{"embeddable":true,"href":"https:\/\/id126ufba.com.br\/memoria\/wp-json\/wp\/v2\/comments?post=33999"}],"version-history":[{"count":10,"href":"https:\/\/id126ufba.com.br\/memoria\/wp-json\/wp\/v2\/posts\/33999\/revisions"}],"predecessor-version":[{"id":34206,"href":"https:\/\/id126ufba.com.br\/memoria\/wp-json\/wp\/v2\/posts\/33999\/revisions\/34206"}],"wp:featuredmedia":[{"embeddable":true,"href":"https:\/\/id126ufba.com.br\/memoria\/wp-json\/wp\/v2\/media\/34004"}],"wp:attachment":[{"href":"https:\/\/id126ufba.com.br\/memoria\/wp-json\/wp\/v2\/media?parent=33999"}],"wp:term":[{"taxonomy":"category","embeddable":true,"href":"https:\/\/id126ufba.com.br\/memoria\/wp-json\/wp\/v2\/categories?post=33999"},{"taxonomy":"post_tag","embeddable":true,"href":"https:\/\/id126ufba.com.br\/memoria\/wp-json\/wp\/v2\/tags?post=33999"}],"curies":[{"name":"wp","href":"https:\/\/api.w.org\/{rel}","templated":true}]}}