{"id":36605,"date":"2019-09-25T22:38:19","date_gmt":"2019-09-26T01:38:19","guid":{"rendered":"http:\/\/impressaodigital126.ufba.br\/?p=36605"},"modified":"2019-10-16T11:54:36","modified_gmt":"2019-10-16T14:54:36","slug":"yogaskills-method-o-metodo-de-yoga-baseado-na-ancestralidade-africana","status":"publish","type":"post","link":"https:\/\/id126ufba.com.br\/memoria\/yogaskills-method-o-metodo-de-yoga-baseado-na-ancestralidade-africana\/","title":{"rendered":"YogaSkills Method: o m\u00e9todo de yoga baseado na ancestralidade africana"},"content":{"rendered":"\n<p>Giulia Estrela, I&#8217;sis Almeida, Maria Marta Lima &#8211; 14 de outubro de 2019<\/p>\n\n\n\n<p>A busca pelo yoga (ou ioga em portugu\u00eas) cresceu nos \u00faltimos anos. Considerado como uma \u201cpr\u00e1tica integrativa complementar\u201d pelo Sistema \u00danico de Sa\u00fade brasileiro (SUS), somente entre os anos de 2017 e 2018 a procura por essa e outras pr\u00e1ticas cresceu de 216 mil para 315 mil de acordo com informa\u00e7\u00f5es fornecidas pela institui\u00e7\u00e3o. Esse interesse da popula\u00e7\u00e3o se d\u00e1 pelo yoga reconhecido hegemonicamente como \u201ctradicional\u201d, de origem indiana.<\/p>\n\n\n\n<p>YogaSkills Method (m\u00e9todo YogaSkills, em portugu\u00eas), \u00e9 um m\u00e9todo contempor\u00e2neo da pr\u00e1tica do yoga baseado na ancestralidade africana e mais especificamente na \u2018Kemetic Yoga\u2019. Kemetic em ingl\u00eas v\u00eam de <a href=\"https:\/\/www.megacurioso.com.br\/historia-e-geografia\/103107-voce-sabia-que-os-antigos-egipcios-nao-chamavam-sua-nacao-de-egito.htm\">Kemet, nome original do Antigo Egito<\/a> &#8211; assim conhecido porque fora batizado pelos gregos. Segundo Yirser Ra Hotep, criador e coordenador da<a href=\"https:\/\/www.yogaskills.com\/\"> YogaSkills School<\/a>, a Kemetic Yoga \u00e9 o antigo sistema eg\u00edpcio do que hoje \u00e9 conhecido mundialmente como yoga.&nbsp;YogaSkills \u00e9 a vers\u00e3o moderna deste sistema antigo que foi desenvolvido a partir de pesquisas conduzidas primeiramente pelo Dr. Asar Hapi, e desenvolvidas, posteriormente, em colabora\u00e7\u00e3o do Dr. Ra Hotep,<span style=\"color: #ff0000;\">&nbsp;<\/span>que foi seu professor de Yoga em Chicago na d\u00e9cada de 70.<\/p>\n\n\n\n<p>A pr\u00e1tica de yoga com base em princ\u00edpios africanos est\u00e1 baseada na ci\u00eancia espiritual kem\u00e9tica, que&nbsp;compreende que todos africanos e seus descendentes retomem a autoconsci\u00eancia e autodetermina\u00e7\u00e3o a partir de sua ancestralidade.<\/p>\n\n\n\n<p>&nbsp;<\/p>\n\n\n\n<div class=\"wp-block-image\"><figure class=\"aligncenter\"><img loading=\"lazy\" decoding=\"async\" width=\"612\" height=\"612\" src=\"http:\/\/impressaodigital126.ufba.br\/wp-content\/uploads\/2019\/10\/yirser-80.jpg\" alt=\"\" class=\"wp-image-36760\"\/><figcaption>Yirser Ra Hotep na d\u00e9cada de 80 &#8211; Foto\/Reprodu\u00e7\u00e3o<\/figcaption><\/figure><\/div>\n\n\n\n<p><strong>J\u00e1 se perguntou&nbsp; por que a civiliza\u00e7\u00e3o eg\u00edpcia e as divindades do antigo Egito s\u00e3o representadas em poses quase acrob\u00e1ticas?<\/strong><\/p>\n\n\n\n<p>Segundo Ra Hotep, a origem da yoga est\u00e1 em Kemet. O antigo Egito est\u00e1 datado 2 milh\u00f5es de anos \u00e0 frente que da&nbsp;civiliza\u00e7\u00e3o indiana, sendo o continente africano considerado o<a href=\"https:\/\/www.acessepiaui.com.br\/ver_coluna2\/1969\/A-Africa-e-o-berco-da-humanidade-\"> &#8216;ber\u00e7o do mundo&#8217;<\/a>. Isso explica porque&nbsp;Kemetic Yoga e, mais especificamente, a YogaSkills questionam a hist\u00f3ria ao contrapor pesquisas cient\u00edficas que apontam a origem do yoga na \u00cdndia.<\/p>\n\n\n\n<p>Apesar disso, o mestre, como \u00e9 chamado pelos alunos da YogaSkills, conta que o m\u00e9todo n\u00e3o foi criado com objetivo de criar rivalidade entre as diferentes escolas indianas do Yoga, mas sim agregar t\u00e9cnicas de todas elas, centrado nas pesquisas que traduziram e interpretaram dos hieroglifos de Kemet, como aponta o site da escola.<\/p>\n\n\n\n<p><strong>A pesquisa<\/strong><\/p>\n\n\n\n<p>Em entrevista para o Impress\u00e3o Digital 126,&nbsp; Ra Hotep conta sobre sua primeira aula de Yoga com o professor Dr. Asar Hapi quando era universit\u00e1rio. &#8220;Minha perspectiva foi formada pelas leituras dos livros de J.A. Rogers, Chancellor Williams, Yosef Ben Jochannon, John Henrique Clark, Cheikh Anta Diop e muitos outros historicistas estudados desde meu tempo na escola&#8221;. Junto a Asar Hapi, o aluno concluiu que a origem da yoga \u00e9 africana.<\/p>\n\n\n\n<p>Ele precisou aprender a antiga l\u00edngua eg\u00edpcia chamada&nbsp;MDW NTR (hier\u00f3glifos). &#8220;Come\u00e7amos o processo de traduzir textos, interpretar s\u00edmbolos e descobrir significados de uma perspectiva da Yoga. Passamos a executar diversos movimentos e posturas que eram representadas nas paredes dos templos e nos textos kem\u00e9ticos para entender quais eram os benef\u00edcios f\u00edsicos, fisiol\u00f3gicos, psicol\u00f3gicos e bioenerg\u00e9ticos&#8221;, afirma.<\/p>\n\n\n\n<p>Essa foi a primeira etapa da pesquisa,&nbsp;j\u00e1 que n\u00e3o haviam encontrado nenhum texto kem\u00e9tico espec\u00edfico explicando como se expressava a Yoga em Kemet. Ra Hotep continuou a praticar e pesquisar, viajou a Kemet (antigo Egito) diversas vezes e juntou as pe\u00e7as de diversas ideias e pr\u00e1ticas para estabelecer o m\u00e9todo YogaSkills.<br><br><\/p>\n\n\n\n<p style=\"text-align:center\" class=\"has-medium-font-size\"><strong><em>&#8220;Na Yoga Kem\u00e9tica reconhecemos o NTRU (as chamadas entidades do Kemet) como arqu\u00e9tipos simb\u00f3licos representantes de princ\u00edpios e poderes universais. Tamb\u00e9m reconhecemos que muitos dos NTRU est\u00e3o representados e gravados nas paredes dos templos e em textos performando posi\u00e7\u00f5es da Yoga&#8221;.<\/em><\/strong><\/p>\n\n\n\n<p style=\"font-size:14px;text-align:center\">Yirser Ra Hotep<br><br><\/p>\n\n\n\n<p>No percurso de ensinar o que aprendeu, o retorno recebido segundo Ra Hotep \u00e9 a grande for\u00e7a curadora da ancestralidade africana. Ela abre caminhos ps\u00edquicos que conectam o praticante com o mundo desconhecido de diversas formas. &#8220;Esse tipo de retorno \u00e9 a minha confirma\u00e7\u00e3o da verdade da Kemetic Yoga e seu valor para os afrodescendentes e todos os seres humanos interessados em participar dela&#8221;, afirma.<br><br><br><\/p>\n\n\n\n<p style=\"text-align:center\" class=\"has-medium-font-size\"><strong>Conhe\u00e7a algumas poses da Kemetic Yoga<\/strong><\/p>\n\n\n\n<figure class=\"wp-block-image\"><img loading=\"lazy\" decoding=\"async\" width=\"2000\" height=\"2667\" src=\"http:\/\/impressaodigital126.ufba.br\/wp-content\/uploads\/2019\/10\/poses-3.png\" alt=\"\" class=\"wp-image-36766\"\/><figcaption>Ilustra\u00e7\u00e3o por <a href=\"https:\/\/www.instagram.com\/estreleta\/\">Giulia Estrela<\/a><\/figcaption><\/figure>\n\n\n\n<p>&nbsp;<\/p>\n\n\n\n<p><strong>Kemetic Yoga e YogaSkills no Brasil<\/strong><\/p>\n\n\n\n<p>Nascida no Rio de Janeiro e atual moradora da Calif\u00f3rnia (EUA), Emaye Ama Mizani \u00e9 formada na YogaSkills Kemetic Yoga School. Ela \u00e9 uma das poucas&nbsp; brasileiras encontrada nas buscas por &#8220;Kemetic Yoga&#8221; ou &#8220;Yoga Africana&#8221; no YouTube.&nbsp; Em 2018, ela concedeu <a href=\"https:\/\/www.youtube.com\/watch?v=tLp_skKDu6w\">entrevista \u00e0 Revista Trip <\/a>na qual conta a hist\u00f3ria do yoga africano e a sua rela\u00e7\u00e3o com a ancestralidade.<\/p>\n\n\n\n<p>Ela teve primeiro contato com a Kemetic Yoga em 2011, mas via a pr\u00e1tica como algo &#8220;corrompido predominantemente pelo mundo branco ocidental&#8221;, revela. Assim como muitos curiosos, come\u00e7ou a praticar atrav\u00e9s de v\u00eddeos no YouTube &#8220;que eram muito menos dispon\u00edveis do que s\u00e3o hoje&#8221;. Cinco anos depois, no retiro para a forma\u00e7\u00e3o de instrutores em Kemetic Yoga, teve oportunidade de ter contato com&nbsp;o mestre Ra Hotep.<\/p>\n\n\n\n<p>Mizani se lembra exatamente da sensa\u00e7\u00e3o que teve ao realizar pela primeira vez a yoga de base africana. &#8220;Foi um estalo que eu jamais esque\u00e7o: a forte sensa\u00e7\u00e3o de pertencimento e prop\u00f3sito. Quando voc\u00ea se coloca nas mesmas posturas que nossos ancestrais se colocavam, se restabelece uma conex\u00e3o profunda com essa ancestralidade atrav\u00e9s de uma recorda\u00e7\u00e3o que chega a ser no n\u00edvel de DNA&#8221;.&nbsp;<\/p>\n\n\n\n<p style=\"text-align:center\" class=\"has-medium-font-size\"><br><em><strong>&#8220;Conectado a esse pertencimento, est\u00e1 o prop\u00f3sito. O prop\u00f3sito de uma pr\u00e1tica que n\u00e3o se trata de vaidade e proselitismos, muito comum de se ver no mundo yogui branco. Se trata de autoconhecimento e autocura&#8221;.<\/strong><\/em><\/p>\n\n\n\n<p style=\"font-size:14px;text-align:center\">Emaye Ama Mizani<br><br><\/p>\n\n\n\n<p>No Brasil, outra figura considerada fundamental pelos praticantes e inclusive pelo mestre Yirser \u00e9 Rosang\u00eala Natalino, fundadora da Kasa de Maa&#8217;t, primeiro Centro de Forma\u00e7\u00e3o em Instrutores de Kemetic Yoga no pa\u00eds. Este ano a casa formou 14 instrutores&nbsp; atrav\u00e9s de uma imers\u00e3o de 15 dias conduzida pelo Yirser em Paraty, Rio de Janeiro. A primeira turma foi formada por um grupo diversificado de pessoas negras, muitas j\u00e1 instrutoras de yoga interessadas, atrav\u00e9s da Kemetic Yoga, em resgatar a ancestralidade e a hist\u00f3ria da qual descendem.&nbsp;Uma delas \u00e9 Tain\u00e1 Ant\u00f4nio, criadora do projeto <a href=\"https:\/\/www.instagram.com\/yogamarginal\/\">Yoga Marginal<\/a> e Fuhara Amani, do coletivo <a href=\"https:\/\/www.instagram.com\/rekhetyoga\/\">Rekhet Yoga.&nbsp;<\/a><\/p>\n\n\n\n<p>&nbsp;<\/p>\n\n\n\n<p>Tain\u00e1 \u00e9 cientista ambiental formada pela Universidade Federal do Rio de Janeiro (UFRJ), professora de yoga e reside em Duque de Caxias, no Rio de Janeiro. Ela conta o fato de j\u00e1 possuir rela\u00e7\u00e3o com a yoga de base indiana h\u00e1 muito tempo, mas n\u00e3o conhecia a hist\u00f3ria e contribui\u00e7\u00f5es de Kemet. Seu primeiro contato foi atrav\u00e9s da internet, pesquisando sobre a rela\u00e7\u00e3o entre yoga e pessoas negras e, desde ent\u00e3o, nunca mais deixou a pr\u00e1tica africana. \u201cQuando percebemos o yoga como um legado e uma heran\u00e7a nossa, do nosso povo, voc\u00ea se sente muito mais representado e pertencente a essa pr\u00e1tica. N\u00e3o \u00e9 a toa que o Kemetic Yoga atrai para si pessoas africanas, em di\u00e1spora ou em continente\u201d, afirma.&nbsp;<\/p>\n\n\n\n<p>O Yoga Marginal \u00e9 um projeto criado por Tain\u00e1 que tem como objetivo levar o yoga a espa\u00e7os que ele geralmente n\u00e3o estaria presente. Tudo come\u00e7ou a partir da ideia de fazer um aul\u00e3o de yoga para pr\u00e9-vestibulandos da regi\u00e3o da Baixada Fluminense com o intuito&nbsp; de que pudessem ter um tempo para se concentrar e vivenciar o autoconhecimento. A partir disso, come\u00e7ou a dar aulas em outros espa\u00e7os comunit\u00e1rios como orfanatos, escolas municipais e p\u00fablicas, rodas de conversa, entre outros. \u201cEstamos numa margem, mas tudo bem, porque agora teremos yoga, terapias e pedagogias outras que pensem a partir da margem\u201d, exclama Ant\u00f4nio.<\/p>\n\n\n\n<p>&nbsp;<\/p>\n\n\n\n<figure><iframe loading=\"lazy\" src=\"https:\/\/www.google.com\/maps\/d\/embed?mid=1YJgjIn7qmC5uFeMWFXW_v2sQmP5Uxcc3\" width=\"1080\" height=\"720\"><\/iframe><\/figure>\n\n\n\n<p class=\"has-small-font-size\">Aproxime para conhecer os intrutores de Kemetic Yoga no Brasil.<br><br><br><\/p>\n\n\n\n<p><strong>A ancestralidade como cura<\/strong><\/p>\n\n\n\n<p>Para Tha\u00eds Paix\u00e3o, instrutora de Hatha Yoga, descobrir a pr\u00e1tica da yoga baseada em Kemet \u00e9 uma oportunidade de se autoconhecer e tamb\u00e9m se diferenciar no mercado. Sua rela\u00e7\u00e3o com a yoga de base indiana iniciou quando numa consulta m\u00e9dica a profissional lhe indicou a pr\u00e1tica para diminuir os sintomas de enxaqueca. Este ano, ela participou de sua primeira viv\u00eancia pr\u00e1tica de Kemetic Yoga atrav\u00e9s do encontro <a href=\"https:\/\/www.sympla.com.br\/kasa-de-maat-apresenta-o-legado-cultural-espiritual-afrakano-de-kemet__602970\">&#8220;O Legado Cultural Espiritual AfRaKano de Kemet&#8221; realizado pela Kasa de Maa&#8217;t&#8221;<\/a>&nbsp;.<br><br><\/p>\n\n\n<p><iframe loading=\"lazy\" src=\"https:\/\/www.youtube.com\/embed\/eVyaNtF6S-Q\" width=\"1080\" height=\"720\" frameborder=\"0\" allowfullscreen=\"allowfullscreen\"><span data-mce-type=\"bookmark\" style=\"display: inline-block; width: 0px; overflow: hidden; line-height: 0;\" class=\"mce_SELRES_start\">\ufeff<\/span><span data-mce-type=\"bookmark\" style=\"display: inline-block; width: 0px; overflow: hidden; line-height: 0;\" class=\"mce_SELRES_start\">\ufeff<\/span><\/iframe><\/p>\n\n\n<p class=\"has-small-font-size\"><p class=\"has-small-font-size\">Entrevista com Tha\u00eds Paix\u00e3o<\/p>\n<p>&nbsp;<\/p><\/p>\n\n\n\n<p><br>Furaha Imani, natural de S\u00e3o Paulo e instrutor de Kemetic Yoga formado na primeira turma de instrutores de Kemetic Yoga pela Kasa de Maa&#8217;t, conta que o saber do antigo Egito fundamenta n\u00e3o apenas a pr\u00e1tica &#8220;do tapete&#8221;, mas a &#8220;experi\u00eancia de uma outra dimens\u00e3o de ser&#8221;.&nbsp; O coletivo Rekhet Yoga, projeto do qual faz parte,&nbsp; oferece aulas de Kemetic Yoga a pre\u00e7o acess\u00edvel, voltado para pessoas negras. Al\u00e9m de terem acesso a pr\u00e1tica, as turmas aprendem conte\u00fados te\u00f3ricos sobre a hist\u00f3ria do yoga eg\u00edpcio e demais conte\u00fados afrocentrados (estudos do continente africano e da di\u00e1spora africana).<\/p>\n\n\n\n<p>&#8220;A gente nunca tinha ouvido falar de yoga, seja de qualquer linhagem, e muito menos que no Kemet j\u00e1 existia essa pr\u00e1tica que os povos indianos chamam de yoga&#8221;, relata Fuhara. Seu primeiro contato com a pr\u00e1tica foi em 2014, num evento onde Emaye Ama Mizani fazia parte da organiza\u00e7\u00e3o. Na \u00e9poca, ela ainda n\u00e3o era formada como instrutora, por\u00e9m, a partir de ent\u00e3o, formou-se uma parceria e ponto de apoio entre muitos brasileiros na troca de conhecimento sobre Kemetic Yoga entre ambos.<br><br><\/p>\n\n\n\n<p><strong>Acompanhe os pr\u00f3ximos eventos no Brasil<\/strong><\/p>\n\n\n\n<p>15 a 24 de novembro de 2019 | Salvador<br><em>Realiza\u00e7\u00e3o: <a href=\"https:\/\/www.returntokemet.com\/experience\">Return to Kemet<\/a><\/em><\/p>\n\n\n\n<p>12 a 21 de dezembro de 2019 | S\u00e3o Paulo<br><em>Realiza\u00e7\u00e3o: <\/em><a href=\"http:\/\/www.yogaskills.com \"><em>YogaSkills Kemetic Yoga School<\/em><\/a><em> e <\/em><a href=\"https:\/\/www.instagram.com\/kasademaat\/\"><em>Kasa de Maa&#8217;t<\/em><\/a><\/p>\n\n\n\n<p>8 a 19 de agosto de 2020 (previs\u00e3o) | Salvador<br><em>Realiza\u00e7\u00e3o:&nbsp;<\/em><a href=\"http:\/\/www.yogaskills.com\/\"><em>YogaSkills Kemetic Yoga School<\/em><\/a><em>&nbsp;e&nbsp;<\/em><a href=\"https:\/\/www.instagram.com\/kasademaat\/\"><em>Kasa de Maa&#8217;t<\/em><\/a><\/p>\n\n\n\n<p>&nbsp;<\/p>\n","protected":false},"excerpt":{"rendered":"<p>Giulia Estrela, I&#8217;sis Almeida, Maria Marta Lima &#8211; 14 de outubro de 2019 A busca pelo yoga (ou ioga em portugu\u00eas) cresceu nos \u00faltimos anos. Considerado como uma \u201cpr\u00e1tica integrativa complementar\u201d pelo Sistema \u00danico de Sa\u00fade brasileiro (SUS), somente entre os anos de 2017 e 2018 a procura por essa e outras pr\u00e1ticas cresceu de [&hellip;]<\/p>\n","protected":false},"author":1,"featured_media":36957,"comment_status":"closed","ping_status":"closed","sticky":false,"template":"","format":"standard","meta":{"_acf_changed":false,"_monsterinsights_skip_tracking":false,"_monsterinsights_sitenote_active":false,"_monsterinsights_sitenote_note":"","_monsterinsights_sitenote_category":0,"footnotes":""},"categories":[3],"tags":[1629,2944,2943,2942,1903],"acf":[],"aioseo_notices":[],"yoast_head":"<!-- This site is optimized with the Yoast SEO plugin v24.5 - https:\/\/yoast.com\/wordpress\/plugins\/seo\/ -->\n<title>YogaSkills Method: o m\u00e9todo de yoga baseado na ancestralidade africana - Impressao Digital 126<\/title>\n<meta name=\"robots\" content=\"index, follow, max-snippet:-1, max-image-preview:large, max-video-preview:-1\" \/>\n<link rel=\"canonical\" href=\"https:\/\/id126ufba.com.br\/memoria\/yogaskills-method-o-metodo-de-yoga-baseado-na-ancestralidade-africana\/\" \/>\n<meta property=\"og:locale\" content=\"pt_BR\" \/>\n<meta property=\"og:type\" content=\"article\" \/>\n<meta property=\"og:title\" content=\"YogaSkills Method: o m\u00e9todo de yoga baseado na ancestralidade africana - Impressao Digital 126\" \/>\n<meta property=\"og:description\" content=\"Giulia Estrela, I&#8217;sis Almeida, Maria Marta Lima &#8211; 14 de outubro de 2019 A busca pelo yoga (ou ioga em portugu\u00eas) cresceu nos \u00faltimos anos. Considerado como uma \u201cpr\u00e1tica integrativa complementar\u201d pelo Sistema \u00danico de Sa\u00fade brasileiro (SUS), somente entre os anos de 2017 e 2018 a procura por essa e outras pr\u00e1ticas cresceu de [&hellip;]\" \/>\n<meta property=\"og:url\" content=\"https:\/\/id126ufba.com.br\/memoria\/yogaskills-method-o-metodo-de-yoga-baseado-na-ancestralidade-africana\/\" \/>\n<meta property=\"og:site_name\" content=\"Impressao Digital 126\" \/>\n<meta property=\"article:published_time\" content=\"2019-09-26T01:38:19+00:00\" \/>\n<meta property=\"article:modified_time\" content=\"2019-10-16T14:54:36+00:00\" \/>\n<meta property=\"og:image\" content=\"https:\/\/id126ufba.com.br\/memoria\/wp-content\/uploads\/2019\/09\/yirser.png\" \/>\n\t<meta property=\"og:image:width\" content=\"1024\" \/>\n\t<meta property=\"og:image:height\" content=\"487\" \/>\n\t<meta property=\"og:image:type\" content=\"image\/png\" \/>\n<meta name=\"author\" content=\"admin@id126\" \/>\n<meta name=\"twitter:card\" content=\"summary_large_image\" \/>\n<meta name=\"twitter:label1\" content=\"Escrito por\" \/>\n\t<meta name=\"twitter:data1\" content=\"admin@id126\" \/>\n\t<meta name=\"twitter:label2\" content=\"Est. tempo de leitura\" \/>\n\t<meta name=\"twitter:data2\" content=\"9 minutos\" \/>\n<script type=\"application\/ld+json\" class=\"yoast-schema-graph\">{\"@context\":\"https:\/\/schema.org\",\"@graph\":[{\"@type\":\"Article\",\"@id\":\"https:\/\/id126ufba.com.br\/memoria\/yogaskills-method-o-metodo-de-yoga-baseado-na-ancestralidade-africana\/#article\",\"isPartOf\":{\"@id\":\"https:\/\/id126ufba.com.br\/memoria\/yogaskills-method-o-metodo-de-yoga-baseado-na-ancestralidade-africana\/\"},\"author\":{\"name\":\"admin@id126\",\"@id\":\"https:\/\/id126ufba.com.br\/memoria\/#\/schema\/person\/c6fcb22d1ef62f8b18c927639ff5f714\"},\"headline\":\"YogaSkills Method: o m\u00e9todo de yoga baseado na ancestralidade africana\",\"datePublished\":\"2019-09-26T01:38:19+00:00\",\"dateModified\":\"2019-10-16T14:54:36+00:00\",\"mainEntityOfPage\":{\"@id\":\"https:\/\/id126ufba.com.br\/memoria\/yogaskills-method-o-metodo-de-yoga-baseado-na-ancestralidade-africana\/\"},\"wordCount\":1731,\"publisher\":{\"@id\":\"https:\/\/id126ufba.com.br\/memoria\/#organization\"},\"image\":{\"@id\":\"https:\/\/id126ufba.com.br\/memoria\/yogaskills-method-o-metodo-de-yoga-baseado-na-ancestralidade-africana\/#primaryimage\"},\"thumbnailUrl\":\"https:\/\/id126ufba.com.br\/memoria\/wp-content\/uploads\/2019\/09\/yirser.png\",\"keywords\":[\"Africa\",\"Black Yoga\",\"IogaKemetica\",\"KemeticYoga\",\"yoga\"],\"articleSection\":[\"Cultura\"],\"inLanguage\":\"pt-BR\"},{\"@type\":\"WebPage\",\"@id\":\"https:\/\/id126ufba.com.br\/memoria\/yogaskills-method-o-metodo-de-yoga-baseado-na-ancestralidade-africana\/\",\"url\":\"https:\/\/id126ufba.com.br\/memoria\/yogaskills-method-o-metodo-de-yoga-baseado-na-ancestralidade-africana\/\",\"name\":\"YogaSkills Method: o m\u00e9todo de yoga baseado na ancestralidade africana - Impressao Digital 126\",\"isPartOf\":{\"@id\":\"https:\/\/id126ufba.com.br\/memoria\/#website\"},\"primaryImageOfPage\":{\"@id\":\"https:\/\/id126ufba.com.br\/memoria\/yogaskills-method-o-metodo-de-yoga-baseado-na-ancestralidade-africana\/#primaryimage\"},\"image\":{\"@id\":\"https:\/\/id126ufba.com.br\/memoria\/yogaskills-method-o-metodo-de-yoga-baseado-na-ancestralidade-africana\/#primaryimage\"},\"thumbnailUrl\":\"https:\/\/id126ufba.com.br\/memoria\/wp-content\/uploads\/2019\/09\/yirser.png\",\"datePublished\":\"2019-09-26T01:38:19+00:00\",\"dateModified\":\"2019-10-16T14:54:36+00:00\",\"breadcrumb\":{\"@id\":\"https:\/\/id126ufba.com.br\/memoria\/yogaskills-method-o-metodo-de-yoga-baseado-na-ancestralidade-africana\/#breadcrumb\"},\"inLanguage\":\"pt-BR\",\"potentialAction\":[{\"@type\":\"ReadAction\",\"target\":[\"https:\/\/id126ufba.com.br\/memoria\/yogaskills-method-o-metodo-de-yoga-baseado-na-ancestralidade-africana\/\"]}]},{\"@type\":\"ImageObject\",\"inLanguage\":\"pt-BR\",\"@id\":\"https:\/\/id126ufba.com.br\/memoria\/yogaskills-method-o-metodo-de-yoga-baseado-na-ancestralidade-africana\/#primaryimage\",\"url\":\"https:\/\/id126ufba.com.br\/memoria\/wp-content\/uploads\/2019\/09\/yirser.png\",\"contentUrl\":\"https:\/\/id126ufba.com.br\/memoria\/wp-content\/uploads\/2019\/09\/yirser.png\",\"width\":3000,\"height\":1426},{\"@type\":\"BreadcrumbList\",\"@id\":\"https:\/\/id126ufba.com.br\/memoria\/yogaskills-method-o-metodo-de-yoga-baseado-na-ancestralidade-africana\/#breadcrumb\",\"itemListElement\":[{\"@type\":\"ListItem\",\"position\":1,\"name\":\"In\u00edcio\",\"item\":\"https:\/\/id126ufba.com.br\/memoria\/\"},{\"@type\":\"ListItem\",\"position\":2,\"name\":\"YogaSkills Method: o m\u00e9todo de yoga baseado na ancestralidade africana\"}]},{\"@type\":\"WebSite\",\"@id\":\"https:\/\/id126ufba.com.br\/memoria\/#website\",\"url\":\"https:\/\/id126ufba.com.br\/memoria\/\",\"name\":\"Impressao Digital 126\",\"description\":\"\",\"publisher\":{\"@id\":\"https:\/\/id126ufba.com.br\/memoria\/#organization\"},\"potentialAction\":[{\"@type\":\"SearchAction\",\"target\":{\"@type\":\"EntryPoint\",\"urlTemplate\":\"https:\/\/id126ufba.com.br\/memoria\/?s={search_term_string}\"},\"query-input\":{\"@type\":\"PropertyValueSpecification\",\"valueRequired\":true,\"valueName\":\"search_term_string\"}}],\"inLanguage\":\"pt-BR\"},{\"@type\":\"Organization\",\"@id\":\"https:\/\/id126ufba.com.br\/memoria\/#organization\",\"name\":\"Impressao Digital 126\",\"url\":\"https:\/\/id126ufba.com.br\/memoria\/\",\"logo\":{\"@type\":\"ImageObject\",\"inLanguage\":\"pt-BR\",\"@id\":\"https:\/\/id126ufba.com.br\/memoria\/#\/schema\/logo\/image\/\",\"url\":\"https:\/\/id126ufba.com.br\/memoria\/wp-content\/uploads\/2024\/07\/cropped-logo_memoria-1.png\",\"contentUrl\":\"https:\/\/id126ufba.com.br\/memoria\/wp-content\/uploads\/2024\/07\/cropped-logo_memoria-1.png\",\"width\":500,\"height\":100,\"caption\":\"Impressao Digital 126\"},\"image\":{\"@id\":\"https:\/\/id126ufba.com.br\/memoria\/#\/schema\/logo\/image\/\"}},{\"@type\":\"Person\",\"@id\":\"https:\/\/id126ufba.com.br\/memoria\/#\/schema\/person\/c6fcb22d1ef62f8b18c927639ff5f714\",\"name\":\"admin@id126\",\"image\":{\"@type\":\"ImageObject\",\"inLanguage\":\"pt-BR\",\"@id\":\"https:\/\/id126ufba.com.br\/memoria\/#\/schema\/person\/image\/\",\"url\":\"https:\/\/secure.gravatar.com\/avatar\/5e1b68156ed86086cd71521a6acacdd0?s=96&d=mm&r=g\",\"contentUrl\":\"https:\/\/secure.gravatar.com\/avatar\/5e1b68156ed86086cd71521a6acacdd0?s=96&d=mm&r=g\",\"caption\":\"admin@id126\"},\"sameAs\":[\"http:\/\/id126ufba.com.br\"],\"url\":\"https:\/\/id126ufba.com.br\/memoria\/author\/adminid126\/\"}]}<\/script>\n<!-- \/ Yoast SEO plugin. -->","yoast_head_json":{"title":"YogaSkills Method: o m\u00e9todo de yoga baseado na ancestralidade africana - Impressao Digital 126","robots":{"index":"index","follow":"follow","max-snippet":"max-snippet:-1","max-image-preview":"max-image-preview:large","max-video-preview":"max-video-preview:-1"},"canonical":"https:\/\/id126ufba.com.br\/memoria\/yogaskills-method-o-metodo-de-yoga-baseado-na-ancestralidade-africana\/","og_locale":"pt_BR","og_type":"article","og_title":"YogaSkills Method: o m\u00e9todo de yoga baseado na ancestralidade africana - Impressao Digital 126","og_description":"Giulia Estrela, I&#8217;sis Almeida, Maria Marta Lima &#8211; 14 de outubro de 2019 A busca pelo yoga (ou ioga em portugu\u00eas) cresceu nos \u00faltimos anos. Considerado como uma \u201cpr\u00e1tica integrativa complementar\u201d pelo Sistema \u00danico de Sa\u00fade brasileiro (SUS), somente entre os anos de 2017 e 2018 a procura por essa e outras pr\u00e1ticas cresceu de [&hellip;]","og_url":"https:\/\/id126ufba.com.br\/memoria\/yogaskills-method-o-metodo-de-yoga-baseado-na-ancestralidade-africana\/","og_site_name":"Impressao Digital 126","article_published_time":"2019-09-26T01:38:19+00:00","article_modified_time":"2019-10-16T14:54:36+00:00","og_image":[{"url":"https:\/\/id126ufba.com.br\/memoria\/wp-content\/uploads\/2019\/09\/yirser.png","width":1024,"height":487,"type":"image\/png"}],"author":"admin@id126","twitter_card":"summary_large_image","twitter_misc":{"Escrito por":"admin@id126","Est. tempo de leitura":"9 minutos"},"schema":{"@context":"https:\/\/schema.org","@graph":[{"@type":"Article","@id":"https:\/\/id126ufba.com.br\/memoria\/yogaskills-method-o-metodo-de-yoga-baseado-na-ancestralidade-africana\/#article","isPartOf":{"@id":"https:\/\/id126ufba.com.br\/memoria\/yogaskills-method-o-metodo-de-yoga-baseado-na-ancestralidade-africana\/"},"author":{"name":"admin@id126","@id":"https:\/\/id126ufba.com.br\/memoria\/#\/schema\/person\/c6fcb22d1ef62f8b18c927639ff5f714"},"headline":"YogaSkills Method: o m\u00e9todo de yoga baseado na ancestralidade africana","datePublished":"2019-09-26T01:38:19+00:00","dateModified":"2019-10-16T14:54:36+00:00","mainEntityOfPage":{"@id":"https:\/\/id126ufba.com.br\/memoria\/yogaskills-method-o-metodo-de-yoga-baseado-na-ancestralidade-africana\/"},"wordCount":1731,"publisher":{"@id":"https:\/\/id126ufba.com.br\/memoria\/#organization"},"image":{"@id":"https:\/\/id126ufba.com.br\/memoria\/yogaskills-method-o-metodo-de-yoga-baseado-na-ancestralidade-africana\/#primaryimage"},"thumbnailUrl":"https:\/\/id126ufba.com.br\/memoria\/wp-content\/uploads\/2019\/09\/yirser.png","keywords":["Africa","Black Yoga","IogaKemetica","KemeticYoga","yoga"],"articleSection":["Cultura"],"inLanguage":"pt-BR"},{"@type":"WebPage","@id":"https:\/\/id126ufba.com.br\/memoria\/yogaskills-method-o-metodo-de-yoga-baseado-na-ancestralidade-africana\/","url":"https:\/\/id126ufba.com.br\/memoria\/yogaskills-method-o-metodo-de-yoga-baseado-na-ancestralidade-africana\/","name":"YogaSkills Method: o m\u00e9todo de yoga baseado na ancestralidade africana - Impressao Digital 126","isPartOf":{"@id":"https:\/\/id126ufba.com.br\/memoria\/#website"},"primaryImageOfPage":{"@id":"https:\/\/id126ufba.com.br\/memoria\/yogaskills-method-o-metodo-de-yoga-baseado-na-ancestralidade-africana\/#primaryimage"},"image":{"@id":"https:\/\/id126ufba.com.br\/memoria\/yogaskills-method-o-metodo-de-yoga-baseado-na-ancestralidade-africana\/#primaryimage"},"thumbnailUrl":"https:\/\/id126ufba.com.br\/memoria\/wp-content\/uploads\/2019\/09\/yirser.png","datePublished":"2019-09-26T01:38:19+00:00","dateModified":"2019-10-16T14:54:36+00:00","breadcrumb":{"@id":"https:\/\/id126ufba.com.br\/memoria\/yogaskills-method-o-metodo-de-yoga-baseado-na-ancestralidade-africana\/#breadcrumb"},"inLanguage":"pt-BR","potentialAction":[{"@type":"ReadAction","target":["https:\/\/id126ufba.com.br\/memoria\/yogaskills-method-o-metodo-de-yoga-baseado-na-ancestralidade-africana\/"]}]},{"@type":"ImageObject","inLanguage":"pt-BR","@id":"https:\/\/id126ufba.com.br\/memoria\/yogaskills-method-o-metodo-de-yoga-baseado-na-ancestralidade-africana\/#primaryimage","url":"https:\/\/id126ufba.com.br\/memoria\/wp-content\/uploads\/2019\/09\/yirser.png","contentUrl":"https:\/\/id126ufba.com.br\/memoria\/wp-content\/uploads\/2019\/09\/yirser.png","width":3000,"height":1426},{"@type":"BreadcrumbList","@id":"https:\/\/id126ufba.com.br\/memoria\/yogaskills-method-o-metodo-de-yoga-baseado-na-ancestralidade-africana\/#breadcrumb","itemListElement":[{"@type":"ListItem","position":1,"name":"In\u00edcio","item":"https:\/\/id126ufba.com.br\/memoria\/"},{"@type":"ListItem","position":2,"name":"YogaSkills Method: o m\u00e9todo de yoga baseado na ancestralidade africana"}]},{"@type":"WebSite","@id":"https:\/\/id126ufba.com.br\/memoria\/#website","url":"https:\/\/id126ufba.com.br\/memoria\/","name":"Impressao Digital 126","description":"","publisher":{"@id":"https:\/\/id126ufba.com.br\/memoria\/#organization"},"potentialAction":[{"@type":"SearchAction","target":{"@type":"EntryPoint","urlTemplate":"https:\/\/id126ufba.com.br\/memoria\/?s={search_term_string}"},"query-input":{"@type":"PropertyValueSpecification","valueRequired":true,"valueName":"search_term_string"}}],"inLanguage":"pt-BR"},{"@type":"Organization","@id":"https:\/\/id126ufba.com.br\/memoria\/#organization","name":"Impressao Digital 126","url":"https:\/\/id126ufba.com.br\/memoria\/","logo":{"@type":"ImageObject","inLanguage":"pt-BR","@id":"https:\/\/id126ufba.com.br\/memoria\/#\/schema\/logo\/image\/","url":"https:\/\/id126ufba.com.br\/memoria\/wp-content\/uploads\/2024\/07\/cropped-logo_memoria-1.png","contentUrl":"https:\/\/id126ufba.com.br\/memoria\/wp-content\/uploads\/2024\/07\/cropped-logo_memoria-1.png","width":500,"height":100,"caption":"Impressao Digital 126"},"image":{"@id":"https:\/\/id126ufba.com.br\/memoria\/#\/schema\/logo\/image\/"}},{"@type":"Person","@id":"https:\/\/id126ufba.com.br\/memoria\/#\/schema\/person\/c6fcb22d1ef62f8b18c927639ff5f714","name":"admin@id126","image":{"@type":"ImageObject","inLanguage":"pt-BR","@id":"https:\/\/id126ufba.com.br\/memoria\/#\/schema\/person\/image\/","url":"https:\/\/secure.gravatar.com\/avatar\/5e1b68156ed86086cd71521a6acacdd0?s=96&d=mm&r=g","contentUrl":"https:\/\/secure.gravatar.com\/avatar\/5e1b68156ed86086cd71521a6acacdd0?s=96&d=mm&r=g","caption":"admin@id126"},"sameAs":["http:\/\/id126ufba.com.br"],"url":"https:\/\/id126ufba.com.br\/memoria\/author\/adminid126\/"}]}},"_links":{"self":[{"href":"https:\/\/id126ufba.com.br\/memoria\/wp-json\/wp\/v2\/posts\/36605"}],"collection":[{"href":"https:\/\/id126ufba.com.br\/memoria\/wp-json\/wp\/v2\/posts"}],"about":[{"href":"https:\/\/id126ufba.com.br\/memoria\/wp-json\/wp\/v2\/types\/post"}],"author":[{"embeddable":true,"href":"https:\/\/id126ufba.com.br\/memoria\/wp-json\/wp\/v2\/users\/1"}],"replies":[{"embeddable":true,"href":"https:\/\/id126ufba.com.br\/memoria\/wp-json\/wp\/v2\/comments?post=36605"}],"version-history":[{"count":29,"href":"https:\/\/id126ufba.com.br\/memoria\/wp-json\/wp\/v2\/posts\/36605\/revisions"}],"predecessor-version":[{"id":37515,"href":"https:\/\/id126ufba.com.br\/memoria\/wp-json\/wp\/v2\/posts\/36605\/revisions\/37515"}],"wp:featuredmedia":[{"embeddable":true,"href":"https:\/\/id126ufba.com.br\/memoria\/wp-json\/wp\/v2\/media\/36957"}],"wp:attachment":[{"href":"https:\/\/id126ufba.com.br\/memoria\/wp-json\/wp\/v2\/media?parent=36605"}],"wp:term":[{"taxonomy":"category","embeddable":true,"href":"https:\/\/id126ufba.com.br\/memoria\/wp-json\/wp\/v2\/categories?post=36605"},{"taxonomy":"post_tag","embeddable":true,"href":"https:\/\/id126ufba.com.br\/memoria\/wp-json\/wp\/v2\/tags?post=36605"}],"curies":[{"name":"wp","href":"https:\/\/api.w.org\/{rel}","templated":true}]}}