{"id":37590,"date":"2021-06-01T21:56:17","date_gmt":"2021-06-02T00:56:17","guid":{"rendered":"http:\/\/impressaodigital126.ufba.br\/?p=37590"},"modified":"2021-12-01T19:47:41","modified_gmt":"2021-12-01T22:47:41","slug":"doramas-da-coreia-do-sul-para-o-mundo","status":"publish","type":"post","link":"https:\/\/id126ufba.com.br\/memoria\/doramas-da-coreia-do-sul-para-o-mundo\/","title":{"rendered":"Doramas: da Coreia do Sul para o mundo"},"content":{"rendered":"\n<h2 class=\"wp-block-heading\">Entenda como os sul-coreanos expandiram sua influ\u00eancia cultural no mundo impulsionando suas produ\u00e7\u00f5es audiovisuais<\/h2>\n\n\n\n<p><\/p>\n\n\n\n<p>Ao ouvir o nome K-drama \u00e9 poss\u00edvel que te soe estranho o termo, mas se voc\u00ea \u00e9 habituado \u00e0s plataformas de streamings j\u00e1 deve ter se deparado com um deles. Chamados popularmente de Doramas, K-dramas s\u00e3o produtos audiovisuais sul-coreanos que est\u00e3o ganhando o ocidente. Para se ter uma ideia, s\u00f3 a Netflix vai investir neste ano US $500 milh\u00f5es (R$ 2,7 bilh\u00f5es) em produ\u00e7\u00f5es da Coreia do Sul, e j\u00e1 estabeleceu duas instala\u00e7\u00f5es de produ\u00e7\u00e3o no pa\u00eds.<\/p>\n\n\n\n<p>Um K-Drama tamb\u00e9m pode ser chamado de drama ou novela coreana. A identifica\u00e7\u00e3o vem a partir do \u201cK\u201d, que \u00e9 uma refer\u00eancia \u00e0 Coreia em ingl\u00eas (Korea). Normalmente um K-drama \u00e9 considerado uma miniss\u00e9rie com uma temporada, variando de 12 a 24 epis\u00f3dios. Existem K-dramas de todos os g\u00eaneros, de a\u00e7\u00e3o a terror, mas eles s\u00e3o mais conhecidos por terem em seu repert\u00f3rio o romance sempre envolvendo um momento conflituoso ou&nbsp; com\u00e9dias rom\u00e2nticas como base das suas hist\u00f3rias.<\/p>\n\n\n\n<p>A sua expans\u00e3o \u00e9 t\u00e3o grande que no final de 2019 a Netflix fechou uma parceria com o principal est\u00fadio de produ\u00e7\u00e3o sul-coreano, a Studio Dragon, e a maior empresa de m\u00eddia e entretenimento da Coreia do Sul, a CJ E&amp;M para a produ\u00e7\u00e3o de conte\u00fados.&nbsp; Em 2020, contou com uma nova parceria, a produtora&nbsp; JTBC Content Hub, come\u00e7ando a integrar produ\u00e7\u00f5es em seu cat\u00e1logo, al\u00e9m de produzir conte\u00fado original. Essas alian\u00e7as refletem o crescente n\u00famero de consumidores desse conte\u00fado.<\/p>\n\n\n\n<h4 class=\"wp-block-heading\"><strong>Incentivos governamentais<\/strong><\/h4>\n\n\n\n<p>O consumo dos produtos audiovisuais coreanos pelo Ocidente aumentou bastante ao longo dos anos tamb\u00e9m gra\u00e7as aos incentivos governamentais. Como \u00e9 tratado pela Dr\u00aa. Luana Rufino em seu levantamento <a href=\"https:\/\/www.gov.br\/ancine\/pt-br\/centrais-de-conteudo\/publicacoes\/apresentacoes\/OsucessosulcoreanonoAudiovisual.pdf\" target=\"_blank\" rel=\"noreferrer noopener\">\u201cA bem sucedida experi\u00eancia sul coreana no audiovisual\u201d<\/a>, as pol\u00edticas p\u00fablicas foram fundamentais para isto &#8220;[o] seu grande e r\u00e1pido sucesso pode ser explicado por pol\u00edticas expl\u00edcitas formuladas pelo governo a partir dos anos 1990\u201d.&nbsp; Ela conta que em 1994 houve o caso Jurassic Park em que durante tr\u00eas meses o \u00fanico filme exibido nos cinemas do pa\u00eds foi o longa hollywoodiano. Esta situa\u00e7\u00e3o chamou a aten\u00e7\u00e3o das autoridades n\u00e3o s\u00f3 pela domina\u00e7\u00e3o cultural, mas tamb\u00e9m pelos valores envolvidos.<\/p>\n\n\n\n<p>O investimento na ind\u00fastria do entretenimento na Coreia do Sul aumentou de forma significativa. Ap\u00f3s menos de dez anos do \u2018case Jurassic Park\u2019, o pa\u00eds se encontra no ranking dos maiores produtores mundiais neste mercado, segundo dados da PWC consultoria em sua 18\u00aa pesquisa global de entretenimento e m\u00eddia. \u00c9 o s\u00e9timo pa\u00eds que mais cresce no ramo.<\/p>\n\n\n\n<h4 class=\"wp-block-heading\"><strong>Os f\u00e3s <\/strong><\/h4>\n\n\n\n<p>Mas n\u00e3o s\u00e3o s\u00f3 as grandes empresas que movem uma ind\u00fastria como essa. Os f\u00e3s s\u00e3o parte fundamental na produ\u00e7\u00e3o e consist\u00eancia de um fen\u00f4meno. Tailanna Sodr\u00e9, 27, \u00e9 formada em Est\u00e9tica e Cosm\u00e9tica e \u00e9 apaixonada pelos Doramas desde 2011.&nbsp;<\/p>\n\n\n\n<p>\u201cA ascens\u00e3o dos doramas est\u00e1 junto com a ascens\u00e3o do K-pop, porque teve um boom muito grande. Em 2012, houve um boom com o Gangnam Style, em seguida houve o surgimento do BTS, em 2013, e a\u00ed foi crescendo e crescendo. Nunca houve uma fase em que eles estiveram em baixa, pelo contr\u00e1rio. Chegou num n\u00edvel onde hoje eles s\u00e3o considerados quase atletas, representantes da cultura coreana. Se n\u00e3o houvesse esse crescimento de f\u00e3s deles, com certeza n\u00e3o teria aberto portas para as novelas\u201d comenta Tailanna sobre como ela enxerga a ascens\u00e3o dos doramas.<\/p>\n\n\n\n<p>Tailanna ressalta que h\u00e1 um v\u00ednculo forte da ideia de que o consumo de K-drama e K-pop seja apenas para distra\u00e7\u00e3o de adolescentes. Como f\u00e3 h\u00e1 uma d\u00e9cada, j\u00e1 adulta, acredita que esse v\u00ednculo s\u00f3 a algo juvenil restringe o aspecto social dos doramas. Porque, h\u00e1 doramas com cr\u00edticas a tabus para o pa\u00eds, \u201ctem muitos tabus dentro da Coreia e eu gosto de doramas que trabalham a desconstru\u00e7\u00e3o social\u201d, diz ela.<\/p>\n\n\n\n<p>A mestranda Andressa de Souza, que pesquisa o tema na Universidade Estadual do Sudoeste da Bahia (UESB), ressalta em sua publica\u00e7\u00e3o &#8220;<a href=\"https:\/\/doity.com.br\/anais\/jig2018\/trabalho\/82227\">Audiovisual nas novas m\u00eddias: Dramas sul-coreanos no Brasil<\/a>&#8221; os aspectos da sociedade nos doramas.&nbsp; \u201cOs valores morais e culturais est\u00e3o sempre presentes nos K-Dramas, seja em uma hist\u00f3ria de amor ou um conto sobrenatural. Esse apego \u00e0 tradi\u00e7\u00e3o cultural \u00e9 uma forte caracter\u00edstica das produ\u00e7\u00f5es sul-coreanas. Ela constitui o pano de fundo para as mais diversas hist\u00f3rias\u201d, explica a mestranda.<\/p>\n\n\n\n<h4 class=\"wp-block-heading\"><strong>Impacto em outros campos<\/strong><\/h4>\n\n\n\n<p>A virada foi t\u00e3o significativa para o audiovisual sul coreano que de influenciado passou a influenciar. Voc\u00ea pode n\u00e3o saber, mas The Good Doctor, s\u00e9rie americana de sucesso no ar com quatro temporadas, foi inspirada em um K-drama, Good Doctor de Park Jae-Bum.&nbsp; A casa no lago, filme marcante com Keanu Reeves e Sandra Bullock, \u00e9 um remake do sul coreano Siworae. Outro sucesso que \u00e9 um remake \u00e9 o filme Milagre na Cela 7, inspirado em um filme coreano de mesmo nome lan\u00e7ado em 2013. A Coreia do Sul mudou drasticamente, de um pa\u00eds culturalmente colonizado a lan\u00e7ador de tend\u00eancia.<\/p>\n\n\n\n<p>Se engana quem acha que a pot\u00eancia da ind\u00fastria cultural fica s\u00f3 no campo do entretenimento. O ramo do turismo tamb\u00e9m foi aquecido pela onda cultural coreana, chamada de <em>Hallyu.<\/em>O turismo teve um aumento significativo nos \u00faltimos anos, pelo consumo do K-pop e K-drama, h\u00e1 uma legi\u00e3o de f\u00e3s dispostos a conhecerem a casa dos seus \u00eddolos. Com isso, Seul se torna uma das capitais que os jovens querem fazer interc\u00e2mbio, trabalhar, estudar e viajar por lazer. Desta forma, a ind\u00fastria cultural move outros setores que geram renda e emprego para a na\u00e7\u00e3o.<\/p>\n\n\n\n<div class=\"wp-block-image\">\r\n<figure class=\"aligncenter\"><img loading=\"lazy\" decoding=\"async\" width=\"602\" height=\"263\" class=\"wp-image-37591 aligncenter\" src=\"http:\/\/impressaodigital126.ufba.br\/wp-content\/uploads\/2021\/05\/turismo-coreia-sul.jpg\" alt=\"Gr\u00e1fico exibindo as receitas da Coreia do Sul com turismo, no per\u00edodo entre 2010 e 2020. Percebe-se um crescimento na segunda metade da d\u00e9cada.\" \/>\r\n<figcaption><br \/>Receitas do Turismo da Coreia do Sul 2010-2020.<br \/>Fonte: <a href=\"https:\/\/www.ceicdata.com\/pt\/indicator\/korea\/tourism-revenue\">CEICData<\/a><\/figcaption>\r\n<\/figure>\r\n<\/div>\n\n\n\n<h4 class=\"wp-block-heading\"><strong>Mergulhe nesse mundo<\/strong><\/h4>\n\n\n\n<p>Se voc\u00ea est\u00e1 curioso para assistir um K-drama e mergulhar nesse universo, preparamos algumas sugest\u00f5es de s\u00e9ries que voc\u00ea pode gostar. Tivemos a consultoria de Tailanna e seu vasto conhecimento. Viaja aqui com a gente!<\/p>\n\n\n\n<h5 class=\"wp-block-heading\"><strong>Top 5<\/strong><\/h5>\n\n\n\n<p style=\"text-align:center\">49 Days<\/p>\n\n\n\n<div align=\"center\">\n<figure class=\"wp-block-image is-resized\"><img loading=\"lazy\" decoding=\"async\" class=\"aligncenter\" src=\"https:\/\/lh3.googleusercontent.com\/BiRn72c0SS5tvCGEOSBHZcg-rR7CRbAicI8n1mETiPbwSeRVSz42vCezVVXJiqZdzk5OHZN4e4xe2ZilfpMnm1nQKkirpnryP-hmhollJEASAJtTTh3C8O-NhfqEDr1dzfOCwGo9\" alt=\"Banner de divulga\u00e7\u00e3o de 49 days. Exibe seis protagonistas em um fundo cinza, tr\u00eas mulheres e tr\u00eas homens, alternados da esquerda para a direita.\" width=\"580\" height=\"463\" \/><\/figure>\n<\/div>\n\n\n\n<p>Shin Ji Hyun estava aproveitando a extrema felicidade com rela\u00e7\u00e3o \u00e0 aproxima\u00e7\u00e3o de seu casamento com o seu noivo, Kang Min Ho, mas a sua vida perfeita \u00e9 abalada quando ela sofre um acidente de carro que a deixa em estado de coma. \u00c9 dado para ela uma segunda chance de vida atrav\u00e9s de um ceifador, mas com uma condi\u00e7\u00e3o: de que ela encontre tr\u00eas pessoas fora de sua fam\u00edlia que chore genu\u00ednas e verdadeiras l\u00e1grimas por ela. Com o intuito de fazer isso, ela toma emprestado o corpo de Yi Kyung, uma empregada de meio per\u00edodo em uma loja de conveni\u00eancias, por 49 dias.<\/p>\n\n\n\n<p>&nbsp;<\/p>\n\n\n\n<p style=\"text-align:center\">Because This Is My First Life<\/p>\n\n\n\n<div align=\"center\">\n<figure class=\"wp-block-image is-resized\"><img loading=\"lazy\" decoding=\"async\" class=\"aligncenter\" src=\"https:\/\/lh6.googleusercontent.com\/Va2c9gYhWmOrSsLp6_wm2VLXqrjhXM3cAcCJAlX9Kmoq-_VSdz8-hlpQ70KxiBSZzm2c0F-lX2DuVEo5Dr3mwkL5QQxk1aPNbkOp_2J-chFOwGnanNmz0BZrFz-OIyS-s8qQnNsY\" alt=\"Banner de divulga\u00e7\u00e3o de Because This Is My First Life. Exibe os dois protagonistas, um homem e uma mulher, vestidos com roupas sociais. A mulher, na direita, carrega pranchetas, e o homem, na esquerda, carrega um gato.\" width=\"580\" height=\"384\" \/><\/figure>\n<\/div>\n\n\n\n<p><\/p>\n\n\n\n<p>Yoon Ji Ho (Jung So Min) \u00e9 assistente de escritora h\u00e1 5 anos. Ap\u00f3s descobrir que o seu irm\u00e3o tem uma namorada, e que esta estava gr\u00e1vida, ela decide se mudar. S\u00f3 que morar sozinha \u00e9 algo caro. Por meio de um amigo, ela consegue alugar um quarto na casa de uma &#8220;desconhecida&#8221;. Ap\u00f3s alguns dias morando junto, ela descobre que essa desconhecida \u00e9 na verdade um homem.&nbsp;<\/p>\n\n\n\n<p style=\"text-align:center\">It&#8217;s Okay Not to Be Okay<\/p>\n\n\n\n<div align=\"center\">\n<figure class=\"wp-block-image is-resized\"><img loading=\"lazy\" decoding=\"async\" class=\"aligncenter\" src=\"https:\/\/lh4.googleusercontent.com\/Giz9jTNKqq4ivGoC7bUVq-_-WnWBfepWQHFjWQeS8GzDgkcKpM-T1rZv1NBHsWvxLjCU-8MKSlhs7F6hCdbQpWtlSH2dNZzOPfzeK5WW21pGlFwBYQwzzW3GjR5NsRY8zd_OjBAi\" alt=\"Imagem exibindo os dois protagonistas: uma mulher com express\u00e3o assustada, com traje social em primeiro plano e um homem no plano de fundo, segurando-a com as m\u00e3os.\" width=\"580\" height=\"327\" \/>\n<div class=\"wp-block-embed__wrapper\">\u00a0<\/div>\n<\/figure>\n<\/div>\n\n\n\n<div align=\"center\">\n<iframe loading=\"lazy\" width=\"100%\" height=\"315\" src=\"https:\/\/www.youtube.com\/embed\/VE-5fZxFhCA\" title=\"YouTube video player\" frameborder=\"0\" allow=\"accelerometer; autoplay; clipboard-write; encrypted-media; gyroscope; picture-in-picture\" allowfullscreen><\/iframe>\n<\/div>\n\n\n\n<p>Apostando numa dose agridoce de romance e fantasia, &#8220;It&#8217;s Okay Not to Be Okay&#8221; aborda o cotidiano de um enfermeiro que trabalha em uma ala psiqui\u00e1trica onde precisa lidar com casos cada vez mais problem\u00e1ticos, enquanto uma escritora de hist\u00f3rias famosas convive com um transtorno de personalidade antissocial. Um homem que nega o amor e uma mulher que n\u00e3o conhece o amor desafiam o destino e acabam se apaixonando.<\/p>\n\n\n\n<p style=\"text-align:center\">Crash Landing on You<\/p>\n\n\n\n<div align=\"center\">\n<figure class=\"wp-block-image is-resized\"><img loading=\"lazy\" decoding=\"async\" class=\"aligncenter\" src=\"https:\/\/lh4.googleusercontent.com\/XQqmQfLIRdBIb7EUvyW6vNnnFNPPlJ-1fJ3948ue-dNhUSZEYxTTuf6H2Oa-MCoZBMikwF141VAV5dQJEeEiHp9XaIzITVJwIxqufmdwVTadiYypnqYCoD7P1EV8bsFiPTNlukTV\" alt=\"Imagem exibindo os protagonistas com um trem em segundo plano. Em primeiro plano, no centro, uma mulher sul-coreana olha o horizonte. \u00c0 sua direita, um militar norte-coreano fardado olha para a frente.\" width=\"580\" height=\"326\" \/><\/figure>\n<\/div>\n\n\n\n<p>Em &#8220;Pousando no Amor&#8221; acompanhamos a trajet\u00f3ria da Se-ri, uma mulher independente, moderna e bem sucedida, de uma fam\u00edlia importante da Coreia do Sul, que sofre um acidente de parapente durante uma sess\u00e3o de fotos e, literalmente, cai numa zona militar da Coreia do Norte. Durante a tentativa de retorno para a Coreia do Sul ela se envolve num romance com o capit\u00e3o Ri, um militar de alta patente.<\/p>\n\n\n\n<p style=\"text-align:center\">Mystic Pop-Up Bar<\/p>\n\n\n\n<div align=\"center\">\n<figure class=\"wp-block-image is-resized\"><img loading=\"lazy\" decoding=\"async\" class=\"aligncenter\" src=\"https:\/\/lh3.googleusercontent.com\/e0tWP4uZP8DN6SfKCwuysoOcIif_5i56snj09sTFHSU_YEvpRQE6tAuJG1hCm8Skbctvnq9UZVGt6DlpmmMwpHGrZEz8g9KmlbtDJfrjD2OBPtNWfVRhVPF0gRbMEY-1eSZVj9HL\" alt=\"Imagem exibindo tr\u00eas protagonistas em uma cozinha: uma mulher ao centro, com roupas t\u00edpicas, e dois homens, um de cada lado, trajando aventais.\" width=\"580\" height=\"331\" \/><\/figure>\n<\/div>\n\n\n\n<p><\/p>\n\n\n\n<p>Wol Joo (Hwang Jung Eum) cometeu um pecado em vida que causou muita dor a pessoas que ela nem poderia imaginar. Como puni\u00e7\u00e3o, ela teria que colher as m\u00e1goas de 100.000 seres humanos no Mundo Mortal. Wol Joo deveria ouvir as hist\u00f3rias de seus clientes e confort\u00e1-los para que pudesse se redimir, mas ela n\u00e3o imaginava que muitas coisas iriam acontecer nessa miss\u00e3o.<\/p>\n","protected":false},"excerpt":{"rendered":"<p>Entenda como os sul-coreanos expandiram sua influ\u00eancia cultural no mundo impulsionando suas produ\u00e7\u00f5es audiovisuais Ao ouvir o nome K-drama \u00e9 poss\u00edvel que te soe estranho o termo, mas se voc\u00ea \u00e9 habituado \u00e0s plataformas de streamings j\u00e1 deve ter se deparado com um deles. Chamados popularmente de Doramas, K-dramas s\u00e3o produtos audiovisuais sul-coreanos que est\u00e3o [&hellip;]<\/p>\n","protected":false},"author":1,"featured_media":38196,"comment_status":"closed","ping_status":"closed","sticky":false,"template":"","format":"standard","meta":{"_acf_changed":false,"_monsterinsights_skip_tracking":false,"_monsterinsights_sitenote_active":false,"_monsterinsights_sitenote_note":"","_monsterinsights_sitenote_category":0,"footnotes":""},"categories":[3,2976],"tags":[],"acf":[],"aioseo_notices":[],"yoast_head":"<!-- This site is optimized with the Yoast SEO plugin v24.5 - https:\/\/yoast.com\/wordpress\/plugins\/seo\/ -->\n<title>Doramas: da Coreia do Sul para o mundo - Impressao Digital 126<\/title>\n<meta name=\"robots\" content=\"index, follow, max-snippet:-1, max-image-preview:large, max-video-preview:-1\" \/>\n<link rel=\"canonical\" href=\"https:\/\/id126ufba.com.br\/memoria\/doramas-da-coreia-do-sul-para-o-mundo\/\" \/>\n<meta property=\"og:locale\" content=\"pt_BR\" \/>\n<meta property=\"og:type\" content=\"article\" \/>\n<meta property=\"og:title\" content=\"Doramas: da Coreia do Sul para o mundo - Impressao Digital 126\" \/>\n<meta property=\"og:description\" content=\"Entenda como os sul-coreanos expandiram sua influ\u00eancia cultural no mundo impulsionando suas produ\u00e7\u00f5es audiovisuais Ao ouvir o nome K-drama \u00e9 poss\u00edvel que te soe estranho o termo, mas se voc\u00ea \u00e9 habituado \u00e0s plataformas de streamings j\u00e1 deve ter se deparado com um deles. Chamados popularmente de Doramas, K-dramas s\u00e3o produtos audiovisuais sul-coreanos que est\u00e3o [&hellip;]\" \/>\n<meta property=\"og:url\" content=\"https:\/\/id126ufba.com.br\/memoria\/doramas-da-coreia-do-sul-para-o-mundo\/\" \/>\n<meta property=\"og:site_name\" content=\"Impressao Digital 126\" \/>\n<meta property=\"article:published_time\" content=\"2021-06-02T00:56:17+00:00\" \/>\n<meta property=\"article:modified_time\" content=\"2021-12-01T22:47:41+00:00\" \/>\n<meta property=\"og:image\" content=\"https:\/\/id126ufba.com.br\/memoria\/wp-content\/uploads\/2021\/06\/Doramas_da-Coreia-do-Sul-para-o-mundo.jpg\" \/>\n\t<meta property=\"og:image:width\" content=\"1366\" \/>\n\t<meta property=\"og:image:height\" content=\"668\" \/>\n\t<meta property=\"og:image:type\" content=\"image\/jpeg\" \/>\n<meta name=\"author\" content=\"admin@id126\" \/>\n<meta name=\"twitter:card\" content=\"summary_large_image\" \/>\n<meta name=\"twitter:label1\" content=\"Escrito por\" \/>\n\t<meta name=\"twitter:data1\" content=\"admin@id126\" \/>\n\t<meta name=\"twitter:label2\" content=\"Est. tempo de leitura\" \/>\n\t<meta name=\"twitter:data2\" content=\"7 minutos\" \/>\n<script type=\"application\/ld+json\" class=\"yoast-schema-graph\">{\"@context\":\"https:\/\/schema.org\",\"@graph\":[{\"@type\":\"Article\",\"@id\":\"https:\/\/id126ufba.com.br\/memoria\/doramas-da-coreia-do-sul-para-o-mundo\/#article\",\"isPartOf\":{\"@id\":\"https:\/\/id126ufba.com.br\/memoria\/doramas-da-coreia-do-sul-para-o-mundo\/\"},\"author\":{\"name\":\"admin@id126\",\"@id\":\"https:\/\/id126ufba.com.br\/memoria\/#\/schema\/person\/c6fcb22d1ef62f8b18c927639ff5f714\"},\"headline\":\"Doramas: da Coreia do Sul para o mundo\",\"datePublished\":\"2021-06-02T00:56:17+00:00\",\"dateModified\":\"2021-12-01T22:47:41+00:00\",\"mainEntityOfPage\":{\"@id\":\"https:\/\/id126ufba.com.br\/memoria\/doramas-da-coreia-do-sul-para-o-mundo\/\"},\"wordCount\":1471,\"publisher\":{\"@id\":\"https:\/\/id126ufba.com.br\/memoria\/#organization\"},\"image\":{\"@id\":\"https:\/\/id126ufba.com.br\/memoria\/doramas-da-coreia-do-sul-para-o-mundo\/#primaryimage\"},\"thumbnailUrl\":\"https:\/\/id126ufba.com.br\/memoria\/wp-content\/uploads\/2021\/06\/Doramas_da-Coreia-do-Sul-para-o-mundo.jpg\",\"articleSection\":[\"Cultura\",\"Economia\"],\"inLanguage\":\"pt-BR\"},{\"@type\":\"WebPage\",\"@id\":\"https:\/\/id126ufba.com.br\/memoria\/doramas-da-coreia-do-sul-para-o-mundo\/\",\"url\":\"https:\/\/id126ufba.com.br\/memoria\/doramas-da-coreia-do-sul-para-o-mundo\/\",\"name\":\"Doramas: da Coreia do Sul para o mundo - Impressao Digital 126\",\"isPartOf\":{\"@id\":\"https:\/\/id126ufba.com.br\/memoria\/#website\"},\"primaryImageOfPage\":{\"@id\":\"https:\/\/id126ufba.com.br\/memoria\/doramas-da-coreia-do-sul-para-o-mundo\/#primaryimage\"},\"image\":{\"@id\":\"https:\/\/id126ufba.com.br\/memoria\/doramas-da-coreia-do-sul-para-o-mundo\/#primaryimage\"},\"thumbnailUrl\":\"https:\/\/id126ufba.com.br\/memoria\/wp-content\/uploads\/2021\/06\/Doramas_da-Coreia-do-Sul-para-o-mundo.jpg\",\"datePublished\":\"2021-06-02T00:56:17+00:00\",\"dateModified\":\"2021-12-01T22:47:41+00:00\",\"breadcrumb\":{\"@id\":\"https:\/\/id126ufba.com.br\/memoria\/doramas-da-coreia-do-sul-para-o-mundo\/#breadcrumb\"},\"inLanguage\":\"pt-BR\",\"potentialAction\":[{\"@type\":\"ReadAction\",\"target\":[\"https:\/\/id126ufba.com.br\/memoria\/doramas-da-coreia-do-sul-para-o-mundo\/\"]}]},{\"@type\":\"ImageObject\",\"inLanguage\":\"pt-BR\",\"@id\":\"https:\/\/id126ufba.com.br\/memoria\/doramas-da-coreia-do-sul-para-o-mundo\/#primaryimage\",\"url\":\"https:\/\/id126ufba.com.br\/memoria\/wp-content\/uploads\/2021\/06\/Doramas_da-Coreia-do-Sul-para-o-mundo.jpg\",\"contentUrl\":\"https:\/\/id126ufba.com.br\/memoria\/wp-content\/uploads\/2021\/06\/Doramas_da-Coreia-do-Sul-para-o-mundo.jpg\",\"width\":1366,\"height\":668,\"caption\":\"Montagem com imagens de 4 doramas distintos\"},{\"@type\":\"BreadcrumbList\",\"@id\":\"https:\/\/id126ufba.com.br\/memoria\/doramas-da-coreia-do-sul-para-o-mundo\/#breadcrumb\",\"itemListElement\":[{\"@type\":\"ListItem\",\"position\":1,\"name\":\"In\u00edcio\",\"item\":\"https:\/\/id126ufba.com.br\/memoria\/\"},{\"@type\":\"ListItem\",\"position\":2,\"name\":\"Doramas: da Coreia do Sul para o mundo\"}]},{\"@type\":\"WebSite\",\"@id\":\"https:\/\/id126ufba.com.br\/memoria\/#website\",\"url\":\"https:\/\/id126ufba.com.br\/memoria\/\",\"name\":\"Impressao Digital 126\",\"description\":\"\",\"publisher\":{\"@id\":\"https:\/\/id126ufba.com.br\/memoria\/#organization\"},\"potentialAction\":[{\"@type\":\"SearchAction\",\"target\":{\"@type\":\"EntryPoint\",\"urlTemplate\":\"https:\/\/id126ufba.com.br\/memoria\/?s={search_term_string}\"},\"query-input\":{\"@type\":\"PropertyValueSpecification\",\"valueRequired\":true,\"valueName\":\"search_term_string\"}}],\"inLanguage\":\"pt-BR\"},{\"@type\":\"Organization\",\"@id\":\"https:\/\/id126ufba.com.br\/memoria\/#organization\",\"name\":\"Impressao Digital 126\",\"url\":\"https:\/\/id126ufba.com.br\/memoria\/\",\"logo\":{\"@type\":\"ImageObject\",\"inLanguage\":\"pt-BR\",\"@id\":\"https:\/\/id126ufba.com.br\/memoria\/#\/schema\/logo\/image\/\",\"url\":\"https:\/\/id126ufba.com.br\/memoria\/wp-content\/uploads\/2024\/07\/cropped-logo_memoria-1.png\",\"contentUrl\":\"https:\/\/id126ufba.com.br\/memoria\/wp-content\/uploads\/2024\/07\/cropped-logo_memoria-1.png\",\"width\":500,\"height\":100,\"caption\":\"Impressao Digital 126\"},\"image\":{\"@id\":\"https:\/\/id126ufba.com.br\/memoria\/#\/schema\/logo\/image\/\"}},{\"@type\":\"Person\",\"@id\":\"https:\/\/id126ufba.com.br\/memoria\/#\/schema\/person\/c6fcb22d1ef62f8b18c927639ff5f714\",\"name\":\"admin@id126\",\"image\":{\"@type\":\"ImageObject\",\"inLanguage\":\"pt-BR\",\"@id\":\"https:\/\/id126ufba.com.br\/memoria\/#\/schema\/person\/image\/\",\"url\":\"https:\/\/secure.gravatar.com\/avatar\/5e1b68156ed86086cd71521a6acacdd0?s=96&d=mm&r=g\",\"contentUrl\":\"https:\/\/secure.gravatar.com\/avatar\/5e1b68156ed86086cd71521a6acacdd0?s=96&d=mm&r=g\",\"caption\":\"admin@id126\"},\"sameAs\":[\"http:\/\/id126ufba.com.br\"],\"url\":\"https:\/\/id126ufba.com.br\/memoria\/author\/adminid126\/\"}]}<\/script>\n<!-- \/ Yoast SEO plugin. -->","yoast_head_json":{"title":"Doramas: da Coreia do Sul para o mundo - Impressao Digital 126","robots":{"index":"index","follow":"follow","max-snippet":"max-snippet:-1","max-image-preview":"max-image-preview:large","max-video-preview":"max-video-preview:-1"},"canonical":"https:\/\/id126ufba.com.br\/memoria\/doramas-da-coreia-do-sul-para-o-mundo\/","og_locale":"pt_BR","og_type":"article","og_title":"Doramas: da Coreia do Sul para o mundo - Impressao Digital 126","og_description":"Entenda como os sul-coreanos expandiram sua influ\u00eancia cultural no mundo impulsionando suas produ\u00e7\u00f5es audiovisuais Ao ouvir o nome K-drama \u00e9 poss\u00edvel que te soe estranho o termo, mas se voc\u00ea \u00e9 habituado \u00e0s plataformas de streamings j\u00e1 deve ter se deparado com um deles. Chamados popularmente de Doramas, K-dramas s\u00e3o produtos audiovisuais sul-coreanos que est\u00e3o [&hellip;]","og_url":"https:\/\/id126ufba.com.br\/memoria\/doramas-da-coreia-do-sul-para-o-mundo\/","og_site_name":"Impressao Digital 126","article_published_time":"2021-06-02T00:56:17+00:00","article_modified_time":"2021-12-01T22:47:41+00:00","og_image":[{"width":1366,"height":668,"url":"https:\/\/id126ufba.com.br\/memoria\/wp-content\/uploads\/2021\/06\/Doramas_da-Coreia-do-Sul-para-o-mundo.jpg","type":"image\/jpeg"}],"author":"admin@id126","twitter_card":"summary_large_image","twitter_misc":{"Escrito por":"admin@id126","Est. tempo de leitura":"7 minutos"},"schema":{"@context":"https:\/\/schema.org","@graph":[{"@type":"Article","@id":"https:\/\/id126ufba.com.br\/memoria\/doramas-da-coreia-do-sul-para-o-mundo\/#article","isPartOf":{"@id":"https:\/\/id126ufba.com.br\/memoria\/doramas-da-coreia-do-sul-para-o-mundo\/"},"author":{"name":"admin@id126","@id":"https:\/\/id126ufba.com.br\/memoria\/#\/schema\/person\/c6fcb22d1ef62f8b18c927639ff5f714"},"headline":"Doramas: da Coreia do Sul para o mundo","datePublished":"2021-06-02T00:56:17+00:00","dateModified":"2021-12-01T22:47:41+00:00","mainEntityOfPage":{"@id":"https:\/\/id126ufba.com.br\/memoria\/doramas-da-coreia-do-sul-para-o-mundo\/"},"wordCount":1471,"publisher":{"@id":"https:\/\/id126ufba.com.br\/memoria\/#organization"},"image":{"@id":"https:\/\/id126ufba.com.br\/memoria\/doramas-da-coreia-do-sul-para-o-mundo\/#primaryimage"},"thumbnailUrl":"https:\/\/id126ufba.com.br\/memoria\/wp-content\/uploads\/2021\/06\/Doramas_da-Coreia-do-Sul-para-o-mundo.jpg","articleSection":["Cultura","Economia"],"inLanguage":"pt-BR"},{"@type":"WebPage","@id":"https:\/\/id126ufba.com.br\/memoria\/doramas-da-coreia-do-sul-para-o-mundo\/","url":"https:\/\/id126ufba.com.br\/memoria\/doramas-da-coreia-do-sul-para-o-mundo\/","name":"Doramas: da Coreia do Sul para o mundo - Impressao Digital 126","isPartOf":{"@id":"https:\/\/id126ufba.com.br\/memoria\/#website"},"primaryImageOfPage":{"@id":"https:\/\/id126ufba.com.br\/memoria\/doramas-da-coreia-do-sul-para-o-mundo\/#primaryimage"},"image":{"@id":"https:\/\/id126ufba.com.br\/memoria\/doramas-da-coreia-do-sul-para-o-mundo\/#primaryimage"},"thumbnailUrl":"https:\/\/id126ufba.com.br\/memoria\/wp-content\/uploads\/2021\/06\/Doramas_da-Coreia-do-Sul-para-o-mundo.jpg","datePublished":"2021-06-02T00:56:17+00:00","dateModified":"2021-12-01T22:47:41+00:00","breadcrumb":{"@id":"https:\/\/id126ufba.com.br\/memoria\/doramas-da-coreia-do-sul-para-o-mundo\/#breadcrumb"},"inLanguage":"pt-BR","potentialAction":[{"@type":"ReadAction","target":["https:\/\/id126ufba.com.br\/memoria\/doramas-da-coreia-do-sul-para-o-mundo\/"]}]},{"@type":"ImageObject","inLanguage":"pt-BR","@id":"https:\/\/id126ufba.com.br\/memoria\/doramas-da-coreia-do-sul-para-o-mundo\/#primaryimage","url":"https:\/\/id126ufba.com.br\/memoria\/wp-content\/uploads\/2021\/06\/Doramas_da-Coreia-do-Sul-para-o-mundo.jpg","contentUrl":"https:\/\/id126ufba.com.br\/memoria\/wp-content\/uploads\/2021\/06\/Doramas_da-Coreia-do-Sul-para-o-mundo.jpg","width":1366,"height":668,"caption":"Montagem com imagens de 4 doramas distintos"},{"@type":"BreadcrumbList","@id":"https:\/\/id126ufba.com.br\/memoria\/doramas-da-coreia-do-sul-para-o-mundo\/#breadcrumb","itemListElement":[{"@type":"ListItem","position":1,"name":"In\u00edcio","item":"https:\/\/id126ufba.com.br\/memoria\/"},{"@type":"ListItem","position":2,"name":"Doramas: da Coreia do Sul para o mundo"}]},{"@type":"WebSite","@id":"https:\/\/id126ufba.com.br\/memoria\/#website","url":"https:\/\/id126ufba.com.br\/memoria\/","name":"Impressao Digital 126","description":"","publisher":{"@id":"https:\/\/id126ufba.com.br\/memoria\/#organization"},"potentialAction":[{"@type":"SearchAction","target":{"@type":"EntryPoint","urlTemplate":"https:\/\/id126ufba.com.br\/memoria\/?s={search_term_string}"},"query-input":{"@type":"PropertyValueSpecification","valueRequired":true,"valueName":"search_term_string"}}],"inLanguage":"pt-BR"},{"@type":"Organization","@id":"https:\/\/id126ufba.com.br\/memoria\/#organization","name":"Impressao Digital 126","url":"https:\/\/id126ufba.com.br\/memoria\/","logo":{"@type":"ImageObject","inLanguage":"pt-BR","@id":"https:\/\/id126ufba.com.br\/memoria\/#\/schema\/logo\/image\/","url":"https:\/\/id126ufba.com.br\/memoria\/wp-content\/uploads\/2024\/07\/cropped-logo_memoria-1.png","contentUrl":"https:\/\/id126ufba.com.br\/memoria\/wp-content\/uploads\/2024\/07\/cropped-logo_memoria-1.png","width":500,"height":100,"caption":"Impressao Digital 126"},"image":{"@id":"https:\/\/id126ufba.com.br\/memoria\/#\/schema\/logo\/image\/"}},{"@type":"Person","@id":"https:\/\/id126ufba.com.br\/memoria\/#\/schema\/person\/c6fcb22d1ef62f8b18c927639ff5f714","name":"admin@id126","image":{"@type":"ImageObject","inLanguage":"pt-BR","@id":"https:\/\/id126ufba.com.br\/memoria\/#\/schema\/person\/image\/","url":"https:\/\/secure.gravatar.com\/avatar\/5e1b68156ed86086cd71521a6acacdd0?s=96&d=mm&r=g","contentUrl":"https:\/\/secure.gravatar.com\/avatar\/5e1b68156ed86086cd71521a6acacdd0?s=96&d=mm&r=g","caption":"admin@id126"},"sameAs":["http:\/\/id126ufba.com.br"],"url":"https:\/\/id126ufba.com.br\/memoria\/author\/adminid126\/"}]}},"_links":{"self":[{"href":"https:\/\/id126ufba.com.br\/memoria\/wp-json\/wp\/v2\/posts\/37590"}],"collection":[{"href":"https:\/\/id126ufba.com.br\/memoria\/wp-json\/wp\/v2\/posts"}],"about":[{"href":"https:\/\/id126ufba.com.br\/memoria\/wp-json\/wp\/v2\/types\/post"}],"author":[{"embeddable":true,"href":"https:\/\/id126ufba.com.br\/memoria\/wp-json\/wp\/v2\/users\/1"}],"replies":[{"embeddable":true,"href":"https:\/\/id126ufba.com.br\/memoria\/wp-json\/wp\/v2\/comments?post=37590"}],"version-history":[{"count":17,"href":"https:\/\/id126ufba.com.br\/memoria\/wp-json\/wp\/v2\/posts\/37590\/revisions"}],"predecessor-version":[{"id":38322,"href":"https:\/\/id126ufba.com.br\/memoria\/wp-json\/wp\/v2\/posts\/37590\/revisions\/38322"}],"wp:featuredmedia":[{"embeddable":true,"href":"https:\/\/id126ufba.com.br\/memoria\/wp-json\/wp\/v2\/media\/38196"}],"wp:attachment":[{"href":"https:\/\/id126ufba.com.br\/memoria\/wp-json\/wp\/v2\/media?parent=37590"}],"wp:term":[{"taxonomy":"category","embeddable":true,"href":"https:\/\/id126ufba.com.br\/memoria\/wp-json\/wp\/v2\/categories?post=37590"},{"taxonomy":"post_tag","embeddable":true,"href":"https:\/\/id126ufba.com.br\/memoria\/wp-json\/wp\/v2\/tags?post=37590"}],"curies":[{"name":"wp","href":"https:\/\/api.w.org\/{rel}","templated":true}]}}