{"id":37738,"date":"2021-06-01T22:27:55","date_gmt":"2021-06-02T01:27:55","guid":{"rendered":"http:\/\/impressaodigital126.ufba.br\/?p=37738"},"modified":"2021-12-01T19:40:30","modified_gmt":"2021-12-01T22:40:30","slug":"pulando-a-fogueira-da-pandemia-no-segundo-ano-sem-sao-joao-artistas-e-cidades-precisam-se-conformar-com-o-remoto","status":"publish","type":"post","link":"https:\/\/id126ufba.com.br\/memoria\/pulando-a-fogueira-da-pandemia-no-segundo-ano-sem-sao-joao-artistas-e-cidades-precisam-se-conformar-com-o-remoto\/","title":{"rendered":"Pulando a fogueira da pandemia: no segundo ano sem S\u00e3o Jo\u00e3o, artistas e cidades precisam se conformar com o remoto"},"content":{"rendered":"\n<h3 class=\"wp-block-heading\">Com o cancelamento da festa na Bahia, mais de R$ 500 milh\u00f5es deixam de circular<\/h3>\n\n\n\n<p>&nbsp;<\/p>\n\n\n\n<p>S\u00e3o Jo\u00e3o e aglomera\u00e7\u00e3o t\u00eam tudo a ver. Mas, pelo segundo ano consecutivo, a pandemia de covid-19 jogou \u00e1gua na fogueira do povo nordestino, e a maior festa regional do pa\u00eds n\u00e3o poder\u00e1 acontecer em seus moldes tradicionais. Na Bahia, est\u00e1 proibida a realiza\u00e7\u00e3o de festas em todas as cidades, <a href=\"https:\/\/g1.globo.com\/ba\/bahia\/saojoao2021\/noticia\/2021\/05\/25\/rui-costa-anuncia-que-suspensao-de-transporte-intermunicipal-vai-ocorrer-tres-dias-antes-e-depois-da-festa-de-sao-joao.ghtml\" target=\"_blank\" rel=\"noreferrer noopener\">e os \u00f4nibus de transporte intermunicipal ter\u00e3o circula\u00e7\u00e3o suspensa tr\u00eas dias antes e tr\u00eas depois das festas juninas<\/a>. Entre os maiores prejudicados, est\u00e3o os munic\u00edpios interioranos e, qui\u00e7\u00e1, mais tradicionais quando o assunto \u00e9 S\u00e3o Jo\u00e3o: Amargosa, Cruz das Almas e Santo Ant\u00f4nio de Jesus.<\/p>\n\n\n\n<ul class=\"wp-block-gallery columns-3 is-cropped wp-block-gallery-1 is-layout-flex wp-block-gallery-is-layout-flex\"><li class=\"blocks-gallery-item\"><figure><img loading=\"lazy\" decoding=\"async\" width=\"492\" height=\"324\" src=\"http:\/\/impressaodigital126.ufba.br\/wp-content\/uploads\/2021\/05\/S\u00e3o-Jo\u00e3o-Santo-Ant\u00f4nio-de-Jesus-1.jpg\" alt=\"\" data-id=\"37942\" data-link=\"http:\/\/impressaodigital126.ufba.br\/pulando-a-fogueira-da-pandemia-no-segundo-ano-sem-sao-joao-artistas-e-cidades-precisam-se-conformar-com-o-remoto\/sao-joao-santo-antonio-de-jesus-2\/\" class=\"wp-image-37942\"\/><figcaption>O S\u00e3o Jo\u00e3o de Santo Ant\u00f4nio de Jesus costuma movimentar R$ 10 milh\u00f5es todos os anos (Foto: reprodu\u00e7\u00e3o)<\/figcaption><\/figure><\/li><li class=\"blocks-gallery-item\"><figure><img loading=\"lazy\" decoding=\"async\" width=\"940\" height=\"627\" src=\"http:\/\/impressaodigital126.ufba.br\/wp-content\/uploads\/2021\/05\/S\u00e3o-Jo\u00e3o-Cruz-das-Almas-1.jpg\" alt=\"\" data-id=\"37943\" data-link=\"http:\/\/impressaodigital126.ufba.br\/pulando-a-fogueira-da-pandemia-no-segundo-ano-sem-sao-joao-artistas-e-cidades-precisam-se-conformar-com-o-remoto\/sao-joao-cruz-das-almas-2\/\" class=\"wp-image-37943\"\/><figcaption>Com atra\u00e7\u00f5es noturnas e diurnas, S\u00e3o Jo\u00e3o de Cruz das Almas atrai p\u00fablicos variados (Foto: Paulo Galv\u00e3o Filho\/Ascom\/Divulga\u00e7\u00e3o)<\/figcaption><\/figure><\/li><li class=\"blocks-gallery-item\"><figure><img loading=\"lazy\" decoding=\"async\" width=\"1200\" height=\"800\" src=\"http:\/\/impressaodigital126.ufba.br\/wp-content\/uploads\/2021\/06\/S\u00e3o-Jo\u00e3o-Amargosa.jpeg\" alt=\"\" data-id=\"38286\" data-link=\"http:\/\/impressaodigital126.ufba.br\/sao-joao-amargosa-3\/\" class=\"wp-image-38286\"\/><figcaption>Frequentemente eleita uma das dez melhores cidades do Nordeste para curtir o S\u00e3o Jo\u00e3o, Amargosa \u00e9 sempre muito requisitada (Foto: Divulga\u00e7\u00e3o\/Prefeitura de Amargosa)<\/figcaption><\/figure><\/li><\/ul>\n\n\n\n<p>S\u00f3 nessas tr\u00eas cidades, ao todo, cerca de R$ 60 milh\u00f5es deixam de circular com a aus\u00eancia da festa junina. Isso representa preju\u00edzos para a economia local e, principalmente, para o setor cultural, que se v\u00ea impedido de trabalhar efetivamente desde o in\u00edcio da crise sanit\u00e1ria.<\/p>\n\n\n\n<div class=\"infogram-embed\" data-id=\"b52f944e-2dcf-4e4c-a8f7-7b46edafbee0\" data-type=\"interactive\" data-title=\"Arrecada\u00e7\u00e3o por mun\u00edcipio durante o S\u00e3o Jo\u00e3o (em milh\u00f5es)\">&nbsp;<\/div>\n<p><script>!function(e,i,n,s){var t=\"InfogramEmbeds\",d=e.getElementsByTagName(\"script\")[0];if(window[t]&&window[t].initialized)window[t].process&&window[t].process();else if(!e.getElementById(n)){var o=e.createElement(\"script\");o.async=1,o.id=n,o.src=\"https:\/\/e.infogram.com\/js\/dist\/embed-loader-min.js\",d.parentNode.insertBefore(o,d)}}(document,0,\"infogram-async\");<\/script><\/p>\n<div style=\"padding: 8px 0; font-family: Arial!important; font-size: 13px!important; line-height: 15px!important; text-align: center; border-top: 1px solid #dadada; margin: 0 30px;\"><a style=\"color: #989898!important; text-decoration: none!important;\" href=\"https:\/\/infogram.com\/b52f944e-2dcf-4e4c-a8f7-7b46edafbee0\" target=\"_blank\" rel=\"noopener noreferrer\">Arrecada\u00e7\u00e3o por mun\u00edcipio durante o S\u00e3o Jo\u00e3o (em milh\u00f5es)<\/a><br><a style=\"color: #989898!important; text-decoration: none!important;\" href=\"https:\/\/infogram.com\" target=\"_blank\" rel=\"nofollow noopener noreferrer\">Infogram<\/a><\/div>\n\n\n\n<p>O publicit\u00e1rio Gabriel Carvalho, 40 anos, est\u00e1 sofrendo com a falta do S\u00e3o Jo\u00e3o. Desde os 17, ele viaja para o interior nesse per\u00edodo, alternando entre Santo Ant\u00f4nio de Jesus, Amargosa, Senhor do Bonfim e Cruz das Almas. Ele \u00e9 t\u00e3o apaixonado pela festa junina que criou um site s\u00f3 para falar sobre o assunto, o <a href=\"https:\/\/saojoaonabahia.com.br\/\" target=\"_blank\" rel=\"noreferrer noopener\">S\u00e3o Jo\u00e3o na Bahia<\/a>.&nbsp;&nbsp;<\/p>\n\n\n\n<p>\u201cO S\u00e3o Jo\u00e3o tem uma import\u00e2ncia muito grande a partir do momento em que ele movimenta toda uma cadeia produtiva de mais de 50 setores. Vai desde o produtor de eventos, passando pelos artistas, montador de estrutura at\u00e9 a agricultura familiar\u201d, explica Gabriel.<\/p>\n\n\n\n<p>Segundo um estudo do Observat\u00f3rio da Economia Criativa, a cada R$ 1 milh\u00e3o investido numa festa de S\u00e3o Jo\u00e3o, cerca de R$ 9 milh\u00f5es retornam para a cidade.<\/p>\n\n\n\n<blockquote class=\"wp-block-quote is-style-large is-layout-flow wp-block-quote-is-layout-flow\"><p><em>Gabriel Carvalho, publicit\u00e1rio e criador do site S\u00e3o Jo\u00e3o na Bahia<\/em><\/p><cite>A Bahia perde muito, pois as cidades se preparam, a produ\u00e7\u00e3o musical \u00e9 maior nesse per\u00edodo, o com\u00e9rcio e a ind\u00fastria produzem roupas novas e faturam mais. Tanto \u00e9 que o S\u00e3o Jo\u00e3o est\u00e1 entre as tr\u00eas maiores datas para o com\u00e9rcio baiano. E, sem a festa, toda essa produ\u00e7\u00e3o fica estagnada. O S\u00e3o Jo\u00e3o tem a capacidade de gerar empregos tempor\u00e1rios, uma renda extra para muita gente. \u00c9 um \u201813\u00ba m\u00eas\u2019 de faturamento.<\/cite><\/blockquote>\n\n\n\n<p>Assim como no ano passado, Gabriel n\u00e3o vai viajar para o interior em 2021, por causa da pandemia. \u201cO arrasta-p\u00e9 vai ser aqui em casa mesmo, cumprindo o isolamento social e com comidas t\u00edpicas\u201d, disse. Segundo dados da Superintend\u00eancia de Estudos Econ\u00f4micos e Sociais da Bahia (SEI), em 2019, as 60 maiores festas privadas do estado reuniram 500 mil pessoas, e mais de R$ 550 milh\u00f5es foram movimentados. Ainda de acordo com o \u00f3rg\u00e3o, foram gerados entre 40 e 50 mil novos postos de trabalho. J\u00e1 a Federa\u00e7\u00e3o do Com\u00e9rcio de Bens, Servi\u00e7os e Turismo do Estado da Bahia (Fecom\u00e9rcio-BA) estima uma queda de 25% a 30% do faturamento em 2021 em rela\u00e7\u00e3o ao \u00faltimo S\u00e3o Jo\u00e3o com festejos.<\/p>\n\n\n<p><iframe loading=\"lazy\" src=\"https:\/\/w.soundcloud.com\/player\/?url=https%3A\/\/api.soundcloud.com\/tracks\/1059061036&amp;color=%23ff5500&amp;auto_play=false&amp;hide_related=false&amp;show_comments=true&amp;show_user=true&amp;show_reposts=false&amp;show_teaser=true&amp;visual=true\" width=\"100%\" height=\"300\" frameborder=\"no\" scrolling=\"no\"><\/iframe><\/p>\n<div style=\"font-size: 10px; color: #cccccc; line-break: anywhere; word-break: normal; overflow: hidden; white-space: nowrap; text-overflow: ellipsis; font-family: Interstate,Lucida Grande,Lucida Sans Unicode,Lucida Sans,Garuda,Verdana,Tahoma,sans-serif; font-weight: 100;\"><a style=\"color: #cccccc; text-decoration: none;\" title=\"impress\u00e3o digital 126\" href=\"https:\/\/soundcloud.com\/impress-o-digital-126\" target=\"_blank\" rel=\"noopener noreferrer\">impress\u00e3o digital 126<\/a> \u00b7 <a style=\"color: #cccccc; text-decoration: none;\" title=\"Gabriel Carvalho, criador do site S\u00e3o Jo\u00e3o na Bahia\" href=\"https:\/\/soundcloud.com\/impress-o-digital-126\/gabriel-carvalho-site-sao-joao-da-bahia\" target=\"_blank\" rel=\"noopener noreferrer\">Gabriel Carvalho, criador do site S\u00e3o Jo\u00e3o na Bahia<\/a><\/div>\n<figure class=\"wp-block-embed-soundcloud wp-block-embed is-type-rich is-provider-soundcloud wp-embed-aspect-1-1 wp-has-aspect-ratio\">\n<div class=\"wp-block-embed__wrapper\">Gabriel\u00a0comenta a import\u00e2ncia dos festejos juninos para as cidades baianas al\u00e9m do entretenimento<\/div>\n<\/figure>\n<p><!-- \/wp:core-embed\/soundcloud --><\/p>\n<p><!-- wp:separator --><\/p>\n<hr class=\"wp-block-separator\" \/><!-- \/wp:separator -->\n<p><!-- wp:heading {\"level\":4} --><\/p>\n<h4><strong>Santo Ant\u00f4nio de Jesus vai adaptar o S\u00e3o Jo\u00e3o \u00e0 realidade atual<\/strong><\/h4>\n<p><!-- \/wp:heading --><\/p>\n<p><!-- wp:paragraph --><\/p>\n<p>Diante desse cen\u00e1rio, a Prefeitura de Santo Ant\u00f4nio de Jesus, a 182 km de Salvador, no rec\u00f4ncavo baiano, definiu que, neste ano, n\u00e3o haver\u00e1 S\u00e3o Jo\u00e3o nos moldes com que a popula\u00e7\u00e3o est\u00e1 acostumada. Em compensa\u00e7\u00e3o, a Secretaria Municipal de Cultura, Turismo e Juventude (SCTJ) planeja a\u00e7\u00f5es para manter vivas as refer\u00eancias culturais dos festejos juninos.<\/p>\n<p><!-- \/wp:paragraph --><\/p>\n<p><!-- wp:paragraph --><\/p>\n<p>O prefeito Genival Deolino (PSDB) e a titular da SCTJ, Silvia Brito, alinharam a\u00e7\u00f5es a fim de promover um clima junino dentro do permitido pelos protocolos sanit\u00e1rios de combate ao novo coronav\u00edrus.<\/p>\n<p><!-- \/wp:paragraph --><\/p>\n<p><!-- wp:paragraph --><\/p>\n<p>Com a chegada do m\u00eas de maio, a prefeitura, por meio da SCTJ,\u00a0 iniciou uma s\u00e9rie de lives. Com transmiss\u00e3o pelo canal institucional no YouTube e pelos perfis no Facebook e no Instagram, nos dias 1\u00ba, 15, 22 e 29, teve espa\u00e7o para diversos tipos de artistas e p\u00fablicos: desde a Jovem Guarda at\u00e9 o forr\u00f3, n\u00e3o faltaram motivos para arrastar o sof\u00e1 de casa \u2013 e, \u00e9 claro, o p\u00e9.<\/p>\n<p><!-- \/wp:paragraph --><\/p>\n<p><!-- wp:paragraph --><\/p>\n<p>No total, 100 m\u00fasicos foram contemplados com um aux\u00edlio de 600 reais oriundo de recursos pr\u00f3prios do munic\u00edpio. Houve, ainda, decora\u00e7\u00e3o simb\u00f3lica em pontos centrais da cidade. Essa foi uma maneira de oferecer aporte financeiro ao setor cultural e, ao mesmo tempo, levar entretenimento aos cidad\u00e3os em isolamento social.<\/p>\n<p><!-- \/wp:paragraph --><\/p>\n<p><!-- wp:paragraph --><\/p>\n<p>Al\u00e9m disso, haver\u00e1 mais uma edi\u00e7\u00e3o do \u2018Festival da M\u00fasica Junina\u2019, concurso que, desde 2016, escolhe a melhor can\u00e7\u00e3o junina, cujo tema deste ano \u00e9 &#8216;Plantando esperan\u00e7a para colher alegria em SAJ, o Melhor S\u00e3o Jo\u00e3o da Bahia\u2019. Em outra live \u2013 desta vez, no dia 7 de junho, uma m\u00fasica composta por artista local ser\u00e1 premiada.<\/p>\n<p><!-- \/wp:paragraph --><\/p>\n<p><!-- wp:paragraph --><\/p>\n<p>De 12 a 24 de junho, \u00e9 a vez de o \u2018Trem do Forr\u00f3\u2019 levar esperan\u00e7a aos santoantonienses ao passar pelo centro e por alguns bairros da cidade, com apresenta\u00e7\u00f5es de diversos m\u00fasicos locais. Essa iniciativa promete aquecer os cora\u00e7\u00f5es dos amantes de forr\u00f3, que, novamente, n\u00e3o poder\u00e3o se aglomerar e dan\u00e7ar agarradinhos, mas ter\u00e3o a oportunidade de ver as apresenta\u00e7\u00f5es de perto.<\/p>\n<p><!-- \/wp:paragraph --><\/p>\n<p><!-- wp:paragraph --><\/p>\n<p>Segundo Deolino, a festa n\u00e3o pode ser realizada do jeito tradicional, mas, de alguma forma, deve ser celebrada, ratificando a import\u00e2ncia do evento para a cidade-polo do Rec\u00f4ncavo.<\/p>\n<p><!-- \/wp:paragraph --><\/p>\n<p><!-- wp:quote {\"className\":\"is-style-large\"} --><\/p>\n<blockquote class=\"wp-block-quote is-style-large\">\n<p>Genival Deolino, prefeito de Santo Ant\u00f4nio de Jesus<\/p>\n<p><cite>O S\u00e3o Jo\u00e3o movimenta o com\u00e9rcio local, o turismo e gera renda para nosso povo, al\u00e9m de reafirmar nossa identidade cultural. Com o cen\u00e1rio de covid, n\u00e3o temos como realizar o \u2018Melhor S\u00e3o Jo\u00e3o da Bahia\u2019 presencialmente, mas vamos promover o clima junino em nossa cidade e resgatar a import\u00e2ncia dos festejos para a popula\u00e7\u00e3o.<\/cite><\/p>\n<\/blockquote>\n<p><!-- \/wp:quote --><\/p>\n<p><!-- wp:paragraph --><\/p>\n<p>Com a n\u00e3o realiza\u00e7\u00e3o dos festejos juninos de modo presencial, Santo Ant\u00f4nio de Jesus deixa de ser o destino de milhares de turistas e de movimentar a economia criativa \u2013 sobretudo, o setor de hotelaria, bares e restaurantes e com\u00e9rcio \u2013, al\u00e9m da gera\u00e7\u00e3o de renda informal aos santoantonienses.<\/p>\n<p><!-- \/wp:paragraph --><\/p>\n<p><!-- wp:paragraph --><\/p>\n<p>Conforme dados da a\u00e7\u00e3o comercial local, durante o m\u00eas de junho, costumam circular, na cidade, quase R$ 10 milh\u00f5es. Enquanto o cen\u00e1rio n\u00e3o permitir, eventos de grande porte seguem impossibilitados de acontecer em todo o estado.<\/p>\n<p><!-- \/wp:paragraph --><\/p>\n<p><!-- wp:heading {\"level\":4} --><\/p>\n<h4><strong>S\u00f3 a pandemia foi capaz de parar o S\u00e3o Jo\u00e3o de Cruz das Almas<\/strong><\/h4>\n<p><!-- \/wp:heading --><\/p>\n<p><!-- wp:paragraph --><\/p>\n<p>Mesmo antes da emancipa\u00e7\u00e3o da cidade, em 1896, o S\u00e3o Jo\u00e3o de Cruz das Almas j\u00e1 acontecia. O local, que tamb\u00e9m fica no rec\u00f4ncavo baiano, a cerca de 150 km da capital, era apenas um distrito do munic\u00edpio de S\u00e3o F\u00e9lix na \u00e9poca. As festas juninas eram realizadas nas fam\u00edlias e entre a comunidade \u2013 inclusive, com a tradicional guerra de espadas. S\u00f3 a pandemia da covid-19 para interromper tamanha tradi\u00e7\u00e3o.<\/p>\n<p><!-- \/wp:paragraph --><\/p>\n<p><!-- wp:paragraph --><\/p>\n<p>\u201cEstima-se que o S\u00e3o Jo\u00e3o movimente cerca de R$ 30 milh\u00f5es na economia local, incluindo os com\u00e9rcios tradicionais e ambulantes. Com o grande n\u00famero de turistas na cidade, h\u00e1 um aquecimento das compras no per\u00edodo junino\u201d, explica o secret\u00e1rio de Planejamento e Desenvolvimento Econ\u00f4mico da cidade, Euricles Neto.<\/p>\n<p><!-- \/wp:paragraph --><\/p>\n<p><!-- wp:paragraph --><\/p>\n<p>O \u2018arrai\u00e1\u2019 de Cruz das Almas atrai milhares de turistas para a cidade e valoriza a cultura local. Em condi\u00e7\u00f5es normais, a festa, que \u00e9 gratuita, acontece durante quatro dias do m\u00eas de junho. Trata-se de um grande festival de m\u00fasica popular, com destaque para bandas de forr\u00f3 e outros ritmos nordestinos.<\/p>\n<p><!-- \/wp:paragraph --><\/p>\n<p><!-- wp:paragraph --><\/p>\n<p>Este ano, para n\u00e3o causar um sentimento de normalidade na popula\u00e7\u00e3o, a prefeitura optou por n\u00e3o decorar a cidade. Mesmo assim, a gest\u00e3o municipal promete desenvolver um projeto para manter viva a tradi\u00e7\u00e3o nesse contexto.<\/p>\n<p><!-- \/wp:paragraph --><\/p>\n<p><!-- wp:quote {\"className\":\"is-style-large\"} --><\/p>\n<blockquote class=\"wp-block-quote is-style-large\">\n<p>Euricles Neto, secret\u00e1rio de Planejamento e Desenvolvimento Econ\u00f4mico de Cruz das Almas<\/p>\n<p><cite>A ideia \u00e9 incentivar as pessoas a comemorar a tradicional data de forma segura, resgatando o costume de passar o per\u00edodo dentro de casa com suas fam\u00edlias e seguindo as orienta\u00e7\u00f5es das autoridades sanit\u00e1rias. Vamos intensificar a campanha de conscientiza\u00e7\u00e3o sobre a import\u00e2ncia das medidas de prote\u00e7\u00e3o contra a covid-19, como o uso de m\u00e1scaras e a necessidade de n\u00e3o promover aglomera\u00e7\u00f5es nem receber visitas de pessoas de outras cidades.<\/cite><\/p>\n<\/blockquote>\n<p><!-- \/wp:quote --><\/p>\n<p><!-- wp:paragraph --><\/p>\n<p>Somado a isso, para aquecer a economia e preservar a gera\u00e7\u00e3o de emprego e renda no per\u00edodo junino, a prefeitura pretende divulgar servi\u00e7os e produtos dos pequenos com\u00e9rcios, de microempreendedores e de agricultores familiares que desejarem ser anunciados. O objetivo \u00e9 dar visibilidade aos meios de comunica\u00e7\u00e3o para fomentar um consumo interno dos produtos e servi\u00e7os.<\/p>\n<p><!-- \/wp:paragraph --><\/p>\n<p><!-- wp:heading {\"level\":4} --><\/p>\n<h4><strong>Primeiro S\u00e3o Jo\u00e3o ap\u00f3s a pandemia ter\u00e1 &#8216;gosto de saudade e reencontro&#8217;, diz prefeito de Amargosa<\/strong><\/h4>\n<p><!-- \/wp:heading --><\/p>\n<p><!-- wp:paragraph --><\/p>\n<p>Al\u00e9m de Santo Ant\u00f4nio de Jesus e Cruz das Almas, outra cidade baiana que tem o S\u00e3o Jo\u00e3o como carro-chefe \u00e9 Amargosa, que fica a cerca de 240 km de Salvador. Segundo o prefeito do munic\u00edpio, J\u00falio Pinheiro (PT), a prepara\u00e7\u00e3o para o evento, que costuma movimentar em torno de R$ 20 milh\u00f5es, come\u00e7a j\u00e1 em janeiro, com a execu\u00e7\u00e3o das licita\u00e7\u00f5es voltadas \u00e0 contrata\u00e7\u00e3o de artistas, estruturas e de publicidade.<\/p>\n<p><!-- \/wp:paragraph --><\/p>\n<p><!-- wp:paragraph --><\/p>\n<p>\u201cS\u00e3o Jo\u00e3o de Amargosa \u00e9 uma das principais festas do pa\u00eds. Milhares de pessoas se hospedam aqui. Ficamos com a popula\u00e7\u00e3o praticamente duplicada, chegando a 30, 40 mil pessoas. Esse p\u00fablico ainda \u00e9 ampliado, por conta das pessoas de cidades circunvizinhas que v\u00eam apenas \u00e0 noite para conferir as principais atra\u00e7\u00f5es. A gente acredita que o p\u00fablico \u00e9, mais ou menos, esse: de 40 ou 50 mil pessoas\u201d, explica o gestor.<\/p>\n<p><!-- \/wp:paragraph --><\/p>\n<p><!-- wp:paragraph --><\/p>\n<p>No entanto, assim como em 2020, os planos para 2021 s\u00e3o outros, j\u00e1 que a pandemia avan\u00e7a em sua segunda onda. Na pra\u00e7a que costuma receber os shows respons\u00e1veis por lotar a cidade, o palco deu espa\u00e7o a um drive-thru de vacina\u00e7\u00e3o contra a covid-19.<\/p>\n<p><!-- \/wp:paragraph --><\/p>\n<p><!-- wp:paragraph --><\/p>\n<p>Para tentar remediar, pelo menos, o preju\u00edzo financeiro, a Prefeitura de Amargosa disse que tem investido em aux\u00edlios emergenciais para as fam\u00edlias mais carentes e aos artistas e outros agentes culturais, que seguem impedidos de trabalhar.<\/p>\n<p><!-- \/wp:paragraph --><\/p>\n<p><!-- wp:paragraph --><\/p>\n<p>\u201cUm apoio mais robusto para compensar as perdas do S\u00e3o Jo\u00e3o, infelizmente, um munic\u00edpio do porte de Amargosa n\u00e3o tem como oferecer. A gente realmente acha que \u00e9 algo necess\u00e1rio, mas o or\u00e7amento n\u00e3o permite\u201d, diz o prefeito. At\u00e9 o momento, a gest\u00e3o n\u00e3o informou se ir\u00e1 decorar a cidade ou realizar alguma atividade ou show remotos em alus\u00e3o \u00e0 festa.<\/p>\n<p><!-- \/wp:paragraph --><\/p>\n<p><!-- wp:image {\"id\":37739} --><\/p>\n<figure class=\"wp-block-image\"><img loading=\"lazy\" decoding=\"async\" width=\"600\" height=\"376\" class=\"wp-image-37739 aligncenter\" src=\"http:\/\/impressaodigital126.ufba.br\/wp-content\/uploads\/2021\/05\/Pra\u00e7a-Amargosa.jpeg\" alt=\"\" \/>\n<figcaption>Em frente \u00e0 antiga esta\u00e7\u00e3o de trem de Amargosa, o palco para shows do S\u00e3o Jo\u00e3o, este ano, deu lugar a um ponto de vacina\u00e7\u00e3o contra a covid-19 (Foto: Divulga\u00e7\u00e3o\/Prefeitura de Amargosa)<\/figcaption>\n<\/figure>\n<p><!-- \/wp:image --><\/p>\n<p><!-- wp:quote {\"className\":\"is-style-large\"} --><\/p>\n<blockquote class=\"wp-block-quote is-style-large\">\n<p>J\u00falio Pinheiro, prefeito de Amargosa<\/p>\n<p><cite>D\u00e1 um aperto no cora\u00e7\u00e3o de todos n\u00f3s que gostamos de S\u00e3o Jo\u00e3o. Particularmente, \u00e9 a festa que eu mais gosto de realizar e participar, e tenho certeza de que \u00e9 a prefer\u00eancia da popula\u00e7\u00e3o baiana e do Nordeste inteiro. Deixo um recado para que sigamos firmes, tomando todos os cuidados, para terminar este ano livre da pandemia e, em 2022, voltar \u00e0 normalidade. Amargosa vai realizar o maior e melhor S\u00e3o Jo\u00e3o de todos os tempos, aquele com um gosto de saudade e reencontro.<\/cite><\/p>\n<\/blockquote>\n<p><!-- \/wp:quote --><\/p>\n<p><!-- wp:heading {\"level\":4} --><\/p>\n<h4><strong>Sem se cansar de viver ou de cantar<\/strong><\/h4>\n<p><!-- \/wp:heading --><\/p>\n<p><!-- wp:paragraph --><\/p>\n<p>A composi\u00e7\u00e3o de Fernando Brant e Milton Nascimento diz que \u2018todo artista tem de ir aonde o povo est\u00e1\u2019. E assim tem sido: com a impossibilidade de realizar shows mediante a presen\u00e7a de p\u00fablico, artistas de todo o pa\u00eds t\u00eam recorrido \u00e0s transmiss\u00f5es ao vivo.<\/p>\n<p><!-- \/wp:paragraph --><\/p>\n<p><!-- wp:paragraph --><\/p>\n<p>O cantor e compositor sertanejo <a href=\"https:\/\/www.instagram.com\/niltongiffoni\/\" target=\"_blank\" rel=\"noreferrer noopener\">Nilton Giffoni<\/a>, 23, por exemplo, tem participado de lives promovidas pela prefeitura de Santo Ant\u00f4nio de Jesus que t\u00eam como objetivo garantir renda aos artistas locais \u2013 no sentido mais amplo da palavra \u2018artista\u2019, abarcando tamb\u00e9m atores e atrizes nesses eventos.<\/p>\n<p><!-- \/wp:paragraph --><\/p>\n<p><!-- wp:paragraph --><\/p>\n<p>\u201cGra\u00e7as a Deus e \u00e0 atual gest\u00e3o municipal, n\u00f3s, m\u00fasicos, temos tido a oportunidade de exercer nosso of\u00edcio e receber remunera\u00e7\u00e3o em troca disso\u201d, afirma.<\/p>\n<p><!-- \/wp:paragraph --><\/p>\n<p><!-- wp:paragraph --><\/p>\n<p>Apesar de ressaltar como as apresenta\u00e7\u00f5es remotas t\u00eam mitigado a situa\u00e7\u00e3o, ele faz quest\u00e3o de lembrar que elas, nem sempre, s\u00e3o suficientes. \u00c9 que, diferentemente de Nilton, que tamb\u00e9m \u00e9 consultor \u00f3ptico, muitos artistas t\u00eam \u2013 ou, pelo menos, tinham \u2013 no trabalho art\u00edstico sua principal fonte de renda.<\/p>\n<p><!-- \/wp:paragraph --><\/p>\n<p><!-- wp:paragraph --><\/p>\n<p>\u201cQuem vive s\u00f3 de m\u00fasica est\u00e1 passando por uma dificuldade muito grande. Tem gente passando fome aqui, na cidade. Para mim, a m\u00fasica \u00e9 uma renda extra. Eu trabalho como consultor durante o dia e canto \u00e0 noite.\u201d<\/p>\n<p><!-- \/wp:paragraph --><\/p>\n<p><!-- wp:paragraph --><\/p>\n<p>O jovem santoantoniense ainda diz acreditar que as lives vieram para ficar. \u201cCreio que o cen\u00e1rio n\u00e3o voltar\u00e1 ao normal em 2022 e os shows continuem acontecendo nesse formato. Mesmo assim, eu prefiro ter esperan\u00e7a de que estaremos todos vacinados. At\u00e9 l\u00e1, a gente vai se virando como pode\u201d, finaliza.<\/p>\n<p><!-- \/wp:paragraph --><\/p>\n<p><iframe loading=\"lazy\" title=\"YouTube video player\" src=\"https:\/\/www.youtube.com\/embed\/dZ9Ab3Xe16I\" width=\"100%\" height=\"415\" frameborder=\"0\" allowfullscreen=\"allowfullscreen\"><span data-mce-type=\"bookmark\" style=\"display: inline-block; width: 0px; overflow: hidden; line-height: 0;\" class=\"mce_SELRES_start\">\ufeff<\/span><\/iframe><\/p>\n<p>Um dos 100 m\u00fasicos contemplados com o aux\u00edlio da Prefeitura de Santo Ant\u00f4nio de Jesus, Nilton ensaia para a \u00faltima de uma s\u00e9rie de quatro lives promovidas pela gest\u00e3o municipal em maio de 2021<\/p>\n<p><!-- \/wp:core-embed\/youtube --><\/p>\n<p><!-- wp:separator --><\/p>\n<hr class=\"wp-block-separator\" \/><!-- \/wp:separator -->\n<p><!-- wp:paragraph --><\/p>\n<p>J\u00e1 Fabr\u00edcio Salom\u00e3o \u00e9 percussionista de Cruz das Almas e m\u00fasico da banda <a href=\"https:\/\/www.instagram.com\/acarajecomcamarao\/\" target=\"_blank\" rel=\"noreferrer noopener\">Acaraj\u00e9 Com Camar\u00e3o<\/a>, que sempre tocava no \u2018arrai\u00e1\u2019 da cidade. \u201cHoje, para sobreviver, estamos recorrendo \u00e0s lives. J\u00e1 fiz nove transmiss\u00f5es ao vivo desde ent\u00e3o. Tamb\u00e9m tem o aux\u00edlio emergencial que consegui, felizmente\u201d, disse o rapaz, que n\u00e3o faz mais shows para p\u00fablico presencialmente desde mar\u00e7o de 2020.<\/p>\n<p><!-- \/wp:paragraph --><\/p>\n<p><!-- wp:paragraph --><\/p>\n<p>Durante as lives, a banda consegue o patroc\u00ednio de alguns empres\u00e1rios, o que tamb\u00e9m tem lhe ajudado a sobreviver.<\/p>\n<p><!-- \/wp:paragraph --><\/p>\n<p><!-- wp:quote {\"className\":\"is-style-large\"} --><\/p>\n<blockquote class=\"wp-block-quote is-style-large\">\n<p>Fabr\u00edcio Salom\u00e3o, percussionista de Cruz das Almas<\/p>\n<p><cite>Eu me inscrevi na Lei Aldir Blanc e tive um projeto selecionado, o que est\u00e1 sendo uma experi\u00eancia muito boa. Mas conhe\u00e7o colegas que n\u00e3o tiveram esse benef\u00edcio. Acho injusto.<\/cite><\/p>\n<\/blockquote>\n<p><!-- \/wp:quote --><\/p>\n<p><!-- wp:separator --><\/p>\n<hr class=\"wp-block-separator\" \/><!-- \/wp:separator -->\n<p><!-- wp:paragraph --><\/p>\n<p>Em terras amargosenses, o cantor Anderson Ribeiro, 26, sob o nome art\u00edstico de <a href=\"https:\/\/www.instagram.com\/juniorbastosoficial\/\" target=\"_blank\" rel=\"noreferrer noopener\">J\u00fanior Bastos<\/a>, tem recorrido \u00e0s transmiss\u00f5es pelas redes sociais para matar a saudade das apresenta\u00e7\u00f5es ao vivo, entre as quais o tradicional S\u00e3o Jo\u00e3o do munic\u00edpio.<\/p>\n<p><!-- \/wp:paragraph --><\/p>\n<p><!-- wp:paragraph --><\/p>\n<p>\u201cCanto h\u00e1 aproximadamente sete anos. Neste tempo, j\u00e1 participei de diversas festas de S\u00e3o Jo\u00e3o n\u00e3o s\u00f3 em Amargosa, mas tamb\u00e9m em outras cidades, como Milagres, Itatim e Marac\u00e1s, entre outras. Essa era uma \u00e9poca em que a agenda de shows costumava ficar cheia\u201d, conta.<\/p>\n<p><!-- \/wp:paragraph --><\/p>\n<p><!-- wp:paragraph --><\/p>\n<p>Al\u00e9m da falta do p\u00fablico presente, outra consequ\u00eancia do cancelamento das festas juninas enfrentada por J\u00fanior e demais artistas \u00e9 o preju\u00edzo financeiro. Segundo o m\u00fasico, o faturamento no per\u00edodo chegava \u00e0 faixa de R$ 100 mil. Nestes dois anos sem as celebra\u00e7\u00f5es, ele diz que, volta e meia, surgem alguns editais voltados a assistir a \u00e1rea cultural, mas que, ainda assim, a situa\u00e7\u00e3o \u00e9 dif\u00edcil.<\/p>\n<p><!-- \/wp:paragraph --><\/p>\n<p><!-- wp:paragraph --><\/p>\n<p>\u201cAcredito que n\u00e3o s\u00f3 eu, mas toda \u00e1rea do entretenimento musical est\u00e1 passando momentos muito dif\u00edceis com a chegada dessa pandemia. \u00c9 muito triste saber que n\u00e3o iremos ter o S\u00e3o Jo\u00e3o de Amargosa, um dos maiores da Bahia e que movimenta toda a cidade\u201d, lamenta.<\/p>\n<p><!-- \/wp:paragraph --><\/p>\n<p><iframe loading=\"lazy\" title=\"YouTube video player\" src=\"https:\/\/www.youtube.com\/embed\/-ql64GI3aPs\" width=\"100%\" height=\"415\" frameborder=\"0\" allowfullscreen=\"allowfullscreen\"><span data-mce-type=\"bookmark\" style=\"display: inline-block; width: 0px; overflow: hidden; line-height: 0;\" class=\"mce_SELRES_start\">\ufeff<\/span><\/iframe><\/p>\n<p><!-- wp:separator --><\/p>\n<hr class=\"wp-block-separator\" \/><!-- \/wp:separator -->\n<p><!-- wp:paragraph --><\/p>\n<p>Para reduzir os impactos do cancelamento do S\u00e3o Jo\u00e3o nas pra\u00e7as e ruas, <a href=\"https:\/\/atarde.uol.com.br\/economia\/noticias\/2168937-upb-pede-a-bahiatursa-que-libere-recursos-para-a-realizacao-de-lives-de-sao-joao-nas-cidades-baianas\" target=\"_blank\" rel=\"noreferrer noopener\">a Uni\u00e3o dos Munic\u00edpios da Bahia (UPB) enviou um of\u00edcio \u00e0 Superintend\u00eancia de Fomento ao Turismo do Estado da Bahia (Bahiatursa)<\/a> pedindo que a institui\u00e7\u00e3o estude a possibilidade de libera\u00e7\u00e3o de recursos para a realiza\u00e7\u00e3o de lives juninas em 2021, com um formato mais simplificado, menos burocr\u00e1tico e com maior abrang\u00eancia de cidades baianas.<\/p>\n<p><!-- \/wp:paragraph --><\/p>","protected":false},"excerpt":{"rendered":"<p>Com o cancelamento da festa na Bahia, mais de R$ 500 milh\u00f5es deixam de circular &nbsp; S\u00e3o Jo\u00e3o e aglomera\u00e7\u00e3o t\u00eam tudo a ver. Mas, pelo segundo ano consecutivo, a pandemia de covid-19 jogou \u00e1gua na fogueira do povo nordestino, e a maior festa regional do pa\u00eds n\u00e3o poder\u00e1 acontecer em seus moldes tradicionais. Na [&hellip;]<\/p>\n","protected":false},"author":2,"featured_media":37739,"comment_status":"closed","ping_status":"closed","sticky":false,"template":"","format":"standard","meta":{"_acf_changed":false,"_monsterinsights_skip_tracking":false,"_monsterinsights_sitenote_active":false,"_monsterinsights_sitenote_note":"","_monsterinsights_sitenote_category":0,"footnotes":""},"categories":[3],"tags":[],"acf":[],"aioseo_notices":[],"yoast_head":"<!-- This site is optimized with the Yoast SEO plugin v24.5 - https:\/\/yoast.com\/wordpress\/plugins\/seo\/ -->\n<title>Pulando a fogueira da pandemia: no segundo ano sem S\u00e3o Jo\u00e3o, artistas e cidades precisam se conformar com o remoto - Impressao Digital 126<\/title>\n<meta name=\"robots\" content=\"index, follow, max-snippet:-1, max-image-preview:large, max-video-preview:-1\" \/>\n<link rel=\"canonical\" href=\"https:\/\/id126ufba.com.br\/memoria\/pulando-a-fogueira-da-pandemia-no-segundo-ano-sem-sao-joao-artistas-e-cidades-precisam-se-conformar-com-o-remoto\/\" \/>\n<meta property=\"og:locale\" content=\"pt_BR\" \/>\n<meta property=\"og:type\" content=\"article\" \/>\n<meta property=\"og:title\" content=\"Pulando a fogueira da pandemia: no segundo ano sem S\u00e3o Jo\u00e3o, artistas e cidades precisam se conformar com o remoto - Impressao Digital 126\" \/>\n<meta property=\"og:description\" content=\"Com o cancelamento da festa na Bahia, mais de R$ 500 milh\u00f5es deixam de circular &nbsp; S\u00e3o Jo\u00e3o e aglomera\u00e7\u00e3o t\u00eam tudo a ver. Mas, pelo segundo ano consecutivo, a pandemia de covid-19 jogou \u00e1gua na fogueira do povo nordestino, e a maior festa regional do pa\u00eds n\u00e3o poder\u00e1 acontecer em seus moldes tradicionais. Na [&hellip;]\" \/>\n<meta property=\"og:url\" content=\"https:\/\/id126ufba.com.br\/memoria\/pulando-a-fogueira-da-pandemia-no-segundo-ano-sem-sao-joao-artistas-e-cidades-precisam-se-conformar-com-o-remoto\/\" \/>\n<meta property=\"og:site_name\" content=\"Impressao Digital 126\" \/>\n<meta property=\"article:published_time\" content=\"2021-06-02T01:27:55+00:00\" \/>\n<meta property=\"article:modified_time\" content=\"2021-12-01T22:40:30+00:00\" \/>\n<meta property=\"og:image\" content=\"https:\/\/id126ufba.com.br\/memoria\/wp-content\/uploads\/2021\/05\/Pra\u00e7a-Amargosa.jpeg\" \/>\n\t<meta property=\"og:image:width\" content=\"600\" \/>\n\t<meta property=\"og:image:height\" content=\"376\" \/>\n\t<meta property=\"og:image:type\" content=\"image\/jpeg\" \/>\n<meta name=\"author\" content=\"Editor\" \/>\n<meta name=\"twitter:card\" content=\"summary_large_image\" \/>\n<meta name=\"twitter:label1\" content=\"Escrito por\" \/>\n\t<meta name=\"twitter:data1\" content=\"Editor\" \/>\n\t<meta name=\"twitter:label2\" content=\"Est. tempo de leitura\" \/>\n\t<meta name=\"twitter:data2\" content=\"14 minutos\" \/>\n<script type=\"application\/ld+json\" class=\"yoast-schema-graph\">{\"@context\":\"https:\/\/schema.org\",\"@graph\":[{\"@type\":\"Article\",\"@id\":\"https:\/\/id126ufba.com.br\/memoria\/pulando-a-fogueira-da-pandemia-no-segundo-ano-sem-sao-joao-artistas-e-cidades-precisam-se-conformar-com-o-remoto\/#article\",\"isPartOf\":{\"@id\":\"https:\/\/id126ufba.com.br\/memoria\/pulando-a-fogueira-da-pandemia-no-segundo-ano-sem-sao-joao-artistas-e-cidades-precisam-se-conformar-com-o-remoto\/\"},\"author\":{\"name\":\"Editor\",\"@id\":\"https:\/\/id126ufba.com.br\/memoria\/#\/schema\/person\/4f42ebfe385625f80efb1e423b1971ee\"},\"headline\":\"Pulando a fogueira da pandemia: no segundo ano sem S\u00e3o Jo\u00e3o, artistas e cidades precisam se conformar com o remoto\",\"datePublished\":\"2021-06-02T01:27:55+00:00\",\"dateModified\":\"2021-12-01T22:40:30+00:00\",\"mainEntityOfPage\":{\"@id\":\"https:\/\/id126ufba.com.br\/memoria\/pulando-a-fogueira-da-pandemia-no-segundo-ano-sem-sao-joao-artistas-e-cidades-precisam-se-conformar-com-o-remoto\/\"},\"wordCount\":2848,\"publisher\":{\"@id\":\"https:\/\/id126ufba.com.br\/memoria\/#organization\"},\"image\":{\"@id\":\"https:\/\/id126ufba.com.br\/memoria\/pulando-a-fogueira-da-pandemia-no-segundo-ano-sem-sao-joao-artistas-e-cidades-precisam-se-conformar-com-o-remoto\/#primaryimage\"},\"thumbnailUrl\":\"https:\/\/id126ufba.com.br\/memoria\/wp-content\/uploads\/2021\/05\/Pra\u00e7a-Amargosa.jpeg\",\"articleSection\":[\"Cultura\"],\"inLanguage\":\"pt-BR\"},{\"@type\":\"WebPage\",\"@id\":\"https:\/\/id126ufba.com.br\/memoria\/pulando-a-fogueira-da-pandemia-no-segundo-ano-sem-sao-joao-artistas-e-cidades-precisam-se-conformar-com-o-remoto\/\",\"url\":\"https:\/\/id126ufba.com.br\/memoria\/pulando-a-fogueira-da-pandemia-no-segundo-ano-sem-sao-joao-artistas-e-cidades-precisam-se-conformar-com-o-remoto\/\",\"name\":\"Pulando a fogueira da pandemia: no segundo ano sem S\u00e3o Jo\u00e3o, artistas e cidades precisam se conformar com o remoto - Impressao Digital 126\",\"isPartOf\":{\"@id\":\"https:\/\/id126ufba.com.br\/memoria\/#website\"},\"primaryImageOfPage\":{\"@id\":\"https:\/\/id126ufba.com.br\/memoria\/pulando-a-fogueira-da-pandemia-no-segundo-ano-sem-sao-joao-artistas-e-cidades-precisam-se-conformar-com-o-remoto\/#primaryimage\"},\"image\":{\"@id\":\"https:\/\/id126ufba.com.br\/memoria\/pulando-a-fogueira-da-pandemia-no-segundo-ano-sem-sao-joao-artistas-e-cidades-precisam-se-conformar-com-o-remoto\/#primaryimage\"},\"thumbnailUrl\":\"https:\/\/id126ufba.com.br\/memoria\/wp-content\/uploads\/2021\/05\/Pra\u00e7a-Amargosa.jpeg\",\"datePublished\":\"2021-06-02T01:27:55+00:00\",\"dateModified\":\"2021-12-01T22:40:30+00:00\",\"breadcrumb\":{\"@id\":\"https:\/\/id126ufba.com.br\/memoria\/pulando-a-fogueira-da-pandemia-no-segundo-ano-sem-sao-joao-artistas-e-cidades-precisam-se-conformar-com-o-remoto\/#breadcrumb\"},\"inLanguage\":\"pt-BR\",\"potentialAction\":[{\"@type\":\"ReadAction\",\"target\":[\"https:\/\/id126ufba.com.br\/memoria\/pulando-a-fogueira-da-pandemia-no-segundo-ano-sem-sao-joao-artistas-e-cidades-precisam-se-conformar-com-o-remoto\/\"]}]},{\"@type\":\"ImageObject\",\"inLanguage\":\"pt-BR\",\"@id\":\"https:\/\/id126ufba.com.br\/memoria\/pulando-a-fogueira-da-pandemia-no-segundo-ano-sem-sao-joao-artistas-e-cidades-precisam-se-conformar-com-o-remoto\/#primaryimage\",\"url\":\"https:\/\/id126ufba.com.br\/memoria\/wp-content\/uploads\/2021\/05\/Pra\u00e7a-Amargosa.jpeg\",\"contentUrl\":\"https:\/\/id126ufba.com.br\/memoria\/wp-content\/uploads\/2021\/05\/Pra\u00e7a-Amargosa.jpeg\",\"width\":600,\"height\":376},{\"@type\":\"BreadcrumbList\",\"@id\":\"https:\/\/id126ufba.com.br\/memoria\/pulando-a-fogueira-da-pandemia-no-segundo-ano-sem-sao-joao-artistas-e-cidades-precisam-se-conformar-com-o-remoto\/#breadcrumb\",\"itemListElement\":[{\"@type\":\"ListItem\",\"position\":1,\"name\":\"In\u00edcio\",\"item\":\"https:\/\/id126ufba.com.br\/memoria\/\"},{\"@type\":\"ListItem\",\"position\":2,\"name\":\"Pulando a fogueira da pandemia: no segundo ano sem S\u00e3o Jo\u00e3o, artistas e cidades precisam se conformar com o remoto\"}]},{\"@type\":\"WebSite\",\"@id\":\"https:\/\/id126ufba.com.br\/memoria\/#website\",\"url\":\"https:\/\/id126ufba.com.br\/memoria\/\",\"name\":\"Impressao Digital 126\",\"description\":\"\",\"publisher\":{\"@id\":\"https:\/\/id126ufba.com.br\/memoria\/#organization\"},\"potentialAction\":[{\"@type\":\"SearchAction\",\"target\":{\"@type\":\"EntryPoint\",\"urlTemplate\":\"https:\/\/id126ufba.com.br\/memoria\/?s={search_term_string}\"},\"query-input\":{\"@type\":\"PropertyValueSpecification\",\"valueRequired\":true,\"valueName\":\"search_term_string\"}}],\"inLanguage\":\"pt-BR\"},{\"@type\":\"Organization\",\"@id\":\"https:\/\/id126ufba.com.br\/memoria\/#organization\",\"name\":\"Impressao Digital 126\",\"url\":\"https:\/\/id126ufba.com.br\/memoria\/\",\"logo\":{\"@type\":\"ImageObject\",\"inLanguage\":\"pt-BR\",\"@id\":\"https:\/\/id126ufba.com.br\/memoria\/#\/schema\/logo\/image\/\",\"url\":\"https:\/\/id126ufba.com.br\/memoria\/wp-content\/uploads\/2024\/07\/cropped-logo_memoria-1.png\",\"contentUrl\":\"https:\/\/id126ufba.com.br\/memoria\/wp-content\/uploads\/2024\/07\/cropped-logo_memoria-1.png\",\"width\":500,\"height\":100,\"caption\":\"Impressao Digital 126\"},\"image\":{\"@id\":\"https:\/\/id126ufba.com.br\/memoria\/#\/schema\/logo\/image\/\"}},{\"@type\":\"Person\",\"@id\":\"https:\/\/id126ufba.com.br\/memoria\/#\/schema\/person\/4f42ebfe385625f80efb1e423b1971ee\",\"name\":\"Editor\",\"image\":{\"@type\":\"ImageObject\",\"inLanguage\":\"pt-BR\",\"@id\":\"https:\/\/id126ufba.com.br\/memoria\/#\/schema\/person\/image\/\",\"url\":\"https:\/\/secure.gravatar.com\/avatar\/1d69d145a93605cda3e299a3b9c25751?s=96&d=mm&r=g\",\"contentUrl\":\"https:\/\/secure.gravatar.com\/avatar\/1d69d145a93605cda3e299a3b9c25751?s=96&d=mm&r=g\",\"caption\":\"Editor\"},\"url\":\"https:\/\/id126ufba.com.br\/memoria\/author\/editor\/\"}]}<\/script>\n<!-- \/ Yoast SEO plugin. -->","yoast_head_json":{"title":"Pulando a fogueira da pandemia: no segundo ano sem S\u00e3o Jo\u00e3o, artistas e cidades precisam se conformar com o remoto - Impressao Digital 126","robots":{"index":"index","follow":"follow","max-snippet":"max-snippet:-1","max-image-preview":"max-image-preview:large","max-video-preview":"max-video-preview:-1"},"canonical":"https:\/\/id126ufba.com.br\/memoria\/pulando-a-fogueira-da-pandemia-no-segundo-ano-sem-sao-joao-artistas-e-cidades-precisam-se-conformar-com-o-remoto\/","og_locale":"pt_BR","og_type":"article","og_title":"Pulando a fogueira da pandemia: no segundo ano sem S\u00e3o Jo\u00e3o, artistas e cidades precisam se conformar com o remoto - Impressao Digital 126","og_description":"Com o cancelamento da festa na Bahia, mais de R$ 500 milh\u00f5es deixam de circular &nbsp; S\u00e3o Jo\u00e3o e aglomera\u00e7\u00e3o t\u00eam tudo a ver. Mas, pelo segundo ano consecutivo, a pandemia de covid-19 jogou \u00e1gua na fogueira do povo nordestino, e a maior festa regional do pa\u00eds n\u00e3o poder\u00e1 acontecer em seus moldes tradicionais. Na [&hellip;]","og_url":"https:\/\/id126ufba.com.br\/memoria\/pulando-a-fogueira-da-pandemia-no-segundo-ano-sem-sao-joao-artistas-e-cidades-precisam-se-conformar-com-o-remoto\/","og_site_name":"Impressao Digital 126","article_published_time":"2021-06-02T01:27:55+00:00","article_modified_time":"2021-12-01T22:40:30+00:00","og_image":[{"width":600,"height":376,"url":"https:\/\/id126ufba.com.br\/memoria\/wp-content\/uploads\/2021\/05\/Pra\u00e7a-Amargosa.jpeg","type":"image\/jpeg"}],"author":"Editor","twitter_card":"summary_large_image","twitter_misc":{"Escrito por":"Editor","Est. tempo de leitura":"14 minutos"},"schema":{"@context":"https:\/\/schema.org","@graph":[{"@type":"Article","@id":"https:\/\/id126ufba.com.br\/memoria\/pulando-a-fogueira-da-pandemia-no-segundo-ano-sem-sao-joao-artistas-e-cidades-precisam-se-conformar-com-o-remoto\/#article","isPartOf":{"@id":"https:\/\/id126ufba.com.br\/memoria\/pulando-a-fogueira-da-pandemia-no-segundo-ano-sem-sao-joao-artistas-e-cidades-precisam-se-conformar-com-o-remoto\/"},"author":{"name":"Editor","@id":"https:\/\/id126ufba.com.br\/memoria\/#\/schema\/person\/4f42ebfe385625f80efb1e423b1971ee"},"headline":"Pulando a fogueira da pandemia: no segundo ano sem S\u00e3o Jo\u00e3o, artistas e cidades precisam se conformar com o remoto","datePublished":"2021-06-02T01:27:55+00:00","dateModified":"2021-12-01T22:40:30+00:00","mainEntityOfPage":{"@id":"https:\/\/id126ufba.com.br\/memoria\/pulando-a-fogueira-da-pandemia-no-segundo-ano-sem-sao-joao-artistas-e-cidades-precisam-se-conformar-com-o-remoto\/"},"wordCount":2848,"publisher":{"@id":"https:\/\/id126ufba.com.br\/memoria\/#organization"},"image":{"@id":"https:\/\/id126ufba.com.br\/memoria\/pulando-a-fogueira-da-pandemia-no-segundo-ano-sem-sao-joao-artistas-e-cidades-precisam-se-conformar-com-o-remoto\/#primaryimage"},"thumbnailUrl":"https:\/\/id126ufba.com.br\/memoria\/wp-content\/uploads\/2021\/05\/Pra\u00e7a-Amargosa.jpeg","articleSection":["Cultura"],"inLanguage":"pt-BR"},{"@type":"WebPage","@id":"https:\/\/id126ufba.com.br\/memoria\/pulando-a-fogueira-da-pandemia-no-segundo-ano-sem-sao-joao-artistas-e-cidades-precisam-se-conformar-com-o-remoto\/","url":"https:\/\/id126ufba.com.br\/memoria\/pulando-a-fogueira-da-pandemia-no-segundo-ano-sem-sao-joao-artistas-e-cidades-precisam-se-conformar-com-o-remoto\/","name":"Pulando a fogueira da pandemia: no segundo ano sem S\u00e3o Jo\u00e3o, artistas e cidades precisam se conformar com o remoto - Impressao Digital 126","isPartOf":{"@id":"https:\/\/id126ufba.com.br\/memoria\/#website"},"primaryImageOfPage":{"@id":"https:\/\/id126ufba.com.br\/memoria\/pulando-a-fogueira-da-pandemia-no-segundo-ano-sem-sao-joao-artistas-e-cidades-precisam-se-conformar-com-o-remoto\/#primaryimage"},"image":{"@id":"https:\/\/id126ufba.com.br\/memoria\/pulando-a-fogueira-da-pandemia-no-segundo-ano-sem-sao-joao-artistas-e-cidades-precisam-se-conformar-com-o-remoto\/#primaryimage"},"thumbnailUrl":"https:\/\/id126ufba.com.br\/memoria\/wp-content\/uploads\/2021\/05\/Pra\u00e7a-Amargosa.jpeg","datePublished":"2021-06-02T01:27:55+00:00","dateModified":"2021-12-01T22:40:30+00:00","breadcrumb":{"@id":"https:\/\/id126ufba.com.br\/memoria\/pulando-a-fogueira-da-pandemia-no-segundo-ano-sem-sao-joao-artistas-e-cidades-precisam-se-conformar-com-o-remoto\/#breadcrumb"},"inLanguage":"pt-BR","potentialAction":[{"@type":"ReadAction","target":["https:\/\/id126ufba.com.br\/memoria\/pulando-a-fogueira-da-pandemia-no-segundo-ano-sem-sao-joao-artistas-e-cidades-precisam-se-conformar-com-o-remoto\/"]}]},{"@type":"ImageObject","inLanguage":"pt-BR","@id":"https:\/\/id126ufba.com.br\/memoria\/pulando-a-fogueira-da-pandemia-no-segundo-ano-sem-sao-joao-artistas-e-cidades-precisam-se-conformar-com-o-remoto\/#primaryimage","url":"https:\/\/id126ufba.com.br\/memoria\/wp-content\/uploads\/2021\/05\/Pra\u00e7a-Amargosa.jpeg","contentUrl":"https:\/\/id126ufba.com.br\/memoria\/wp-content\/uploads\/2021\/05\/Pra\u00e7a-Amargosa.jpeg","width":600,"height":376},{"@type":"BreadcrumbList","@id":"https:\/\/id126ufba.com.br\/memoria\/pulando-a-fogueira-da-pandemia-no-segundo-ano-sem-sao-joao-artistas-e-cidades-precisam-se-conformar-com-o-remoto\/#breadcrumb","itemListElement":[{"@type":"ListItem","position":1,"name":"In\u00edcio","item":"https:\/\/id126ufba.com.br\/memoria\/"},{"@type":"ListItem","position":2,"name":"Pulando a fogueira da pandemia: no segundo ano sem S\u00e3o Jo\u00e3o, artistas e cidades precisam se conformar com o remoto"}]},{"@type":"WebSite","@id":"https:\/\/id126ufba.com.br\/memoria\/#website","url":"https:\/\/id126ufba.com.br\/memoria\/","name":"Impressao Digital 126","description":"","publisher":{"@id":"https:\/\/id126ufba.com.br\/memoria\/#organization"},"potentialAction":[{"@type":"SearchAction","target":{"@type":"EntryPoint","urlTemplate":"https:\/\/id126ufba.com.br\/memoria\/?s={search_term_string}"},"query-input":{"@type":"PropertyValueSpecification","valueRequired":true,"valueName":"search_term_string"}}],"inLanguage":"pt-BR"},{"@type":"Organization","@id":"https:\/\/id126ufba.com.br\/memoria\/#organization","name":"Impressao Digital 126","url":"https:\/\/id126ufba.com.br\/memoria\/","logo":{"@type":"ImageObject","inLanguage":"pt-BR","@id":"https:\/\/id126ufba.com.br\/memoria\/#\/schema\/logo\/image\/","url":"https:\/\/id126ufba.com.br\/memoria\/wp-content\/uploads\/2024\/07\/cropped-logo_memoria-1.png","contentUrl":"https:\/\/id126ufba.com.br\/memoria\/wp-content\/uploads\/2024\/07\/cropped-logo_memoria-1.png","width":500,"height":100,"caption":"Impressao Digital 126"},"image":{"@id":"https:\/\/id126ufba.com.br\/memoria\/#\/schema\/logo\/image\/"}},{"@type":"Person","@id":"https:\/\/id126ufba.com.br\/memoria\/#\/schema\/person\/4f42ebfe385625f80efb1e423b1971ee","name":"Editor","image":{"@type":"ImageObject","inLanguage":"pt-BR","@id":"https:\/\/id126ufba.com.br\/memoria\/#\/schema\/person\/image\/","url":"https:\/\/secure.gravatar.com\/avatar\/1d69d145a93605cda3e299a3b9c25751?s=96&d=mm&r=g","contentUrl":"https:\/\/secure.gravatar.com\/avatar\/1d69d145a93605cda3e299a3b9c25751?s=96&d=mm&r=g","caption":"Editor"},"url":"https:\/\/id126ufba.com.br\/memoria\/author\/editor\/"}]}},"_links":{"self":[{"href":"https:\/\/id126ufba.com.br\/memoria\/wp-json\/wp\/v2\/posts\/37738"}],"collection":[{"href":"https:\/\/id126ufba.com.br\/memoria\/wp-json\/wp\/v2\/posts"}],"about":[{"href":"https:\/\/id126ufba.com.br\/memoria\/wp-json\/wp\/v2\/types\/post"}],"author":[{"embeddable":true,"href":"https:\/\/id126ufba.com.br\/memoria\/wp-json\/wp\/v2\/users\/2"}],"replies":[{"embeddable":true,"href":"https:\/\/id126ufba.com.br\/memoria\/wp-json\/wp\/v2\/comments?post=37738"}],"version-history":[{"count":28,"href":"https:\/\/id126ufba.com.br\/memoria\/wp-json\/wp\/v2\/posts\/37738\/revisions"}],"predecessor-version":[{"id":38315,"href":"https:\/\/id126ufba.com.br\/memoria\/wp-json\/wp\/v2\/posts\/37738\/revisions\/38315"}],"wp:featuredmedia":[{"embeddable":true,"href":"https:\/\/id126ufba.com.br\/memoria\/wp-json\/wp\/v2\/media\/37739"}],"wp:attachment":[{"href":"https:\/\/id126ufba.com.br\/memoria\/wp-json\/wp\/v2\/media?parent=37738"}],"wp:term":[{"taxonomy":"category","embeddable":true,"href":"https:\/\/id126ufba.com.br\/memoria\/wp-json\/wp\/v2\/categories?post=37738"},{"taxonomy":"post_tag","embeddable":true,"href":"https:\/\/id126ufba.com.br\/memoria\/wp-json\/wp\/v2\/tags?post=37738"}],"curies":[{"name":"wp","href":"https:\/\/api.w.org\/{rel}","templated":true}]}}