{"id":39906,"date":"2022-12-07T12:21:21","date_gmt":"2022-12-07T15:21:21","guid":{"rendered":"https:\/\/id126ufba.com.br\/?p=39906"},"modified":"2022-12-14T10:44:23","modified_gmt":"2022-12-14T13:44:23","slug":"39906-2","status":"publish","type":"post","link":"https:\/\/id126ufba.com.br\/memoria\/39906-2\/","title":{"rendered":"A invisibilidade que nos cerca"},"content":{"rendered":"\n<p>De que perspectiva voc\u00ea enxerga o que est\u00e1 ao seu redor?<\/p>\n\n\n\n<p>A segunda edi\u00e7\u00e3o de 2022 do <strong><em>Impress\u00e3o Digital 126<\/em><\/strong>, produto laboratorial da disciplina Oficina de Jornalismo Digital (COM 126) da FACOM | UFBA, traz diferentes \u00e2ngulos jornal\u00edsticos sobre o que nos marca enquanto sociedade, especialmente \u00e0quilo que fazemos quest\u00e3o de fingir que n\u00e3o existe. O capacitismo, que invisibiliza a exist\u00eancia social de adultos autistas e nega o direito ao protagonismo de pessoas com defici\u00eancia na m\u00eddia; os desafios no registro civil de pessoas trans; a situa\u00e7\u00e3o dos presos provis\u00f3rios no sistema penal baiano; e ainda o encapsulamento dos rios, que tamb\u00e9m esconde a aus\u00eancia de uma pol\u00edtica ambiental adequada na cidade de Salvador.<\/p>\n\n\n\n<p>As consequ\u00eancias dessa sociedade que nega tamb\u00e9m podem ser visualizadas no culto \u00e0 ignor\u00e2ncia cient\u00edfica que gera a queda da vacina\u00e7\u00e3o no pa\u00eds que por d\u00e9cadas ostentou o t\u00edtulo de pa\u00eds-refer\u00eancia nesta \u00e1rea. Nesta edi\u00e7\u00e3o temos ainda olhares sobre a gravidez indesejada, os baianos que est\u00e3o articulando a transi\u00e7\u00e3o entre governos presidenciais, o mercado de pet shops, e uma reportagem especial sobre a discrep\u00e2ncia de g\u00eanero e ra\u00e7a entre os pesquisadores das \u00e1reas de STEM (Ci\u00eancia, Tecnologia, Engenharia e Matem\u00e1tica) nas universidades p\u00fablicas de Salvador.<\/p>\n\n\n\n<p>Na Sala de Visitas, o destaque vem assinado por Matheus Souza, monitor da disciplina, que elaborou uma reportagem produzida para o Pr\u00eamio de Jornalismo da Abapa (Associa\u00e7\u00e3o Baiana de Produtores de Algod\u00e3o), voltado \u00e0 cotonicultura no oeste da Bahia e seu impacto na vida local.<\/p>\n\n\n\n<p>O tratamento multim\u00eddia e hipertextual para os conte\u00fados foi trabalhado pela turma do <strong><em>ID 126<\/em><\/strong> com criatividade para abordar os assuntos pautados. As op\u00e7\u00f5es de interatividade ajudam no engajamento das reportagens, expandindo seu alcance al\u00e9m do site.&nbsp;<\/p>\n\n\n\n<p>Assim, te convidamos a dar uma olhada nos perfis do <strong><em>ID 126<\/em><\/strong> nas redes sociais, pois l\u00e1 tamb\u00e9m publicamos textos e v\u00eddeos bem bacanas. Estamos presentes no Instagram e Facebook.<\/p>\n\n\n\n<p>Deixa o like e aproveite a leitura!<\/p>\n\n\n\n<div style=\"height:66px\" aria-hidden=\"true\" class=\"wp-block-spacer\"><\/div>\n\n\n\n<p><strong>Alunas\/os da Turma de Oficina de Jornalismo Digital 2022.2 :<\/strong><\/p>\n\n\n\n<p>Adauto Menezes de Jesus, Alisson Silva de Oliveira, Ana Carolina Generoso Carmo, Catharine Ferreira Matos, Christina Neves Mariani, Ciro Garcez dos Santos Sacramento, Eufr\u00e1sia Lima Neres, Gilberto de Souza Amorim Junior, Giovanna Hemerly Goncalves das Neves, Gustavo Pimentel Nascimento, Ian Reis de Jesus, Jade Emanuele Santana dos Santos, Jamile Freitas Roseira, Labelle Fernanda Santana Santos Bastos, Laiz Lima Andrade Menezes, Leilane da Silva Suzarte, L\u00edvia Patricia Batista da Silva, Marcio Smith Rocha, Mariana Cristina Da Silva Gomes, Marina Braga Trindade, Nalbert Guimar\u00e3es Antonino, Roberta Catherine Mutte de Castro, Sarah Cardoso Nogueira e T\u00e2mara de Jesus Andrade<\/p>\n\n\n\n<p><strong>Coordena\u00e7\u00e3o editorial 2022.2:<\/strong> <mark style=\"background-color:rgba(0, 0, 0, 0)\" class=\"has-inline-color has-black-color\">Prof\u00aa<\/mark> Suzana Barbosa<\/p>\n\n\n\n<p><strong>Alunas de Tirocinio Docente:<\/strong> Vict\u00f3ria Dailly (Mestrado) e Ra\u00edza Tourinho (Doutorado) <\/p>\n\n\n\n<p><strong>Monitor:<\/strong> Matheus Souza<\/p>\n","protected":false},"excerpt":{"rendered":"<p>De que perspectiva voc\u00ea enxerga o que est\u00e1 ao seu redor? A segunda edi\u00e7\u00e3o de 2022 do Impress\u00e3o Digital 126, produto laboratorial da disciplina Oficina de Jornalismo Digital (COM 126) da FACOM | UFBA, traz diferentes \u00e2ngulos jornal\u00edsticos sobre o que nos marca enquanto sociedade, especialmente \u00e0quilo que fazemos quest\u00e3o de fingir que n\u00e3o existe. [&hellip;]<\/p>\n","protected":false},"author":2,"featured_media":40246,"comment_status":"open","ping_status":"open","sticky":true,"template":"","format":"standard","meta":{"_acf_changed":false,"_monsterinsights_skip_tracking":false,"_monsterinsights_sitenote_active":false,"_monsterinsights_sitenote_note":"","_monsterinsights_sitenote_category":0,"footnotes":""},"categories":[1],"tags":[],"acf":[],"aioseo_notices":[],"yoast_head":"<!-- This site is optimized with the Yoast SEO plugin v24.5 - https:\/\/yoast.com\/wordpress\/plugins\/seo\/ -->\n<title>A invisibilidade que nos cerca - Impressao Digital 126<\/title>\n<meta name=\"robots\" content=\"index, follow, max-snippet:-1, max-image-preview:large, max-video-preview:-1\" \/>\n<link rel=\"canonical\" href=\"https:\/\/id126ufba.com.br\/memoria\/39906-2\/\" \/>\n<meta property=\"og:locale\" content=\"pt_BR\" \/>\n<meta property=\"og:type\" content=\"article\" \/>\n<meta property=\"og:title\" content=\"A invisibilidade que nos cerca - Impressao Digital 126\" \/>\n<meta property=\"og:description\" content=\"De que perspectiva voc\u00ea enxerga o que est\u00e1 ao seu redor? A segunda edi\u00e7\u00e3o de 2022 do Impress\u00e3o Digital 126, produto laboratorial da disciplina Oficina de Jornalismo Digital (COM 126) da FACOM | UFBA, traz diferentes \u00e2ngulos jornal\u00edsticos sobre o que nos marca enquanto sociedade, especialmente \u00e0quilo que fazemos quest\u00e3o de fingir que n\u00e3o existe. [&hellip;]\" \/>\n<meta property=\"og:url\" content=\"https:\/\/id126ufba.com.br\/memoria\/39906-2\/\" \/>\n<meta property=\"og:site_name\" content=\"Impressao Digital 126\" \/>\n<meta property=\"article:published_time\" content=\"2022-12-07T15:21:21+00:00\" \/>\n<meta property=\"article:modified_time\" content=\"2022-12-14T13:44:23+00:00\" \/>\n<meta property=\"og:image\" content=\"https:\/\/id126ufba.com.br\/memoria\/wp-content\/uploads\/2022\/12\/Copia-de-capa-impressao-digital-2022.2-1.png\" \/>\n\t<meta property=\"og:image:width\" content=\"1640\" \/>\n\t<meta property=\"og:image:height\" content=\"924\" \/>\n\t<meta property=\"og:image:type\" content=\"image\/png\" \/>\n<meta name=\"author\" content=\"Editor\" \/>\n<meta name=\"twitter:card\" content=\"summary_large_image\" \/>\n<meta name=\"twitter:label1\" content=\"Escrito por\" \/>\n\t<meta name=\"twitter:data1\" content=\"Editor\" \/>\n\t<meta name=\"twitter:label2\" content=\"Est. tempo de leitura\" \/>\n\t<meta name=\"twitter:data2\" content=\"3 minutos\" \/>\n<script type=\"application\/ld+json\" class=\"yoast-schema-graph\">{\"@context\":\"https:\/\/schema.org\",\"@graph\":[{\"@type\":\"Article\",\"@id\":\"https:\/\/id126ufba.com.br\/memoria\/39906-2\/#article\",\"isPartOf\":{\"@id\":\"https:\/\/id126ufba.com.br\/memoria\/39906-2\/\"},\"author\":{\"name\":\"Editor\",\"@id\":\"https:\/\/id126ufba.com.br\/memoria\/#\/schema\/person\/4f42ebfe385625f80efb1e423b1971ee\"},\"headline\":\"A invisibilidade que nos cerca\",\"datePublished\":\"2022-12-07T15:21:21+00:00\",\"dateModified\":\"2022-12-14T13:44:23+00:00\",\"mainEntityOfPage\":{\"@id\":\"https:\/\/id126ufba.com.br\/memoria\/39906-2\/\"},\"wordCount\":488,\"commentCount\":0,\"publisher\":{\"@id\":\"https:\/\/id126ufba.com.br\/memoria\/#organization\"},\"image\":{\"@id\":\"https:\/\/id126ufba.com.br\/memoria\/39906-2\/#primaryimage\"},\"thumbnailUrl\":\"https:\/\/id126ufba.com.br\/memoria\/wp-content\/uploads\/2022\/12\/Copia-de-capa-impressao-digital-2022.2-1.png\",\"articleSection\":[\"Cotidiano\"],\"inLanguage\":\"pt-BR\",\"potentialAction\":[{\"@type\":\"CommentAction\",\"name\":\"Comment\",\"target\":[\"https:\/\/id126ufba.com.br\/memoria\/39906-2\/#respond\"]}]},{\"@type\":\"WebPage\",\"@id\":\"https:\/\/id126ufba.com.br\/memoria\/39906-2\/\",\"url\":\"https:\/\/id126ufba.com.br\/memoria\/39906-2\/\",\"name\":\"A invisibilidade que nos cerca - Impressao Digital 126\",\"isPartOf\":{\"@id\":\"https:\/\/id126ufba.com.br\/memoria\/#website\"},\"primaryImageOfPage\":{\"@id\":\"https:\/\/id126ufba.com.br\/memoria\/39906-2\/#primaryimage\"},\"image\":{\"@id\":\"https:\/\/id126ufba.com.br\/memoria\/39906-2\/#primaryimage\"},\"thumbnailUrl\":\"https:\/\/id126ufba.com.br\/memoria\/wp-content\/uploads\/2022\/12\/Copia-de-capa-impressao-digital-2022.2-1.png\",\"datePublished\":\"2022-12-07T15:21:21+00:00\",\"dateModified\":\"2022-12-14T13:44:23+00:00\",\"breadcrumb\":{\"@id\":\"https:\/\/id126ufba.com.br\/memoria\/39906-2\/#breadcrumb\"},\"inLanguage\":\"pt-BR\",\"potentialAction\":[{\"@type\":\"ReadAction\",\"target\":[\"https:\/\/id126ufba.com.br\/memoria\/39906-2\/\"]}]},{\"@type\":\"ImageObject\",\"inLanguage\":\"pt-BR\",\"@id\":\"https:\/\/id126ufba.com.br\/memoria\/39906-2\/#primaryimage\",\"url\":\"https:\/\/id126ufba.com.br\/memoria\/wp-content\/uploads\/2022\/12\/Copia-de-capa-impressao-digital-2022.2-1.png\",\"contentUrl\":\"https:\/\/id126ufba.com.br\/memoria\/wp-content\/uploads\/2022\/12\/Copia-de-capa-impressao-digital-2022.2-1.png\",\"width\":1640,\"height\":924},{\"@type\":\"BreadcrumbList\",\"@id\":\"https:\/\/id126ufba.com.br\/memoria\/39906-2\/#breadcrumb\",\"itemListElement\":[{\"@type\":\"ListItem\",\"position\":1,\"name\":\"In\u00edcio\",\"item\":\"https:\/\/id126ufba.com.br\/memoria\/\"},{\"@type\":\"ListItem\",\"position\":2,\"name\":\"A invisibilidade que nos cerca\"}]},{\"@type\":\"WebSite\",\"@id\":\"https:\/\/id126ufba.com.br\/memoria\/#website\",\"url\":\"https:\/\/id126ufba.com.br\/memoria\/\",\"name\":\"Impressao Digital 126\",\"description\":\"\",\"publisher\":{\"@id\":\"https:\/\/id126ufba.com.br\/memoria\/#organization\"},\"potentialAction\":[{\"@type\":\"SearchAction\",\"target\":{\"@type\":\"EntryPoint\",\"urlTemplate\":\"https:\/\/id126ufba.com.br\/memoria\/?s={search_term_string}\"},\"query-input\":{\"@type\":\"PropertyValueSpecification\",\"valueRequired\":true,\"valueName\":\"search_term_string\"}}],\"inLanguage\":\"pt-BR\"},{\"@type\":\"Organization\",\"@id\":\"https:\/\/id126ufba.com.br\/memoria\/#organization\",\"name\":\"Impressao Digital 126\",\"url\":\"https:\/\/id126ufba.com.br\/memoria\/\",\"logo\":{\"@type\":\"ImageObject\",\"inLanguage\":\"pt-BR\",\"@id\":\"https:\/\/id126ufba.com.br\/memoria\/#\/schema\/logo\/image\/\",\"url\":\"https:\/\/id126ufba.com.br\/memoria\/wp-content\/uploads\/2024\/07\/cropped-logo_memoria-1.png\",\"contentUrl\":\"https:\/\/id126ufba.com.br\/memoria\/wp-content\/uploads\/2024\/07\/cropped-logo_memoria-1.png\",\"width\":500,\"height\":100,\"caption\":\"Impressao Digital 126\"},\"image\":{\"@id\":\"https:\/\/id126ufba.com.br\/memoria\/#\/schema\/logo\/image\/\"}},{\"@type\":\"Person\",\"@id\":\"https:\/\/id126ufba.com.br\/memoria\/#\/schema\/person\/4f42ebfe385625f80efb1e423b1971ee\",\"name\":\"Editor\",\"image\":{\"@type\":\"ImageObject\",\"inLanguage\":\"pt-BR\",\"@id\":\"https:\/\/id126ufba.com.br\/memoria\/#\/schema\/person\/image\/\",\"url\":\"https:\/\/secure.gravatar.com\/avatar\/1d69d145a93605cda3e299a3b9c25751?s=96&d=mm&r=g\",\"contentUrl\":\"https:\/\/secure.gravatar.com\/avatar\/1d69d145a93605cda3e299a3b9c25751?s=96&d=mm&r=g\",\"caption\":\"Editor\"},\"url\":\"https:\/\/id126ufba.com.br\/memoria\/author\/editor\/\"}]}<\/script>\n<!-- \/ Yoast SEO plugin. -->","yoast_head_json":{"title":"A invisibilidade que nos cerca - Impressao Digital 126","robots":{"index":"index","follow":"follow","max-snippet":"max-snippet:-1","max-image-preview":"max-image-preview:large","max-video-preview":"max-video-preview:-1"},"canonical":"https:\/\/id126ufba.com.br\/memoria\/39906-2\/","og_locale":"pt_BR","og_type":"article","og_title":"A invisibilidade que nos cerca - Impressao Digital 126","og_description":"De que perspectiva voc\u00ea enxerga o que est\u00e1 ao seu redor? A segunda edi\u00e7\u00e3o de 2022 do Impress\u00e3o Digital 126, produto laboratorial da disciplina Oficina de Jornalismo Digital (COM 126) da FACOM | UFBA, traz diferentes \u00e2ngulos jornal\u00edsticos sobre o que nos marca enquanto sociedade, especialmente \u00e0quilo que fazemos quest\u00e3o de fingir que n\u00e3o existe. [&hellip;]","og_url":"https:\/\/id126ufba.com.br\/memoria\/39906-2\/","og_site_name":"Impressao Digital 126","article_published_time":"2022-12-07T15:21:21+00:00","article_modified_time":"2022-12-14T13:44:23+00:00","og_image":[{"width":1640,"height":924,"url":"https:\/\/id126ufba.com.br\/memoria\/wp-content\/uploads\/2022\/12\/Copia-de-capa-impressao-digital-2022.2-1.png","type":"image\/png"}],"author":"Editor","twitter_card":"summary_large_image","twitter_misc":{"Escrito por":"Editor","Est. tempo de leitura":"3 minutos"},"schema":{"@context":"https:\/\/schema.org","@graph":[{"@type":"Article","@id":"https:\/\/id126ufba.com.br\/memoria\/39906-2\/#article","isPartOf":{"@id":"https:\/\/id126ufba.com.br\/memoria\/39906-2\/"},"author":{"name":"Editor","@id":"https:\/\/id126ufba.com.br\/memoria\/#\/schema\/person\/4f42ebfe385625f80efb1e423b1971ee"},"headline":"A invisibilidade que nos cerca","datePublished":"2022-12-07T15:21:21+00:00","dateModified":"2022-12-14T13:44:23+00:00","mainEntityOfPage":{"@id":"https:\/\/id126ufba.com.br\/memoria\/39906-2\/"},"wordCount":488,"commentCount":0,"publisher":{"@id":"https:\/\/id126ufba.com.br\/memoria\/#organization"},"image":{"@id":"https:\/\/id126ufba.com.br\/memoria\/39906-2\/#primaryimage"},"thumbnailUrl":"https:\/\/id126ufba.com.br\/memoria\/wp-content\/uploads\/2022\/12\/Copia-de-capa-impressao-digital-2022.2-1.png","articleSection":["Cotidiano"],"inLanguage":"pt-BR","potentialAction":[{"@type":"CommentAction","name":"Comment","target":["https:\/\/id126ufba.com.br\/memoria\/39906-2\/#respond"]}]},{"@type":"WebPage","@id":"https:\/\/id126ufba.com.br\/memoria\/39906-2\/","url":"https:\/\/id126ufba.com.br\/memoria\/39906-2\/","name":"A invisibilidade que nos cerca - Impressao Digital 126","isPartOf":{"@id":"https:\/\/id126ufba.com.br\/memoria\/#website"},"primaryImageOfPage":{"@id":"https:\/\/id126ufba.com.br\/memoria\/39906-2\/#primaryimage"},"image":{"@id":"https:\/\/id126ufba.com.br\/memoria\/39906-2\/#primaryimage"},"thumbnailUrl":"https:\/\/id126ufba.com.br\/memoria\/wp-content\/uploads\/2022\/12\/Copia-de-capa-impressao-digital-2022.2-1.png","datePublished":"2022-12-07T15:21:21+00:00","dateModified":"2022-12-14T13:44:23+00:00","breadcrumb":{"@id":"https:\/\/id126ufba.com.br\/memoria\/39906-2\/#breadcrumb"},"inLanguage":"pt-BR","potentialAction":[{"@type":"ReadAction","target":["https:\/\/id126ufba.com.br\/memoria\/39906-2\/"]}]},{"@type":"ImageObject","inLanguage":"pt-BR","@id":"https:\/\/id126ufba.com.br\/memoria\/39906-2\/#primaryimage","url":"https:\/\/id126ufba.com.br\/memoria\/wp-content\/uploads\/2022\/12\/Copia-de-capa-impressao-digital-2022.2-1.png","contentUrl":"https:\/\/id126ufba.com.br\/memoria\/wp-content\/uploads\/2022\/12\/Copia-de-capa-impressao-digital-2022.2-1.png","width":1640,"height":924},{"@type":"BreadcrumbList","@id":"https:\/\/id126ufba.com.br\/memoria\/39906-2\/#breadcrumb","itemListElement":[{"@type":"ListItem","position":1,"name":"In\u00edcio","item":"https:\/\/id126ufba.com.br\/memoria\/"},{"@type":"ListItem","position":2,"name":"A invisibilidade que nos cerca"}]},{"@type":"WebSite","@id":"https:\/\/id126ufba.com.br\/memoria\/#website","url":"https:\/\/id126ufba.com.br\/memoria\/","name":"Impressao Digital 126","description":"","publisher":{"@id":"https:\/\/id126ufba.com.br\/memoria\/#organization"},"potentialAction":[{"@type":"SearchAction","target":{"@type":"EntryPoint","urlTemplate":"https:\/\/id126ufba.com.br\/memoria\/?s={search_term_string}"},"query-input":{"@type":"PropertyValueSpecification","valueRequired":true,"valueName":"search_term_string"}}],"inLanguage":"pt-BR"},{"@type":"Organization","@id":"https:\/\/id126ufba.com.br\/memoria\/#organization","name":"Impressao Digital 126","url":"https:\/\/id126ufba.com.br\/memoria\/","logo":{"@type":"ImageObject","inLanguage":"pt-BR","@id":"https:\/\/id126ufba.com.br\/memoria\/#\/schema\/logo\/image\/","url":"https:\/\/id126ufba.com.br\/memoria\/wp-content\/uploads\/2024\/07\/cropped-logo_memoria-1.png","contentUrl":"https:\/\/id126ufba.com.br\/memoria\/wp-content\/uploads\/2024\/07\/cropped-logo_memoria-1.png","width":500,"height":100,"caption":"Impressao Digital 126"},"image":{"@id":"https:\/\/id126ufba.com.br\/memoria\/#\/schema\/logo\/image\/"}},{"@type":"Person","@id":"https:\/\/id126ufba.com.br\/memoria\/#\/schema\/person\/4f42ebfe385625f80efb1e423b1971ee","name":"Editor","image":{"@type":"ImageObject","inLanguage":"pt-BR","@id":"https:\/\/id126ufba.com.br\/memoria\/#\/schema\/person\/image\/","url":"https:\/\/secure.gravatar.com\/avatar\/1d69d145a93605cda3e299a3b9c25751?s=96&d=mm&r=g","contentUrl":"https:\/\/secure.gravatar.com\/avatar\/1d69d145a93605cda3e299a3b9c25751?s=96&d=mm&r=g","caption":"Editor"},"url":"https:\/\/id126ufba.com.br\/memoria\/author\/editor\/"}]}},"_links":{"self":[{"href":"https:\/\/id126ufba.com.br\/memoria\/wp-json\/wp\/v2\/posts\/39906"}],"collection":[{"href":"https:\/\/id126ufba.com.br\/memoria\/wp-json\/wp\/v2\/posts"}],"about":[{"href":"https:\/\/id126ufba.com.br\/memoria\/wp-json\/wp\/v2\/types\/post"}],"author":[{"embeddable":true,"href":"https:\/\/id126ufba.com.br\/memoria\/wp-json\/wp\/v2\/users\/2"}],"replies":[{"embeddable":true,"href":"https:\/\/id126ufba.com.br\/memoria\/wp-json\/wp\/v2\/comments?post=39906"}],"version-history":[{"count":21,"href":"https:\/\/id126ufba.com.br\/memoria\/wp-json\/wp\/v2\/posts\/39906\/revisions"}],"predecessor-version":[{"id":40301,"href":"https:\/\/id126ufba.com.br\/memoria\/wp-json\/wp\/v2\/posts\/39906\/revisions\/40301"}],"wp:featuredmedia":[{"embeddable":true,"href":"https:\/\/id126ufba.com.br\/memoria\/wp-json\/wp\/v2\/media\/40246"}],"wp:attachment":[{"href":"https:\/\/id126ufba.com.br\/memoria\/wp-json\/wp\/v2\/media?parent=39906"}],"wp:term":[{"taxonomy":"category","embeddable":true,"href":"https:\/\/id126ufba.com.br\/memoria\/wp-json\/wp\/v2\/categories?post=39906"},{"taxonomy":"post_tag","embeddable":true,"href":"https:\/\/id126ufba.com.br\/memoria\/wp-json\/wp\/v2\/tags?post=39906"}],"curies":[{"name":"wp","href":"https:\/\/api.w.org\/{rel}","templated":true}]}}