{"id":40277,"date":"2022-12-14T09:48:36","date_gmt":"2022-12-14T12:48:36","guid":{"rendered":"https:\/\/id126ufba.com.br\/?p=40277"},"modified":"2022-12-14T14:37:29","modified_gmt":"2022-12-14T17:37:29","slug":"conheca-os-baianos-na-transicao-do-lula","status":"publish","type":"post","link":"https:\/\/id126ufba.com.br\/memoria\/conheca-os-baianos-na-transicao-do-lula\/","title":{"rendered":"Conhe\u00e7a os baianos na transi\u00e7\u00e3o do Lula"},"content":{"rendered":"\n<p>Por: Adauto Menezes Jr e Marina Braga<\/p>\n\n\n\n<figure class=\"wp-block-image size-full\"><img decoding=\"async\" src=\"https:\/\/id126ufba.com.br\/wp-content\/uploads\/2022\/12\/Chamada-Home_01211779_00.jpg\" alt=\"\" class=\"wp-image-40308\"\/><figcaption>Fonte: Reprodu\u00e7\u00e3o<\/figcaption><\/figure>\n\n\n\n<p><em>Estado representa aproximadamente 2% dos participantes da transi\u00e7\u00e3o, com 20 nomes&nbsp;<\/em><\/p>\n\n\n\n<p>Com um robusto<a href=\"https:\/\/open.spotify.com\/episode\/5KuNV0hrYfGgKErEeGoeVv?si=CAjMwDhbSiiEI2akeRXAjA\"> time de transi\u00e7\u00e3o<\/a>, contando com 939 nomes, divididos em 33 grupos tem\u00e1ticos (GTs), o vice- presidente Geraldo Alckmin, escolhido como representante do presidente eleito Luiz In\u00e1cio Lula da Silva, nomeou personalidades baianas de peso para a transi\u00e7\u00e3o de governo. No estado, onde Lula teve vota\u00e7\u00e3o expressiva, foram escolhidos ao menos 20 nomes, que representam aproximadamente 2% dos participantes da transi\u00e7\u00e3o, sendo todos eles volunt\u00e1rios.\u00a0<\/p>\n\n\n\n<p><a href=\"https:\/\/lula.com.br\/\">Luiz In\u00e1cio Lula da Silva <\/a>(PT) foi eleito presidente em 2022 e assumir\u00e1 seu terceiro mandato em 1\u00ba de janeiro de 2023. A equipe de transi\u00e7\u00e3o de governo trabalha organizando dados e informa\u00e7\u00f5es fundamentais para implementar o novo programa de governo.<\/p>\n\n\n\n<p>Leone Andrade; C\u00e9lia Hissae Watanabe; Elis\u00e2ngela Ara\u00fajo; Jonas Paulo Neres;\u00a0 Deyvid Bacelar;\u00a0 Ailton Cardozo; Margareth Menezes; Juca Ferreira; Paulo Gabriel Nacif; Yuri Silva; Ant\u00f4nio Brito; Rafael Lucchesi;\u00a0 Preta Ferreira;\u00a0 Marcus Cavalcanti; Vilma Reis; Viviane Ferreira; Bela Gil; Otto Alencar; L\u00eddice da Mata; Alice Portugal, Jacques Wagner e Fl\u00e1vio Gon\u00e7alves foram os nomeados que representam a Bahia. Confira a lista completa dos integrantes em: <a href=\"https:\/\/gabinetedatransicao.com.br\">https:\/\/gabinetedatransicao.com.br<\/a>\u00a0<\/p>\n\n\n\n<p>Al\u00e9m dos baianos escolhidos para transi\u00e7\u00e3o de governo. Os baianos Rui Costa e Margareth Menezes, foram escolhidos para integrarem o governo Lula.<\/p>\n\n\n\n<figure class=\"wp-block-image size-large\"><img loading=\"lazy\" decoding=\"async\" width=\"1024\" height=\"682\" src=\"https:\/\/id126ufba.com.br\/wp-content\/uploads\/2022\/12\/LulaDaSilva-Minsistro-Haddad-FlavioDino-RuiCosta-JoseMucio-Alckmin-AloizioMercadante-GleisiHoffmann-CCBB-GovernoDeTransicao-09dez2022-21-scaled-e1670626884946-1024x682.jpg\" alt=\"\" class=\"wp-image-40309\" srcset=\"https:\/\/id126ufba.com.br\/memoria\/wp-content\/uploads\/2022\/12\/LulaDaSilva-Minsistro-Haddad-FlavioDino-RuiCosta-JoseMucio-Alckmin-AloizioMercadante-GleisiHoffmann-CCBB-GovernoDeTransicao-09dez2022-21-scaled-e1670626884946-1024x682.jpg 1024w, https:\/\/id126ufba.com.br\/memoria\/wp-content\/uploads\/2022\/12\/LulaDaSilva-Minsistro-Haddad-FlavioDino-RuiCosta-JoseMucio-Alckmin-AloizioMercadante-GleisiHoffmann-CCBB-GovernoDeTransicao-09dez2022-21-scaled-e1670626884946-300x200.jpg 300w, https:\/\/id126ufba.com.br\/memoria\/wp-content\/uploads\/2022\/12\/LulaDaSilva-Minsistro-Haddad-FlavioDino-RuiCosta-JoseMucio-Alckmin-AloizioMercadante-GleisiHoffmann-CCBB-GovernoDeTransicao-09dez2022-21-scaled-e1670626884946-768x512.jpg 768w, https:\/\/id126ufba.com.br\/memoria\/wp-content\/uploads\/2022\/12\/LulaDaSilva-Minsistro-Haddad-FlavioDino-RuiCosta-JoseMucio-Alckmin-AloizioMercadante-GleisiHoffmann-CCBB-GovernoDeTransicao-09dez2022-21-scaled-e1670626884946-1536x1023.jpg 1536w, https:\/\/id126ufba.com.br\/memoria\/wp-content\/uploads\/2022\/12\/LulaDaSilva-Minsistro-Haddad-FlavioDino-RuiCosta-JoseMucio-Alckmin-AloizioMercadante-GleisiHoffmann-CCBB-GovernoDeTransicao-09dez2022-21-scaled-e1670626884946.jpg 1621w\" sizes=\"(max-width: 1024px) 100vw, 1024px\" \/><figcaption>Fonte: Divulga\u00e7\u00e3o<\/figcaption><\/figure>\n\n\n\n<p>Rui Costa, atual governador da Bahia, assumir\u00e1 o Minist\u00e9rio da Casa Civil e foi um dos cinco primeiros nomes escolhidos pelo presidente eleito. Costa esteve por dois mandatos \u00e0 frente do governo da Bahia e elegeu o seu sucessor, Jer\u00f4nimo Rodrigues, que tomar\u00e1 posse em 01 de janeiro de 2023. <\/p>\n\n\n\n<p>Filho do metal\u00fargico Cl\u00f3vis dos Santos e de Maria Luzia Costa dos Santos, \u00e9 graduado em Economia pela Universidade Federal da Bahia (UFBA).\u00a0Trabalhou no Polo Petroqu\u00edmico de Cama\u00e7ari, onde iniciou suas atividades sindicais. Mais tarde, Rui Costa assumir como diretor do Sindicato dos Qu\u00edmicos e Petroleiros da Bahia. Ele \u00e9 casado com a enfermeira Aline Peixoto e tem quatro filhos.<\/p>\n\n\n\n<figure class=\"wp-block-image size-full\"><img loading=\"lazy\" decoding=\"async\" width=\"848\" height=\"477\" src=\"https:\/\/id126ufba.com.br\/wp-content\/uploads\/2022\/12\/MargarethMenezes-Ministra-Cultura-CCBB-GovernoDeTransicao-2-848x477-1.jpg\" alt=\"\" class=\"wp-image-40310\" srcset=\"https:\/\/id126ufba.com.br\/memoria\/wp-content\/uploads\/2022\/12\/MargarethMenezes-Ministra-Cultura-CCBB-GovernoDeTransicao-2-848x477-1.jpg 848w, https:\/\/id126ufba.com.br\/memoria\/wp-content\/uploads\/2022\/12\/MargarethMenezes-Ministra-Cultura-CCBB-GovernoDeTransicao-2-848x477-1-300x169.jpg 300w, https:\/\/id126ufba.com.br\/memoria\/wp-content\/uploads\/2022\/12\/MargarethMenezes-Ministra-Cultura-CCBB-GovernoDeTransicao-2-848x477-1-768x432.jpg 768w\" sizes=\"(max-width: 848px) 100vw, 848px\" \/><figcaption>Fonte: Divulga\u00e7\u00e3o<\/figcaption><\/figure>\n\n\n\n<p>Outra personalidade baiana que estar\u00e1 \u00e0 frente de um minist\u00e9rio \u00e9 a cantora Margareth Menezes, que assumir\u00e1 o Minist\u00e9rio da Cultura. A pasta havia sido extinta por Jair Bolsonaro e ser\u00e1 reativada no novo governo. Margareth integrou o GT Cultura na transi\u00e7\u00e3o de governo. <\/p>\n\n\n\n<p>Para o historiador e professor da Universidade Federal da Bahia, Carlos Zacarias, algumas figuras baianas  devem ter destaque durante o governo Lula. Apesar disso, o professor n\u00e3o considera que a expressividade da vota\u00e7\u00e3o no presidente tenha sido um fator determinante para a escolha dos nomes neste per\u00edodo de transi\u00e7\u00e3o.<\/p>\n\n\n\n<p>&#8220;Muito se diz em rela\u00e7\u00e3o \u00e0 necessidade de haver uma presen\u00e7a de nordestinos e de baianos na equipe de transi\u00e7\u00e3o como forma de recompensar a regi\u00e3o e o estado que deu a vit\u00f3ria a Lula. Eu acho que isso \u00e9 levado em considera\u00e7\u00e3o, mas n\u00e3o me parece que isso seja um elemento determinante. O PT \u00e9 um partido muito centrado ainda em S\u00e3o Paulo e no Sudeste, mas isso n\u00e3o quer dizer que o PT no Nordeste n\u00e3o tenha crescido e que n\u00e3o exporte quadros. As figuras de Rui Costa e de Jacques Wagner, que j\u00e1 foi ministro da Defesa, j\u00e1 foi ministro do Trabalho, s\u00e3o personagens important\u00edssimos para o governo\u201d, considera ele.<\/p>\n\n\n\n<p><\/p>\n\n\n\n<p>As equipes foram divididas por grupos tem\u00e1ticos para acessar e organizar informa\u00e7\u00f5es necess\u00e1rias para o planejamento do pr\u00f3ximo governo. Informa\u00e7\u00f5es sobre or\u00e7amento, contas p\u00fablicas, administra\u00e7\u00e3o p\u00fablica e outros dados foram analisados. O processo \u00e9 baseado na lei criada em 2002 por Fernando Henrique Cardoso ao passar a faixa para Lula.\u00a0<\/p>\n\n\n\n<p>\u201cAgora a gente n\u00e3o tem apenas uma transi\u00e7\u00e3o de um grupo pol\u00edtico para outro, mas uma transi\u00e7\u00e3o num pa\u00eds tumultuado, sa\u00eddo de um governo sem nenhuma transpar\u00eancia, em que o governo que vai entrar ter\u00e1 que arcar com o or\u00e7amento feito com crit\u00e9rios pouco conhecidos na melhor das hip\u00f3teses, ou dizendo de forma mais clara nada republicanos\u201d, comenta Carlos Zacarias sobre a excepcionalidade do governo de transi\u00e7\u00e3o do presidente Lula em 2022.\u00a0O professor argumenta que \u00e9 devido a esse cen\u00e1rio, causado pelo governo Bolsonaro, que a equipe de transi\u00e7\u00e3o \u00e9 a mais numerosa desde a institui\u00e7\u00e3o da lei.<\/p>\n\n\n\n<p>\u201cOs grupos de trabalho da transi\u00e7\u00e3o tinham como objetivo levantar informa\u00e7\u00f5es sobre a situa\u00e7\u00e3o de cada uma das \u00e1reas do Governo Federal, sistematizar isso em dois relat\u00f3rios, que foram entregues \u00e0 Coordena\u00e7\u00e3o Geral da Transi\u00e7\u00e3o para serem apresentados ao presidente da Rep\u00fablica e aos ministros de cada uma das \u00e1reas. Ent\u00e3o, n\u00f3s , do Grupo de Trabalho de Comunica\u00e7\u00e3o Social, trabalhamos intensamente buscando informa\u00e7\u00f5es a respeito das a\u00e7\u00f5es de comunica\u00e7\u00e3o social do Governo Federal. Isso significa desde as a\u00e7\u00f5es de publicidade e propaganda realizadas pelo atual governo, pelas empresas estatais, assim como tamb\u00e9m informa\u00e7\u00f5es sobre o funcionamento da comunica\u00e7\u00e3o p\u00fablica\u201d, explicou o diretor do Instituto de Radiodifus\u00e3o Educativa da Bahia, Fl\u00e1vio Gon\u00e7alves. <\/p>\n\n\n\n<p>Elis\u00e2ngela Ara\u00fajo \u00e9 natural de Valente, no interior da Bahia, foi presidenta da Federa\u00e7\u00e3o Nacional Dos Trabalhadores da Agricultura Familiar, atua na secretaria agr\u00e1ria nacional\u00a0do PT e foi escolhida para ser relatora pol\u00edtica do GT de desenvolvimento Agr\u00e1rio na transi\u00e7\u00e3o.\u00a0<\/p>\n\n\n\n<p>\u201cPara a Bahia \u00e9 importante a nossa participa\u00e7\u00e3o na transi\u00e7\u00e3o porque temos muita experi\u00eancia importante&nbsp; que contribui para formula\u00e7\u00e3o das pol\u00edticas para o segmento. A&nbsp;Bahia \u00e9 o maior estado do Brasil em n\u00fameros de agricultores e unidades produtivas. S\u00e3o mais de 500 mil fam\u00edlias. Tem import\u00e2ncia na constru\u00e7\u00e3o de pol\u00edticas e na defesa mais investimento para o estado\u201d, ressalta ela.<\/p>\n\n\n\n<p>O perfil diverso selecionado para o governo de transi\u00e7\u00e3o reflete a estrat\u00e9gia adotada por Lula para as escolhas no novo governo. As alian\u00e7as criadas nas elei\u00e7\u00f5es e as que ser\u00e3o ampliadas durante o governo tamb\u00e9m aparecem nas decis\u00f5es do governo Lula.&nbsp;<\/p>\n\n\n\n<p>\u201cO que Lula faz agora \u00e9 ampliar ainda mais as suas alian\u00e7as, buscar incorporar partidos que n\u00e3o lhe deram apoio na elei\u00e7\u00e3o, alguns dos quais estiveram inclusive no campo da oposi\u00e7\u00e3o. A equipe de transi\u00e7\u00e3o passa a refletir essa grande composi\u00e7\u00e3o pol\u00edtica em torno de uma frente democr\u00e1tica, entretanto ela n\u00e3o se limita aos acordos pol\u00edticos. Os grupos de transi\u00e7\u00e3o contam com, al\u00e9m de pol\u00edticos importantes, experientes&nbsp; e figuras conhecidas, personagens t\u00e9cnicos das diversas \u00e1reas conhecidas no Brasil e eu acho que essa mensagem que vem sendo passada \u00e9 que de algum modo vai haver muito cuidado no trato das quest\u00f5es\u201d, explica Zacarias<\/p>\n\n\n\n<p>O historiador compara ainda a transi\u00e7\u00e3o do governo Lula com a transi\u00e7\u00e3o de Jer\u00f4nimo Rodrigues, na Bahia. Para ele, o governador ter\u00e1 mais facilidades do que o presidente.&nbsp;<\/p>\n\n\n\n<p>\u201cAo contr\u00e1rio do que acontece na transi\u00e7\u00e3o para Lula, que n\u00e3o houve nenhuma transpar\u00eancia, o governo da Bahia era um governo normal, um governo republicano. A transi\u00e7\u00e3o ainda \u00e9 de um grupo pol\u00edtico que teve o Jer\u00f4nimo como um seu auxiliar, como secret\u00e1rio, ent\u00e3o o governo que est\u00e1 saindo por dentro porque foi parte da equipe e conhece mais a educa\u00e7\u00e3o do que ningu\u00e9m. Ent\u00e3o obviamente que as facilidades s\u00e3o muito maiores. Jer\u00f4nimo n\u00e3o vai repetir o governo de Rui Costa e suponho que ele tenha cuidado nos temas que Rui Costa teve uma avalia\u00e7\u00e3o negativa\u201d, opina ele.<\/p>\n\n\n\n<p><strong>Desestrutura\u00e7\u00e3o na area de Comunica\u00e7\u00e3o<\/strong><\/p>\n\n\n\n<p>O GT de Comunica\u00e7\u00e3o Social apresentou um diagn\u00f3stico realizado acerca do cen\u00e1rio deixado por Jair Bolsonaro, com uma grande preocupa\u00e7\u00e3o para a desinforma\u00e7\u00e3o propagada neste per\u00edodo. Fl\u00e1vio Gon\u00e7alves considera ainda que a desestrutura\u00e7\u00e3o na \u00e1rea da comunica\u00e7\u00e3o chama aten\u00e7\u00e3o para poss\u00edveis casos de m\u00e1 utiliza\u00e7\u00e3o de recursos p\u00fablicos que ser\u00e3o encaminhados para investiga\u00e7\u00e3o.\u00a0<\/p>\n\n\n\n<p>\u201cUm dos principais diagn\u00f3sticos do grupo \u00e9 que o Governo Federal trabalhou efetivamente para desinformar a popula\u00e7\u00e3o e isso n\u00f3s podemos afirmar pelas declara\u00e7\u00f5es do presidente, dos ministros e pelas iniciativas de comunica\u00e7\u00e3o que divulgaram informa\u00e7\u00f5es n\u00e3o verdadeiras em diversos momentos nesses \u00faltimos anos. Houve uma desestrutura\u00e7\u00e3o do Governo Federal na \u00e1rea,\u00a0 a exemplo da diminui\u00e7\u00e3o do n\u00famero de funcion\u00e1rios, dos \u00f3rg\u00e3os, de uma organiza\u00e7\u00e3o da \u00e1rea de comunica\u00e7\u00e3o de um modo geral que n\u00e3o \u00e9 suficiente para funcionar. Ent\u00e3o, n\u00f3s estamos falando tamb\u00e9m de um processo de utiliza\u00e7\u00e3o de recursos p\u00fablicos, que vai precisar ser visto com muita aten\u00e7\u00e3o e muito cuidado a partir do dia primeiro de janeiro, da verifica\u00e7\u00e3o da utiliza\u00e7\u00e3o desse recursos p\u00fablicos para avaliar eventuais a\u00e7\u00f5es que possam apontar necessidade de investiga\u00e7\u00f5es\u201d, declara Fl\u00e1vio Gon\u00e7alves.<\/p>\n\n\n\n<p>O GT apontou tamb\u00e9m as principais demandas para o pr\u00f3ximo governo na comunica\u00e7\u00e3o, ap\u00f3s ouvir diversas entidades e institui\u00e7\u00f5es da sociedade.<\/p>\n\n\n\n<p>\u201cOlha, sobre a demanda do pr\u00f3ximo governo na comunica\u00e7\u00e3o, n\u00f3s recebemos documentos de entidades das mais diversas \u00e1reas, desde a universidade, academia, tamb\u00e9m dos profissionais da \u00e1rea de comunica\u00e7\u00e3o. No geral, essas institui\u00e7\u00f5es solicitam estrutura\u00e7\u00e3o de pol\u00edticas p\u00fablicas que garantam diversidade no cen\u00e1rio da no Brasil, que fortale\u00e7am a comunica\u00e7\u00e3o p\u00fablica no Brasil, que tenham conte\u00fados, que combatam as desinforma\u00e7\u00e3o e as fake news. Ent\u00e3o, tudo isso foi foram algumas das demandas apresentadas, a quest\u00e3o do conte\u00fado regional, da valoriza\u00e7\u00e3o do conte\u00fado de g\u00eanero, a quest\u00e3o racial tamb\u00e9m e \u00e9tnica. Os minist\u00e9rios dos \u00f3rg\u00e3os do governo a partir dessa desses relat\u00f3rios v\u00e3o ter a oportunidade de ler e tomar decis\u00f5es recebendo essas contribui\u00e7\u00f5es da sociedade. N\u00f3s fizemos diversas reuni\u00f5es e recebemos muitos documentos tamb\u00e9m da sociedade que eh espera que esse governo federal tenha uma outra rela\u00e7\u00e3o inclusive com os pr\u00f3prios profissionais, uma rela\u00e7\u00e3o mais respeitosa, diferente do que foi apresentado nesses \u00faltimos anos de muita agressividade, desrespeito, censura, enfim persegui\u00e7\u00e3o a profissionais da imprensa\u201d explica o volunt\u00e1rio.&nbsp;<\/p>\n\n\n\n<p><strong>Nomeados&nbsp;<\/strong><\/p>\n\n\n\n<div class=\"wp-block-group\"><div class=\"wp-block-group__inner-container is-layout-flow wp-block-group-is-layout-flow\">\n<figure class=\"wp-block-gallery has-nested-images columns-default is-cropped wp-block-gallery-1 is-layout-flex wp-block-gallery-is-layout-flex\">\n<figure class=\"wp-block-image size-large\"><img loading=\"lazy\" decoding=\"async\" width=\"201\" height=\"253\" src=\"https:\/\/id126ufba.com.br\/wp-content\/uploads\/2022\/12\/RTEmagicC_e5326fa18c-2.jpg-2.jpg\" alt=\"\" class=\"wp-image-40331\"\/><figcaption>Leone Andrade. Fonte: Reprodu\u00e7\u00e3o<\/figcaption><\/figure>\n<\/figure>\n<\/div><\/div>\n\n\n\n<p><em>&#8211; Leone Andrade: Ci\u00eancia, Tecnologia e Inova\u00e7\u00e3o<\/em><\/p>\n\n\n\n<p>Doutor em Engenharia Aeron\u00e1utica e Mec\u00e2nica pelo Instituto Tecnol\u00f3gico de Aeron\u00e1utica (ITA). Mestre em Engenharia Mec\u00e2nica pela Universidade Federal de Santa Catarina (1994). Especialista em In Plant Training Programme for Welding Engineers pela Paton Electric Welding Institute &#8211; KIEV (1993). Graduado em Engenharia Mec\u00e2nica pela Universidade Federal da Bahia (1991).<\/p>\n\n\n\n<p>Atualmente \u00e9 diretor de Tecnologia e Inova\u00e7\u00e3o e reitor do Campus Integrado de Manufatura e Tecnologia (SENAI CIMATEC). Tem experi\u00eancia na \u00e1rea de engenharia mec\u00e2nica, com \u00eanfase em Processos de Fabrica\u00e7\u00e3o, Gest\u00e3o de Ensino Superior e Pesquisa e principalmente em Gest\u00e3o de Tecnologia e Inova\u00e7\u00e3o.<\/p>\n\n\n\n<figure class=\"wp-block-image size-full is-resized\"><img loading=\"lazy\" decoding=\"async\" src=\"https:\/\/id126ufba.com.br\/wp-content\/uploads\/2022\/12\/Foto_PauloVictorNadal_1-1.jpg\" alt=\"\" class=\"wp-image-40334\" width=\"840\" height=\"560\" srcset=\"https:\/\/id126ufba.com.br\/memoria\/wp-content\/uploads\/2022\/12\/Foto_PauloVictorNadal_1-1.jpg 1024w, https:\/\/id126ufba.com.br\/memoria\/wp-content\/uploads\/2022\/12\/Foto_PauloVictorNadal_1-1-300x200.jpg 300w, https:\/\/id126ufba.com.br\/memoria\/wp-content\/uploads\/2022\/12\/Foto_PauloVictorNadal_1-1-768x512.jpg 768w\" sizes=\"(max-width: 840px) 100vw, 840px\" \/><figcaption>Fl\u00e1vio Gon\u00e7alves. Fonte: Reprodu\u00e7\u00e3o<\/figcaption><\/figure>\n\n\n\n<p><em>-Fl\u00e1vio Silva Gon\u00e7alves: Comunica\u00e7\u00e3o<\/em><\/p>\n\n\n\n<p>&nbsp;Mestre em pol\u00edticas de comunica\u00e7\u00e3o. Diretor-geral do Instituto de Radiodifus\u00e3o Educativa da Bahia. J\u00e1 trabalhou no gabinete da diretoria-geral da Empresa Brasil de Comunica\u00e7\u00e3o (EBC).<\/p>\n\n\n\n<figure class=\"wp-block-image size-full\"><img loading=\"lazy\" decoding=\"async\" width=\"675\" height=\"675\" src=\"https:\/\/id126ufba.com.br\/wp-content\/uploads\/2022\/12\/Celia-Hissae-Watanabe-1.jpg\" alt=\"\" class=\"wp-image-40336\" srcset=\"https:\/\/id126ufba.com.br\/memoria\/wp-content\/uploads\/2022\/12\/Celia-Hissae-Watanabe-1.jpg 675w, https:\/\/id126ufba.com.br\/memoria\/wp-content\/uploads\/2022\/12\/Celia-Hissae-Watanabe-1-300x300.jpg 300w, https:\/\/id126ufba.com.br\/memoria\/wp-content\/uploads\/2022\/12\/Celia-Hissae-Watanabe-1-150x150.jpg 150w\" sizes=\"(max-width: 675px) 100vw, 675px\" \/><figcaption>C\u00e9lia Hissae. Fonte: Reprodu\u00e7\u00e3o<\/figcaption><\/figure>\n\n\n\n<p><em>&#8211; C\u00e9lia Hissae Watanabe: no Desenvolvimento Agr\u00e1rio<\/em><\/p>\n\n\n\n<p>Mestre em gest\u00e3o de pol\u00edticas p\u00fablicas, pesquisadora em desenvolvimento rural sustent\u00e1vel.<\/p>\n\n\n\n<p>Gradua\u00e7\u00e3o em Letras pela Universidade Estadual de Santa Cruz (1997), mestre em Gest\u00e3o de Pol\u00edticas P\u00fablicas pela Funda\u00e7\u00e3o Joaquim Nabuco (2005), especialista em Democracia Participativa, Rep\u00fablica e Movimentos Sociais pela Universidade Federal de Minas Gerais (2010) e em Gest\u00e3o de Pol\u00edticas de G\u00eanero, Ra\u00e7a e Etnia, pela Universidade Federal da Bahia, N\u00facleo de Estudos Interdisciplinares sobre a Mulher (2014) Acumula experi\u00eancia em educa\u00e7\u00e3o popular, com \u00eanfase em forma\u00e7\u00e3o sindical, forma\u00e7\u00e3o de educadores e forma\u00e7\u00e3o em gest\u00e3o de pol\u00edticas p\u00fablicas (conselheiros estaduais e municipais).<\/p>\n\n\n\n<figure class=\"wp-block-gallery has-nested-images columns-default is-cropped wp-block-gallery-2 is-layout-flex wp-block-gallery-is-layout-flex\">\n<figure class=\"wp-block-image size-large\"><img loading=\"lazy\" decoding=\"async\" width=\"600\" height=\"401\" data-id=\"40337\" src=\"https:\/\/id126ufba.com.br\/wp-content\/uploads\/2022\/12\/8f891661fe1da2296f29d62d3d10ac85-2.jpg\" alt=\"\" class=\"wp-image-40337\" srcset=\"https:\/\/id126ufba.com.br\/memoria\/wp-content\/uploads\/2022\/12\/8f891661fe1da2296f29d62d3d10ac85-2.jpg 600w, https:\/\/id126ufba.com.br\/memoria\/wp-content\/uploads\/2022\/12\/8f891661fe1da2296f29d62d3d10ac85-2-300x201.jpg 300w\" sizes=\"(max-width: 600px) 100vw, 600px\" \/><figcaption>Elis\u00e2ngela Ara\u00fajo. Fonte: Contraf Brasil<\/figcaption><\/figure>\n<\/figure>\n\n\n\n<p><em>&#8211; Elis\u00e2ngela Ara\u00fajo: Desenvolvimento Agr\u00e1rio<\/em><\/p>\n\n\n\n<p>Atua no movimento sindical da CUT, foi dirigente da executiva nacional da CUT por 4 mandatos,&nbsp; presidenta da Federa\u00e7\u00e3o nacional dos trabalhadores da Agricultura familiar&nbsp;<\/p>\n\n\n\n<p>e natural de Valente, territ\u00f3rio do sisal. Iniciou na milit\u00e2ncia no movimento sindical em S\u00e3o Domingos. Atualmente \u00e9 suplente de deputada federal e secret\u00e1ria agr\u00e1ria nacional do PT. \u00c9 uma lideran\u00e7a pol\u00edtica do rural no grupo de transi\u00e7\u00e3o,&nbsp; relatora pol\u00edtica do GT de Desenvolvimento Agr\u00e1rio.<\/p>\n\n\n\n<figure class=\"wp-block-image size-full\"><img loading=\"lazy\" decoding=\"async\" width=\"678\" height=\"381\" src=\"https:\/\/id126ufba.com.br\/wp-content\/uploads\/2022\/12\/Jonas-Paulo-De-Oliveira-Neres-2-1.webp\" alt=\"\" class=\"wp-image-40338\" srcset=\"https:\/\/id126ufba.com.br\/memoria\/wp-content\/uploads\/2022\/12\/Jonas-Paulo-De-Oliveira-Neres-2-1.webp 678w, https:\/\/id126ufba.com.br\/memoria\/wp-content\/uploads\/2022\/12\/Jonas-Paulo-De-Oliveira-Neres-2-1-300x169.webp 300w\" sizes=\"(max-width: 678px) 100vw, 678px\" \/><figcaption>Jonas Paulo. Fonte: Reprodu\u00e7\u00e3o<\/figcaption><\/figure>\n\n\n\n<p><em>&#8211; Jonas Paulo Neres: Desenvolvimento Regional<\/em><\/p>\n\n\n\n<p>\u00c9 soci\u00f3logo, foi presidente do PT Bahia e coordenador-executivo do Conselho de Desenvolvimento Econ\u00f4mico e Social do estado da Bahia.<\/p>\n\n\n\n<figure class=\"wp-block-image size-full is-resized\"><img loading=\"lazy\" decoding=\"async\" src=\"https:\/\/id126ufba.com.br\/wp-content\/uploads\/2022\/12\/download.jpeg\" alt=\"\" class=\"wp-image-40339\" width=\"617\" height=\"411\"\/><figcaption>Deyvid Bacelar. Fonte: Reprodu\u00e7\u00e3o<\/figcaption><\/figure>\n\n\n\n<p><em>&#8211; Deyvid Bacelar: Minas e Energia<\/em><\/p>\n\n\n\n<p>Coordenador-geral da Federa\u00e7\u00e3o \u00danica dos Petroleiros (FUP), que re\u00fane 13 sindicatos da categoria no pa\u00eds, vai integrar o grupo de trabalho (GT) de Minas e Energia da equipe t\u00e9cnica respons\u00e1vel pela transi\u00e7\u00e3o do governo Jair Bolsonaro para o governo Lula.<\/p>\n\n\n\n<p>Petroleiro, graduado em Administra\u00e7\u00e3o, com especializa\u00e7\u00f5es em Gest\u00e3o de Pessoas e Seguran\u00e7a, Meio Ambiente e Sa\u00fade (SMS), Bacelar foi representante dos trabalhadores no Conselho de Administra\u00e7\u00e3o da Petrobr\u00e1s entre 2015 e 2016.<\/p>\n\n\n\n\n\n<p><em>&#8211; Ailton Cardozo: Transpar\u00eancia, Integridade e Controle<\/em><\/p>\n\n\n\n<p>Advogado e Procurador do Estado na Procuradoria Geral do Estado da Bahia. Ailton Cardozo faz parte do grupo transpar\u00eancia, integridade e controle.&nbsp;<\/p>\n\n\n\n<p><em>&#8211; Margareth Menezes: Cultura&nbsp;<\/em><\/p>\n\n\n\n<p><a href=\"https:\/\/gabinetedatransicao.com.br\">Nomeada ministra da cultura do governo Lula<\/a>, Margareth nasceu em 1962, na Cidade Baixa, em <a href=\"https:\/\/g1.globo.com\/ba\/bahia\/cidade\/salvador\/\">Salvador, e completou<\/a><a href=\"https:\/\/g1.globo.com\/ba\/bahia\/noticia\/2022\/10\/13\/divindade-infinita-do-universo-margareth-menezes-completa-60-anos-com-celebracao-da-trajetoria-e-vitalidade-chego-querendo-mais.ghtml\"> 60 anos em 2022<\/a>. Nas seis d\u00e9cadas, ela colecionou 23 turn\u00eas internacionais, 15 \u00e1lbuns e quatro indica\u00e7\u00f5es ao Grammy.<\/p>\n\n\n\n<p>Cantora, compositora, atriz e empres\u00e1ria, ela soma 35 anos de carreira art\u00edstica, \u00e9 fundadora do movimento Afropop Brasileiro, embaixadora do Folclore e da Cultura Popular do Brasil pela IOV\/UNESCO e umas das personalidades negras mais influentes do mundo reconhecidas pela Mipad 100, da ONU, em 2021.<\/p>\n\n\n\n<p>Al\u00e9m da carreira art\u00edstica, em 2008, Margareth criou uma Organiza\u00e7\u00e3o N\u00e3o Governamental (ONG) chamada Associa\u00e7\u00e3o F\u00e1brica Cultural, organiza\u00e7\u00e3o social que atua nos eixos de Cultura, Educa\u00e7\u00e3o e Sustentabilidade.<\/p>\n\n\n\n<p>A F\u00e1brica Cultural passou a abrigar o Mercado Ia\u00f4, que desde 2014, leva m\u00fasica, artes visuais, gastronomia, al\u00e9m de mais de 100 artes\u00e3os e empreendedores criativos, contando sempre com shows de Margareth.<\/p>\n\n\n\n<figure class=\"wp-block-image size-large\"><img loading=\"lazy\" decoding=\"async\" width=\"1024\" height=\"614\" src=\"https:\/\/id126ufba.com.br\/wp-content\/uploads\/2022\/12\/juca-ferreira-1-1-1024x614.webp\" alt=\"\" class=\"wp-image-40340\" srcset=\"https:\/\/id126ufba.com.br\/memoria\/wp-content\/uploads\/2022\/12\/juca-ferreira-1-1-1024x614.webp 1024w, https:\/\/id126ufba.com.br\/memoria\/wp-content\/uploads\/2022\/12\/juca-ferreira-1-1-300x180.webp 300w, https:\/\/id126ufba.com.br\/memoria\/wp-content\/uploads\/2022\/12\/juca-ferreira-1-1-768x461.webp 768w, https:\/\/id126ufba.com.br\/memoria\/wp-content\/uploads\/2022\/12\/juca-ferreira-1-1.webp 1200w\" sizes=\"(max-width: 1024px) 100vw, 1024px\" \/><figcaption>Juca Ferreira. Fonte: Divulga\u00e7\u00e3o<\/figcaption><\/figure>\n\n\n\n<p><em>&#8211; Juca Ferreira: Cultura<\/em><\/p>\n\n\n\n<p>O soci\u00f3logo Juca Ferreira nasceu em 1949, tamb\u00e9m na capital baiana. Ele foi secret\u00e1rio-executivo do Minist\u00e9rio da Cultura entre os anos de 2003 e 2008, e ministro da Cultura do Brasil de 2008 a 2011, e de 2015 a agosto de 2016. De 2013 a 2014, foi secret\u00e1rio de Cultura do munic\u00edpio de S\u00e3o Paulo.<\/p>\n\n\n\n<p>Juca Ferreira estudou L\u00ednguas Latinas na Universidade de Estocolmo, na Su\u00e9cia, e Ci\u00eancias Sociais na Universidade Paris 1, em Sorbonne, na Fran\u00e7a, onde se formou.<\/p>\n\n\n\n<p>Al\u00e9m disso, foi l\u00edder estudantil e presidiu a Uni\u00e3o Brasileira dos Estudantes Secundaristas (UBES) no ano de 1968 e atuou na resist\u00eancia ao regime militar. Neste per\u00edodo, ele foi exilado e viveu nove anos no Chile, Su\u00e9cia e Fran\u00e7a, retornando ao Brasil em 1979, ap\u00f3s a Anistia.<\/p>\n\n\n\n<p>O soci\u00f3logo tamb\u00e9m participou da cria\u00e7\u00e3o de projetos voltados para crian\u00e7as e adolescentes em situa\u00e7\u00e3o de risco social, meio ambiente e religi\u00f5es de matriz africana. Em 2011, coordenou pela Secretaria-Geral Ibero-Americana, a realiza\u00e7\u00e3o do Ano Internacional dos Afrodescendentes.<\/p>\n\n\n\n<figure class=\"wp-block-image size-full\"><img loading=\"lazy\" decoding=\"async\" width=\"740\" height=\"485\" src=\"https:\/\/id126ufba.com.br\/wp-content\/uploads\/2022\/12\/nacif-1.jpg\" alt=\"\" class=\"wp-image-40341\" srcset=\"https:\/\/id126ufba.com.br\/memoria\/wp-content\/uploads\/2022\/12\/nacif-1.jpg 740w, https:\/\/id126ufba.com.br\/memoria\/wp-content\/uploads\/2022\/12\/nacif-1-300x197.jpg 300w\" sizes=\"(max-width: 740px) 100vw, 740px\" \/><figcaption>Paulo Nacif. Fonte: Divulga\u00e7\u00e3o<\/figcaption><\/figure>\n\n\n\n<p><em>&#8211; Paulo Gabriel Nacif: Educa\u00e7\u00e3o<\/em><\/p>\n\n\n\n<p>Engenheiro agr\u00f4nomo com mestrado e doutorado em Solos pela Universidade Federal de Vi\u00e7osa, Paulo Nacif \u00e9 natural da cidade de Coaraci, no sul da Bahia. Foi secret\u00e1rio de Educa\u00e7\u00e3o Continuada, Alfabetiza\u00e7\u00e3o, Diversidade e Inclus\u00e3o do Minist\u00e9rio da Educa\u00e7\u00e3o entre os anos de 2015 e 2016, e diretor de Meio Ambiente da Prefeitura do Munic\u00edpio de Itabuna, no sul da Bahia, entre 1993 e 1995.<\/p>\n\n\n\n<p>J\u00e1 atuou como reitor da Universidade Federal do Rec\u00f4ncavo da Bahia (UFRB) entre os anos de 2006 e 2015, professor da Universidade Estadual de Santa Cruz (UESC) e da Universidade Federal da Bahia (Ufba).<\/p>\n\n\n\n<p>O engenheiro participou do Observat\u00f3rio Nacional de Inclus\u00e3o e Diversidade na Educa\u00e7\u00e3o (DIVERSIFICA) e desenvolveu estudos nas \u00e1reas de \u201cInclus\u00e3o e Diversidade na Educa\u00e7\u00e3o\u201d e Meio Ambiente&#8221;.<\/p>\n\n\n\n<figure class=\"wp-block-image size-full\"><img loading=\"lazy\" decoding=\"async\" width=\"984\" height=\"814\" src=\"https:\/\/id126ufba.com.br\/wp-content\/uploads\/2022\/12\/whatsapp-image-2022-11-14-at-12.20.11-3.webp\" alt=\"\" class=\"wp-image-40343\" srcset=\"https:\/\/id126ufba.com.br\/memoria\/wp-content\/uploads\/2022\/12\/whatsapp-image-2022-11-14-at-12.20.11-3.webp 984w, https:\/\/id126ufba.com.br\/memoria\/wp-content\/uploads\/2022\/12\/whatsapp-image-2022-11-14-at-12.20.11-3-300x248.webp 300w, https:\/\/id126ufba.com.br\/memoria\/wp-content\/uploads\/2022\/12\/whatsapp-image-2022-11-14-at-12.20.11-3-768x635.webp 768w\" sizes=\"(max-width: 984px) 100vw, 984px\" \/><figcaption>Yuri Silva. Fonte: Divulga\u00e7\u00e3o<\/figcaption><\/figure>\n\n\n\n<p><em>&#8211; Yuri Silva: Igualdade Racial<\/em><\/p>\n\n\n\n<p>Coordenador nacional do Coletivo de Entidades Negras (CEN), Coordenador de Direitos Humanos do Instituto para Reforma das Rela\u00e7\u00f5es entre Estado e Empresa (IREE). Integra o GT Igualdade Racial.<\/p>\n\n\n\n<figure class=\"wp-block-image size-full\"><img loading=\"lazy\" decoding=\"async\" width=\"675\" height=\"651\" src=\"https:\/\/id126ufba.com.br\/wp-content\/uploads\/2022\/12\/Foto_do_Deputado_Federal_Antonio_Brito-1.jpg\" alt=\"\" class=\"wp-image-40344\" srcset=\"https:\/\/id126ufba.com.br\/memoria\/wp-content\/uploads\/2022\/12\/Foto_do_Deputado_Federal_Antonio_Brito-1.jpg 675w, https:\/\/id126ufba.com.br\/memoria\/wp-content\/uploads\/2022\/12\/Foto_do_Deputado_Federal_Antonio_Brito-1-300x289.jpg 300w\" sizes=\"(max-width: 675px) 100vw, 675px\" \/><figcaption>Ant\u00f4nio Brito. Fonte: C\u00e2mara dos deputados<\/figcaption><\/figure>\n\n\n\n<p><em>&#8211; Ant\u00f4nio Brito: Conselho Pol\u00edtico<\/em><\/p>\n\n\n\n<p>Deputado federal pelo PSD da Bahia e l\u00edder do PSD na C\u00e2mara dos deputados, Ant\u00f4nio Brito faz parte do grupo do conselho pol\u00edtico na transi\u00e7\u00e3o. \u00c9 filho do vereador Edvaldo Brito, formado em Administra\u00e7\u00e3o e atuou nas \u00e1reas social e da sa\u00fade. Seu primeiro mandato como deputado federal em 2011 e hoje \u00e9 presidente da Comiss\u00e3o de Seguridade Social e Fam\u00edlia.<\/p>\n\n\n\n<figure class=\"wp-block-image size-large\"><img loading=\"lazy\" decoding=\"async\" width=\"1024\" height=\"682\" src=\"https:\/\/id126ufba.com.br\/wp-content\/uploads\/2022\/12\/rafaellucchesi-1-1024x682.jpg\" alt=\"\" class=\"wp-image-40345\" srcset=\"https:\/\/id126ufba.com.br\/memoria\/wp-content\/uploads\/2022\/12\/rafaellucchesi-1-1024x682.jpg 1024w, https:\/\/id126ufba.com.br\/memoria\/wp-content\/uploads\/2022\/12\/rafaellucchesi-1-300x200.jpg 300w, https:\/\/id126ufba.com.br\/memoria\/wp-content\/uploads\/2022\/12\/rafaellucchesi-1-768x512.jpg 768w, https:\/\/id126ufba.com.br\/memoria\/wp-content\/uploads\/2022\/12\/rafaellucchesi-1.jpg 1292w\" sizes=\"(max-width: 1024px) 100vw, 1024px\" \/><figcaption>Rafael Lucchesi. Fonte: Reprodu\u00e7\u00e3o<\/figcaption><\/figure>\n\n\n\n<p><em>&#8211; Rafael Lucchesi: Ind\u00fastria e Com\u00e9rcio<\/em><\/p>\n\n\n\n<p>Ex-secret\u00e1rio de Ci\u00eancia e Tecnologia do governo Wagner, economista formado pela Universidade Federal da Bahia (Ufba). Desde 2011 \u00e9 diretor-geral do SENAI e diretor-superintendente do SESI. \u00c9 tamb\u00e9m integrante do Conselho Nacional de Educa\u00e7\u00e3o desde maio de 2016.<\/p>\n\n\n\n<p>Foi diretor de Opera\u00e7\u00f5es da CNI (2007-2010), participou do Conselho Nacional de Secret\u00e1rios Estaduais para Assuntos de Ci\u00eancia, Tecnologia e Inova\u00e7\u00e3o (CONSECTI). Nesse per\u00edodo foi membro do Conselho Nacional de Ci\u00eancia e Tecnologia &#8211; CCT.<\/p>\n\n\n\n<figure class=\"wp-block-image size-large\"><img loading=\"lazy\" decoding=\"async\" width=\"1024\" height=\"643\" src=\"https:\/\/id126ufba.com.br\/wp-content\/uploads\/2022\/12\/preta-ferreira-1-1-1024x643.jpg\" alt=\"\" class=\"wp-image-40346\" srcset=\"https:\/\/id126ufba.com.br\/memoria\/wp-content\/uploads\/2022\/12\/preta-ferreira-1-1-1024x643.jpg 1024w, https:\/\/id126ufba.com.br\/memoria\/wp-content\/uploads\/2022\/12\/preta-ferreira-1-1-300x189.jpg 300w, https:\/\/id126ufba.com.br\/memoria\/wp-content\/uploads\/2022\/12\/preta-ferreira-1-1-768x483.jpg 768w, https:\/\/id126ufba.com.br\/memoria\/wp-content\/uploads\/2022\/12\/preta-ferreira-1-1.jpg 1200w\" sizes=\"(max-width: 1024px) 100vw, 1024px\" \/><figcaption>Preta Ferreira. Fonte: Reprodu\u00e7\u00e3o<\/figcaption><\/figure>\n\n\n\n<p><em>&#8211; Preta Ferreira: Igualdade Racial<\/em><\/p>\n\n\n\n<p>Janice, mais conhecida como Preta, nasceu na Bahia e se mudou para S\u00e3o Paulo, onde vive atualmente. Formou-se publicit\u00e1ria em 2012 e passou a atuar no universo da cultura. \u00c9 atriz, cantora e produtora de filmes, shows e eventos. Ministra palestras e participa de eventos sobre racismo, feminismo, preconceitos, justi\u00e7a social, abolicionismo e quest\u00f5es de moradia. Em 2019, publicou o livro Minha carne: di\u00e1rio de uma pris\u00e3o.<\/p>\n\n\n\n<p>Ativista pelo direito \u00e0 moradia no Movimento Sem Teto do Centro (MSTC), institui\u00e7\u00e3o fundada por sua m\u00e3e, Carmen Silva.<\/p>\n\n\n\n<figure class=\"wp-block-image size-full\"><img loading=\"lazy\" decoding=\"async\" width=\"800\" height=\"600\" src=\"https:\/\/id126ufba.com.br\/wp-content\/uploads\/2022\/12\/261177-marcus-1.jpg\" alt=\"\" class=\"wp-image-40347\" srcset=\"https:\/\/id126ufba.com.br\/memoria\/wp-content\/uploads\/2022\/12\/261177-marcus-1.jpg 800w, https:\/\/id126ufba.com.br\/memoria\/wp-content\/uploads\/2022\/12\/261177-marcus-1-300x225.jpg 300w, https:\/\/id126ufba.com.br\/memoria\/wp-content\/uploads\/2022\/12\/261177-marcus-1-768x576.jpg 768w\" sizes=\"(max-width: 800px) 100vw, 800px\" \/><figcaption>Marcus Cavalcanti. Fonte: Reprodu\u00e7\u00e3o<\/figcaption><\/figure>\n\n\n\n<p><em>&#8211; Marcus Cavalcanti: infraestrutura<\/em><\/p>\n\n\n\n<p>O engenheiro mec\u00e2nico Marcus Cavalcanti \u00e9 o atual secret\u00e1rio de Infraestrutura do governo da Bahia.<\/p>\n\n\n\n<p>Ele tamb\u00e9m comp\u00f5e a equipe de transi\u00e7\u00e3o do governador eleito no estado, Jer\u00f4nimo Rodrigues. Ele ir\u00e1 acumular as fun\u00e7\u00f5es nas duas transi\u00e7\u00f5es.<\/p>\n\n\n\n<p>Marcus Cavalcanti tamb\u00e9m foi superintendente de transportes entre os anos de 2011 e 2012, e coordenador da UCP \/ PREMAR do Banco Mundial, entre 2007 e 2008.<\/p>\n\n\n\n<figure class=\"wp-block-image size-full\"><img loading=\"lazy\" decoding=\"async\" width=\"800\" height=\"450\" src=\"https:\/\/id126ufba.com.br\/wp-content\/uploads\/2022\/12\/image_processing20200201-29235-12te660-1.jpg\" alt=\"\" class=\"wp-image-40348\" srcset=\"https:\/\/id126ufba.com.br\/memoria\/wp-content\/uploads\/2022\/12\/image_processing20200201-29235-12te660-1.jpg 800w, https:\/\/id126ufba.com.br\/memoria\/wp-content\/uploads\/2022\/12\/image_processing20200201-29235-12te660-1-300x169.jpg 300w, https:\/\/id126ufba.com.br\/memoria\/wp-content\/uploads\/2022\/12\/image_processing20200201-29235-12te660-1-768x432.jpg 768w\" sizes=\"(max-width: 800px) 100vw, 800px\" \/><figcaption>Vilma Reis. Fonte: Divulga\u00e7\u00e3o<\/figcaption><\/figure>\n\n\n\n<p><em>&#8211; Vilma Reis: pol\u00edticas para mulheres<\/em><\/p>\n\n\n\n<p>A soci\u00f3loga baiana Vilma Reis, 3\u00ba terceira suplente da coliga\u00e7\u00e3o da Federa\u00e7\u00e3o Brasil da Esperan\u00e7a (PT, PCdoB e PV), \u00e9 uma das mulheres do grupo de transi\u00e7\u00e3o na \u00e1rea de pol\u00edticas para mulheres do novo governo Lula.<\/p>\n\n\n\n<p>O trabalho e a pr\u00f3pria vida de Vilma Reis s\u00e3o dedicadas a combater o racismo, incluindo em suas importantes atividades como professora, mestra e doutoranda em estudos africanos pela Universidade Federal da Bahia (UFBA), al\u00e9m de pesquisadora pelo Instituto Ceafro de Educa\u00e7\u00e3o para a Igualdade Racial e de G\u00eanero.<\/p>\n\n\n\n<figure class=\"wp-block-image size-full\"><img loading=\"lazy\" decoding=\"async\" width=\"800\" height=\"571\" src=\"https:\/\/id126ufba.com.br\/wp-content\/uploads\/2022\/12\/https___mulheresdocinemabrasileiro.com_.br_gestao_img__fotos_mulheres_VivianeFerreira2-1.jpg\" alt=\"\" class=\"wp-image-40349\" srcset=\"https:\/\/id126ufba.com.br\/memoria\/wp-content\/uploads\/2022\/12\/https___mulheresdocinemabrasileiro.com_.br_gestao_img__fotos_mulheres_VivianeFerreira2-1.jpg 800w, https:\/\/id126ufba.com.br\/memoria\/wp-content\/uploads\/2022\/12\/https___mulheresdocinemabrasileiro.com_.br_gestao_img__fotos_mulheres_VivianeFerreira2-1-300x214.jpg 300w, https:\/\/id126ufba.com.br\/memoria\/wp-content\/uploads\/2022\/12\/https___mulheresdocinemabrasileiro.com_.br_gestao_img__fotos_mulheres_VivianeFerreira2-1-768x548.jpg 768w\" sizes=\"(max-width: 800px) 100vw, 800px\" \/><figcaption>Viviane Ferreira. Fonte: Reprodu\u00e7\u00e3o<\/figcaption><\/figure>\n\n\n\n<p><em>&#8211; Viviane Ferreira: comunica\u00e7\u00e3o<\/em><\/p>\n\n\n\n<p>Atual presidente da Spcine, empresa de cinema e audiovisual de S\u00e3o Paulo, a cineasta e advogada baiana Viviane Ferreira foi anunciada pelo vice-presidente eleito Geraldo Alckmin (PSB) no dia 16 de novembro.&nbsp;<\/p>\n\n\n\n<p>Eleita presidente do Comit\u00ea Brasileiro de Sele\u00e7\u00e3o do Oscar 2021, ativista do movimento de mulheres negras e fundadora da Odun Filmes, produtora voltada para o audiovisual identit\u00e1rio, ela vai integrar o grupo de t\u00e9cnico da comunica\u00e7\u00e3o.<\/p>\n\n\n\n<figure class=\"wp-block-image size-full\"><img loading=\"lazy\" decoding=\"async\" width=\"790\" height=\"597\" src=\"https:\/\/id126ufba.com.br\/wp-content\/uploads\/2022\/12\/bela-gil_1_57155-1.webp\" alt=\"\" class=\"wp-image-40350\" srcset=\"https:\/\/id126ufba.com.br\/memoria\/wp-content\/uploads\/2022\/12\/bela-gil_1_57155-1.webp 790w, https:\/\/id126ufba.com.br\/memoria\/wp-content\/uploads\/2022\/12\/bela-gil_1_57155-1-300x227.webp 300w, https:\/\/id126ufba.com.br\/memoria\/wp-content\/uploads\/2022\/12\/bela-gil_1_57155-1-768x580.webp 768w\" sizes=\"(max-width: 790px) 100vw, 790px\" \/><figcaption>Bela Gil. Fonte: Reprodu\u00e7\u00e3o<\/figcaption><\/figure>\n\n\n\n<p><em>-Bela Gil: Desenvolvimento Social e combate \u00e0 fome<\/em><\/p>\n\n\n\n<p>Mestre em Ci\u00eancias Gastron\u00f4micas pela Universidade de Ci\u00eancias Gastron\u00f3micas da It\u00e1lia, Isabela Gil \u00e9 apresentadora, culinarista e vice-presidente do Instituto Brasileiro Org\u00e2nico (IBO). Bela participou ativamente, em 2018, das discuss\u00f5es sobre um card\u00e1pio escolar sustent\u00e1vel&nbsp; nas escolas da prefeitura de S\u00e3o Paulo.<\/p>\n\n\n\n<figure class=\"wp-block-image size-full\"><img loading=\"lazy\" decoding=\"async\" width=\"900\" height=\"600\" src=\"https:\/\/id126ufba.com.br\/wp-content\/uploads\/2022\/12\/Chamada-Home_01201685_00-1.jpg\" alt=\"\" class=\"wp-image-40351\" srcset=\"https:\/\/id126ufba.com.br\/memoria\/wp-content\/uploads\/2022\/12\/Chamada-Home_01201685_00-1.jpg 900w, https:\/\/id126ufba.com.br\/memoria\/wp-content\/uploads\/2022\/12\/Chamada-Home_01201685_00-1-300x200.jpg 300w, https:\/\/id126ufba.com.br\/memoria\/wp-content\/uploads\/2022\/12\/Chamada-Home_01201685_00-1-768x512.jpg 768w\" sizes=\"(max-width: 900px) 100vw, 900px\" \/><figcaption>Alice Portugal. Fonte: Reprodu\u00e7\u00e3o<\/figcaption><\/figure>\n\n\n\n<p><em>-Alice Portugal: educa\u00e7\u00e3o<\/em><\/p>\n\n\n\n<p>A deputada Alice Portugal \u00e9&nbsp; formada em Farm\u00e1cia-bioqu\u00edmica pela Universidade Federal da Bahia. Desde 1978 \u00e9 filiada ao PCdoB, Alice integra o grupo t\u00e9cnico da \u00e1rea de educa\u00e7\u00e3o, sendo a \u00fanica deputada baiana a integrar a equipe.<\/p>\n\n\n\n<figure class=\"wp-block-image size-full\"><img loading=\"lazy\" decoding=\"async\" width=\"984\" height=\"630\" src=\"https:\/\/id126ufba.com.br\/wp-content\/uploads\/2022\/12\/whatsapp-image-2022-10-01-at-18.23.05-1.webp\" alt=\"\" class=\"wp-image-40352\" srcset=\"https:\/\/id126ufba.com.br\/memoria\/wp-content\/uploads\/2022\/12\/whatsapp-image-2022-10-01-at-18.23.05-1.webp 984w, https:\/\/id126ufba.com.br\/memoria\/wp-content\/uploads\/2022\/12\/whatsapp-image-2022-10-01-at-18.23.05-1-300x192.webp 300w, https:\/\/id126ufba.com.br\/memoria\/wp-content\/uploads\/2022\/12\/whatsapp-image-2022-10-01-at-18.23.05-1-768x492.webp 768w\" sizes=\"(max-width: 984px) 100vw, 984px\" \/><figcaption>Otto Alencar. Fonte: Senado Federal<\/figcaption><\/figure>\n\n\n\n<p><em>-Otto Alencar: Desenvolvimento regional<\/em><\/p>\n\n\n\n<p>Filiado ao PSD, Otto Roberto Mendon\u00e7a Alencar, \u00e9 m\u00e9dico formado pela Universidade&nbsp; Federal da Bahia. Otto desempenhou papel importante na CPI da Covid, onde atuou de forma en\u00e9rgica, j\u00e1 foi vice-governador e governador do estado da Bahia.<\/p>\n\n\n\n<figure class=\"wp-block-image size-full is-resized\"><img loading=\"lazy\" decoding=\"async\" src=\"https:\/\/id126ufba.com.br\/wp-content\/uploads\/2022\/12\/Jaques-Wagner-1.jpg\" alt=\"\" class=\"wp-image-40353\" width=\"645\" height=\"365\" srcset=\"https:\/\/id126ufba.com.br\/memoria\/wp-content\/uploads\/2022\/12\/Jaques-Wagner-1.jpg 581w, https:\/\/id126ufba.com.br\/memoria\/wp-content\/uploads\/2022\/12\/Jaques-Wagner-1-300x170.jpg 300w\" sizes=\"(max-width: 645px) 100vw, 645px\" \/><figcaption>Jaques Wagner. Fonte: Ag\u00eancia Senado<\/figcaption><\/figure>\n\n\n\n<p><em>-Jaques Wagner: Centro de governo<\/em><\/p>\n\n\n\n<p>O senador, embora n\u00e3o tenha nascido na Bahia, \u00e9 filiado ao PT Bahia e j\u00e1 governou o estado por dois mandatos.&nbsp; Jaques Wagner foi governador da <a href=\"https:\/\/pt.wikipedia.org\/wiki\/Bahia\">Bahia<\/a> de 2007 a 2014 e <a href=\"https:\/\/pt.wikipedia.org\/wiki\/Casa_Civil_(Brasil)\">Ministro-Chefe da Casa Civil<\/a> de 2015 a 2016. Nas elei\u00e7\u00f5es de 2018, foi eleito senador pela Bahia. O senador se junta \u00e0 equipe de centro de governo.<\/p>\n\n\n\n<figure class=\"wp-block-image size-full\"><img loading=\"lazy\" decoding=\"async\" width=\"984\" height=\"550\" src=\"https:\/\/id126ufba.com.br\/wp-content\/uploads\/2022\/12\/lidice-da-mata-psb-ba-ma-1.webp\" alt=\"\" class=\"wp-image-40354\" srcset=\"https:\/\/id126ufba.com.br\/memoria\/wp-content\/uploads\/2022\/12\/lidice-da-mata-psb-ba-ma-1.webp 984w, https:\/\/id126ufba.com.br\/memoria\/wp-content\/uploads\/2022\/12\/lidice-da-mata-psb-ba-ma-1-300x168.webp 300w, https:\/\/id126ufba.com.br\/memoria\/wp-content\/uploads\/2022\/12\/lidice-da-mata-psb-ba-ma-1-768x429.webp 768w\" sizes=\"(max-width: 984px) 100vw, 984px\" \/><figcaption>L\u00eddice da Mata. Fonte: Ag\u00eancia Senado<\/figcaption><\/figure>\n\n\n\n<p><em>-L\u00eddice da Mata: mulheres<\/em><\/p>\n\n\n\n<p>Nascida no interior da Bahia, na cidade de Cachoeira, a deputada se junta ao grupo t\u00e9cnico de mulheres. L\u00eddice \u00e9 filiada ao PSB e foi a primeira prefeita de Salvador e primeira senadora da Bahia.<\/p>\n","protected":false},"excerpt":{"rendered":"<p>Por: Adauto Menezes Jr e Marina Braga Estado representa aproximadamente 2% dos participantes da transi\u00e7\u00e3o, com 20 nomes&nbsp; Com um robusto time de transi\u00e7\u00e3o, contando com 939 nomes, divididos em 33 grupos tem\u00e1ticos (GTs), o vice- presidente Geraldo Alckmin, escolhido como representante do presidente eleito Luiz In\u00e1cio Lula da Silva, nomeou personalidades baianas de peso [&hellip;]<\/p>\n","protected":false},"author":2,"featured_media":40308,"comment_status":"open","ping_status":"open","sticky":false,"template":"","format":"standard","meta":{"_acf_changed":false,"_monsterinsights_skip_tracking":false,"_monsterinsights_sitenote_active":false,"_monsterinsights_sitenote_note":"","_monsterinsights_sitenote_category":0,"footnotes":""},"categories":[1],"tags":[],"acf":[],"aioseo_notices":[],"yoast_head":"<!-- This site is optimized with the Yoast SEO plugin v24.5 - https:\/\/yoast.com\/wordpress\/plugins\/seo\/ -->\n<title>Conhe\u00e7a os baianos na transi\u00e7\u00e3o do Lula - Impressao Digital 126<\/title>\n<meta name=\"robots\" content=\"index, follow, max-snippet:-1, max-image-preview:large, max-video-preview:-1\" \/>\n<link rel=\"canonical\" href=\"https:\/\/id126ufba.com.br\/memoria\/conheca-os-baianos-na-transicao-do-lula\/\" \/>\n<meta property=\"og:locale\" content=\"pt_BR\" \/>\n<meta property=\"og:type\" content=\"article\" \/>\n<meta property=\"og:title\" content=\"Conhe\u00e7a os baianos na transi\u00e7\u00e3o do Lula - Impressao Digital 126\" \/>\n<meta property=\"og:description\" content=\"Por: Adauto Menezes Jr e Marina Braga Estado representa aproximadamente 2% dos participantes da transi\u00e7\u00e3o, com 20 nomes&nbsp; Com um robusto time de transi\u00e7\u00e3o, contando com 939 nomes, divididos em 33 grupos tem\u00e1ticos (GTs), o vice- presidente Geraldo Alckmin, escolhido como representante do presidente eleito Luiz In\u00e1cio Lula da Silva, nomeou personalidades baianas de peso [&hellip;]\" \/>\n<meta property=\"og:url\" content=\"https:\/\/id126ufba.com.br\/memoria\/conheca-os-baianos-na-transicao-do-lula\/\" \/>\n<meta property=\"og:site_name\" content=\"Impressao Digital 126\" \/>\n<meta property=\"article:published_time\" content=\"2022-12-14T12:48:36+00:00\" \/>\n<meta property=\"article:modified_time\" content=\"2022-12-14T17:37:29+00:00\" \/>\n<meta property=\"og:image\" content=\"https:\/\/id126ufba.com.br\/memoria\/wp-content\/uploads\/2022\/12\/Chamada-Home_01211779_00-e1671022220259.jpg\" \/>\n\t<meta property=\"og:image:width\" content=\"500\" \/>\n\t<meta property=\"og:image:height\" content=\"562\" \/>\n\t<meta property=\"og:image:type\" content=\"image\/jpeg\" \/>\n<meta name=\"author\" content=\"Editor\" \/>\n<meta name=\"twitter:card\" content=\"summary_large_image\" \/>\n<meta name=\"twitter:label1\" content=\"Escrito por\" \/>\n\t<meta name=\"twitter:data1\" content=\"Editor\" \/>\n\t<meta name=\"twitter:label2\" content=\"Est. tempo de leitura\" \/>\n\t<meta name=\"twitter:data2\" content=\"23 minutos\" \/>\n<script type=\"application\/ld+json\" class=\"yoast-schema-graph\">{\"@context\":\"https:\/\/schema.org\",\"@graph\":[{\"@type\":\"Article\",\"@id\":\"https:\/\/id126ufba.com.br\/memoria\/conheca-os-baianos-na-transicao-do-lula\/#article\",\"isPartOf\":{\"@id\":\"https:\/\/id126ufba.com.br\/memoria\/conheca-os-baianos-na-transicao-do-lula\/\"},\"author\":{\"name\":\"Editor\",\"@id\":\"https:\/\/id126ufba.com.br\/memoria\/#\/schema\/person\/4f42ebfe385625f80efb1e423b1971ee\"},\"headline\":\"Conhe\u00e7a os baianos na transi\u00e7\u00e3o do Lula\",\"datePublished\":\"2022-12-14T12:48:36+00:00\",\"dateModified\":\"2022-12-14T17:37:29+00:00\",\"mainEntityOfPage\":{\"@id\":\"https:\/\/id126ufba.com.br\/memoria\/conheca-os-baianos-na-transicao-do-lula\/\"},\"wordCount\":3653,\"commentCount\":0,\"publisher\":{\"@id\":\"https:\/\/id126ufba.com.br\/memoria\/#organization\"},\"image\":{\"@id\":\"https:\/\/id126ufba.com.br\/memoria\/conheca-os-baianos-na-transicao-do-lula\/#primaryimage\"},\"thumbnailUrl\":\"https:\/\/id126ufba.com.br\/memoria\/wp-content\/uploads\/2022\/12\/Chamada-Home_01211779_00-e1671022220259.jpg\",\"articleSection\":[\"Cotidiano\"],\"inLanguage\":\"pt-BR\",\"potentialAction\":[{\"@type\":\"CommentAction\",\"name\":\"Comment\",\"target\":[\"https:\/\/id126ufba.com.br\/memoria\/conheca-os-baianos-na-transicao-do-lula\/#respond\"]}]},{\"@type\":\"WebPage\",\"@id\":\"https:\/\/id126ufba.com.br\/memoria\/conheca-os-baianos-na-transicao-do-lula\/\",\"url\":\"https:\/\/id126ufba.com.br\/memoria\/conheca-os-baianos-na-transicao-do-lula\/\",\"name\":\"Conhe\u00e7a os baianos na transi\u00e7\u00e3o do Lula - Impressao Digital 126\",\"isPartOf\":{\"@id\":\"https:\/\/id126ufba.com.br\/memoria\/#website\"},\"primaryImageOfPage\":{\"@id\":\"https:\/\/id126ufba.com.br\/memoria\/conheca-os-baianos-na-transicao-do-lula\/#primaryimage\"},\"image\":{\"@id\":\"https:\/\/id126ufba.com.br\/memoria\/conheca-os-baianos-na-transicao-do-lula\/#primaryimage\"},\"thumbnailUrl\":\"https:\/\/id126ufba.com.br\/memoria\/wp-content\/uploads\/2022\/12\/Chamada-Home_01211779_00-e1671022220259.jpg\",\"datePublished\":\"2022-12-14T12:48:36+00:00\",\"dateModified\":\"2022-12-14T17:37:29+00:00\",\"breadcrumb\":{\"@id\":\"https:\/\/id126ufba.com.br\/memoria\/conheca-os-baianos-na-transicao-do-lula\/#breadcrumb\"},\"inLanguage\":\"pt-BR\",\"potentialAction\":[{\"@type\":\"ReadAction\",\"target\":[\"https:\/\/id126ufba.com.br\/memoria\/conheca-os-baianos-na-transicao-do-lula\/\"]}]},{\"@type\":\"ImageObject\",\"inLanguage\":\"pt-BR\",\"@id\":\"https:\/\/id126ufba.com.br\/memoria\/conheca-os-baianos-na-transicao-do-lula\/#primaryimage\",\"url\":\"https:\/\/id126ufba.com.br\/memoria\/wp-content\/uploads\/2022\/12\/Chamada-Home_01211779_00-e1671022220259.jpg\",\"contentUrl\":\"https:\/\/id126ufba.com.br\/memoria\/wp-content\/uploads\/2022\/12\/Chamada-Home_01211779_00-e1671022220259.jpg\",\"width\":500,\"height\":562},{\"@type\":\"BreadcrumbList\",\"@id\":\"https:\/\/id126ufba.com.br\/memoria\/conheca-os-baianos-na-transicao-do-lula\/#breadcrumb\",\"itemListElement\":[{\"@type\":\"ListItem\",\"position\":1,\"name\":\"In\u00edcio\",\"item\":\"https:\/\/id126ufba.com.br\/memoria\/\"},{\"@type\":\"ListItem\",\"position\":2,\"name\":\"Conhe\u00e7a os baianos na transi\u00e7\u00e3o do Lula\"}]},{\"@type\":\"WebSite\",\"@id\":\"https:\/\/id126ufba.com.br\/memoria\/#website\",\"url\":\"https:\/\/id126ufba.com.br\/memoria\/\",\"name\":\"Impressao Digital 126\",\"description\":\"\",\"publisher\":{\"@id\":\"https:\/\/id126ufba.com.br\/memoria\/#organization\"},\"potentialAction\":[{\"@type\":\"SearchAction\",\"target\":{\"@type\":\"EntryPoint\",\"urlTemplate\":\"https:\/\/id126ufba.com.br\/memoria\/?s={search_term_string}\"},\"query-input\":{\"@type\":\"PropertyValueSpecification\",\"valueRequired\":true,\"valueName\":\"search_term_string\"}}],\"inLanguage\":\"pt-BR\"},{\"@type\":\"Organization\",\"@id\":\"https:\/\/id126ufba.com.br\/memoria\/#organization\",\"name\":\"Impressao Digital 126\",\"url\":\"https:\/\/id126ufba.com.br\/memoria\/\",\"logo\":{\"@type\":\"ImageObject\",\"inLanguage\":\"pt-BR\",\"@id\":\"https:\/\/id126ufba.com.br\/memoria\/#\/schema\/logo\/image\/\",\"url\":\"https:\/\/id126ufba.com.br\/memoria\/wp-content\/uploads\/2024\/07\/cropped-logo_memoria-1.png\",\"contentUrl\":\"https:\/\/id126ufba.com.br\/memoria\/wp-content\/uploads\/2024\/07\/cropped-logo_memoria-1.png\",\"width\":500,\"height\":100,\"caption\":\"Impressao Digital 126\"},\"image\":{\"@id\":\"https:\/\/id126ufba.com.br\/memoria\/#\/schema\/logo\/image\/\"}},{\"@type\":\"Person\",\"@id\":\"https:\/\/id126ufba.com.br\/memoria\/#\/schema\/person\/4f42ebfe385625f80efb1e423b1971ee\",\"name\":\"Editor\",\"image\":{\"@type\":\"ImageObject\",\"inLanguage\":\"pt-BR\",\"@id\":\"https:\/\/id126ufba.com.br\/memoria\/#\/schema\/person\/image\/\",\"url\":\"https:\/\/secure.gravatar.com\/avatar\/1d69d145a93605cda3e299a3b9c25751?s=96&d=mm&r=g\",\"contentUrl\":\"https:\/\/secure.gravatar.com\/avatar\/1d69d145a93605cda3e299a3b9c25751?s=96&d=mm&r=g\",\"caption\":\"Editor\"},\"url\":\"https:\/\/id126ufba.com.br\/memoria\/author\/editor\/\"}]}<\/script>\n<!-- \/ Yoast SEO plugin. -->","yoast_head_json":{"title":"Conhe\u00e7a os baianos na transi\u00e7\u00e3o do Lula - Impressao Digital 126","robots":{"index":"index","follow":"follow","max-snippet":"max-snippet:-1","max-image-preview":"max-image-preview:large","max-video-preview":"max-video-preview:-1"},"canonical":"https:\/\/id126ufba.com.br\/memoria\/conheca-os-baianos-na-transicao-do-lula\/","og_locale":"pt_BR","og_type":"article","og_title":"Conhe\u00e7a os baianos na transi\u00e7\u00e3o do Lula - Impressao Digital 126","og_description":"Por: Adauto Menezes Jr e Marina Braga Estado representa aproximadamente 2% dos participantes da transi\u00e7\u00e3o, com 20 nomes&nbsp; Com um robusto time de transi\u00e7\u00e3o, contando com 939 nomes, divididos em 33 grupos tem\u00e1ticos (GTs), o vice- presidente Geraldo Alckmin, escolhido como representante do presidente eleito Luiz In\u00e1cio Lula da Silva, nomeou personalidades baianas de peso [&hellip;]","og_url":"https:\/\/id126ufba.com.br\/memoria\/conheca-os-baianos-na-transicao-do-lula\/","og_site_name":"Impressao Digital 126","article_published_time":"2022-12-14T12:48:36+00:00","article_modified_time":"2022-12-14T17:37:29+00:00","og_image":[{"width":500,"height":562,"url":"https:\/\/id126ufba.com.br\/memoria\/wp-content\/uploads\/2022\/12\/Chamada-Home_01211779_00-e1671022220259.jpg","type":"image\/jpeg"}],"author":"Editor","twitter_card":"summary_large_image","twitter_misc":{"Escrito por":"Editor","Est. tempo de leitura":"23 minutos"},"schema":{"@context":"https:\/\/schema.org","@graph":[{"@type":"Article","@id":"https:\/\/id126ufba.com.br\/memoria\/conheca-os-baianos-na-transicao-do-lula\/#article","isPartOf":{"@id":"https:\/\/id126ufba.com.br\/memoria\/conheca-os-baianos-na-transicao-do-lula\/"},"author":{"name":"Editor","@id":"https:\/\/id126ufba.com.br\/memoria\/#\/schema\/person\/4f42ebfe385625f80efb1e423b1971ee"},"headline":"Conhe\u00e7a os baianos na transi\u00e7\u00e3o do Lula","datePublished":"2022-12-14T12:48:36+00:00","dateModified":"2022-12-14T17:37:29+00:00","mainEntityOfPage":{"@id":"https:\/\/id126ufba.com.br\/memoria\/conheca-os-baianos-na-transicao-do-lula\/"},"wordCount":3653,"commentCount":0,"publisher":{"@id":"https:\/\/id126ufba.com.br\/memoria\/#organization"},"image":{"@id":"https:\/\/id126ufba.com.br\/memoria\/conheca-os-baianos-na-transicao-do-lula\/#primaryimage"},"thumbnailUrl":"https:\/\/id126ufba.com.br\/memoria\/wp-content\/uploads\/2022\/12\/Chamada-Home_01211779_00-e1671022220259.jpg","articleSection":["Cotidiano"],"inLanguage":"pt-BR","potentialAction":[{"@type":"CommentAction","name":"Comment","target":["https:\/\/id126ufba.com.br\/memoria\/conheca-os-baianos-na-transicao-do-lula\/#respond"]}]},{"@type":"WebPage","@id":"https:\/\/id126ufba.com.br\/memoria\/conheca-os-baianos-na-transicao-do-lula\/","url":"https:\/\/id126ufba.com.br\/memoria\/conheca-os-baianos-na-transicao-do-lula\/","name":"Conhe\u00e7a os baianos na transi\u00e7\u00e3o do Lula - Impressao Digital 126","isPartOf":{"@id":"https:\/\/id126ufba.com.br\/memoria\/#website"},"primaryImageOfPage":{"@id":"https:\/\/id126ufba.com.br\/memoria\/conheca-os-baianos-na-transicao-do-lula\/#primaryimage"},"image":{"@id":"https:\/\/id126ufba.com.br\/memoria\/conheca-os-baianos-na-transicao-do-lula\/#primaryimage"},"thumbnailUrl":"https:\/\/id126ufba.com.br\/memoria\/wp-content\/uploads\/2022\/12\/Chamada-Home_01211779_00-e1671022220259.jpg","datePublished":"2022-12-14T12:48:36+00:00","dateModified":"2022-12-14T17:37:29+00:00","breadcrumb":{"@id":"https:\/\/id126ufba.com.br\/memoria\/conheca-os-baianos-na-transicao-do-lula\/#breadcrumb"},"inLanguage":"pt-BR","potentialAction":[{"@type":"ReadAction","target":["https:\/\/id126ufba.com.br\/memoria\/conheca-os-baianos-na-transicao-do-lula\/"]}]},{"@type":"ImageObject","inLanguage":"pt-BR","@id":"https:\/\/id126ufba.com.br\/memoria\/conheca-os-baianos-na-transicao-do-lula\/#primaryimage","url":"https:\/\/id126ufba.com.br\/memoria\/wp-content\/uploads\/2022\/12\/Chamada-Home_01211779_00-e1671022220259.jpg","contentUrl":"https:\/\/id126ufba.com.br\/memoria\/wp-content\/uploads\/2022\/12\/Chamada-Home_01211779_00-e1671022220259.jpg","width":500,"height":562},{"@type":"BreadcrumbList","@id":"https:\/\/id126ufba.com.br\/memoria\/conheca-os-baianos-na-transicao-do-lula\/#breadcrumb","itemListElement":[{"@type":"ListItem","position":1,"name":"In\u00edcio","item":"https:\/\/id126ufba.com.br\/memoria\/"},{"@type":"ListItem","position":2,"name":"Conhe\u00e7a os baianos na transi\u00e7\u00e3o do Lula"}]},{"@type":"WebSite","@id":"https:\/\/id126ufba.com.br\/memoria\/#website","url":"https:\/\/id126ufba.com.br\/memoria\/","name":"Impressao Digital 126","description":"","publisher":{"@id":"https:\/\/id126ufba.com.br\/memoria\/#organization"},"potentialAction":[{"@type":"SearchAction","target":{"@type":"EntryPoint","urlTemplate":"https:\/\/id126ufba.com.br\/memoria\/?s={search_term_string}"},"query-input":{"@type":"PropertyValueSpecification","valueRequired":true,"valueName":"search_term_string"}}],"inLanguage":"pt-BR"},{"@type":"Organization","@id":"https:\/\/id126ufba.com.br\/memoria\/#organization","name":"Impressao Digital 126","url":"https:\/\/id126ufba.com.br\/memoria\/","logo":{"@type":"ImageObject","inLanguage":"pt-BR","@id":"https:\/\/id126ufba.com.br\/memoria\/#\/schema\/logo\/image\/","url":"https:\/\/id126ufba.com.br\/memoria\/wp-content\/uploads\/2024\/07\/cropped-logo_memoria-1.png","contentUrl":"https:\/\/id126ufba.com.br\/memoria\/wp-content\/uploads\/2024\/07\/cropped-logo_memoria-1.png","width":500,"height":100,"caption":"Impressao Digital 126"},"image":{"@id":"https:\/\/id126ufba.com.br\/memoria\/#\/schema\/logo\/image\/"}},{"@type":"Person","@id":"https:\/\/id126ufba.com.br\/memoria\/#\/schema\/person\/4f42ebfe385625f80efb1e423b1971ee","name":"Editor","image":{"@type":"ImageObject","inLanguage":"pt-BR","@id":"https:\/\/id126ufba.com.br\/memoria\/#\/schema\/person\/image\/","url":"https:\/\/secure.gravatar.com\/avatar\/1d69d145a93605cda3e299a3b9c25751?s=96&d=mm&r=g","contentUrl":"https:\/\/secure.gravatar.com\/avatar\/1d69d145a93605cda3e299a3b9c25751?s=96&d=mm&r=g","caption":"Editor"},"url":"https:\/\/id126ufba.com.br\/memoria\/author\/editor\/"}]}},"_links":{"self":[{"href":"https:\/\/id126ufba.com.br\/memoria\/wp-json\/wp\/v2\/posts\/40277"}],"collection":[{"href":"https:\/\/id126ufba.com.br\/memoria\/wp-json\/wp\/v2\/posts"}],"about":[{"href":"https:\/\/id126ufba.com.br\/memoria\/wp-json\/wp\/v2\/types\/post"}],"author":[{"embeddable":true,"href":"https:\/\/id126ufba.com.br\/memoria\/wp-json\/wp\/v2\/users\/2"}],"replies":[{"embeddable":true,"href":"https:\/\/id126ufba.com.br\/memoria\/wp-json\/wp\/v2\/comments?post=40277"}],"version-history":[{"count":16,"href":"https:\/\/id126ufba.com.br\/memoria\/wp-json\/wp\/v2\/posts\/40277\/revisions"}],"predecessor-version":[{"id":40455,"href":"https:\/\/id126ufba.com.br\/memoria\/wp-json\/wp\/v2\/posts\/40277\/revisions\/40455"}],"wp:featuredmedia":[{"embeddable":true,"href":"https:\/\/id126ufba.com.br\/memoria\/wp-json\/wp\/v2\/media\/40308"}],"wp:attachment":[{"href":"https:\/\/id126ufba.com.br\/memoria\/wp-json\/wp\/v2\/media?parent=40277"}],"wp:term":[{"taxonomy":"category","embeddable":true,"href":"https:\/\/id126ufba.com.br\/memoria\/wp-json\/wp\/v2\/categories?post=40277"},{"taxonomy":"post_tag","embeddable":true,"href":"https:\/\/id126ufba.com.br\/memoria\/wp-json\/wp\/v2\/tags?post=40277"}],"curies":[{"name":"wp","href":"https:\/\/api.w.org\/{rel}","templated":true}]}}