{"id":40518,"date":"2023-10-04T10:56:46","date_gmt":"2023-10-04T13:56:46","guid":{"rendered":"https:\/\/id126ufba.com.br\/?p=40518"},"modified":"2023-10-18T11:17:04","modified_gmt":"2023-10-18T14:17:04","slug":"transporte-gratuito-para-pcds-salvador","status":"publish","type":"post","link":"https:\/\/id126ufba.com.br\/memoria\/transporte-gratuito-para-pcds-salvador\/","title":{"rendered":"Transporte gratuito exclusivo para pessoas com defici\u00eancia e mobilidade reduzida em Salvador tramita na C\u00e2mara"},"content":{"rendered":"\n<p><em>Projeto para implanta\u00e7\u00e3o de servi\u00e7o de transporte gratuito para pessoas com defici\u00eancia ou mobilidade reduzida \u00e9 protocolado na C\u00e2mara Municipal de Salvador<\/em>.<br><br>O vereador S\u00edlvio Humberto (PSB) protocolou, na C\u00e2mara Municipal de Salvador, um <a href=\"https:\/\/www.cms.ba.gov.br\/noticias\/26-09-2023-servico-de-mobilidade-gratuito-para-pessoas-com-deficiencia\">Projeto de Indica\u00e7\u00e3o que solicita \u00e0 Prefeitura a realiza\u00e7\u00e3o de estudo de viabilidade t\u00e9cnica para a implanta\u00e7\u00e3o do Servi\u00e7o de Atendimento Especial &#8211; Atende+<\/a>, destinado a transportar gratuitamente pessoas com mobilidade reduzida. Protocolado no dia 22 de setembro, o Projeto foi publicado no Di\u00e1rio Oficial do Legislativo no \u00faltimo dia 26, e aguarda avalia\u00e7\u00e3o da comiss\u00e3o respons\u00e1vel at\u00e9 a publica\u00e7\u00e3o desta mat\u00e9ria. <\/p>\n\n\n\n<p><br>Criado e institu\u00eddo pela primeira vez na cidade de S\u00e3o Paulo (SP), o Atende+ \u00e9 realizado na modalidade porta-a-porta, e inclui como benefici\u00e1rios do servi\u00e7o pessoas com defici\u00eancia f\u00edsica ou mobilidade altamente reduzida, como nos casos de autismo e surdo-cegueira. Com regulamento pr\u00f3prio e ve\u00edculos devidamente adaptados, o servi\u00e7o visa resolver as dificuldades dessas pessoas em acessar o sistema de transporte p\u00fablico convencional do munic\u00edpio. <\/p>\n\n\n\n<p>Em entrevista, o vereador cita a quest\u00e3o da equidade quando questionado se o projeto n\u00e3o estaria excluindo sujeitos, de certa forma, j\u00e1 exclu\u00eddos por parte da sociedade. \u201c[&#8230;]as pessoas [com defici\u00eancia] j\u00e1 est\u00e3o exclu\u00eddas, o fato de voc\u00ea reconhecer o capacitismo. [&#8230;]Por exemplo, se voc\u00ea \u00e9 uma pessoa com defici\u00eancia e tem grana sua situa\u00e7\u00e3o \u00e9 outra.<\/p>\n\n\n<div class=\"wp-block-image\">\n<figure class=\"alignleft size-full is-resized\"><img loading=\"lazy\" decoding=\"async\" src=\"https:\/\/id126ufba.com.br\/wp-content\/uploads\/2023\/10\/image-4.png\" alt=\"Vereador S\u00edlvio Humberto (PSB), de terno azul escuro, com camisa listrada por baixo e gravata vermelho-vinho, falando ao microfone, com as duas m\u00e3os estendidas.\" class=\"wp-image-40680\" width=\"330\" height=\"223\"\/><figcaption><strong>Foto<\/strong>: Valdemiro Lopes<\/figcaption><\/figure><\/div>\n\n\n<p>S\u00edlvio destaca que em S\u00e3o Paulo j\u00e1 ocorre uma demanda por ve\u00edculos mais inclusivos. Em aplicativos de viagem como o Uber, j\u00e1 existem op\u00e7\u00f5es para transporte adaptado para pessoas com mobilidade reduzida. Por\u00e9m como destaca o pol\u00edtico, a ideia \u00e9 que essa demanda seja solucionada pelo poder publico. &#8220;Essa demanda me apareceu quando visitei um quilombo composto por pessoas PCD, haviam reclama\u00e7\u00f5es constantes, desde o per\u00edodo da pandemia da qualidade do transporte&#8221;, uma reserva de parte da frota para  uso exclusivo dessa popula\u00e7\u00e3o foi discutida at\u00e9 com motoristas de aplicativos, mas n\u00e3o foi poss\u00edvel articular com a plataforma, segundo o Vereador. A proposta foi encaminhada para requerimento na Comiss\u00e3o de Justi\u00e7a e Cidadania (CCJ) e pode ser acompanhada <a href=\"http:\/\/177.136.123.157\/leg\/salvador\/LEG_SYS_acompanhamento_proposicoes\/\">aqui<\/a>.<\/p>\n\n\n\n<p>De acordo com a especialista Isl\u00e2ndia Costa,  formada em arquitetura pela universidade federal da Bahia e com especializa\u00e7\u00e3o em acessibilidade , destaca a aus\u00eancia de capacita\u00e7\u00e3o dos funcion\u00e1rios do transporte publico e a falta de manuten\u00e7\u00e3o n\u00e3o apenas nesses, mas em cal\u00e7adas e obras de requalifica\u00e7\u00e3o. <\/p>\n\n\n\n<p>&#8220;\u00c9 um projeto interessante,&nbsp; mas tem que ser bem coordenado para que as pessoas possam usufruir sem causar mais danos a quem ja sofre bastante as dificuldades no cotidiano da cidade. A grande vantagem, a meu ver, \u00e9 poder atender pessoas com defici\u00eancias severas que sofrem com a falta de transporte adaptado e pessoas especializadas para esse trabalho.&#8221; Salienta a arquiteta.<\/p>\n\n\n\n<h2 class=\"wp-block-heading\">De quem estamos falando?<\/h2>\n\n\n\n<p>Para al\u00e9m das informa\u00e7\u00f5es opacas, o que justificaria esse projeto de lei?<\/p>\n\n\n\n<p>No brasil, em 2022, o percentual de <a href=\"https:\/\/agenciadenoticias.ibge.gov.br\/media\/com_mediaibge\/arquivos\/0a9afaed04d79830f73a16136dba23b9.pdf\">pessoas com 2 anos ou mais com algum tipo de defici\u00eancia \u00e9 de 8,9%<\/a>, na Bahia taxa \u00e9 de 10,4%, segundo o IBGE, e 47% das pessoas com defici\u00eancia no Brasil tinha mais de 60 anos, dois fatores importantes a serem considerados.<\/p>\n\n\n\n<p>Tanto Humberto quanto Costa relacionam a condi\u00e7\u00e3o prec\u00e1ria que boa parte da popula\u00e7\u00e3o enfrenta com a dificuldade ao acesso para o transporte publico. Ao se voltar para o cidad\u00e3o com mobilidade reduzida essa condi\u00e7\u00e3o se dificulta ainda mais.  &#8220;Uma cidade com muitas passarelas, viadutos e pouco se pensou nas rotas acess\u00edveis com trechos cont\u00ednuos para os pedestres do in\u00edcio ao fim.&#8221; Relembra Isl\u00e2ndia.<\/p>\n\n\n\n<div class=\"wp-block-columns is-layout-flex wp-container-core-columns-is-layout-2 wp-block-columns-is-layout-flex\">\n<div class=\"wp-block-column is-layout-flow wp-block-column-is-layout-flow\" style=\"flex-basis:100%\">\n<div class=\"wp-block-group\"><div class=\"wp-block-group__inner-container is-layout-flow wp-block-group-is-layout-flow\">\n<div class=\"wp-block-columns is-layout-flex wp-container-core-columns-is-layout-1 wp-block-columns-is-layout-flex\">\n<div class=\"wp-block-column is-vertically-aligned-top is-layout-flow wp-block-column-is-layout-flow\" style=\"flex-basis:100%\">\n<div class=\"wp-block-group\"><div class=\"wp-block-group__inner-container is-layout-flow wp-block-group-is-layout-flow\"><div class=\"wp-block-image\">\n<figure class=\"alignleft size-large is-resized\"><img loading=\"lazy\" decoding=\"async\" src=\"https:\/\/id126ufba.com.br\/wp-content\/uploads\/2023\/10\/B5DD7E56-C63A-4548-B873-864F430C166A_1_102_o-1-768x1024.jpeg\" alt=\"\" class=\"wp-image-40684\" width=\"284\" height=\"379\" srcset=\"https:\/\/id126ufba.com.br\/memoria\/wp-content\/uploads\/2023\/10\/B5DD7E56-C63A-4548-B873-864F430C166A_1_102_o-1-768x1024.jpeg 768w, https:\/\/id126ufba.com.br\/memoria\/wp-content\/uploads\/2023\/10\/B5DD7E56-C63A-4548-B873-864F430C166A_1_102_o-1-225x300.jpeg 225w, https:\/\/id126ufba.com.br\/memoria\/wp-content\/uploads\/2023\/10\/B5DD7E56-C63A-4548-B873-864F430C166A_1_102_o-1-1152x1536.jpeg 1152w, https:\/\/id126ufba.com.br\/memoria\/wp-content\/uploads\/2023\/10\/B5DD7E56-C63A-4548-B873-864F430C166A_1_102_o-1.jpeg 1536w\" sizes=\"(max-width: 284px) 100vw, 284px\" \/><\/figure><\/div>\n\n\n<figure class=\"wp-block-image size-large is-resized\"><img loading=\"lazy\" decoding=\"async\" src=\"https:\/\/id126ufba.com.br\/wp-content\/uploads\/2023\/10\/image-5-768x1024.png\" alt=\"\" class=\"wp-image-40683\" width=\"297\" height=\"396\" srcset=\"https:\/\/id126ufba.com.br\/memoria\/wp-content\/uploads\/2023\/10\/image-5-768x1024.png 768w, https:\/\/id126ufba.com.br\/memoria\/wp-content\/uploads\/2023\/10\/image-5-225x300.png 225w, https:\/\/id126ufba.com.br\/memoria\/wp-content\/uploads\/2023\/10\/image-5-1152x1536.png 1152w, https:\/\/id126ufba.com.br\/memoria\/wp-content\/uploads\/2023\/10\/image-5.png 1200w\" sizes=\"(max-width: 297px) 100vw, 297px\" \/><figcaption>Equipamentos de acessibilidade <strong>Fonte<\/strong>: Arquivo Pessoal<\/figcaption><\/figure>\n<\/div><\/div>\n<\/div>\n<\/div>\n<\/div><\/div>\n<\/div>\n<\/div>\n\n\n\n<p><br>Questionado quanto ao sucesso do estudo e viabilidade do projeto Silvio comenta:  &#8220;Essa \u00faltima indica\u00e7\u00e3o, tem um impacto, voc\u00ea vai ter que comprar equipamentos, etc. O Poder Executivo, pode incorporar ou n\u00e3o, n\u00e9? A\u00ed a sociedade tem um papel importante. Com esse dispositivo em m\u00e3os v\u00eam como um pleito deles. Poder acionar entrada da ouvidoria, mandar carta, mandar e-mail pro prefeito, mandar entrar na na nas redes sociais e cobrar que o projeto saia do Papel.<\/p>\n\n\n\n<p>Deficiente visual, Gilson Santos, de 49 anos, lembra que a capital baiana t\u00eam d\u00e9ficit na quantidade de transportes p\u00fablico adaptados. &#8220;Aqui n\u00f3s temos uma dificuldade muito grande, n\u00e9? Na cidade em rela\u00e7\u00e3o aos \u00f4nibus. Existe \u00f4nibus adaptado, mas eu acho que \u00e9 uma quantidade muito pouca para o quantitativo de pessoas com defici\u00eancia que existe na cidade de Salvador&#8221;.<\/p>\n\n\n\n<p>Apesar de acreditar que o projeto beneficiar\u00e1 as pessoas que poder\u00e3o usar o servi\u00e7o, Gilson \u00e9 cr\u00edtico e acha que &#8220;nem \u00e9 para n\u00f3s estarmos aqui \u00e9 discutindo essa quest\u00e3o exclusividade para as pessoas com defici\u00eancia, n\u00e9? Eu acho que todo transporte, todo modelo de transporte da cidade deveria ser acess\u00edvel para todos, nem s\u00f3 para as pessoas com defici\u00eancia, mas como pessoas com mobilidades reduzidas, idosos&#8221;.<\/p>\n\n\n\n<p><\/p>\n\n\n\n<p>Veja as entrevistas na \u00edntegra: <a href=\"https:\/\/journaliststudio.google.com\/pinpoint\/document-view?collection=e25ce76e6a9130af&amp;docid=6b55206a1a9a243d_e25ce76e6a9130af_0_0\">Silvio Huberto<\/a>; <a href=\"https:\/\/journaliststudio.google.com\/pinpoint\/document-view?collection=a33f259491380fa7&amp;docid=7e494a2f20f6bb04_a33f259491380fa7_0_0\">Gilson Santos<\/a><\/p>\n","protected":false},"excerpt":{"rendered":"<p>Projeto para implanta\u00e7\u00e3o de servi\u00e7o de transporte gratuito para pessoas com defici\u00eancia ou mobilidade reduzida \u00e9 protocolado na C\u00e2mara Municipal de Salvador. O vereador S\u00edlvio Humberto (PSB) protocolou, na C\u00e2mara Municipal de Salvador, um Projeto de Indica\u00e7\u00e3o que solicita \u00e0 Prefeitura a realiza\u00e7\u00e3o de estudo de viabilidade t\u00e9cnica para a implanta\u00e7\u00e3o do Servi\u00e7o de Atendimento [&hellip;]<\/p>\n","protected":false},"author":2,"featured_media":40872,"comment_status":"open","ping_status":"open","sticky":false,"template":"","format":"standard","meta":{"_acf_changed":false,"_monsterinsights_skip_tracking":false,"_monsterinsights_sitenote_active":false,"_monsterinsights_sitenote_note":"","_monsterinsights_sitenote_category":0,"footnotes":""},"categories":[1],"tags":[],"acf":[],"aioseo_notices":[],"yoast_head":"<!-- This site is optimized with the Yoast SEO plugin v24.5 - https:\/\/yoast.com\/wordpress\/plugins\/seo\/ -->\n<title>Transporte gratuito exclusivo para pessoas com defici\u00eancia e mobilidade reduzida em Salvador tramita na C\u00e2mara - Impressao Digital 126<\/title>\n<meta name=\"description\" content=\"%\" \/>\n<meta name=\"robots\" content=\"index, follow, max-snippet:-1, max-image-preview:large, max-video-preview:-1\" \/>\n<link rel=\"canonical\" href=\"https:\/\/id126ufba.com.br\/memoria\/transporte-gratuito-para-pcds-salvador\/\" \/>\n<meta property=\"og:locale\" content=\"pt_BR\" \/>\n<meta property=\"og:type\" content=\"article\" \/>\n<meta property=\"og:title\" content=\"Transporte gratuito exclusivo para pessoas com defici\u00eancia e mobilidade reduzida em Salvador tramita na C\u00e2mara - Impressao Digital 126\" \/>\n<meta property=\"og:description\" content=\"%\" \/>\n<meta property=\"og:url\" content=\"https:\/\/id126ufba.com.br\/memoria\/transporte-gratuito-para-pcds-salvador\/\" \/>\n<meta property=\"og:site_name\" content=\"Impressao Digital 126\" \/>\n<meta property=\"article:published_time\" content=\"2023-10-04T13:56:46+00:00\" \/>\n<meta property=\"article:modified_time\" content=\"2023-10-18T14:17:04+00:00\" \/>\n<meta property=\"og:image\" content=\"https:\/\/id126ufba.com.br\/memoria\/wp-content\/uploads\/2023\/10\/onibus-integra.webp\" \/>\n\t<meta property=\"og:image:width\" content=\"997\" \/>\n\t<meta property=\"og:image:height\" content=\"596\" \/>\n\t<meta property=\"og:image:type\" content=\"image\/webp\" \/>\n<meta name=\"author\" content=\"Editor\" \/>\n<meta name=\"twitter:card\" content=\"summary_large_image\" \/>\n<meta name=\"twitter:label1\" content=\"Escrito por\" \/>\n\t<meta name=\"twitter:data1\" content=\"Editor\" \/>\n\t<meta name=\"twitter:label2\" content=\"Est. tempo de leitura\" \/>\n\t<meta name=\"twitter:data2\" content=\"5 minutos\" \/>\n<script type=\"application\/ld+json\" class=\"yoast-schema-graph\">{\"@context\":\"https:\/\/schema.org\",\"@graph\":[{\"@type\":\"Article\",\"@id\":\"https:\/\/id126ufba.com.br\/memoria\/transporte-gratuito-para-pcds-salvador\/#article\",\"isPartOf\":{\"@id\":\"https:\/\/id126ufba.com.br\/memoria\/transporte-gratuito-para-pcds-salvador\/\"},\"author\":{\"name\":\"Editor\",\"@id\":\"https:\/\/id126ufba.com.br\/memoria\/#\/schema\/person\/4f42ebfe385625f80efb1e423b1971ee\"},\"headline\":\"Transporte gratuito exclusivo para pessoas com defici\u00eancia e mobilidade reduzida em Salvador tramita na C\u00e2mara\",\"datePublished\":\"2023-10-04T13:56:46+00:00\",\"dateModified\":\"2023-10-18T14:17:04+00:00\",\"mainEntityOfPage\":{\"@id\":\"https:\/\/id126ufba.com.br\/memoria\/transporte-gratuito-para-pcds-salvador\/\"},\"wordCount\":876,\"commentCount\":0,\"publisher\":{\"@id\":\"https:\/\/id126ufba.com.br\/memoria\/#organization\"},\"image\":{\"@id\":\"https:\/\/id126ufba.com.br\/memoria\/transporte-gratuito-para-pcds-salvador\/#primaryimage\"},\"thumbnailUrl\":\"https:\/\/id126ufba.com.br\/memoria\/wp-content\/uploads\/2023\/10\/onibus-integra.webp\",\"articleSection\":[\"Cotidiano\"],\"inLanguage\":\"pt-BR\",\"potentialAction\":[{\"@type\":\"CommentAction\",\"name\":\"Comment\",\"target\":[\"https:\/\/id126ufba.com.br\/memoria\/transporte-gratuito-para-pcds-salvador\/#respond\"]}]},{\"@type\":\"WebPage\",\"@id\":\"https:\/\/id126ufba.com.br\/memoria\/transporte-gratuito-para-pcds-salvador\/\",\"url\":\"https:\/\/id126ufba.com.br\/memoria\/transporte-gratuito-para-pcds-salvador\/\",\"name\":\"Transporte gratuito exclusivo para pessoas com defici\u00eancia e mobilidade reduzida em Salvador tramita na C\u00e2mara - Impressao Digital 126\",\"isPartOf\":{\"@id\":\"https:\/\/id126ufba.com.br\/memoria\/#website\"},\"primaryImageOfPage\":{\"@id\":\"https:\/\/id126ufba.com.br\/memoria\/transporte-gratuito-para-pcds-salvador\/#primaryimage\"},\"image\":{\"@id\":\"https:\/\/id126ufba.com.br\/memoria\/transporte-gratuito-para-pcds-salvador\/#primaryimage\"},\"thumbnailUrl\":\"https:\/\/id126ufba.com.br\/memoria\/wp-content\/uploads\/2023\/10\/onibus-integra.webp\",\"datePublished\":\"2023-10-04T13:56:46+00:00\",\"dateModified\":\"2023-10-18T14:17:04+00:00\",\"description\":\"%\",\"breadcrumb\":{\"@id\":\"https:\/\/id126ufba.com.br\/memoria\/transporte-gratuito-para-pcds-salvador\/#breadcrumb\"},\"inLanguage\":\"pt-BR\",\"potentialAction\":[{\"@type\":\"ReadAction\",\"target\":[\"https:\/\/id126ufba.com.br\/memoria\/transporte-gratuito-para-pcds-salvador\/\"]}]},{\"@type\":\"ImageObject\",\"inLanguage\":\"pt-BR\",\"@id\":\"https:\/\/id126ufba.com.br\/memoria\/transporte-gratuito-para-pcds-salvador\/#primaryimage\",\"url\":\"https:\/\/id126ufba.com.br\/memoria\/wp-content\/uploads\/2023\/10\/onibus-integra.webp\",\"contentUrl\":\"https:\/\/id126ufba.com.br\/memoria\/wp-content\/uploads\/2023\/10\/onibus-integra.webp\",\"width\":997,\"height\":596},{\"@type\":\"BreadcrumbList\",\"@id\":\"https:\/\/id126ufba.com.br\/memoria\/transporte-gratuito-para-pcds-salvador\/#breadcrumb\",\"itemListElement\":[{\"@type\":\"ListItem\",\"position\":1,\"name\":\"In\u00edcio\",\"item\":\"https:\/\/id126ufba.com.br\/memoria\/\"},{\"@type\":\"ListItem\",\"position\":2,\"name\":\"Transporte gratuito exclusivo para pessoas com defici\u00eancia e mobilidade reduzida em Salvador tramita na C\u00e2mara\"}]},{\"@type\":\"WebSite\",\"@id\":\"https:\/\/id126ufba.com.br\/memoria\/#website\",\"url\":\"https:\/\/id126ufba.com.br\/memoria\/\",\"name\":\"Impressao Digital 126\",\"description\":\"\",\"publisher\":{\"@id\":\"https:\/\/id126ufba.com.br\/memoria\/#organization\"},\"potentialAction\":[{\"@type\":\"SearchAction\",\"target\":{\"@type\":\"EntryPoint\",\"urlTemplate\":\"https:\/\/id126ufba.com.br\/memoria\/?s={search_term_string}\"},\"query-input\":{\"@type\":\"PropertyValueSpecification\",\"valueRequired\":true,\"valueName\":\"search_term_string\"}}],\"inLanguage\":\"pt-BR\"},{\"@type\":\"Organization\",\"@id\":\"https:\/\/id126ufba.com.br\/memoria\/#organization\",\"name\":\"Impressao Digital 126\",\"url\":\"https:\/\/id126ufba.com.br\/memoria\/\",\"logo\":{\"@type\":\"ImageObject\",\"inLanguage\":\"pt-BR\",\"@id\":\"https:\/\/id126ufba.com.br\/memoria\/#\/schema\/logo\/image\/\",\"url\":\"https:\/\/id126ufba.com.br\/memoria\/wp-content\/uploads\/2024\/07\/cropped-logo_memoria-1.png\",\"contentUrl\":\"https:\/\/id126ufba.com.br\/memoria\/wp-content\/uploads\/2024\/07\/cropped-logo_memoria-1.png\",\"width\":500,\"height\":100,\"caption\":\"Impressao Digital 126\"},\"image\":{\"@id\":\"https:\/\/id126ufba.com.br\/memoria\/#\/schema\/logo\/image\/\"}},{\"@type\":\"Person\",\"@id\":\"https:\/\/id126ufba.com.br\/memoria\/#\/schema\/person\/4f42ebfe385625f80efb1e423b1971ee\",\"name\":\"Editor\",\"image\":{\"@type\":\"ImageObject\",\"inLanguage\":\"pt-BR\",\"@id\":\"https:\/\/id126ufba.com.br\/memoria\/#\/schema\/person\/image\/\",\"url\":\"https:\/\/secure.gravatar.com\/avatar\/1d69d145a93605cda3e299a3b9c25751?s=96&d=mm&r=g\",\"contentUrl\":\"https:\/\/secure.gravatar.com\/avatar\/1d69d145a93605cda3e299a3b9c25751?s=96&d=mm&r=g\",\"caption\":\"Editor\"},\"url\":\"https:\/\/id126ufba.com.br\/memoria\/author\/editor\/\"}]}<\/script>\n<!-- \/ Yoast SEO plugin. -->","yoast_head_json":{"title":"Transporte gratuito exclusivo para pessoas com defici\u00eancia e mobilidade reduzida em Salvador tramita na C\u00e2mara - Impressao Digital 126","description":"%","robots":{"index":"index","follow":"follow","max-snippet":"max-snippet:-1","max-image-preview":"max-image-preview:large","max-video-preview":"max-video-preview:-1"},"canonical":"https:\/\/id126ufba.com.br\/memoria\/transporte-gratuito-para-pcds-salvador\/","og_locale":"pt_BR","og_type":"article","og_title":"Transporte gratuito exclusivo para pessoas com defici\u00eancia e mobilidade reduzida em Salvador tramita na C\u00e2mara - Impressao Digital 126","og_description":"%","og_url":"https:\/\/id126ufba.com.br\/memoria\/transporte-gratuito-para-pcds-salvador\/","og_site_name":"Impressao Digital 126","article_published_time":"2023-10-04T13:56:46+00:00","article_modified_time":"2023-10-18T14:17:04+00:00","og_image":[{"width":997,"height":596,"url":"https:\/\/id126ufba.com.br\/memoria\/wp-content\/uploads\/2023\/10\/onibus-integra.webp","type":"image\/webp"}],"author":"Editor","twitter_card":"summary_large_image","twitter_misc":{"Escrito por":"Editor","Est. tempo de leitura":"5 minutos"},"schema":{"@context":"https:\/\/schema.org","@graph":[{"@type":"Article","@id":"https:\/\/id126ufba.com.br\/memoria\/transporte-gratuito-para-pcds-salvador\/#article","isPartOf":{"@id":"https:\/\/id126ufba.com.br\/memoria\/transporte-gratuito-para-pcds-salvador\/"},"author":{"name":"Editor","@id":"https:\/\/id126ufba.com.br\/memoria\/#\/schema\/person\/4f42ebfe385625f80efb1e423b1971ee"},"headline":"Transporte gratuito exclusivo para pessoas com defici\u00eancia e mobilidade reduzida em Salvador tramita na C\u00e2mara","datePublished":"2023-10-04T13:56:46+00:00","dateModified":"2023-10-18T14:17:04+00:00","mainEntityOfPage":{"@id":"https:\/\/id126ufba.com.br\/memoria\/transporte-gratuito-para-pcds-salvador\/"},"wordCount":876,"commentCount":0,"publisher":{"@id":"https:\/\/id126ufba.com.br\/memoria\/#organization"},"image":{"@id":"https:\/\/id126ufba.com.br\/memoria\/transporte-gratuito-para-pcds-salvador\/#primaryimage"},"thumbnailUrl":"https:\/\/id126ufba.com.br\/memoria\/wp-content\/uploads\/2023\/10\/onibus-integra.webp","articleSection":["Cotidiano"],"inLanguage":"pt-BR","potentialAction":[{"@type":"CommentAction","name":"Comment","target":["https:\/\/id126ufba.com.br\/memoria\/transporte-gratuito-para-pcds-salvador\/#respond"]}]},{"@type":"WebPage","@id":"https:\/\/id126ufba.com.br\/memoria\/transporte-gratuito-para-pcds-salvador\/","url":"https:\/\/id126ufba.com.br\/memoria\/transporte-gratuito-para-pcds-salvador\/","name":"Transporte gratuito exclusivo para pessoas com defici\u00eancia e mobilidade reduzida em Salvador tramita na C\u00e2mara - Impressao Digital 126","isPartOf":{"@id":"https:\/\/id126ufba.com.br\/memoria\/#website"},"primaryImageOfPage":{"@id":"https:\/\/id126ufba.com.br\/memoria\/transporte-gratuito-para-pcds-salvador\/#primaryimage"},"image":{"@id":"https:\/\/id126ufba.com.br\/memoria\/transporte-gratuito-para-pcds-salvador\/#primaryimage"},"thumbnailUrl":"https:\/\/id126ufba.com.br\/memoria\/wp-content\/uploads\/2023\/10\/onibus-integra.webp","datePublished":"2023-10-04T13:56:46+00:00","dateModified":"2023-10-18T14:17:04+00:00","description":"%","breadcrumb":{"@id":"https:\/\/id126ufba.com.br\/memoria\/transporte-gratuito-para-pcds-salvador\/#breadcrumb"},"inLanguage":"pt-BR","potentialAction":[{"@type":"ReadAction","target":["https:\/\/id126ufba.com.br\/memoria\/transporte-gratuito-para-pcds-salvador\/"]}]},{"@type":"ImageObject","inLanguage":"pt-BR","@id":"https:\/\/id126ufba.com.br\/memoria\/transporte-gratuito-para-pcds-salvador\/#primaryimage","url":"https:\/\/id126ufba.com.br\/memoria\/wp-content\/uploads\/2023\/10\/onibus-integra.webp","contentUrl":"https:\/\/id126ufba.com.br\/memoria\/wp-content\/uploads\/2023\/10\/onibus-integra.webp","width":997,"height":596},{"@type":"BreadcrumbList","@id":"https:\/\/id126ufba.com.br\/memoria\/transporte-gratuito-para-pcds-salvador\/#breadcrumb","itemListElement":[{"@type":"ListItem","position":1,"name":"In\u00edcio","item":"https:\/\/id126ufba.com.br\/memoria\/"},{"@type":"ListItem","position":2,"name":"Transporte gratuito exclusivo para pessoas com defici\u00eancia e mobilidade reduzida em Salvador tramita na C\u00e2mara"}]},{"@type":"WebSite","@id":"https:\/\/id126ufba.com.br\/memoria\/#website","url":"https:\/\/id126ufba.com.br\/memoria\/","name":"Impressao Digital 126","description":"","publisher":{"@id":"https:\/\/id126ufba.com.br\/memoria\/#organization"},"potentialAction":[{"@type":"SearchAction","target":{"@type":"EntryPoint","urlTemplate":"https:\/\/id126ufba.com.br\/memoria\/?s={search_term_string}"},"query-input":{"@type":"PropertyValueSpecification","valueRequired":true,"valueName":"search_term_string"}}],"inLanguage":"pt-BR"},{"@type":"Organization","@id":"https:\/\/id126ufba.com.br\/memoria\/#organization","name":"Impressao Digital 126","url":"https:\/\/id126ufba.com.br\/memoria\/","logo":{"@type":"ImageObject","inLanguage":"pt-BR","@id":"https:\/\/id126ufba.com.br\/memoria\/#\/schema\/logo\/image\/","url":"https:\/\/id126ufba.com.br\/memoria\/wp-content\/uploads\/2024\/07\/cropped-logo_memoria-1.png","contentUrl":"https:\/\/id126ufba.com.br\/memoria\/wp-content\/uploads\/2024\/07\/cropped-logo_memoria-1.png","width":500,"height":100,"caption":"Impressao Digital 126"},"image":{"@id":"https:\/\/id126ufba.com.br\/memoria\/#\/schema\/logo\/image\/"}},{"@type":"Person","@id":"https:\/\/id126ufba.com.br\/memoria\/#\/schema\/person\/4f42ebfe385625f80efb1e423b1971ee","name":"Editor","image":{"@type":"ImageObject","inLanguage":"pt-BR","@id":"https:\/\/id126ufba.com.br\/memoria\/#\/schema\/person\/image\/","url":"https:\/\/secure.gravatar.com\/avatar\/1d69d145a93605cda3e299a3b9c25751?s=96&d=mm&r=g","contentUrl":"https:\/\/secure.gravatar.com\/avatar\/1d69d145a93605cda3e299a3b9c25751?s=96&d=mm&r=g","caption":"Editor"},"url":"https:\/\/id126ufba.com.br\/memoria\/author\/editor\/"}]}},"_links":{"self":[{"href":"https:\/\/id126ufba.com.br\/memoria\/wp-json\/wp\/v2\/posts\/40518"}],"collection":[{"href":"https:\/\/id126ufba.com.br\/memoria\/wp-json\/wp\/v2\/posts"}],"about":[{"href":"https:\/\/id126ufba.com.br\/memoria\/wp-json\/wp\/v2\/types\/post"}],"author":[{"embeddable":true,"href":"https:\/\/id126ufba.com.br\/memoria\/wp-json\/wp\/v2\/users\/2"}],"replies":[{"embeddable":true,"href":"https:\/\/id126ufba.com.br\/memoria\/wp-json\/wp\/v2\/comments?post=40518"}],"version-history":[{"count":29,"href":"https:\/\/id126ufba.com.br\/memoria\/wp-json\/wp\/v2\/posts\/40518\/revisions"}],"predecessor-version":[{"id":40861,"href":"https:\/\/id126ufba.com.br\/memoria\/wp-json\/wp\/v2\/posts\/40518\/revisions\/40861"}],"wp:featuredmedia":[{"embeddable":true,"href":"https:\/\/id126ufba.com.br\/memoria\/wp-json\/wp\/v2\/media\/40872"}],"wp:attachment":[{"href":"https:\/\/id126ufba.com.br\/memoria\/wp-json\/wp\/v2\/media?parent=40518"}],"wp:term":[{"taxonomy":"category","embeddable":true,"href":"https:\/\/id126ufba.com.br\/memoria\/wp-json\/wp\/v2\/categories?post=40518"},{"taxonomy":"post_tag","embeddable":true,"href":"https:\/\/id126ufba.com.br\/memoria\/wp-json\/wp\/v2\/tags?post=40518"}],"curies":[{"name":"wp","href":"https:\/\/api.w.org\/{rel}","templated":true}]}}