{"id":40520,"date":"2023-10-04T10:28:57","date_gmt":"2023-10-04T13:28:57","guid":{"rendered":"https:\/\/id126ufba.com.br\/?p=40520"},"modified":"2023-12-06T09:24:29","modified_gmt":"2023-12-06T12:24:29","slug":"upas-pet-salvador","status":"publish","type":"post","link":"https:\/\/id126ufba.com.br\/memoria\/upas-pet-salvador\/","title":{"rendered":"Cria\u00e7\u00e3o de UPAs PET est\u00e1 em an\u00e1lise na C\u00e2mara de Salvador"},"content":{"rendered":"\n<p><em>Projeto de Lei prop\u00f5e atendimentos gratuitos de emerg\u00eancia para c\u00e3es e gatos. Hospital P\u00fablico Veterin\u00e1rio deve ser inaugurado ainda este ano.<\/em><\/p>\n\n\n\n<p>Na capital baiana, muitas fam\u00edlias presenciam o sofrimento de seus animais que necessitam de um acompanhamento m\u00e9dico, mas n\u00e3o possuem condi\u00e7\u00f5es financeiras para propiciar um tratamento que cure ou minimize a doen\u00e7a. Est\u00e1 em an\u00e1lise na C\u00e2mara de Salvador um <a href=\"http:\/\/177.136.123.157\/leg\/salvador\/LEG_SYS_acompanhamento_proposicoes_tramitacao\/index.php?nmgp_opcao=pdf&amp;nmgp_tipo_pdf=cor&amp;sc_create_charts=&amp;chart_level=&amp;page_break_pdf=_NO_&amp;SC_module_export=grid&amp;use_pass_pdf=__APL__&amp;pdf_all_cab=N&amp;pdf_all_label=N&amp;pdf_label_group=S&amp;pdf_zip=N&amp;script_case_init=3029\">Projeto de Lei (PL) que prop\u00f5e a cria\u00e7\u00e3o do servi\u00e7o de Unidades de Pronto Atendimento Veterin\u00e1rio (UPA PET) em Prefeituras-bairro<\/a>. O PL j\u00e1 passou por an\u00e1lises preliminares e aguarda manifesta\u00e7\u00e3o da Comiss\u00e3o de Constitui\u00e7\u00e3o e Justi\u00e7a, e pelas comiss\u00f5es permanentes. Se aprovado, segue para vota\u00e7\u00e3o em 1\u00ba turno em Plen\u00e1rio.<\/p>\n\n\n\n<p>A proposta \u00e9 trazer no m\u00ednimo uma unidade de atendimento gratuita para c\u00e3es e gatos por Prefeitura-bairro. O local deve implantar uma Farm\u00e1cia Popular Veterin\u00e1ria para fornecimento de rem\u00e9dios no tratamento de animais de propriedade de pessoas de baixa renda, protetores de animais, e Organiza\u00e7\u00f5es N\u00e3o Governamentais.<\/p>\n\n\n\n<p><a href=\"https:\/\/www.cms.ba.gov.br\/vereadores\/augusto-vasconcelos\">O vereador Augusto Vasconcelos (PCdoB)<\/a>, que protocolou o projeto, afirma que a proposta surgiu devido ao descontrole populacional dos animais de rua em Salvador. \u201cA cada dia, s\u00e3o crescentes os abandonos. As ONGs e protetores independentes est\u00e3o lotados e n\u00e3o possuem qualquer ajuda financeira do poder p\u00fablico, sendo que prestam servi\u00e7o \u00e0 popula\u00e7\u00e3o resgatando esses animais das ruas\u201d, defende.&nbsp;<\/p>\n\n\n\n<p>A expectativa do legislador \u00e9 que o projeto seja aprovado ainda este ano, por\u00e9m, ele aponta para resist\u00eancia dos parlamentares da oposi\u00e7\u00e3o. \u201cMesmo que de mat\u00e9rias relevantes para a sociedade, [a aceita\u00e7\u00e3o] \u00e9 sempre dif\u00edcil. Espero que seja levado em considera\u00e7\u00e3o, a pol\u00edtica de sa\u00fade p\u00fablica e defesa s\u00f3cio-ambiental\u201d, diz.&nbsp;<\/p>\n\n\n\n<p><strong>Prefeitura oferece servi\u00e7os veterin\u00e1rios<\/strong><\/p>\n\n\n\n<p>Atualmente,<a href=\"https:\/\/www.instagram.com\/upaanimal\/\"> Salvador conta com tr\u00eas UPAs veterin\u00e1rias, elas est\u00e3o em Mussurunga, Bonfim e Brotas<\/a>. As unidades oferecem exames, cirurgias e internamentos, no entanto, n\u00e3o s\u00e3o gratuitas, s\u00e3o cl\u00ednicas populares com pre\u00e7os mais baixos para atender a todos os tipos de p\u00fablicos.&nbsp;<\/p>\n\n\n\n<p>Nesses locais, a consulta com cl\u00ednico geral custa R$ 50, valor abaixo do mercado, onde a m\u00e9dia \u00e9 R$ 100. O funcionamento \u00e9 de segunda a sexta de 08 \u00e0s 18h e aos s\u00e1bados de 08 \u00e0s 15h, por ordem de chegada.<\/p>\n\n\n\n<p>A secret\u00e1ria municipal de Sustentabilidade, Inova\u00e7\u00e3o e Resili\u00eancia (SECIS), Marcelle Moraes, lembra que \u00e9 o mandato que possui a parceria com essas cl\u00ednicas, e n\u00e3o a prefeitura, mas que espera uma amplia\u00e7\u00e3o desses servi\u00e7os, pois t\u00eam ajudado muitos tutores.&nbsp;<\/p>\n\n\n<div class=\"wp-block-image\">\n<figure class=\"aligncenter size-full is-resized\"><img loading=\"lazy\" decoding=\"async\" src=\"https:\/\/id126ufba.com.br\/wp-content\/uploads\/2023\/10\/hospital-veterinario.webp\" alt=\"Imagem da  constru\u00e7\u00e3o do pr\u00e9dio do Hospital Veterin\u00e1rio de Salvador\" class=\"wp-image-40532\" width=\"624\" height=\"416\" srcset=\"https:\/\/id126ufba.com.br\/memoria\/wp-content\/uploads\/2023\/10\/hospital-veterinario.webp 900w, https:\/\/id126ufba.com.br\/memoria\/wp-content\/uploads\/2023\/10\/hospital-veterinario-300x200.webp 300w, https:\/\/id126ufba.com.br\/memoria\/wp-content\/uploads\/2023\/10\/hospital-veterinario-768x512.webp 768w\" sizes=\"(max-width: 624px) 100vw, 624px\" \/><figcaption>Hospital veterin\u00e1rio de Salvador deve inaugurar ainda em 2023 Foto: Igor Santos \/ Secom<\/figcaption><\/figure><\/div>\n\n\n<p>\u201cNosso projeto da prefeitura \u00e9 o Hospital P\u00fablico Veterin\u00e1rio, que ser\u00e1 100% gratuito e contar\u00e1 com cirurgias gerais, oft\u00e1lmicas, ortop\u00e9dicas, cl\u00ednico geral e internamento. Teremos uma estrutura bem completa. J\u00e1 estamos finalizando as obras e o prazo de entrega \u00e9 para ainda este ano\u201d, afirma Marcelle.&nbsp;<\/p>\n\n\n<div class=\"wp-block-image\">\n<figure class=\"aligncenter size-full is-resized\"><img loading=\"lazy\" decoding=\"async\" src=\"https:\/\/id126ufba.com.br\/wp-content\/uploads\/2023\/10\/04_09_2023_Castramovel-Prefeitura-Suburbio-Ilhas_Fot-Bruno-Concha_Secom_Pms-4-1024x667-1.jpg\" alt=\"Tutores aguardam atendimento para pets no Castram\u00f3vel\" class=\"wp-image-40531\" width=\"625\" height=\"407\" srcset=\"https:\/\/id126ufba.com.br\/memoria\/wp-content\/uploads\/2023\/10\/04_09_2023_Castramovel-Prefeitura-Suburbio-Ilhas_Fot-Bruno-Concha_Secom_Pms-4-1024x667-1.jpg 1024w, https:\/\/id126ufba.com.br\/memoria\/wp-content\/uploads\/2023\/10\/04_09_2023_Castramovel-Prefeitura-Suburbio-Ilhas_Fot-Bruno-Concha_Secom_Pms-4-1024x667-1-300x195.jpg 300w, https:\/\/id126ufba.com.br\/memoria\/wp-content\/uploads\/2023\/10\/04_09_2023_Castramovel-Prefeitura-Suburbio-Ilhas_Fot-Bruno-Concha_Secom_Pms-4-1024x667-1-768x500.jpg 768w\" sizes=\"(max-width: 625px) 100vw, 625px\" \/><figcaption>Atendimento no Castram\u00f3vel acontece por ordem de chegada Foto: Bruno Concha \/ Secom<\/figcaption><\/figure><\/div>\n\n\n<p>Por enquanto, a <a href=\"https:\/\/comunicacao.salvador.ba.gov.br\/?s=castram%C3%B3vel+\">Prefeitura oferece, de maneira gratuita, o servi\u00e7o de castra\u00e7\u00e3o de c\u00e3es e gatos, atrav\u00e9s do castram\u00f3vel<\/a>, em que os atendimentos s\u00e3o realizados no posto em forma de cont\u00eainer, em um \u00f4nibus adaptado, atrav\u00e9s de duas cl\u00ednicas conveniadas, percorrendo os bairros da cidade. De acordo com a Dipa, no per\u00edodo de janeiro a 30 de junho deste ano, mais de 10.095 c\u00e3es e gatos passaram pela cirurgia nas unidades do Castram\u00f3vel.<\/p>\n","protected":false},"excerpt":{"rendered":"<p>C\u00e2mara de Salvador analisa Projeto de Lei que prop\u00f5e a cria\u00e7\u00e3o do servi\u00e7o de Unidades de Pronto Atendimento Veterin\u00e1rio (UPA PET) em Prefeituras-bairro.<\/p>\n","protected":false},"author":2,"featured_media":40528,"comment_status":"open","ping_status":"open","sticky":false,"template":"","format":"standard","meta":{"_acf_changed":false,"_monsterinsights_skip_tracking":false,"_monsterinsights_sitenote_active":false,"_monsterinsights_sitenote_note":"","_monsterinsights_sitenote_category":0,"footnotes":""},"categories":[3059],"tags":[],"acf":[],"aioseo_notices":[],"yoast_head":"<!-- This site is optimized with the Yoast SEO plugin v24.5 - https:\/\/yoast.com\/wordpress\/plugins\/seo\/ -->\n<title>Cria\u00e7\u00e3o de UPAs PET est\u00e1 em an\u00e1lise na C\u00e2mara de Salvador - Impressao Digital 126<\/title>\n<meta name=\"robots\" content=\"index, follow, max-snippet:-1, max-image-preview:large, max-video-preview:-1\" \/>\n<link rel=\"canonical\" href=\"https:\/\/id126ufba.com.br\/memoria\/upas-pet-salvador\/\" \/>\n<meta property=\"og:locale\" content=\"pt_BR\" \/>\n<meta property=\"og:type\" content=\"article\" \/>\n<meta property=\"og:title\" content=\"Cria\u00e7\u00e3o de UPAs PET est\u00e1 em an\u00e1lise na C\u00e2mara de Salvador - Impressao Digital 126\" \/>\n<meta property=\"og:description\" content=\"C\u00e2mara de Salvador analisa Projeto de Lei que prop\u00f5e a cria\u00e7\u00e3o do servi\u00e7o de Unidades de Pronto Atendimento Veterin\u00e1rio (UPA PET) em Prefeituras-bairro.\" \/>\n<meta property=\"og:url\" content=\"https:\/\/id126ufba.com.br\/memoria\/upas-pet-salvador\/\" \/>\n<meta property=\"og:site_name\" content=\"Impressao Digital 126\" \/>\n<meta property=\"article:published_time\" content=\"2023-10-04T13:28:57+00:00\" \/>\n<meta property=\"article:modified_time\" content=\"2023-12-06T12:24:29+00:00\" \/>\n<meta property=\"og:image\" content=\"https:\/\/id126ufba.com.br\/memoria\/wp-content\/uploads\/2023\/10\/af4g7-renr8.jpg\" \/>\n\t<meta property=\"og:image:width\" content=\"740\" \/>\n\t<meta property=\"og:image:height\" content=\"493\" \/>\n\t<meta property=\"og:image:type\" content=\"image\/jpeg\" \/>\n<meta name=\"author\" content=\"Editor\" \/>\n<meta name=\"twitter:card\" content=\"summary_large_image\" \/>\n<meta name=\"twitter:label1\" content=\"Escrito por\" \/>\n\t<meta name=\"twitter:data1\" content=\"Editor\" \/>\n<script type=\"application\/ld+json\" class=\"yoast-schema-graph\">{\"@context\":\"https:\/\/schema.org\",\"@graph\":[{\"@type\":\"Article\",\"@id\":\"https:\/\/id126ufba.com.br\/memoria\/upas-pet-salvador\/#article\",\"isPartOf\":{\"@id\":\"https:\/\/id126ufba.com.br\/memoria\/upas-pet-salvador\/\"},\"author\":{\"name\":\"Editor\",\"@id\":\"https:\/\/id126ufba.com.br\/memoria\/#\/schema\/person\/4f42ebfe385625f80efb1e423b1971ee\"},\"headline\":\"Cria\u00e7\u00e3o de UPAs PET est\u00e1 em an\u00e1lise na C\u00e2mara de Salvador\",\"datePublished\":\"2023-10-04T13:28:57+00:00\",\"dateModified\":\"2023-12-06T12:24:29+00:00\",\"mainEntityOfPage\":{\"@id\":\"https:\/\/id126ufba.com.br\/memoria\/upas-pet-salvador\/\"},\"wordCount\":627,\"commentCount\":0,\"publisher\":{\"@id\":\"https:\/\/id126ufba.com.br\/memoria\/#organization\"},\"image\":{\"@id\":\"https:\/\/id126ufba.com.br\/memoria\/upas-pet-salvador\/#primaryimage\"},\"thumbnailUrl\":\"https:\/\/id126ufba.com.br\/memoria\/wp-content\/uploads\/2023\/10\/af4g7-renr8.jpg\",\"articleSection\":[\"Especial C\u00e2mara de Vereadores\"],\"inLanguage\":\"pt-BR\",\"potentialAction\":[{\"@type\":\"CommentAction\",\"name\":\"Comment\",\"target\":[\"https:\/\/id126ufba.com.br\/memoria\/upas-pet-salvador\/#respond\"]}]},{\"@type\":\"WebPage\",\"@id\":\"https:\/\/id126ufba.com.br\/memoria\/upas-pet-salvador\/\",\"url\":\"https:\/\/id126ufba.com.br\/memoria\/upas-pet-salvador\/\",\"name\":\"Cria\u00e7\u00e3o de UPAs PET est\u00e1 em an\u00e1lise na C\u00e2mara de Salvador - Impressao Digital 126\",\"isPartOf\":{\"@id\":\"https:\/\/id126ufba.com.br\/memoria\/#website\"},\"primaryImageOfPage\":{\"@id\":\"https:\/\/id126ufba.com.br\/memoria\/upas-pet-salvador\/#primaryimage\"},\"image\":{\"@id\":\"https:\/\/id126ufba.com.br\/memoria\/upas-pet-salvador\/#primaryimage\"},\"thumbnailUrl\":\"https:\/\/id126ufba.com.br\/memoria\/wp-content\/uploads\/2023\/10\/af4g7-renr8.jpg\",\"datePublished\":\"2023-10-04T13:28:57+00:00\",\"dateModified\":\"2023-12-06T12:24:29+00:00\",\"breadcrumb\":{\"@id\":\"https:\/\/id126ufba.com.br\/memoria\/upas-pet-salvador\/#breadcrumb\"},\"inLanguage\":\"pt-BR\",\"potentialAction\":[{\"@type\":\"ReadAction\",\"target\":[\"https:\/\/id126ufba.com.br\/memoria\/upas-pet-salvador\/\"]}]},{\"@type\":\"ImageObject\",\"inLanguage\":\"pt-BR\",\"@id\":\"https:\/\/id126ufba.com.br\/memoria\/upas-pet-salvador\/#primaryimage\",\"url\":\"https:\/\/id126ufba.com.br\/memoria\/wp-content\/uploads\/2023\/10\/af4g7-renr8.jpg\",\"contentUrl\":\"https:\/\/id126ufba.com.br\/memoria\/wp-content\/uploads\/2023\/10\/af4g7-renr8.jpg\",\"width\":740,\"height\":493,\"caption\":\"Projeto de Lei prop\u00f5e cria\u00e7\u00e3o de UPA PET em Salvador\"},{\"@type\":\"BreadcrumbList\",\"@id\":\"https:\/\/id126ufba.com.br\/memoria\/upas-pet-salvador\/#breadcrumb\",\"itemListElement\":[{\"@type\":\"ListItem\",\"position\":1,\"name\":\"In\u00edcio\",\"item\":\"https:\/\/id126ufba.com.br\/memoria\/\"},{\"@type\":\"ListItem\",\"position\":2,\"name\":\"Cria\u00e7\u00e3o de UPAs PET est\u00e1 em an\u00e1lise na C\u00e2mara de Salvador\"}]},{\"@type\":\"WebSite\",\"@id\":\"https:\/\/id126ufba.com.br\/memoria\/#website\",\"url\":\"https:\/\/id126ufba.com.br\/memoria\/\",\"name\":\"Impressao Digital 126\",\"description\":\"\",\"publisher\":{\"@id\":\"https:\/\/id126ufba.com.br\/memoria\/#organization\"},\"potentialAction\":[{\"@type\":\"SearchAction\",\"target\":{\"@type\":\"EntryPoint\",\"urlTemplate\":\"https:\/\/id126ufba.com.br\/memoria\/?s={search_term_string}\"},\"query-input\":{\"@type\":\"PropertyValueSpecification\",\"valueRequired\":true,\"valueName\":\"search_term_string\"}}],\"inLanguage\":\"pt-BR\"},{\"@type\":\"Organization\",\"@id\":\"https:\/\/id126ufba.com.br\/memoria\/#organization\",\"name\":\"Impressao Digital 126\",\"url\":\"https:\/\/id126ufba.com.br\/memoria\/\",\"logo\":{\"@type\":\"ImageObject\",\"inLanguage\":\"pt-BR\",\"@id\":\"https:\/\/id126ufba.com.br\/memoria\/#\/schema\/logo\/image\/\",\"url\":\"https:\/\/id126ufba.com.br\/memoria\/wp-content\/uploads\/2024\/07\/cropped-logo_memoria-1.png\",\"contentUrl\":\"https:\/\/id126ufba.com.br\/memoria\/wp-content\/uploads\/2024\/07\/cropped-logo_memoria-1.png\",\"width\":500,\"height\":100,\"caption\":\"Impressao Digital 126\"},\"image\":{\"@id\":\"https:\/\/id126ufba.com.br\/memoria\/#\/schema\/logo\/image\/\"}},{\"@type\":\"Person\",\"@id\":\"https:\/\/id126ufba.com.br\/memoria\/#\/schema\/person\/4f42ebfe385625f80efb1e423b1971ee\",\"name\":\"Editor\",\"image\":{\"@type\":\"ImageObject\",\"inLanguage\":\"pt-BR\",\"@id\":\"https:\/\/id126ufba.com.br\/memoria\/#\/schema\/person\/image\/\",\"url\":\"https:\/\/secure.gravatar.com\/avatar\/1d69d145a93605cda3e299a3b9c25751?s=96&d=mm&r=g\",\"contentUrl\":\"https:\/\/secure.gravatar.com\/avatar\/1d69d145a93605cda3e299a3b9c25751?s=96&d=mm&r=g\",\"caption\":\"Editor\"},\"url\":\"https:\/\/id126ufba.com.br\/memoria\/author\/editor\/\"}]}<\/script>\n<!-- \/ Yoast SEO plugin. -->","yoast_head_json":{"title":"Cria\u00e7\u00e3o de UPAs PET est\u00e1 em an\u00e1lise na C\u00e2mara de Salvador - Impressao Digital 126","robots":{"index":"index","follow":"follow","max-snippet":"max-snippet:-1","max-image-preview":"max-image-preview:large","max-video-preview":"max-video-preview:-1"},"canonical":"https:\/\/id126ufba.com.br\/memoria\/upas-pet-salvador\/","og_locale":"pt_BR","og_type":"article","og_title":"Cria\u00e7\u00e3o de UPAs PET est\u00e1 em an\u00e1lise na C\u00e2mara de Salvador - Impressao Digital 126","og_description":"C\u00e2mara de Salvador analisa Projeto de Lei que prop\u00f5e a cria\u00e7\u00e3o do servi\u00e7o de Unidades de Pronto Atendimento Veterin\u00e1rio (UPA PET) em Prefeituras-bairro.","og_url":"https:\/\/id126ufba.com.br\/memoria\/upas-pet-salvador\/","og_site_name":"Impressao Digital 126","article_published_time":"2023-10-04T13:28:57+00:00","article_modified_time":"2023-12-06T12:24:29+00:00","og_image":[{"width":740,"height":493,"url":"https:\/\/id126ufba.com.br\/memoria\/wp-content\/uploads\/2023\/10\/af4g7-renr8.jpg","type":"image\/jpeg"}],"author":"Editor","twitter_card":"summary_large_image","twitter_misc":{"Escrito por":"Editor"},"schema":{"@context":"https:\/\/schema.org","@graph":[{"@type":"Article","@id":"https:\/\/id126ufba.com.br\/memoria\/upas-pet-salvador\/#article","isPartOf":{"@id":"https:\/\/id126ufba.com.br\/memoria\/upas-pet-salvador\/"},"author":{"name":"Editor","@id":"https:\/\/id126ufba.com.br\/memoria\/#\/schema\/person\/4f42ebfe385625f80efb1e423b1971ee"},"headline":"Cria\u00e7\u00e3o de UPAs PET est\u00e1 em an\u00e1lise na C\u00e2mara de Salvador","datePublished":"2023-10-04T13:28:57+00:00","dateModified":"2023-12-06T12:24:29+00:00","mainEntityOfPage":{"@id":"https:\/\/id126ufba.com.br\/memoria\/upas-pet-salvador\/"},"wordCount":627,"commentCount":0,"publisher":{"@id":"https:\/\/id126ufba.com.br\/memoria\/#organization"},"image":{"@id":"https:\/\/id126ufba.com.br\/memoria\/upas-pet-salvador\/#primaryimage"},"thumbnailUrl":"https:\/\/id126ufba.com.br\/memoria\/wp-content\/uploads\/2023\/10\/af4g7-renr8.jpg","articleSection":["Especial C\u00e2mara de Vereadores"],"inLanguage":"pt-BR","potentialAction":[{"@type":"CommentAction","name":"Comment","target":["https:\/\/id126ufba.com.br\/memoria\/upas-pet-salvador\/#respond"]}]},{"@type":"WebPage","@id":"https:\/\/id126ufba.com.br\/memoria\/upas-pet-salvador\/","url":"https:\/\/id126ufba.com.br\/memoria\/upas-pet-salvador\/","name":"Cria\u00e7\u00e3o de UPAs PET est\u00e1 em an\u00e1lise na C\u00e2mara de Salvador - Impressao Digital 126","isPartOf":{"@id":"https:\/\/id126ufba.com.br\/memoria\/#website"},"primaryImageOfPage":{"@id":"https:\/\/id126ufba.com.br\/memoria\/upas-pet-salvador\/#primaryimage"},"image":{"@id":"https:\/\/id126ufba.com.br\/memoria\/upas-pet-salvador\/#primaryimage"},"thumbnailUrl":"https:\/\/id126ufba.com.br\/memoria\/wp-content\/uploads\/2023\/10\/af4g7-renr8.jpg","datePublished":"2023-10-04T13:28:57+00:00","dateModified":"2023-12-06T12:24:29+00:00","breadcrumb":{"@id":"https:\/\/id126ufba.com.br\/memoria\/upas-pet-salvador\/#breadcrumb"},"inLanguage":"pt-BR","potentialAction":[{"@type":"ReadAction","target":["https:\/\/id126ufba.com.br\/memoria\/upas-pet-salvador\/"]}]},{"@type":"ImageObject","inLanguage":"pt-BR","@id":"https:\/\/id126ufba.com.br\/memoria\/upas-pet-salvador\/#primaryimage","url":"https:\/\/id126ufba.com.br\/memoria\/wp-content\/uploads\/2023\/10\/af4g7-renr8.jpg","contentUrl":"https:\/\/id126ufba.com.br\/memoria\/wp-content\/uploads\/2023\/10\/af4g7-renr8.jpg","width":740,"height":493,"caption":"Projeto de Lei prop\u00f5e cria\u00e7\u00e3o de UPA PET em Salvador"},{"@type":"BreadcrumbList","@id":"https:\/\/id126ufba.com.br\/memoria\/upas-pet-salvador\/#breadcrumb","itemListElement":[{"@type":"ListItem","position":1,"name":"In\u00edcio","item":"https:\/\/id126ufba.com.br\/memoria\/"},{"@type":"ListItem","position":2,"name":"Cria\u00e7\u00e3o de UPAs PET est\u00e1 em an\u00e1lise na C\u00e2mara de Salvador"}]},{"@type":"WebSite","@id":"https:\/\/id126ufba.com.br\/memoria\/#website","url":"https:\/\/id126ufba.com.br\/memoria\/","name":"Impressao Digital 126","description":"","publisher":{"@id":"https:\/\/id126ufba.com.br\/memoria\/#organization"},"potentialAction":[{"@type":"SearchAction","target":{"@type":"EntryPoint","urlTemplate":"https:\/\/id126ufba.com.br\/memoria\/?s={search_term_string}"},"query-input":{"@type":"PropertyValueSpecification","valueRequired":true,"valueName":"search_term_string"}}],"inLanguage":"pt-BR"},{"@type":"Organization","@id":"https:\/\/id126ufba.com.br\/memoria\/#organization","name":"Impressao Digital 126","url":"https:\/\/id126ufba.com.br\/memoria\/","logo":{"@type":"ImageObject","inLanguage":"pt-BR","@id":"https:\/\/id126ufba.com.br\/memoria\/#\/schema\/logo\/image\/","url":"https:\/\/id126ufba.com.br\/memoria\/wp-content\/uploads\/2024\/07\/cropped-logo_memoria-1.png","contentUrl":"https:\/\/id126ufba.com.br\/memoria\/wp-content\/uploads\/2024\/07\/cropped-logo_memoria-1.png","width":500,"height":100,"caption":"Impressao Digital 126"},"image":{"@id":"https:\/\/id126ufba.com.br\/memoria\/#\/schema\/logo\/image\/"}},{"@type":"Person","@id":"https:\/\/id126ufba.com.br\/memoria\/#\/schema\/person\/4f42ebfe385625f80efb1e423b1971ee","name":"Editor","image":{"@type":"ImageObject","inLanguage":"pt-BR","@id":"https:\/\/id126ufba.com.br\/memoria\/#\/schema\/person\/image\/","url":"https:\/\/secure.gravatar.com\/avatar\/1d69d145a93605cda3e299a3b9c25751?s=96&d=mm&r=g","contentUrl":"https:\/\/secure.gravatar.com\/avatar\/1d69d145a93605cda3e299a3b9c25751?s=96&d=mm&r=g","caption":"Editor"},"url":"https:\/\/id126ufba.com.br\/memoria\/author\/editor\/"}]}},"_links":{"self":[{"href":"https:\/\/id126ufba.com.br\/memoria\/wp-json\/wp\/v2\/posts\/40520"}],"collection":[{"href":"https:\/\/id126ufba.com.br\/memoria\/wp-json\/wp\/v2\/posts"}],"about":[{"href":"https:\/\/id126ufba.com.br\/memoria\/wp-json\/wp\/v2\/types\/post"}],"author":[{"embeddable":true,"href":"https:\/\/id126ufba.com.br\/memoria\/wp-json\/wp\/v2\/users\/2"}],"replies":[{"embeddable":true,"href":"https:\/\/id126ufba.com.br\/memoria\/wp-json\/wp\/v2\/comments?post=40520"}],"version-history":[{"count":14,"href":"https:\/\/id126ufba.com.br\/memoria\/wp-json\/wp\/v2\/posts\/40520\/revisions"}],"predecessor-version":[{"id":40846,"href":"https:\/\/id126ufba.com.br\/memoria\/wp-json\/wp\/v2\/posts\/40520\/revisions\/40846"}],"wp:featuredmedia":[{"embeddable":true,"href":"https:\/\/id126ufba.com.br\/memoria\/wp-json\/wp\/v2\/media\/40528"}],"wp:attachment":[{"href":"https:\/\/id126ufba.com.br\/memoria\/wp-json\/wp\/v2\/media?parent=40520"}],"wp:term":[{"taxonomy":"category","embeddable":true,"href":"https:\/\/id126ufba.com.br\/memoria\/wp-json\/wp\/v2\/categories?post=40520"},{"taxonomy":"post_tag","embeddable":true,"href":"https:\/\/id126ufba.com.br\/memoria\/wp-json\/wp\/v2\/tags?post=40520"}],"curies":[{"name":"wp","href":"https:\/\/api.w.org\/{rel}","templated":true}]}}