{"id":40522,"date":"2023-10-04T10:31:55","date_gmt":"2023-10-04T13:31:55","guid":{"rendered":"https:\/\/id126ufba.com.br\/?p=40522"},"modified":"2023-10-04T10:35:40","modified_gmt":"2023-10-04T13:35:40","slug":"homenagem-a-mae-bernadete","status":"publish","type":"post","link":"https:\/\/id126ufba.com.br\/memoria\/homenagem-a-mae-bernadete\/","title":{"rendered":"Homenagem a M\u00e3e Bernadete \u00e9 projeto para &#8220;preserva\u00e7\u00e3o da mem\u00f3ria&#8221;, diz vereador"},"content":{"rendered":"\n<p><em>Andr\u00e9 Fraga (Partido Verde) apresentou um Projeto de Lei \u00e0 C\u00e2mara Municipal de Salvador para que o nome da l\u00edder quilombola fosse gravado em alguma rua ou pra\u00e7a<\/em> <em>p\u00fablica<\/em>.<\/p>\n\n\n\n<p>M\u00e3e Bernadete, assassinada em 17 de agosto, foi l\u00edder do quilombo Pitanga dos Palmares, em Sim\u00f5es Filhos (BA), e desde os 23 anos lutou contra ataques a terreiros e viol\u00eancias a pessoas de religi\u00f5es de matrizes africanas. Pela sua atua\u00e7\u00e3o como defensora dos direitos humanos, a Ialorix\u00e1 &#8211; t\u00edtulo dado a m\u00e3es de santo do Candombl\u00e9 &#8211; deve ter seu nome gravado em algum logradouro p\u00fablico (ruas ou pra\u00e7as) de Salvador. A iniciativa \u00e9 do Partido Verde (PV) e ganhou vida com o Projeto de Lei proposto por Andr\u00e9 Fraga na C\u00e2mara Municipal h\u00e1 um m\u00eas.<\/p>\n\n\n\n<p>&#8220;A ideia do projeto \u00e9 justamente preservar a mem\u00f3ria dessas pessoas. \u00c9 algo que devemos lan\u00e7ar oficialmente no ano que vem. Mas a ideia \u00e9 essa, falar da mem\u00f3ria para que a gente n\u00e3o esque\u00e7a dessas pessoas que colaboraram com a luta do meio ambiente e dos direitos humanos no Brasil de forma geral, porque tem pessoas de todos os lugares do pa\u00eds, n\u00e3o s\u00f3 de Salvador&#8221;, explicou o vereador em entrevista exclusiva.<\/p>\n\n\n\n<figure class=\"wp-block-image size-large\"><img loading=\"lazy\" decoding=\"async\" width=\"1024\" height=\"765\" src=\"http:\/\/id126ufba.com.br\/wp-content\/uploads\/2023\/10\/WhatsApp-Image-2023-09-30-at-15.17.01-1024x765.jpeg\" alt=\"\" class=\"wp-image-40527\" srcset=\"https:\/\/id126ufba.com.br\/memoria\/wp-content\/uploads\/2023\/10\/WhatsApp-Image-2023-09-30-at-15.17.01-1024x765.jpeg 1024w, https:\/\/id126ufba.com.br\/memoria\/wp-content\/uploads\/2023\/10\/WhatsApp-Image-2023-09-30-at-15.17.01-300x224.jpeg 300w, https:\/\/id126ufba.com.br\/memoria\/wp-content\/uploads\/2023\/10\/WhatsApp-Image-2023-09-30-at-15.17.01-768x574.jpeg 768w, https:\/\/id126ufba.com.br\/memoria\/wp-content\/uploads\/2023\/10\/WhatsApp-Image-2023-09-30-at-15.17.01.jpeg 1080w\" sizes=\"(max-width: 1024px) 100vw, 1024px\" \/><figcaption>Andr\u00e9 Fraga, vereador do PV, d\u00e1 palestra em Congresso Ambiental realizado em Salvador (Cr\u00e9ditos: Marcelo Gandra)<\/figcaption><\/figure>\n\n\n\n<p>Para romper com a tradi\u00e7\u00e3o de se homenagear personagens militares que fizeram parte da hist\u00f3ria do Brasil, como <a href=\"https:\/\/piaui.folha.uol.com.br\/nas-ruas-brasileiras-ha-mais-homenagens-duque-de-caxias-do-que-dom-pedro-ii\/#:~:text=Com%20esse%20curr%C3%ADculo%2C%20Caxias%20se,apenas%201%2C2%20mil%20endere%C3%A7os.\" target=\"_blank\" rel=\"noreferrer noopener\">Duque de Caxias, a figura mais homenageada do pa\u00eds<\/a>, v\u00e1rios PLE foram apresentados pelo vereador nesse ano. Por\u00e9m, o pol\u00edtico sabe que lidar com esse contexto \u00e9 algo perigoso, j\u00e1 que <a href=\"https:\/\/g1.globo.com\/jornal-nacional\/noticia\/2023\/03\/28\/brasil-e-o-4o-pais-do-mundo-em-assassinatos-de-defensores-dos-direitos-humanos-e-do-meio-ambiente.ghtml\" target=\"_blank\" rel=\"noreferrer noopener\">o Brasil \u00e9 o quarto pa\u00eds mais violento para aqueles que defendem pautas sobre os direitos humanos e o meio ambiente<\/a>, de acordo com levantamento do relat\u00f3rio anual da Anistia Internacional.      <\/p>\n\n\n\n<blockquote class=\"wp-block-quote is-layout-flow wp-block-quote-is-layout-flow\"><p>Surgiu a ideia de criar esse projeto, que seria a mem\u00f3ria do ambientalismo, para homenagear pessoas que ou deram uma grande contribui\u00e7\u00e3o para essa pauta ou a dos direitos humanos, tanto aquelas que morreram naturalmente ou pessoas que foram assassinadas em fun\u00e7\u00e3o dessa luta, afirmou Andr\u00e9 Fraga.<\/p><\/blockquote>\n\n\n\n<p><strong>Entenda o processo de um PLE<\/strong><\/p>\n\n\n\n<p>Apesar de ser algo que afeta a sociedade como um todo, muita gente n\u00e3o sabe como funciona o processo para que um Projeto de Lei chegue a ser votado. Por isso, separamos uma se\u00e7\u00e3o de perguntas e respostas sobre o assunto, com participa\u00e7\u00e3o de Andr\u00e9 Fraga.                                                                                                                                                                                                                                                                                                                                                                                                                                                                                                                                                                                                                                                                                                                                                                                                                                                                                                                                                                                                                                                                                                                                                                                                                                                                                                                                                                                                                                                                                                                                                                                                                                                                                                                                                                                                                                                                                                                                                                                                                                                                                                                                                                                                                                                                                                                                                                                                                                                                                                                                                                                                                                                                                                                                                                                                                                                                                                                                                                                                                                                                                                                                                                                                                                                                                                                                                                                                                                                                                                                                                                                                                                                                                                                                                                                                                                                                                                                                                                                                                                                                                                                                                                                                                                                                                                                                                                                                                                                                                                                                                                                                                                                                                                                                                                                                                                                                                                                                                                                                                                                                                                                                                                                                                                                                                                                                                                                                                                                                                                                                                                                                                                                                                                                                                                                                                                                                                                                                                                                                                                                                                                                                                                                                                                                                                                                                                                                                                                                                                                                                                                                                                                                                                                                                                                                                                                                                                                                                                                                                                                                                                                                                                                                                                                                                                                                                                                                                                                                                                                                                                                                                                                                                                                                                                                                                                                                                                                                                                                                                                                                                                                                                                                                                                                                                                                                                                                                                                                                                                                                                                                                                                                                                                                                                                                                                                                                                                                                                                                                                                                                                                                                                                                                                                                                                                                                                                                                                                                                                                                                                                                                                                                                                                                                                                                                                                                                                                                                                                                                                                                                                                                                                                                                                                                                                                                                                                                                                                                                                                                                                                                                                                                                                                                                                                                                                                                                                                                                                                   <\/p>\n\n\n\n<ul><li><strong>Qual \u00e9 o processo para que uma PLE de logradouros p\u00fablicos seja votado?<\/strong> <\/li><li>R: Depois que um vereador apresenta uma PLE, a prefeitura avalia aspectos como se j\u00e1 existe uma lei com esse nome, qual seria a rua que poderia ser nomeada e, se o processo passar por essa etapa, ele \u00e9 devolvido para a C\u00e2mara e ela fica pronta para vota\u00e7\u00e3o.<\/li><li><strong>A vota\u00e7\u00e3o demora para acontecer?<\/strong> <\/li><li>R: A vota\u00e7\u00e3o depende de acordos, ent\u00e3o voc\u00ea n\u00e3o vota projetos todo dia na C\u00e2mara. Voc\u00ea tem os acordos e cada vereador escolhe seus projetos priorit\u00e1rios para vota\u00e7\u00e3o. Na vota\u00e7\u00e3o, o projeto \u00e9 aprovado ou rejeitado.<\/li><li><strong>O vereador pode sugerir qual rua ganhar\u00e1 o nome da pessoa homenageada?<\/strong> <\/li><li>R: A pr\u00f3pria prefeitura que define qual \u00e9 a rua que ganhar\u00e1 o nome da pessoa. Se houver alguma rua que n\u00e3o tem nome ainda, o vereador pode at\u00e9 sugerir que seja &#8220;A, B ou C&#8221;. Na C\u00e2mara, estamos evitando alterar o nome de ruas, mudar de &#8220;A&#8221; para &#8220;B&#8221;, n\u00e3o temos feito isso. \u00c9 mais complicado porque mexe muito com a rotina das pessoas<\/li><li><strong>Voc\u00ea acha que essa PLE ter\u00e1 alguma resist\u00eancia por tudo que a M\u00e3e Bernadete representava?<\/strong> <\/li><li>R: N\u00e3o acho que v\u00e1 ter resist\u00eancia. Projetos de logradouros dificilmente s\u00e3o rejeitados.<\/li><\/ul>\n\n\n\n<p><strong>Saiba mais sobre o caso<\/strong><\/p>\n\n\n\n<p><a href=\"https:\/\/g1.globo.com\/ba\/bahia\/noticia\/2023\/08\/18\/bernadete-pacifico-lideranca-quilombola-da-bahia-e-assassinada.ghtml\" target=\"_blank\" rel=\"noreferrer noopener\">Bernadete do Pac\u00edfico, lideran\u00e7a quilombola baiana e coordenadora da Coordena\u00e7\u00e3o Nacional de Articula\u00e7\u00e3o de Quilombos (Conaq), foi assassinada<\/a> dentro da associa\u00e7\u00e3o do Quilombo Pitanga dos Palmares em 17 de agosto. Dois homens em uma moto invadiram o terreiro localizado em Sim\u00f5es Filho e efetuaram 12 tiros contra a Ialorix\u00e1. <\/p>\n\n\n\n<p>A l\u00edder havia perdido, h\u00e1 6 anos, um de seus filhos da mesma forma. Em entrevista \u00e0 TV Bahia, Wellington dos Santos, outro filho de Bernadete, afirmou que existe uma persegui\u00e7\u00e3o sobre sua fam\u00edlia, mas que o s\u00edmbolo do quilombo \u00e9 resist\u00eancia e eles n\u00e3o v\u00e3o parar. <\/p>\n\n\n\n<p><a href=\"https:\/\/g1.globo.com\/ba\/bahia\/noticia\/2023\/09\/04\/suspeitos-de-matar-lider-quilombola-mae-bernadete-sao-presos-na-bahia-pra-publicar-assim-suspeito-prisao-mae-bernadete.ghtml\" target=\"_blank\" rel=\"noreferrer noopener\">Os suspeitos de cometerem o assassinato foram identificados, segundo o secret\u00e1rio de seguran\u00e7a da Bahia, Marcel de Oliveira<\/a>. Ele afirma tamb\u00e9m que a fam\u00edlia da v\u00edtima ter\u00e1 os resultados que merece em breve, no entanto, a investiga\u00e7\u00e3o segue em sigilo.<\/p>\n","protected":false},"excerpt":{"rendered":"<p>Andr\u00e9 Fraga (Partido Verde) apresentou um Projeto de Lei \u00e0 C\u00e2mara Municipal de Salvador para que o nome da l\u00edder quilombola fosse gravado em alguma rua ou pra\u00e7a p\u00fablica. M\u00e3e Bernadete, assassinada em 17 de agosto, foi l\u00edder do quilombo Pitanga dos Palmares, em Sim\u00f5es Filhos (BA), e desde os 23 anos lutou contra ataques [&hellip;]<\/p>\n","protected":false},"author":2,"featured_media":40526,"comment_status":"open","ping_status":"open","sticky":false,"template":"","format":"standard","meta":{"_acf_changed":false,"_monsterinsights_skip_tracking":false,"_monsterinsights_sitenote_active":false,"_monsterinsights_sitenote_note":"","_monsterinsights_sitenote_category":0,"footnotes":""},"categories":[3059],"tags":[3054,3053,3052,3055,589],"acf":[],"aioseo_notices":[],"yoast_head":"<!-- This site is optimized with the Yoast SEO plugin v24.5 - https:\/\/yoast.com\/wordpress\/plugins\/seo\/ -->\n<title>Homenagem a M\u00e3e Bernadete \u00e9 projeto para &quot;preserva\u00e7\u00e3o da mem\u00f3ria&quot;, diz vereador - Impressao Digital 126<\/title>\n<meta name=\"robots\" content=\"index, follow, max-snippet:-1, max-image-preview:large, max-video-preview:-1\" \/>\n<link rel=\"canonical\" href=\"https:\/\/id126ufba.com.br\/memoria\/homenagem-a-mae-bernadete\/\" \/>\n<meta property=\"og:locale\" content=\"pt_BR\" \/>\n<meta property=\"og:type\" content=\"article\" \/>\n<meta property=\"og:title\" content=\"Homenagem a M\u00e3e Bernadete \u00e9 projeto para &quot;preserva\u00e7\u00e3o da mem\u00f3ria&quot;, diz vereador - Impressao Digital 126\" \/>\n<meta property=\"og:description\" content=\"Andr\u00e9 Fraga (Partido Verde) apresentou um Projeto de Lei \u00e0 C\u00e2mara Municipal de Salvador para que o nome da l\u00edder quilombola fosse gravado em alguma rua ou pra\u00e7a p\u00fablica. M\u00e3e Bernadete, assassinada em 17 de agosto, foi l\u00edder do quilombo Pitanga dos Palmares, em Sim\u00f5es Filhos (BA), e desde os 23 anos lutou contra ataques [&hellip;]\" \/>\n<meta property=\"og:url\" content=\"https:\/\/id126ufba.com.br\/memoria\/homenagem-a-mae-bernadete\/\" \/>\n<meta property=\"og:site_name\" content=\"Impressao Digital 126\" \/>\n<meta property=\"article:published_time\" content=\"2023-10-04T13:31:55+00:00\" \/>\n<meta property=\"article:modified_time\" content=\"2023-10-04T13:35:40+00:00\" \/>\n<meta property=\"og:image\" content=\"https:\/\/id126ufba.com.br\/memoria\/wp-content\/uploads\/2023\/10\/WhatsApp-Image-2023-09-30-at-15.22.56.jpeg\" \/>\n\t<meta property=\"og:image:width\" content=\"881\" \/>\n\t<meta property=\"og:image:height\" content=\"442\" \/>\n\t<meta property=\"og:image:type\" content=\"image\/jpeg\" \/>\n<meta name=\"author\" content=\"Editor\" \/>\n<meta name=\"twitter:card\" content=\"summary_large_image\" \/>\n<meta name=\"twitter:label1\" content=\"Escrito por\" \/>\n\t<meta name=\"twitter:data1\" content=\"Editor\" \/>\n\t<meta name=\"twitter:label2\" content=\"Est. tempo de leitura\" \/>\n\t<meta name=\"twitter:data2\" content=\"5 minutos\" \/>\n<script type=\"application\/ld+json\" class=\"yoast-schema-graph\">{\"@context\":\"https:\/\/schema.org\",\"@graph\":[{\"@type\":\"Article\",\"@id\":\"https:\/\/id126ufba.com.br\/memoria\/homenagem-a-mae-bernadete\/#article\",\"isPartOf\":{\"@id\":\"https:\/\/id126ufba.com.br\/memoria\/homenagem-a-mae-bernadete\/\"},\"author\":{\"name\":\"Editor\",\"@id\":\"https:\/\/id126ufba.com.br\/memoria\/#\/schema\/person\/4f42ebfe385625f80efb1e423b1971ee\"},\"headline\":\"Homenagem a M\u00e3e Bernadete \u00e9 projeto para &#8220;preserva\u00e7\u00e3o da mem\u00f3ria&#8221;, diz vereador\",\"datePublished\":\"2023-10-04T13:31:55+00:00\",\"dateModified\":\"2023-10-04T13:35:40+00:00\",\"mainEntityOfPage\":{\"@id\":\"https:\/\/id126ufba.com.br\/memoria\/homenagem-a-mae-bernadete\/\"},\"wordCount\":814,\"commentCount\":0,\"publisher\":{\"@id\":\"https:\/\/id126ufba.com.br\/memoria\/#organization\"},\"image\":{\"@id\":\"https:\/\/id126ufba.com.br\/memoria\/homenagem-a-mae-bernadete\/#primaryimage\"},\"thumbnailUrl\":\"https:\/\/id126ufba.com.br\/memoria\/wp-content\/uploads\/2023\/10\/WhatsApp-Image-2023-09-30-at-15.22.56.jpeg\",\"keywords\":[\"Andr\u00e9 Fraga\",\"Homenagem\",\"M\u00e3e Bernadete\",\"Projeto de Lei\",\"Vereador\"],\"articleSection\":[\"Especial C\u00e2mara de Vereadores\"],\"inLanguage\":\"pt-BR\",\"potentialAction\":[{\"@type\":\"CommentAction\",\"name\":\"Comment\",\"target\":[\"https:\/\/id126ufba.com.br\/memoria\/homenagem-a-mae-bernadete\/#respond\"]}]},{\"@type\":\"WebPage\",\"@id\":\"https:\/\/id126ufba.com.br\/memoria\/homenagem-a-mae-bernadete\/\",\"url\":\"https:\/\/id126ufba.com.br\/memoria\/homenagem-a-mae-bernadete\/\",\"name\":\"Homenagem a M\u00e3e Bernadete \u00e9 projeto para \\\"preserva\u00e7\u00e3o da mem\u00f3ria\\\", diz vereador - Impressao Digital 126\",\"isPartOf\":{\"@id\":\"https:\/\/id126ufba.com.br\/memoria\/#website\"},\"primaryImageOfPage\":{\"@id\":\"https:\/\/id126ufba.com.br\/memoria\/homenagem-a-mae-bernadete\/#primaryimage\"},\"image\":{\"@id\":\"https:\/\/id126ufba.com.br\/memoria\/homenagem-a-mae-bernadete\/#primaryimage\"},\"thumbnailUrl\":\"https:\/\/id126ufba.com.br\/memoria\/wp-content\/uploads\/2023\/10\/WhatsApp-Image-2023-09-30-at-15.22.56.jpeg\",\"datePublished\":\"2023-10-04T13:31:55+00:00\",\"dateModified\":\"2023-10-04T13:35:40+00:00\",\"breadcrumb\":{\"@id\":\"https:\/\/id126ufba.com.br\/memoria\/homenagem-a-mae-bernadete\/#breadcrumb\"},\"inLanguage\":\"pt-BR\",\"potentialAction\":[{\"@type\":\"ReadAction\",\"target\":[\"https:\/\/id126ufba.com.br\/memoria\/homenagem-a-mae-bernadete\/\"]}]},{\"@type\":\"ImageObject\",\"inLanguage\":\"pt-BR\",\"@id\":\"https:\/\/id126ufba.com.br\/memoria\/homenagem-a-mae-bernadete\/#primaryimage\",\"url\":\"https:\/\/id126ufba.com.br\/memoria\/wp-content\/uploads\/2023\/10\/WhatsApp-Image-2023-09-30-at-15.22.56.jpeg\",\"contentUrl\":\"https:\/\/id126ufba.com.br\/memoria\/wp-content\/uploads\/2023\/10\/WhatsApp-Image-2023-09-30-at-15.22.56.jpeg\",\"width\":881,\"height\":442,\"caption\":\"A l\u00edder quilombola deve ter seu nome gravado em uma rua de Salvador (Reprodu\u00e7\u00e3o\/Secom\/PMS)\"},{\"@type\":\"BreadcrumbList\",\"@id\":\"https:\/\/id126ufba.com.br\/memoria\/homenagem-a-mae-bernadete\/#breadcrumb\",\"itemListElement\":[{\"@type\":\"ListItem\",\"position\":1,\"name\":\"In\u00edcio\",\"item\":\"https:\/\/id126ufba.com.br\/memoria\/\"},{\"@type\":\"ListItem\",\"position\":2,\"name\":\"Homenagem a M\u00e3e Bernadete \u00e9 projeto para &#8220;preserva\u00e7\u00e3o da mem\u00f3ria&#8221;, diz vereador\"}]},{\"@type\":\"WebSite\",\"@id\":\"https:\/\/id126ufba.com.br\/memoria\/#website\",\"url\":\"https:\/\/id126ufba.com.br\/memoria\/\",\"name\":\"Impressao Digital 126\",\"description\":\"\",\"publisher\":{\"@id\":\"https:\/\/id126ufba.com.br\/memoria\/#organization\"},\"potentialAction\":[{\"@type\":\"SearchAction\",\"target\":{\"@type\":\"EntryPoint\",\"urlTemplate\":\"https:\/\/id126ufba.com.br\/memoria\/?s={search_term_string}\"},\"query-input\":{\"@type\":\"PropertyValueSpecification\",\"valueRequired\":true,\"valueName\":\"search_term_string\"}}],\"inLanguage\":\"pt-BR\"},{\"@type\":\"Organization\",\"@id\":\"https:\/\/id126ufba.com.br\/memoria\/#organization\",\"name\":\"Impressao Digital 126\",\"url\":\"https:\/\/id126ufba.com.br\/memoria\/\",\"logo\":{\"@type\":\"ImageObject\",\"inLanguage\":\"pt-BR\",\"@id\":\"https:\/\/id126ufba.com.br\/memoria\/#\/schema\/logo\/image\/\",\"url\":\"https:\/\/id126ufba.com.br\/memoria\/wp-content\/uploads\/2024\/07\/cropped-logo_memoria-1.png\",\"contentUrl\":\"https:\/\/id126ufba.com.br\/memoria\/wp-content\/uploads\/2024\/07\/cropped-logo_memoria-1.png\",\"width\":500,\"height\":100,\"caption\":\"Impressao Digital 126\"},\"image\":{\"@id\":\"https:\/\/id126ufba.com.br\/memoria\/#\/schema\/logo\/image\/\"}},{\"@type\":\"Person\",\"@id\":\"https:\/\/id126ufba.com.br\/memoria\/#\/schema\/person\/4f42ebfe385625f80efb1e423b1971ee\",\"name\":\"Editor\",\"image\":{\"@type\":\"ImageObject\",\"inLanguage\":\"pt-BR\",\"@id\":\"https:\/\/id126ufba.com.br\/memoria\/#\/schema\/person\/image\/\",\"url\":\"https:\/\/secure.gravatar.com\/avatar\/1d69d145a93605cda3e299a3b9c25751?s=96&d=mm&r=g\",\"contentUrl\":\"https:\/\/secure.gravatar.com\/avatar\/1d69d145a93605cda3e299a3b9c25751?s=96&d=mm&r=g\",\"caption\":\"Editor\"},\"url\":\"https:\/\/id126ufba.com.br\/memoria\/author\/editor\/\"}]}<\/script>\n<!-- \/ Yoast SEO plugin. -->","yoast_head_json":{"title":"Homenagem a M\u00e3e Bernadete \u00e9 projeto para \"preserva\u00e7\u00e3o da mem\u00f3ria\", diz vereador - Impressao Digital 126","robots":{"index":"index","follow":"follow","max-snippet":"max-snippet:-1","max-image-preview":"max-image-preview:large","max-video-preview":"max-video-preview:-1"},"canonical":"https:\/\/id126ufba.com.br\/memoria\/homenagem-a-mae-bernadete\/","og_locale":"pt_BR","og_type":"article","og_title":"Homenagem a M\u00e3e Bernadete \u00e9 projeto para \"preserva\u00e7\u00e3o da mem\u00f3ria\", diz vereador - Impressao Digital 126","og_description":"Andr\u00e9 Fraga (Partido Verde) apresentou um Projeto de Lei \u00e0 C\u00e2mara Municipal de Salvador para que o nome da l\u00edder quilombola fosse gravado em alguma rua ou pra\u00e7a p\u00fablica. M\u00e3e Bernadete, assassinada em 17 de agosto, foi l\u00edder do quilombo Pitanga dos Palmares, em Sim\u00f5es Filhos (BA), e desde os 23 anos lutou contra ataques [&hellip;]","og_url":"https:\/\/id126ufba.com.br\/memoria\/homenagem-a-mae-bernadete\/","og_site_name":"Impressao Digital 126","article_published_time":"2023-10-04T13:31:55+00:00","article_modified_time":"2023-10-04T13:35:40+00:00","og_image":[{"width":881,"height":442,"url":"https:\/\/id126ufba.com.br\/memoria\/wp-content\/uploads\/2023\/10\/WhatsApp-Image-2023-09-30-at-15.22.56.jpeg","type":"image\/jpeg"}],"author":"Editor","twitter_card":"summary_large_image","twitter_misc":{"Escrito por":"Editor","Est. tempo de leitura":"5 minutos"},"schema":{"@context":"https:\/\/schema.org","@graph":[{"@type":"Article","@id":"https:\/\/id126ufba.com.br\/memoria\/homenagem-a-mae-bernadete\/#article","isPartOf":{"@id":"https:\/\/id126ufba.com.br\/memoria\/homenagem-a-mae-bernadete\/"},"author":{"name":"Editor","@id":"https:\/\/id126ufba.com.br\/memoria\/#\/schema\/person\/4f42ebfe385625f80efb1e423b1971ee"},"headline":"Homenagem a M\u00e3e Bernadete \u00e9 projeto para &#8220;preserva\u00e7\u00e3o da mem\u00f3ria&#8221;, diz vereador","datePublished":"2023-10-04T13:31:55+00:00","dateModified":"2023-10-04T13:35:40+00:00","mainEntityOfPage":{"@id":"https:\/\/id126ufba.com.br\/memoria\/homenagem-a-mae-bernadete\/"},"wordCount":814,"commentCount":0,"publisher":{"@id":"https:\/\/id126ufba.com.br\/memoria\/#organization"},"image":{"@id":"https:\/\/id126ufba.com.br\/memoria\/homenagem-a-mae-bernadete\/#primaryimage"},"thumbnailUrl":"https:\/\/id126ufba.com.br\/memoria\/wp-content\/uploads\/2023\/10\/WhatsApp-Image-2023-09-30-at-15.22.56.jpeg","keywords":["Andr\u00e9 Fraga","Homenagem","M\u00e3e Bernadete","Projeto de Lei","Vereador"],"articleSection":["Especial C\u00e2mara de Vereadores"],"inLanguage":"pt-BR","potentialAction":[{"@type":"CommentAction","name":"Comment","target":["https:\/\/id126ufba.com.br\/memoria\/homenagem-a-mae-bernadete\/#respond"]}]},{"@type":"WebPage","@id":"https:\/\/id126ufba.com.br\/memoria\/homenagem-a-mae-bernadete\/","url":"https:\/\/id126ufba.com.br\/memoria\/homenagem-a-mae-bernadete\/","name":"Homenagem a M\u00e3e Bernadete \u00e9 projeto para \"preserva\u00e7\u00e3o da mem\u00f3ria\", diz vereador - Impressao Digital 126","isPartOf":{"@id":"https:\/\/id126ufba.com.br\/memoria\/#website"},"primaryImageOfPage":{"@id":"https:\/\/id126ufba.com.br\/memoria\/homenagem-a-mae-bernadete\/#primaryimage"},"image":{"@id":"https:\/\/id126ufba.com.br\/memoria\/homenagem-a-mae-bernadete\/#primaryimage"},"thumbnailUrl":"https:\/\/id126ufba.com.br\/memoria\/wp-content\/uploads\/2023\/10\/WhatsApp-Image-2023-09-30-at-15.22.56.jpeg","datePublished":"2023-10-04T13:31:55+00:00","dateModified":"2023-10-04T13:35:40+00:00","breadcrumb":{"@id":"https:\/\/id126ufba.com.br\/memoria\/homenagem-a-mae-bernadete\/#breadcrumb"},"inLanguage":"pt-BR","potentialAction":[{"@type":"ReadAction","target":["https:\/\/id126ufba.com.br\/memoria\/homenagem-a-mae-bernadete\/"]}]},{"@type":"ImageObject","inLanguage":"pt-BR","@id":"https:\/\/id126ufba.com.br\/memoria\/homenagem-a-mae-bernadete\/#primaryimage","url":"https:\/\/id126ufba.com.br\/memoria\/wp-content\/uploads\/2023\/10\/WhatsApp-Image-2023-09-30-at-15.22.56.jpeg","contentUrl":"https:\/\/id126ufba.com.br\/memoria\/wp-content\/uploads\/2023\/10\/WhatsApp-Image-2023-09-30-at-15.22.56.jpeg","width":881,"height":442,"caption":"A l\u00edder quilombola deve ter seu nome gravado em uma rua de Salvador (Reprodu\u00e7\u00e3o\/Secom\/PMS)"},{"@type":"BreadcrumbList","@id":"https:\/\/id126ufba.com.br\/memoria\/homenagem-a-mae-bernadete\/#breadcrumb","itemListElement":[{"@type":"ListItem","position":1,"name":"In\u00edcio","item":"https:\/\/id126ufba.com.br\/memoria\/"},{"@type":"ListItem","position":2,"name":"Homenagem a M\u00e3e Bernadete \u00e9 projeto para &#8220;preserva\u00e7\u00e3o da mem\u00f3ria&#8221;, diz vereador"}]},{"@type":"WebSite","@id":"https:\/\/id126ufba.com.br\/memoria\/#website","url":"https:\/\/id126ufba.com.br\/memoria\/","name":"Impressao Digital 126","description":"","publisher":{"@id":"https:\/\/id126ufba.com.br\/memoria\/#organization"},"potentialAction":[{"@type":"SearchAction","target":{"@type":"EntryPoint","urlTemplate":"https:\/\/id126ufba.com.br\/memoria\/?s={search_term_string}"},"query-input":{"@type":"PropertyValueSpecification","valueRequired":true,"valueName":"search_term_string"}}],"inLanguage":"pt-BR"},{"@type":"Organization","@id":"https:\/\/id126ufba.com.br\/memoria\/#organization","name":"Impressao Digital 126","url":"https:\/\/id126ufba.com.br\/memoria\/","logo":{"@type":"ImageObject","inLanguage":"pt-BR","@id":"https:\/\/id126ufba.com.br\/memoria\/#\/schema\/logo\/image\/","url":"https:\/\/id126ufba.com.br\/memoria\/wp-content\/uploads\/2024\/07\/cropped-logo_memoria-1.png","contentUrl":"https:\/\/id126ufba.com.br\/memoria\/wp-content\/uploads\/2024\/07\/cropped-logo_memoria-1.png","width":500,"height":100,"caption":"Impressao Digital 126"},"image":{"@id":"https:\/\/id126ufba.com.br\/memoria\/#\/schema\/logo\/image\/"}},{"@type":"Person","@id":"https:\/\/id126ufba.com.br\/memoria\/#\/schema\/person\/4f42ebfe385625f80efb1e423b1971ee","name":"Editor","image":{"@type":"ImageObject","inLanguage":"pt-BR","@id":"https:\/\/id126ufba.com.br\/memoria\/#\/schema\/person\/image\/","url":"https:\/\/secure.gravatar.com\/avatar\/1d69d145a93605cda3e299a3b9c25751?s=96&d=mm&r=g","contentUrl":"https:\/\/secure.gravatar.com\/avatar\/1d69d145a93605cda3e299a3b9c25751?s=96&d=mm&r=g","caption":"Editor"},"url":"https:\/\/id126ufba.com.br\/memoria\/author\/editor\/"}]}},"_links":{"self":[{"href":"https:\/\/id126ufba.com.br\/memoria\/wp-json\/wp\/v2\/posts\/40522"}],"collection":[{"href":"https:\/\/id126ufba.com.br\/memoria\/wp-json\/wp\/v2\/posts"}],"about":[{"href":"https:\/\/id126ufba.com.br\/memoria\/wp-json\/wp\/v2\/types\/post"}],"author":[{"embeddable":true,"href":"https:\/\/id126ufba.com.br\/memoria\/wp-json\/wp\/v2\/users\/2"}],"replies":[{"embeddable":true,"href":"https:\/\/id126ufba.com.br\/memoria\/wp-json\/wp\/v2\/comments?post=40522"}],"version-history":[{"count":18,"href":"https:\/\/id126ufba.com.br\/memoria\/wp-json\/wp\/v2\/posts\/40522\/revisions"}],"predecessor-version":[{"id":40788,"href":"https:\/\/id126ufba.com.br\/memoria\/wp-json\/wp\/v2\/posts\/40522\/revisions\/40788"}],"wp:featuredmedia":[{"embeddable":true,"href":"https:\/\/id126ufba.com.br\/memoria\/wp-json\/wp\/v2\/media\/40526"}],"wp:attachment":[{"href":"https:\/\/id126ufba.com.br\/memoria\/wp-json\/wp\/v2\/media?parent=40522"}],"wp:term":[{"taxonomy":"category","embeddable":true,"href":"https:\/\/id126ufba.com.br\/memoria\/wp-json\/wp\/v2\/categories?post=40522"},{"taxonomy":"post_tag","embeddable":true,"href":"https:\/\/id126ufba.com.br\/memoria\/wp-json\/wp\/v2\/tags?post=40522"}],"curies":[{"name":"wp","href":"https:\/\/api.w.org\/{rel}","templated":true}]}}