{"id":40523,"date":"2023-10-04T10:35:11","date_gmt":"2023-10-04T13:35:11","guid":{"rendered":"https:\/\/id126ufba.com.br\/?p=40523"},"modified":"2023-10-04T12:28:25","modified_gmt":"2023-10-04T15:28:25","slug":"problemas-com-transparencia-camara-salvador-site","status":"publish","type":"post","link":"https:\/\/id126ufba.com.br\/memoria\/problemas-com-transparencia-camara-salvador-site\/","title":{"rendered":"Site da C\u00e2mara de Salvador n\u00e3o fornece a transpar\u00eancia esperada"},"content":{"rendered":"\n<p><em>P\u00e1ginas apresentam arquivos inacess\u00edveis e outras n\u00e3o s\u00e3o atualizadas desde mandatos anteriores<\/em><\/p>\n\n\n\n<p>O site da C\u00e2mara de Vereadores, que a princ\u00edpio deveria ser fonte de informa\u00e7\u00e3o para o meio p\u00fablico, possui uma s\u00e9rie de lacunas acerca da transpar\u00eancia de dados. N\u00e3o \u00e9 poss\u00edvel acessar <a href=\"https:\/\/www.cms.ba.gov.br\/transparencia\/prestacao-contas\">a presta\u00e7\u00e3o de contas de qualquer m\u00eas<\/a> referente a este ano, <a href=\"https:\/\/www.cms.ba.gov.br\/transparencia\/recursos-humanos\">a p\u00e1gina de recursos humanos<\/a> s\u00f3 apresenta documenta\u00e7\u00e3o at\u00e9 o m\u00eas de mar\u00e7o e <a href=\"https:\/\/www.cms.ba.gov.br\/transparencia\/despesas-viagem\">a rela\u00e7\u00e3o das despesas das viagens somente at\u00e9 2021.<\/a><\/p>\n\n\n\n<p>A frequ\u00eancia de revis\u00e3o parece estar desequilibrada, j\u00e1 que algumas pra\u00e7as do site s\u00e3o atualizadas em detrimento de outras. O Di\u00e1rio Oficial e as not\u00edcias, por exemplo, possuem aten\u00e7\u00e3o di\u00e1ria.<\/p>\n\n\n\n<p>O site da C\u00e2mara municipal \u00e9 uma ferramenta da m\u00e1quina governamental para facilitar a comunica\u00e7\u00e3o entre servidores p\u00fablicos e a popula\u00e7\u00e3o. Neste caso, uma das prioridades do trabalho na plataforma seria a transpar\u00eancia de dados. <a href=\"https:\/\/www.planalto.gov.br\/ccivil_03\/_Ato2011-2014\/2011\/Lei\/L12527.htm\">A Lei n\u00ba 12.527, de 18 de novembro de 2011&nbsp;sancionada pela ent\u00e3o presidenta Dilma Roussef<\/a>, prev\u00ea acesso irrestrito \u00e0 informa\u00e7\u00e3o das atividades do poder p\u00fablico, se utilizando de &#8220;meios de comunica\u00e7\u00e3o viabilizados pela tecnologia da informa\u00e7\u00e3o&#8221;. A implementa\u00e7\u00e3o da Lei teve como objetivo o combate \u00e0 corrup\u00e7\u00e3o, al\u00e9m de incentivar a participa\u00e7\u00e3o social e aumentar a efici\u00eancia da m\u00e1quina p\u00fablica.<\/p>\n\n\n\n<p>Apesar disso, o site da C\u00e2mara de Vereadores de Salvador possui uma s\u00e9rie de inconsist\u00eancias. Em p\u00e1ginas como a Presta\u00e7\u00e3o de Contas, nenhum documento viabilizado parece estar dispon\u00edvel para acesso. Ao clicar, o usu\u00e1rio \u00e9 direcionado a uma p\u00e1gina que a plataforma diz ser inexistente. <\/p>\n\n\n\n<p>Al\u00e9m de um problema estrutural como este, o portal parece sofrer com inconst\u00e2ncias de atualiza\u00e7\u00e3o. A aba de despesas de viagens n\u00e3o apresenta dados sobre o mandato atual, somente at\u00e9 2021. Entre essas inconst\u00e2ncias, o ano de 2020 tamb\u00e9m n\u00e3o foi catalogado. Isso, especialmente, pode decorrer da pandemia, mas, o ano seguinte possui registros. Tais inconsist\u00eancias acabam n\u00e3o garantindo a confiabilidade do portal, pois mesmo anos em sequ\u00eancia apresentam n\u00fameros muito d\u00edspares. O ano de 2017 possui 11 viagens; 2018, duas e 2016, somente uma. Com os problemas estruturais j\u00e1 descritos, n\u00e3o \u00e9 poss\u00edvel saber se foram efetuadas apenas essas viagens, ou se faltam atualiza\u00e7\u00f5es.<\/p>\n\n\n\n<p>Tamb\u00e9m a p\u00e1gina de Recursos Humanos, na qual deveriam estar dispon\u00edveis informa\u00e7\u00f5es como vencimentos de servidores e estagi\u00e1rios, n\u00e3o recebe atualiza\u00e7\u00f5es desde mar\u00e7o deste ano. A Tabela de Refer\u00eancias, que baseia a rela\u00e7\u00e3o geral das informa\u00e7\u00f5es do setor, desde 2019 n\u00e3o apresenta const\u00e2ncia em sua documenta\u00e7\u00e3o. O ano em quest\u00e3o \u00e9 o \u00fanico que possui seis arquivos. O ano de 2021, apenas um. No site, o setor disponibiliza se\u00e7\u00f5es para consulta a partir do ano de 2014. Todos os anos apresentam lacunas, e especialmente de 2015 a 2017, n\u00e3o h\u00e1 nenhum arquivo para acesso.<\/p>\n\n\n\n<figure class=\"wp-block-image size-large\"><img loading=\"lazy\" decoding=\"async\" width=\"1024\" height=\"516\" src=\"https:\/\/id126ufba.com.br\/wp-content\/uploads\/2023\/10\/Captura-de-Tela-2-1024x516.png\" alt=\"\" class=\"wp-image-40568\" srcset=\"https:\/\/id126ufba.com.br\/memoria\/wp-content\/uploads\/2023\/10\/Captura-de-Tela-2-1024x516.png 1024w, https:\/\/id126ufba.com.br\/memoria\/wp-content\/uploads\/2023\/10\/Captura-de-Tela-2-300x151.png 300w, https:\/\/id126ufba.com.br\/memoria\/wp-content\/uploads\/2023\/10\/Captura-de-Tela-2-768x387.png 768w, https:\/\/id126ufba.com.br\/memoria\/wp-content\/uploads\/2023\/10\/Captura-de-Tela-2.png 1366w\" sizes=\"(max-width: 1024px) 100vw, 1024px\" \/><figcaption>P\u00e1gina de Recursos Humanos desatualizada desde mar\u00e7o (Fonte: Site Oficial da C\u00e2mara).<\/figcaption><\/figure>\n\n\n\n<p>A reportagem entrou em contato com a C\u00e2mara, inicialmente pelo setor de Recursos Humanos (RH), que indicou falta de comunica\u00e7\u00e3o com o setor de inform\u00e1tica. Este seria o respons\u00e1vel pela atualiza\u00e7\u00e3o e publica\u00e7\u00e3o dos dados. Segundo o funcion\u00e1rio entrevistado, o setor de RH possui todos as informa\u00e7\u00f5es necess\u00e1rias armazenadas em seus arquivos. A reportagem tamb\u00e9m entrou em contato com a Inform\u00e1tica e com a Assessoria de Comunica\u00e7\u00e3o, setores dos quais n\u00e3o obteve resposta.<\/p>\n\n\n\n<p><strong>Falta de clareza<\/strong><\/p>\n\n\n\n<p>Al\u00e9m das falhas de acesso reportadas, o site n\u00e3o apresenta clareza para que a popula\u00e7\u00e3o consiga navegar pelo portal de modo independente. Mesmo os documentos que s\u00e3o poss\u00edveis de serem consultados, possuem uma apresenta\u00e7\u00e3o que tende \u00e0 complexidade de voc\u00e1bulo e estrutura, que parecem servir apenas para uso interno.<\/p>\n\n\n\n<p>A princ\u00edpio, esta abordagem n\u00e3o \u00e9 problem\u00e1tica, j\u00e1 que esses documentos t\u00eam suas fun\u00e7\u00f5es dentro da institui\u00e7\u00e3o. Por\u00e9m, atentando-se ao papel consultivo do material, sua exposi\u00e7\u00e3o n\u00e3o alcan\u00e7a o resultado esperado.<\/p>\n\n\n\n<p><\/p>\n","protected":false},"excerpt":{"rendered":"<p>O site da C\u00e2mara de Vereadores, que a princ\u00edpio deveria ser fonte de informa\u00e7\u00e3o para o meio p\u00fablico, possui uma s\u00e9rie de lacunas acerca da transpar\u00eancia de dados. N\u00e3o \u00e9 poss\u00edvel acessar a presta\u00e7\u00e3o de contas de qualquer m\u00eas referente a este ano, a p\u00e1gina de recursos humanos s\u00f3 apresenta documenta\u00e7\u00e3o at\u00e9 o m\u00eas de mar\u00e7o e a rela\u00e7\u00e3o das despesas das viagens somente at\u00e9 2021.<\/p>\n","protected":false},"author":2,"featured_media":40559,"comment_status":"open","ping_status":"open","sticky":false,"template":"","format":"standard","meta":{"_acf_changed":false,"_monsterinsights_skip_tracking":false,"_monsterinsights_sitenote_active":false,"_monsterinsights_sitenote_note":"","_monsterinsights_sitenote_category":0,"footnotes":""},"categories":[3059],"tags":[3072,113,3071],"acf":[],"aioseo_notices":[],"yoast_head":"<!-- This site is optimized with the Yoast SEO plugin v24.5 - https:\/\/yoast.com\/wordpress\/plugins\/seo\/ -->\n<title>Site da C\u00e2mara de Salvador n\u00e3o fornece a transpar\u00eancia esperada - Impressao Digital 126<\/title>\n<meta name=\"robots\" content=\"index, follow, max-snippet:-1, max-image-preview:large, max-video-preview:-1\" \/>\n<link rel=\"canonical\" href=\"https:\/\/id126ufba.com.br\/memoria\/problemas-com-transparencia-camara-salvador-site\/\" \/>\n<meta property=\"og:locale\" content=\"pt_BR\" \/>\n<meta property=\"og:type\" content=\"article\" \/>\n<meta property=\"og:title\" content=\"Site da C\u00e2mara de Salvador n\u00e3o fornece a transpar\u00eancia esperada - Impressao Digital 126\" \/>\n<meta property=\"og:description\" content=\"O site da C\u00e2mara de Vereadores, que a princ\u00edpio deveria ser fonte de informa\u00e7\u00e3o para o meio p\u00fablico, possui uma s\u00e9rie de lacunas acerca da transpar\u00eancia de dados. N\u00e3o \u00e9 poss\u00edvel acessar a presta\u00e7\u00e3o de contas de qualquer m\u00eas referente a este ano, a p\u00e1gina de recursos humanos s\u00f3 apresenta documenta\u00e7\u00e3o at\u00e9 o m\u00eas de mar\u00e7o e a rela\u00e7\u00e3o das despesas das viagens somente at\u00e9 2021.\" \/>\n<meta property=\"og:url\" content=\"https:\/\/id126ufba.com.br\/memoria\/problemas-com-transparencia-camara-salvador-site\/\" \/>\n<meta property=\"og:site_name\" content=\"Impressao Digital 126\" \/>\n<meta property=\"article:published_time\" content=\"2023-10-04T13:35:11+00:00\" \/>\n<meta property=\"article:modified_time\" content=\"2023-10-04T15:28:25+00:00\" \/>\n<meta property=\"og:image\" content=\"https:\/\/id126ufba.com.br\/memoria\/wp-content\/uploads\/2023\/10\/Captura-de-Tela-1.png\" \/>\n\t<meta property=\"og:image:width\" content=\"1366\" \/>\n\t<meta property=\"og:image:height\" content=\"688\" \/>\n\t<meta property=\"og:image:type\" content=\"image\/png\" \/>\n<meta name=\"author\" content=\"Editor\" \/>\n<meta name=\"twitter:card\" content=\"summary_large_image\" \/>\n<meta name=\"twitter:label1\" content=\"Escrito por\" \/>\n\t<meta name=\"twitter:data1\" content=\"Editor\" \/>\n\t<meta name=\"twitter:label2\" content=\"Est. tempo de leitura\" \/>\n\t<meta name=\"twitter:data2\" content=\"4 minutos\" \/>\n<script type=\"application\/ld+json\" class=\"yoast-schema-graph\">{\"@context\":\"https:\/\/schema.org\",\"@graph\":[{\"@type\":\"Article\",\"@id\":\"https:\/\/id126ufba.com.br\/memoria\/problemas-com-transparencia-camara-salvador-site\/#article\",\"isPartOf\":{\"@id\":\"https:\/\/id126ufba.com.br\/memoria\/problemas-com-transparencia-camara-salvador-site\/\"},\"author\":{\"name\":\"Editor\",\"@id\":\"https:\/\/id126ufba.com.br\/memoria\/#\/schema\/person\/4f42ebfe385625f80efb1e423b1971ee\"},\"headline\":\"Site da C\u00e2mara de Salvador n\u00e3o fornece a transpar\u00eancia esperada\",\"datePublished\":\"2023-10-04T13:35:11+00:00\",\"dateModified\":\"2023-10-04T15:28:25+00:00\",\"mainEntityOfPage\":{\"@id\":\"https:\/\/id126ufba.com.br\/memoria\/problemas-com-transparencia-camara-salvador-site\/\"},\"wordCount\":724,\"commentCount\":0,\"publisher\":{\"@id\":\"https:\/\/id126ufba.com.br\/memoria\/#organization\"},\"image\":{\"@id\":\"https:\/\/id126ufba.com.br\/memoria\/problemas-com-transparencia-camara-salvador-site\/#primaryimage\"},\"thumbnailUrl\":\"https:\/\/id126ufba.com.br\/memoria\/wp-content\/uploads\/2023\/10\/Captura-de-Tela-1.png\",\"keywords\":[\"camara de vereadores\",\"salvador\",\"transpar\u00eancia\"],\"articleSection\":[\"Especial C\u00e2mara de Vereadores\"],\"inLanguage\":\"pt-BR\",\"potentialAction\":[{\"@type\":\"CommentAction\",\"name\":\"Comment\",\"target\":[\"https:\/\/id126ufba.com.br\/memoria\/problemas-com-transparencia-camara-salvador-site\/#respond\"]}]},{\"@type\":\"WebPage\",\"@id\":\"https:\/\/id126ufba.com.br\/memoria\/problemas-com-transparencia-camara-salvador-site\/\",\"url\":\"https:\/\/id126ufba.com.br\/memoria\/problemas-com-transparencia-camara-salvador-site\/\",\"name\":\"Site da C\u00e2mara de Salvador n\u00e3o fornece a transpar\u00eancia esperada - Impressao Digital 126\",\"isPartOf\":{\"@id\":\"https:\/\/id126ufba.com.br\/memoria\/#website\"},\"primaryImageOfPage\":{\"@id\":\"https:\/\/id126ufba.com.br\/memoria\/problemas-com-transparencia-camara-salvador-site\/#primaryimage\"},\"image\":{\"@id\":\"https:\/\/id126ufba.com.br\/memoria\/problemas-com-transparencia-camara-salvador-site\/#primaryimage\"},\"thumbnailUrl\":\"https:\/\/id126ufba.com.br\/memoria\/wp-content\/uploads\/2023\/10\/Captura-de-Tela-1.png\",\"datePublished\":\"2023-10-04T13:35:11+00:00\",\"dateModified\":\"2023-10-04T15:28:25+00:00\",\"breadcrumb\":{\"@id\":\"https:\/\/id126ufba.com.br\/memoria\/problemas-com-transparencia-camara-salvador-site\/#breadcrumb\"},\"inLanguage\":\"pt-BR\",\"potentialAction\":[{\"@type\":\"ReadAction\",\"target\":[\"https:\/\/id126ufba.com.br\/memoria\/problemas-com-transparencia-camara-salvador-site\/\"]}]},{\"@type\":\"ImageObject\",\"inLanguage\":\"pt-BR\",\"@id\":\"https:\/\/id126ufba.com.br\/memoria\/problemas-com-transparencia-camara-salvador-site\/#primaryimage\",\"url\":\"https:\/\/id126ufba.com.br\/memoria\/wp-content\/uploads\/2023\/10\/Captura-de-Tela-1.png\",\"contentUrl\":\"https:\/\/id126ufba.com.br\/memoria\/wp-content\/uploads\/2023\/10\/Captura-de-Tela-1.png\",\"width\":1366,\"height\":688,\"caption\":\"P\u00e1gina sem resposta no site da C\u00e2mara, advinda da p\u00e1gina de presta\u00e7\u00e3o de contas.\"},{\"@type\":\"BreadcrumbList\",\"@id\":\"https:\/\/id126ufba.com.br\/memoria\/problemas-com-transparencia-camara-salvador-site\/#breadcrumb\",\"itemListElement\":[{\"@type\":\"ListItem\",\"position\":1,\"name\":\"In\u00edcio\",\"item\":\"https:\/\/id126ufba.com.br\/memoria\/\"},{\"@type\":\"ListItem\",\"position\":2,\"name\":\"Site da C\u00e2mara de Salvador n\u00e3o fornece a transpar\u00eancia esperada\"}]},{\"@type\":\"WebSite\",\"@id\":\"https:\/\/id126ufba.com.br\/memoria\/#website\",\"url\":\"https:\/\/id126ufba.com.br\/memoria\/\",\"name\":\"Impressao Digital 126\",\"description\":\"\",\"publisher\":{\"@id\":\"https:\/\/id126ufba.com.br\/memoria\/#organization\"},\"potentialAction\":[{\"@type\":\"SearchAction\",\"target\":{\"@type\":\"EntryPoint\",\"urlTemplate\":\"https:\/\/id126ufba.com.br\/memoria\/?s={search_term_string}\"},\"query-input\":{\"@type\":\"PropertyValueSpecification\",\"valueRequired\":true,\"valueName\":\"search_term_string\"}}],\"inLanguage\":\"pt-BR\"},{\"@type\":\"Organization\",\"@id\":\"https:\/\/id126ufba.com.br\/memoria\/#organization\",\"name\":\"Impressao Digital 126\",\"url\":\"https:\/\/id126ufba.com.br\/memoria\/\",\"logo\":{\"@type\":\"ImageObject\",\"inLanguage\":\"pt-BR\",\"@id\":\"https:\/\/id126ufba.com.br\/memoria\/#\/schema\/logo\/image\/\",\"url\":\"https:\/\/id126ufba.com.br\/memoria\/wp-content\/uploads\/2024\/07\/cropped-logo_memoria-1.png\",\"contentUrl\":\"https:\/\/id126ufba.com.br\/memoria\/wp-content\/uploads\/2024\/07\/cropped-logo_memoria-1.png\",\"width\":500,\"height\":100,\"caption\":\"Impressao Digital 126\"},\"image\":{\"@id\":\"https:\/\/id126ufba.com.br\/memoria\/#\/schema\/logo\/image\/\"}},{\"@type\":\"Person\",\"@id\":\"https:\/\/id126ufba.com.br\/memoria\/#\/schema\/person\/4f42ebfe385625f80efb1e423b1971ee\",\"name\":\"Editor\",\"image\":{\"@type\":\"ImageObject\",\"inLanguage\":\"pt-BR\",\"@id\":\"https:\/\/id126ufba.com.br\/memoria\/#\/schema\/person\/image\/\",\"url\":\"https:\/\/secure.gravatar.com\/avatar\/1d69d145a93605cda3e299a3b9c25751?s=96&d=mm&r=g\",\"contentUrl\":\"https:\/\/secure.gravatar.com\/avatar\/1d69d145a93605cda3e299a3b9c25751?s=96&d=mm&r=g\",\"caption\":\"Editor\"},\"url\":\"https:\/\/id126ufba.com.br\/memoria\/author\/editor\/\"}]}<\/script>\n<!-- \/ Yoast SEO plugin. -->","yoast_head_json":{"title":"Site da C\u00e2mara de Salvador n\u00e3o fornece a transpar\u00eancia esperada - Impressao Digital 126","robots":{"index":"index","follow":"follow","max-snippet":"max-snippet:-1","max-image-preview":"max-image-preview:large","max-video-preview":"max-video-preview:-1"},"canonical":"https:\/\/id126ufba.com.br\/memoria\/problemas-com-transparencia-camara-salvador-site\/","og_locale":"pt_BR","og_type":"article","og_title":"Site da C\u00e2mara de Salvador n\u00e3o fornece a transpar\u00eancia esperada - Impressao Digital 126","og_description":"O site da C\u00e2mara de Vereadores, que a princ\u00edpio deveria ser fonte de informa\u00e7\u00e3o para o meio p\u00fablico, possui uma s\u00e9rie de lacunas acerca da transpar\u00eancia de dados. N\u00e3o \u00e9 poss\u00edvel acessar a presta\u00e7\u00e3o de contas de qualquer m\u00eas referente a este ano, a p\u00e1gina de recursos humanos s\u00f3 apresenta documenta\u00e7\u00e3o at\u00e9 o m\u00eas de mar\u00e7o e a rela\u00e7\u00e3o das despesas das viagens somente at\u00e9 2021.","og_url":"https:\/\/id126ufba.com.br\/memoria\/problemas-com-transparencia-camara-salvador-site\/","og_site_name":"Impressao Digital 126","article_published_time":"2023-10-04T13:35:11+00:00","article_modified_time":"2023-10-04T15:28:25+00:00","og_image":[{"width":1366,"height":688,"url":"https:\/\/id126ufba.com.br\/memoria\/wp-content\/uploads\/2023\/10\/Captura-de-Tela-1.png","type":"image\/png"}],"author":"Editor","twitter_card":"summary_large_image","twitter_misc":{"Escrito por":"Editor","Est. tempo de leitura":"4 minutos"},"schema":{"@context":"https:\/\/schema.org","@graph":[{"@type":"Article","@id":"https:\/\/id126ufba.com.br\/memoria\/problemas-com-transparencia-camara-salvador-site\/#article","isPartOf":{"@id":"https:\/\/id126ufba.com.br\/memoria\/problemas-com-transparencia-camara-salvador-site\/"},"author":{"name":"Editor","@id":"https:\/\/id126ufba.com.br\/memoria\/#\/schema\/person\/4f42ebfe385625f80efb1e423b1971ee"},"headline":"Site da C\u00e2mara de Salvador n\u00e3o fornece a transpar\u00eancia esperada","datePublished":"2023-10-04T13:35:11+00:00","dateModified":"2023-10-04T15:28:25+00:00","mainEntityOfPage":{"@id":"https:\/\/id126ufba.com.br\/memoria\/problemas-com-transparencia-camara-salvador-site\/"},"wordCount":724,"commentCount":0,"publisher":{"@id":"https:\/\/id126ufba.com.br\/memoria\/#organization"},"image":{"@id":"https:\/\/id126ufba.com.br\/memoria\/problemas-com-transparencia-camara-salvador-site\/#primaryimage"},"thumbnailUrl":"https:\/\/id126ufba.com.br\/memoria\/wp-content\/uploads\/2023\/10\/Captura-de-Tela-1.png","keywords":["camara de vereadores","salvador","transpar\u00eancia"],"articleSection":["Especial C\u00e2mara de Vereadores"],"inLanguage":"pt-BR","potentialAction":[{"@type":"CommentAction","name":"Comment","target":["https:\/\/id126ufba.com.br\/memoria\/problemas-com-transparencia-camara-salvador-site\/#respond"]}]},{"@type":"WebPage","@id":"https:\/\/id126ufba.com.br\/memoria\/problemas-com-transparencia-camara-salvador-site\/","url":"https:\/\/id126ufba.com.br\/memoria\/problemas-com-transparencia-camara-salvador-site\/","name":"Site da C\u00e2mara de Salvador n\u00e3o fornece a transpar\u00eancia esperada - Impressao Digital 126","isPartOf":{"@id":"https:\/\/id126ufba.com.br\/memoria\/#website"},"primaryImageOfPage":{"@id":"https:\/\/id126ufba.com.br\/memoria\/problemas-com-transparencia-camara-salvador-site\/#primaryimage"},"image":{"@id":"https:\/\/id126ufba.com.br\/memoria\/problemas-com-transparencia-camara-salvador-site\/#primaryimage"},"thumbnailUrl":"https:\/\/id126ufba.com.br\/memoria\/wp-content\/uploads\/2023\/10\/Captura-de-Tela-1.png","datePublished":"2023-10-04T13:35:11+00:00","dateModified":"2023-10-04T15:28:25+00:00","breadcrumb":{"@id":"https:\/\/id126ufba.com.br\/memoria\/problemas-com-transparencia-camara-salvador-site\/#breadcrumb"},"inLanguage":"pt-BR","potentialAction":[{"@type":"ReadAction","target":["https:\/\/id126ufba.com.br\/memoria\/problemas-com-transparencia-camara-salvador-site\/"]}]},{"@type":"ImageObject","inLanguage":"pt-BR","@id":"https:\/\/id126ufba.com.br\/memoria\/problemas-com-transparencia-camara-salvador-site\/#primaryimage","url":"https:\/\/id126ufba.com.br\/memoria\/wp-content\/uploads\/2023\/10\/Captura-de-Tela-1.png","contentUrl":"https:\/\/id126ufba.com.br\/memoria\/wp-content\/uploads\/2023\/10\/Captura-de-Tela-1.png","width":1366,"height":688,"caption":"P\u00e1gina sem resposta no site da C\u00e2mara, advinda da p\u00e1gina de presta\u00e7\u00e3o de contas."},{"@type":"BreadcrumbList","@id":"https:\/\/id126ufba.com.br\/memoria\/problemas-com-transparencia-camara-salvador-site\/#breadcrumb","itemListElement":[{"@type":"ListItem","position":1,"name":"In\u00edcio","item":"https:\/\/id126ufba.com.br\/memoria\/"},{"@type":"ListItem","position":2,"name":"Site da C\u00e2mara de Salvador n\u00e3o fornece a transpar\u00eancia esperada"}]},{"@type":"WebSite","@id":"https:\/\/id126ufba.com.br\/memoria\/#website","url":"https:\/\/id126ufba.com.br\/memoria\/","name":"Impressao Digital 126","description":"","publisher":{"@id":"https:\/\/id126ufba.com.br\/memoria\/#organization"},"potentialAction":[{"@type":"SearchAction","target":{"@type":"EntryPoint","urlTemplate":"https:\/\/id126ufba.com.br\/memoria\/?s={search_term_string}"},"query-input":{"@type":"PropertyValueSpecification","valueRequired":true,"valueName":"search_term_string"}}],"inLanguage":"pt-BR"},{"@type":"Organization","@id":"https:\/\/id126ufba.com.br\/memoria\/#organization","name":"Impressao Digital 126","url":"https:\/\/id126ufba.com.br\/memoria\/","logo":{"@type":"ImageObject","inLanguage":"pt-BR","@id":"https:\/\/id126ufba.com.br\/memoria\/#\/schema\/logo\/image\/","url":"https:\/\/id126ufba.com.br\/memoria\/wp-content\/uploads\/2024\/07\/cropped-logo_memoria-1.png","contentUrl":"https:\/\/id126ufba.com.br\/memoria\/wp-content\/uploads\/2024\/07\/cropped-logo_memoria-1.png","width":500,"height":100,"caption":"Impressao Digital 126"},"image":{"@id":"https:\/\/id126ufba.com.br\/memoria\/#\/schema\/logo\/image\/"}},{"@type":"Person","@id":"https:\/\/id126ufba.com.br\/memoria\/#\/schema\/person\/4f42ebfe385625f80efb1e423b1971ee","name":"Editor","image":{"@type":"ImageObject","inLanguage":"pt-BR","@id":"https:\/\/id126ufba.com.br\/memoria\/#\/schema\/person\/image\/","url":"https:\/\/secure.gravatar.com\/avatar\/1d69d145a93605cda3e299a3b9c25751?s=96&d=mm&r=g","contentUrl":"https:\/\/secure.gravatar.com\/avatar\/1d69d145a93605cda3e299a3b9c25751?s=96&d=mm&r=g","caption":"Editor"},"url":"https:\/\/id126ufba.com.br\/memoria\/author\/editor\/"}]}},"_links":{"self":[{"href":"https:\/\/id126ufba.com.br\/memoria\/wp-json\/wp\/v2\/posts\/40523"}],"collection":[{"href":"https:\/\/id126ufba.com.br\/memoria\/wp-json\/wp\/v2\/posts"}],"about":[{"href":"https:\/\/id126ufba.com.br\/memoria\/wp-json\/wp\/v2\/types\/post"}],"author":[{"embeddable":true,"href":"https:\/\/id126ufba.com.br\/memoria\/wp-json\/wp\/v2\/users\/2"}],"replies":[{"embeddable":true,"href":"https:\/\/id126ufba.com.br\/memoria\/wp-json\/wp\/v2\/comments?post=40523"}],"version-history":[{"count":7,"href":"https:\/\/id126ufba.com.br\/memoria\/wp-json\/wp\/v2\/posts\/40523\/revisions"}],"predecessor-version":[{"id":40863,"href":"https:\/\/id126ufba.com.br\/memoria\/wp-json\/wp\/v2\/posts\/40523\/revisions\/40863"}],"wp:featuredmedia":[{"embeddable":true,"href":"https:\/\/id126ufba.com.br\/memoria\/wp-json\/wp\/v2\/media\/40559"}],"wp:attachment":[{"href":"https:\/\/id126ufba.com.br\/memoria\/wp-json\/wp\/v2\/media?parent=40523"}],"wp:term":[{"taxonomy":"category","embeddable":true,"href":"https:\/\/id126ufba.com.br\/memoria\/wp-json\/wp\/v2\/categories?post=40523"},{"taxonomy":"post_tag","embeddable":true,"href":"https:\/\/id126ufba.com.br\/memoria\/wp-json\/wp\/v2\/tags?post=40523"}],"curies":[{"name":"wp","href":"https:\/\/api.w.org\/{rel}","templated":true}]}}