{"id":40539,"date":"2023-10-04T10:36:56","date_gmt":"2023-10-04T13:36:56","guid":{"rendered":"https:\/\/id126ufba.com.br\/?p=40539"},"modified":"2023-10-04T10:36:58","modified_gmt":"2023-10-04T13:36:58","slug":"maes-criticam-acao-para-criancas-autistas-no-salvador-shopping-horario-nao-combina","status":"publish","type":"post","link":"https:\/\/id126ufba.com.br\/memoria\/maes-criticam-acao-para-criancas-autistas-no-salvador-shopping-horario-nao-combina\/","title":{"rendered":"M\u00e3es criticam a\u00e7\u00e3o para crian\u00e7as autistas no Salvador Shopping: \u2018Hor\u00e1rio n\u00e3o combina\u2019"},"content":{"rendered":"\n<p class=\"has-small-font-size\">Voltada para crian\u00e7as autistas, edi\u00e7\u00e3o mais recente da Hora Silenciosa aconteceu no \u00faltimo s\u00e1bado de setembro, das 9h \u00e0s 10h; familiares demandam medidas permanentes na cidade<\/p>\n\n\n\n<p>Desde abril deste ano, o Salvador Shopping promove, no \u00faltimo s\u00e1bado de cada m\u00eas, a Hora Silenciosa, conjunto de a\u00e7\u00f5es que tem o objetivo de criar condi\u00e7\u00f5es mais acolhedoras para pessoas autistas. No entanto, a \u00faltima edi\u00e7\u00e3o da iniciativa foi recebida com cr\u00edticas nas redes sociais: em uma <a href=\"https:\/\/www.instagram.com\/p\/Cxq3TYCho-a\/?igshid=MzRlODBiNWFlZA%3D%3D\" target=\"_blank\" rel=\"noreferrer noopener\">publica\u00e7\u00e3o feita pelo Jornal Correio no Instagram<\/a> no \u00faltimo dia 26 em divulga\u00e7\u00e3o da edi\u00e7\u00e3o, m\u00e3es de crian\u00e7as autistas questionaram a viabilidade do evento, que fica em vigor apenas na primeira hora de funcionamento do shopping.<\/p>\n\n\n\n<figure class=\"wp-block-gallery aligncenter has-nested-images columns-default is-cropped wp-block-gallery-1 is-layout-flex wp-block-gallery-is-layout-flex\"><\/figure>\n\n\n\n<blockquote class=\"instagram-media\" data-instgrm-captioned data-instgrm-permalink=\"https:\/\/www.instagram.com\/p\/Cxq3TYCho-a\/?utm_source=ig_embed&amp;utm_campaign=loading\" data-instgrm-version=\"14\" style=\" background:#FFF; border:0; border-radius:3px; box-shadow:0 0 1px 0 rgba(0,0,0,0.5),0 1px 10px 0 rgba(0,0,0,0.15); margin: 1px; max-width:540px; min-width:326px; padding:0; width:99.375%; width:-webkit-calc(100% - 2px); width:calc(100% - 2px);\"><div style=\"padding:16px;\"> <a href=\"https:\/\/www.instagram.com\/p\/Cxq3TYCho-a\/?utm_source=ig_embed&amp;utm_campaign=loading\" style=\" background:#FFFFFF; line-height:0; padding:0 0; text-align:center; text-decoration:none; width:100%;\" target=\"_blank\" rel=\"noopener\"> <div style=\" display: flex; flex-direction: row; align-items: center;\"> <div style=\"background-color: #F4F4F4; border-radius: 50%; flex-grow: 0; height: 40px; margin-right: 14px; width: 40px;\"><\/div> <div style=\"display: flex; flex-direction: column; flex-grow: 1; justify-content: center;\"> <div style=\" background-color: #F4F4F4; border-radius: 4px; flex-grow: 0; height: 14px; margin-bottom: 6px; width: 100px;\"><\/div> <div style=\" background-color: #F4F4F4; border-radius: 4px; flex-grow: 0; height: 14px; width: 60px;\"><\/div><\/div><\/div><div style=\"padding: 19% 0;\"><\/div> <div style=\"display:block; height:50px; margin:0 auto 12px; width:50px;\"><svg width=\"50px\" height=\"50px\" viewBox=\"0 0 60 60\" version=\"1.1\" xmlns=\"https:\/\/www.w3.org\/2000\/svg\" xmlns:xlink=\"https:\/\/www.w3.org\/1999\/xlink\"><g stroke=\"none\" stroke-width=\"1\" fill=\"none\" fill-rule=\"evenodd\"><g transform=\"translate(-511.000000, -20.000000)\" fill=\"#000000\"><g><path d=\"M556.869,30.41 C554.814,30.41 553.148,32.076 553.148,34.131 C553.148,36.186 554.814,37.852 556.869,37.852 C558.924,37.852 560.59,36.186 560.59,34.131 C560.59,32.076 558.924,30.41 556.869,30.41 M541,60.657 C535.114,60.657 530.342,55.887 530.342,50 C530.342,44.114 535.114,39.342 541,39.342 C546.887,39.342 551.658,44.114 551.658,50 C551.658,55.887 546.887,60.657 541,60.657 M541,33.886 C532.1,33.886 524.886,41.1 524.886,50 C524.886,58.899 532.1,66.113 541,66.113 C549.9,66.113 557.115,58.899 557.115,50 C557.115,41.1 549.9,33.886 541,33.886 M565.378,62.101 C565.244,65.022 564.756,66.606 564.346,67.663 C563.803,69.06 563.154,70.057 562.106,71.106 C561.058,72.155 560.06,72.803 558.662,73.347 C557.607,73.757 556.021,74.244 553.102,74.378 C549.944,74.521 548.997,74.552 541,74.552 C533.003,74.552 532.056,74.521 528.898,74.378 C525.979,74.244 524.393,73.757 523.338,73.347 C521.94,72.803 520.942,72.155 519.894,71.106 C518.846,70.057 518.197,69.06 517.654,67.663 C517.244,66.606 516.755,65.022 516.623,62.101 C516.479,58.943 516.448,57.996 516.448,50 C516.448,42.003 516.479,41.056 516.623,37.899 C516.755,34.978 517.244,33.391 517.654,32.338 C518.197,30.938 518.846,29.942 519.894,28.894 C520.942,27.846 521.94,27.196 523.338,26.654 C524.393,26.244 525.979,25.756 528.898,25.623 C532.057,25.479 533.004,25.448 541,25.448 C548.997,25.448 549.943,25.479 553.102,25.623 C556.021,25.756 557.607,26.244 558.662,26.654 C560.06,27.196 561.058,27.846 562.106,28.894 C563.154,29.942 563.803,30.938 564.346,32.338 C564.756,33.391 565.244,34.978 565.378,37.899 C565.522,41.056 565.552,42.003 565.552,50 C565.552,57.996 565.522,58.943 565.378,62.101 M570.82,37.631 C570.674,34.438 570.167,32.258 569.425,30.349 C568.659,28.377 567.633,26.702 565.965,25.035 C564.297,23.368 562.623,22.342 560.652,21.575 C558.743,20.834 556.562,20.326 553.369,20.18 C550.169,20.033 549.148,20 541,20 C532.853,20 531.831,20.033 528.631,20.18 C525.438,20.326 523.257,20.834 521.349,21.575 C519.376,22.342 517.703,23.368 516.035,25.035 C514.368,26.702 513.342,28.377 512.574,30.349 C511.834,32.258 511.326,34.438 511.181,37.631 C511.035,40.831 511,41.851 511,50 C511,58.147 511.035,59.17 511.181,62.369 C511.326,65.562 511.834,67.743 512.574,69.651 C513.342,71.625 514.368,73.296 516.035,74.965 C517.703,76.634 519.376,77.658 521.349,78.425 C523.257,79.167 525.438,79.673 528.631,79.82 C531.831,79.965 532.853,80.001 541,80.001 C549.148,80.001 550.169,79.965 553.369,79.82 C556.562,79.673 558.743,79.167 560.652,78.425 C562.623,77.658 564.297,76.634 565.965,74.965 C567.633,73.296 568.659,71.625 569.425,69.651 C570.167,67.743 570.674,65.562 570.82,62.369 C570.966,59.17 571,58.147 571,50 C571,41.851 570.966,40.831 570.82,37.631\"><\/path><\/g><\/g><\/g><\/svg><\/div><div style=\"padding-top: 8px;\"> <div style=\" color:#3897f0; font-family:Arial,sans-serif; font-size:14px; font-style:normal; font-weight:550; line-height:18px;\">Ver essa foto no Instagram<\/div><\/div><div style=\"padding: 12.5% 0;\"><\/div> <div style=\"display: flex; flex-direction: row; margin-bottom: 14px; align-items: center;\"><div> <div style=\"background-color: #F4F4F4; border-radius: 50%; height: 12.5px; width: 12.5px; transform: translateX(0px) translateY(7px);\"><\/div> <div style=\"background-color: #F4F4F4; height: 12.5px; transform: rotate(-45deg) translateX(3px) translateY(1px); width: 12.5px; flex-grow: 0; margin-right: 14px; margin-left: 2px;\"><\/div> <div style=\"background-color: #F4F4F4; border-radius: 50%; height: 12.5px; width: 12.5px; transform: translateX(9px) translateY(-18px);\"><\/div><\/div><div style=\"margin-left: 8px;\"> <div style=\" background-color: #F4F4F4; border-radius: 50%; flex-grow: 0; height: 20px; width: 20px;\"><\/div> <div style=\" width: 0; height: 0; border-top: 2px solid transparent; border-left: 6px solid #f4f4f4; border-bottom: 2px solid transparent; transform: translateX(16px) translateY(-4px) rotate(30deg)\"><\/div><\/div><div style=\"margin-left: auto;\"> <div style=\" width: 0px; border-top: 8px solid #F4F4F4; border-right: 8px solid transparent; transform: translateY(16px);\"><\/div> <div style=\" background-color: #F4F4F4; flex-grow: 0; height: 12px; width: 16px; transform: translateY(-4px);\"><\/div> <div style=\" width: 0; height: 0; border-top: 8px solid #F4F4F4; border-left: 8px solid transparent; transform: translateY(-4px) translateX(8px);\"><\/div><\/div><\/div> <div style=\"display: flex; flex-direction: column; flex-grow: 1; justify-content: center; margin-bottom: 24px;\"> <div style=\" background-color: #F4F4F4; border-radius: 4px; flex-grow: 0; height: 14px; margin-bottom: 6px; width: 224px;\"><\/div> <div style=\" background-color: #F4F4F4; border-radius: 4px; flex-grow: 0; height: 14px; width: 144px;\"><\/div><\/div><\/a><p style=\" color:#c9c8cd; font-family:Arial,sans-serif; font-size:14px; line-height:17px; margin-bottom:0; margin-top:8px; overflow:hidden; padding:8px 0 7px; text-align:center; text-overflow:ellipsis; white-space:nowrap;\"><a href=\"https:\/\/www.instagram.com\/p\/Cxq3TYCho-a\/?utm_source=ig_embed&amp;utm_campaign=loading\" style=\" color:#c9c8cd; font-family:Arial,sans-serif; font-size:14px; font-style:normal; font-weight:normal; line-height:17px; text-decoration:none;\" target=\"_blank\" rel=\"noopener\">Uma publica\u00e7\u00e3o compartilhada por JORNAL CORREIO | BAHIA (@correio24horas)<\/a><\/p><\/div><\/blockquote> <script async src=\"\/\/www.instagram.com\/embed.js\"><\/script>\n\n\n\n<p>Um dos coment\u00e1rios apontou conveni\u00eancia na a\u00e7\u00e3o. \u201cParece mais campanha para gringo ver. Nesse hor\u00e1rio o shopping j\u00e1 \u00e9 mais sossegado por natureza\u201d, afirmou o perfil.\u00a0<\/p>\n\n\n\n<p>Outra usu\u00e1ria deixou uma cr\u00edtica nos coment\u00e1rios ap\u00f3s a a\u00e7\u00e3o. \u201cHorr\u00edvel, que tipo de inclus\u00e3o \u00e9 essa? Cheguei l\u00e1 e n\u00e3o tinha mais nada. Vejo outros tipos de parques e atividades durarem dias, por que para crian\u00e7as at\u00edpicas e com dificuldade de compreender que aquele momento m\u00e1ssico s\u00f3 vai durar 1 hora?&#8221;, disse.<\/p>\n\n\n\n<p>A Hora Silenciosa inclui a\u00e7\u00f5es como pausa no tr\u00e1fego de carrinhos de coleta de lixo e de segways; utiliza\u00e7\u00e3o do r\u00e1dio comunica\u00e7\u00e3o apenas com fones de ouvido; desligamento de TVs, displays, totens e mega banners digitais, bem como r\u00e1dio mall e letreiros das lojas; redu\u00e7\u00e3o da ilumina\u00e7\u00e3o do shopping; retirada do \u00e1udio das cancelas de estacionamento; suspens\u00e3o de secadores de m\u00e3os e de dispensers autom\u00e1ticos de cheiros nos banheiros; frald\u00e1rios, banheiros infantis e de adultos com distribui\u00e7\u00e3o de protetores auriculares; distribui\u00e7\u00e3o de abafadores tamb\u00e9m nos Espa\u00e7os Fam\u00edlia, nos pisos L1 e L2, e Centro de Atendimento ao Cliente (CAC), no piso L2.<\/p>\n\n\n\n<div class=\"wp-block-columns is-layout-flex wp-container-core-columns-is-layout-2 wp-block-columns-is-layout-flex\">\n<div class=\"wp-block-column is-vertically-aligned-center is-layout-flow wp-block-column-is-layout-flow\" style=\"flex-basis:100%\">\n<div class=\"wp-block-group\"><div class=\"wp-block-group__inner-container is-layout-flow wp-block-group-is-layout-flow\">\n<div class=\"wp-block-columns is-layout-flex wp-container-core-columns-is-layout-1 wp-block-columns-is-layout-flex\">\n<div class=\"wp-block-column has-white-color has-white-background-color has-text-color has-background is-layout-flow wp-block-column-is-layout-flow\" style=\"flex-basis:100%\">\n<figure class=\"wp-block-gallery has-nested-images columns-5 is-cropped wp-block-gallery-2 is-layout-flex wp-block-gallery-is-layout-flex\">\n<figure class=\"wp-block-image size-large\"><img loading=\"lazy\" decoding=\"async\" width=\"241\" height=\"187\" src=\"http:\/\/id126ufba.com.br\/wp-content\/uploads\/2023\/10\/WhatsApp-Image-2023-10-02-at-11.53.44.jpeg\" alt=\"\" class=\"wp-image-40555\"\/><\/figure>\n\n\n\n<figure class=\"wp-block-image size-large\"><img loading=\"lazy\" decoding=\"async\" width=\"237\" height=\"244\" src=\"http:\/\/id126ufba.com.br\/wp-content\/uploads\/2023\/10\/WhatsApp-Image-2023-10-02-at-11.53.36.jpeg\" alt=\"\" class=\"wp-image-40554\"\/><\/figure>\n\n\n\n<figure class=\"wp-block-image size-large\"><img loading=\"lazy\" decoding=\"async\" width=\"243\" height=\"240\" src=\"http:\/\/id126ufba.com.br\/wp-content\/uploads\/2023\/10\/WhatsApp-Image-2023-10-02-at-11.52.16.jpeg\" alt=\"\" class=\"wp-image-40556\"\/><\/figure>\n\n\n\n<figure class=\"wp-block-image size-medium\"><img loading=\"lazy\" decoding=\"async\" width=\"267\" height=\"300\" src=\"https:\/\/id126ufba.com.br\/wp-content\/uploads\/2023\/10\/WhatsApp-Image-2023-10-02-at-11.51.31-267x300.jpeg\" alt=\"\" class=\"wp-image-40557\" srcset=\"https:\/\/id126ufba.com.br\/memoria\/wp-content\/uploads\/2023\/10\/WhatsApp-Image-2023-10-02-at-11.51.31-267x300.jpeg 267w, https:\/\/id126ufba.com.br\/memoria\/wp-content\/uploads\/2023\/10\/WhatsApp-Image-2023-10-02-at-11.51.31.jpeg 311w\" sizes=\"(max-width: 267px) 100vw, 267px\" \/><\/figure>\n\n\n\n<figure class=\"wp-block-image size-medium\"><img loading=\"lazy\" decoding=\"async\" width=\"300\" height=\"296\" src=\"https:\/\/id126ufba.com.br\/wp-content\/uploads\/2023\/10\/WhatsApp-Image-2023-10-02-at-11.50.18-300x296.jpeg\" alt=\"\" class=\"wp-image-40558\" srcset=\"https:\/\/id126ufba.com.br\/memoria\/wp-content\/uploads\/2023\/10\/WhatsApp-Image-2023-10-02-at-11.50.18-300x296.jpeg 300w, https:\/\/id126ufba.com.br\/memoria\/wp-content\/uploads\/2023\/10\/WhatsApp-Image-2023-10-02-at-11.50.18.jpeg 311w\" sizes=\"(max-width: 300px) 100vw, 300px\" \/><\/figure>\n<figcaption class=\"blocks-gallery-caption\">Familiares de crian\u00e7as autistas se manifestam em publica\u00e7\u00e3o do Jornal Correio<\/figcaption><\/figure>\n<\/div>\n<\/div>\n<\/div><\/div>\n<\/div>\n<\/div>\n\n\n\n<p>Al\u00e9m da programa\u00e7\u00e3o padr\u00e3o, a hora foi destinada ainda a um evento voltado para o p\u00fablico infantil entre os dois e 13 anos, a Arena Ghostforce e a sess\u00e3o \u201cIngresso Azul\u201d no Cinemark com a anima\u00e7\u00e3o \u201cA Fada do Dente\u201d, al\u00e9m de benef\u00edcios ofertados pelas opera\u00e7\u00f5es Villa Encantada e Planeta Imagin\u00e1rio para clientes neurodivergentes.<\/p>\n\n\n\n<p>Marcella Bandeira, publicit\u00e1ria de 34 anos, \u00e9 m\u00e3e de Guilherme, um menino de tr\u00eas anos que est\u00e1 no espectro autista. Para ela, que foi na maioria das edi\u00e7\u00f5es da Hora Silenciosa, a iniciativa \u00e9 necess\u00e1ria para seu filho, mas o tempo \u00e9 curto. \u201cS\u00f3 quem vive a maternidade at\u00edpica sabe da import\u00e2ncia. Eles sempre disponibilizam alguma a\u00e7\u00e3o para as crian\u00e7as se divertirem com qualidade e adaptam o ambiente para receber pessoas com transtorno do espectro autista. Tenho vontade que se repita por mais dias no m\u00eas e o tempo da a\u00e7\u00e3o tamb\u00e9m aumente\u201d, diz.&nbsp;&nbsp;<\/p>\n\n\n\n<p>Procurado, o Salvador Shopping afirmou, atrav\u00e9s de Ana Paula Fadul, m\u00e9dica e consultora de Inf\u00e2ncia do estabelecimento, que mesmo com a limita\u00e7\u00e3o de data e hor\u00e1rio nas atra\u00e7\u00f5es, est\u00e1 cumprindo sua fun\u00e7\u00e3o inclusiva ao proporcionar momentos gratuitos e de divers\u00e3o para as fam\u00edlias. \u201cDurante a visita ao shopping, a crian\u00e7a pode ter uma sobrecarga sensorial, o que leva essas pessoas a um n\u00edvel de esfor\u00e7o e estresse que podem desencadear uma verdadeira crise. Muitas vezes, por medo disso, os pais evitam levar seus filhos ao shopping, o que \u00e9 uma pena, j\u00e1 que \u00e9 um ambiente de intera\u00e7\u00e3o social importante\u201d, declara.<\/p>\n\n\n\n<p>Para Mariene Maciel, presidente da vertente baiana da Associa\u00e7\u00e3o Brasileira para A\u00e7\u00e3o por Direitos dos Autistas (Abra\u00e7a), ter medidas voltadas para crian\u00e7as e adolescentes autistas em um estabelecimento com grande fluxo de visitantes, mesmo que com um tempo limitado, \u00e9 um in\u00edcio. \u201cOs Shoppings, para muitas pessoas autistas e com sensibilidade auditiva e visual, s\u00e3o locais muito estressantes. Ter um hor\u00e1rio com menos est\u00edmulos j\u00e1 \u00e9 um grande avan\u00e7o para irmos aos poucos trabalhando cada vez mais com espa\u00e7os mais acess\u00edveis para todos o tempo todo\u201d, diz a especialista.<\/p>\n\n\n\n<p>Entretanto, Maciel defende que a efetividade da integra\u00e7\u00e3o s\u00f3 vira com o aux\u00edlio das autoridades. &#8220;Se o poder p\u00fablico cumprir e a sociedade encampar a Conven\u00e7\u00e3o Internacional dos Direitos das Pessoas com Defici\u00eancia, que foi internalizada no Brasil como Emenda Constitucional, e a Lei Brasileira de Inclus\u00e3o (LBI), todas as pessoas com defici\u00eancias e neurodiversas estar\u00e3o inclusas e respeitadas em nossas comunidades.<\/p>\n\n\n\n<p><strong>Medidas permanentes de inclus\u00e3o na C\u00e2mara de Vereadores <\/strong><\/p>\n\n\n\n<p>Em agosto de 2023, foi publicado no Di\u00e1rio Oficial do Legislativo o Projeto de Lei 170\/2023, do vereador <a href=\"https:\/\/www.cms.ba.gov.br\/noticias\/08-08-2023-atila-do-congo-propoe-criacao-de-salas-de-afeto\">\u00c1tila do Congo (Patriota),<\/a> que tornaria facultativo a espa\u00e7os como shopping centers, hipermercados, gin\u00e1sios, entre outros estabelecimentos similares, a cria\u00e7\u00e3o de \u201cSalas de Afeto\u201d, levando em considera\u00e7\u00e3o as necessidades espec\u00edficas das pessoas autistas.&nbsp;<\/p>\n\n\n\n<p>As Salas de Afeto, ou Calm Zones, j\u00e1 presentes nos estados de S\u00e3o Paulo e Mato Grosso, t\u00eam uma vantagem em compara\u00e7\u00e3o \u00e0 Hora Silenciosa: s\u00e3o projetadas com cores, equipamentos e ilumina\u00e7\u00e3o adaptados de forma espec\u00edfica ao Transtorno de Processamento Sensorial (TPS), presente em muitas pessoas autistas.<\/p>\n\n\n<div class=\"wp-block-image\">\n<figure class=\"aligncenter size-full\"><img loading=\"lazy\" decoding=\"async\" width=\"1024\" height=\"768\" src=\"https:\/\/id126ufba.com.br\/wp-content\/uploads\/2023\/10\/whatsapp-image-2022-06-08-at-10-58-29.jpeg\" alt=\"Sala de Afeto em S\u00e3o Jos\u00e9 dos Campos.  Vereador \u00c1tila do Congo prop\u00f5e que a medida seja aplicada em Salvador\" class=\"wp-image-40676\" srcset=\"https:\/\/id126ufba.com.br\/memoria\/wp-content\/uploads\/2023\/10\/whatsapp-image-2022-06-08-at-10-58-29.jpeg 1024w, https:\/\/id126ufba.com.br\/memoria\/wp-content\/uploads\/2023\/10\/whatsapp-image-2022-06-08-at-10-58-29-300x225.jpeg 300w, https:\/\/id126ufba.com.br\/memoria\/wp-content\/uploads\/2023\/10\/whatsapp-image-2022-06-08-at-10-58-29-768x576.jpeg 768w\" sizes=\"(max-width: 1024px) 100vw, 1024px\" \/><figcaption>Exemplo de Sala de Afeto presente em shopping de S\u00e3o Jos\u00e9 dos Campos, em S\u00e3o Paulo (Foto: Solu\u00e7\u00e3o Textual Assessoria)<\/figcaption><\/figure><\/div>\n\n\n<p>Segundo \u00c1tila do Congo, a ideia surgiu atrav\u00e9s das dificuldades expostas por familiares residentes nas comunidades visitadas pelo vereador. \u201cHouve diversas conversas e ideias, inclusive sobre essa falta de sensibilidade quanto \u00e0s pessoas autistas. Por isso, surge a proposta que sugere um espa\u00e7o espec\u00edfico para receber crian\u00e7as, adolescentes e adultos com TEA, bem como seus acompanhantes, durante epis\u00f3dios de ansiedade e agita\u00e7\u00e3o\u201d, conta.&nbsp;<\/p>\n\n\n\n<p>J\u00e9ssica Mendes, designer de interiores e 39 anos e m\u00e3e de Joaquim, de cinco anos, considera que a medida possibilitaria visitar ambientes como o shopping mesmo em hor\u00e1rios de maior movimento, como a hora de almo\u00e7o ou aos domingos. \u201cTer um espa\u00e7o que acolha essas fam\u00edlias \u00e9 muito importante para nos ajudar a manter uma rotina dentro do dito como normal\u201d, diz.<\/p>\n\n\n\n<p>Mendes considera que o espa\u00e7o de acolhimento diante de uma crise sensorial pode ser crucial para que pessoas autistas e seus familiares n\u00e3o fiquem reclusas, uma vez que a crise pode se manifestar atrav\u00e9s de comportamentos considerados \u2018inapropriados\u2019 por outras pessoas. \u201cConhe\u00e7o algumas fam\u00edlias que n\u00e3o saem com os filhos por vergonha diante a uma crise, porque infelizmente as pessoas ainda n\u00e3o tem empatia em acolher ao inv\u00e9s de julgar, e eles acabam ficando reclusos, sem sair de casa\u201d.<\/p>\n\n\n\n<p>\u00c9 o caso de Ana Paula Brito, de 47 anos, m\u00e3e de Ygor, crian\u00e7a autista n\u00e3o-verbal de 12 anos. \u201cEu saio muito pouco com meu filho. Gostaria de sair muito mais, mas acho que Salvador deixa muito a desejar quando o assunto \u00e9 inclus\u00e3o, de escolas a lugares p\u00fablicos, e n\u00e3o tem lugares espec\u00edficos para o lazer dos autistas. Isso dificulta a sa\u00edda, porque n\u00f3s recebemos olhares preconceituosos, [vemos] pessoas que chegam a confundir um autista em crise com uma crian\u00e7a mal educada\u201d, conta.<\/p>\n\n\n\n<p>O projeto de lei est\u00e1 atualmente na Comiss\u00e3o de Constitui\u00e7\u00e3o e Justi\u00e7a e aguarda voto do relator Paulo Magalh\u00e3es J\u00fanior (DEM) para que possa seguir seu tr\u00e2mite. Questionado quanto \u00e0s formas de garantir que a medida seria implantada, diante do teor facultativo, o vereador afirmou: \u201cAcima de qualquer coisa, a fiscaliza\u00e7\u00e3o desta casa deve ser o pilar para o bom funcionamento desta a\u00e7\u00e3o. Contamos tamb\u00e9m com os empres\u00e1rios para a inclus\u00e3o desta medida de forma garantidora dos direitos da pessoa com TEA\u201d. O projeto pode ser acompanhado clicando <a href=\"http:\/\/177.21.11.131:8888\/LEG\/Upload\/e-legislativo\/PLE1702023\/DEAE2C1B-7AC6-49A8-8186-2172952776CF.pdf\">aqui.<\/a>&nbsp;<\/p>\n\n\n\n<p>Maciel, presidente da Abra\u00e7a &#8211; BA, afirma que a associa\u00e7\u00e3o n\u00e3o tinha conhecimento do PL, mas que considera uma medida interessante. \u201cAcho que promover acessibilidade \u00e9 obriga\u00e7\u00e3o cotidiana. Concordo com as m\u00e3es: todos os ambientes, por lei, devem ser acess\u00edveis para todas as pessoas. Como grande parte dos autistas tem TPS, \u00e9 necess\u00e1rio que a sociedade se adapte para que esses sujeitos tenham uma boa qualidade de vida. Lutamos para que todos os espa\u00e7os sejam acolhedores para todas as pessoas&#8221;, comenta. Para a presidente, o objetivo de a\u00e7\u00f5es inclusivas deve ser a elimina\u00e7\u00e3o de barreiras f\u00edsicas, arquitet\u00f4nicas e atitudinais.<\/p>\n\n\n\n<p class=\"has-cyan-bluish-gray-background-color has-background\" style=\"font-size:15px\"><strong>Legisla\u00e7\u00e3o e Popula\u00e7\u00e3o&nbsp;<\/strong> O direito de pessoas com defici\u00eancia ao lazer, esporte, cultura e turismo em igualdade \u00e0s demais pessoas \u00e9 garantido pela Lei 13.146, a <a href=\"https:\/\/www.brasildefato.com.br\/2023\/09\/29\/politicas-publicas-para-pessoas-com-transtorno-do-espectro-autista-terao-mais-financiamento\">Lei Brasileira de Inclus\u00e3o da Pessoa com Defici\u00eancia.<\/a>&nbsp; O Censo de 2022 foi o primeiro a incluir uma pergunta para dimensionar quantos porcentos da popula\u00e7\u00e3o brasileira com defici\u00eancia s\u00e3o compostos por pessoas autistas, mas os resultados ainda n\u00e3o foram disponibilizados at\u00e9 o momento de publica\u00e7\u00e3o dessa mat\u00e9ria. Os n\u00fameros estipulados at\u00e9 ent\u00e3o s\u00e3o baseados em estudos peri\u00f3dicos do Centro de Controle e Preven\u00e7\u00e3o de Doen\u00e7as (CDC), ag\u00eancia p\u00fablica de sa\u00fade dos Estados Unidos, que apontam que existem entre 1 milh\u00e3o e 2 milh\u00f5es de pessoas dentro do espectro no Brasil.<\/p>\n","protected":false},"excerpt":{"rendered":"<p>Voltada para crian\u00e7as autistas, edi\u00e7\u00e3o mais recente da Hora Silenciosa aconteceu no \u00faltimo s\u00e1bado de setembro, das 9h \u00e0s 10h; familiares demandam medidas permanentes na cidade Desde abril deste ano, o Salvador Shopping promove, no \u00faltimo s\u00e1bado de cada m\u00eas, a Hora Silenciosa, conjunto de a\u00e7\u00f5es que tem o objetivo de criar condi\u00e7\u00f5es mais acolhedoras [&hellip;]<\/p>\n","protected":false},"author":2,"featured_media":40675,"comment_status":"open","ping_status":"open","sticky":false,"template":"","format":"standard","meta":{"_acf_changed":false,"_monsterinsights_skip_tracking":false,"_monsterinsights_sitenote_active":false,"_monsterinsights_sitenote_note":"","_monsterinsights_sitenote_category":0,"footnotes":""},"categories":[3059],"tags":[],"acf":[],"aioseo_notices":[],"yoast_head":"<!-- This site is optimized with the Yoast SEO plugin v24.5 - https:\/\/yoast.com\/wordpress\/plugins\/seo\/ -->\n<title>M\u00e3es criticam a\u00e7\u00e3o para crian\u00e7as autistas no Salvador Shopping: \u2018Hor\u00e1rio n\u00e3o combina\u2019 - Impressao Digital 126<\/title>\n<meta name=\"robots\" content=\"index, follow, max-snippet:-1, max-image-preview:large, max-video-preview:-1\" \/>\n<link rel=\"canonical\" href=\"https:\/\/id126ufba.com.br\/memoria\/maes-criticam-acao-para-criancas-autistas-no-salvador-shopping-horario-nao-combina\/\" \/>\n<meta property=\"og:locale\" content=\"pt_BR\" \/>\n<meta property=\"og:type\" content=\"article\" \/>\n<meta property=\"og:title\" content=\"M\u00e3es criticam a\u00e7\u00e3o para crian\u00e7as autistas no Salvador Shopping: \u2018Hor\u00e1rio n\u00e3o combina\u2019 - Impressao Digital 126\" \/>\n<meta property=\"og:description\" content=\"Voltada para crian\u00e7as autistas, edi\u00e7\u00e3o mais recente da Hora Silenciosa aconteceu no \u00faltimo s\u00e1bado de setembro, das 9h \u00e0s 10h; familiares demandam medidas permanentes na cidade Desde abril deste ano, o Salvador Shopping promove, no \u00faltimo s\u00e1bado de cada m\u00eas, a Hora Silenciosa, conjunto de a\u00e7\u00f5es que tem o objetivo de criar condi\u00e7\u00f5es mais acolhedoras [&hellip;]\" \/>\n<meta property=\"og:url\" content=\"https:\/\/id126ufba.com.br\/memoria\/maes-criticam-acao-para-criancas-autistas-no-salvador-shopping-horario-nao-combina\/\" \/>\n<meta property=\"og:site_name\" content=\"Impressao Digital 126\" \/>\n<meta property=\"article:published_time\" content=\"2023-10-04T13:36:56+00:00\" \/>\n<meta property=\"article:modified_time\" content=\"2023-10-04T13:36:58+00:00\" \/>\n<meta property=\"og:image\" content=\"https:\/\/id126ufba.com.br\/memoria\/wp-content\/uploads\/2023\/10\/WhatsApp-Image-2023-10-04-at-06.55.24.jpeg\" \/>\n\t<meta property=\"og:image:width\" content=\"1280\" \/>\n\t<meta property=\"og:image:height\" content=\"853\" \/>\n\t<meta property=\"og:image:type\" content=\"image\/jpeg\" \/>\n<meta name=\"author\" content=\"Editor\" \/>\n<meta name=\"twitter:card\" content=\"summary_large_image\" \/>\n<meta name=\"twitter:label1\" content=\"Escrito por\" \/>\n\t<meta name=\"twitter:data1\" content=\"Editor\" \/>\n\t<meta name=\"twitter:label2\" content=\"Est. tempo de leitura\" \/>\n\t<meta name=\"twitter:data2\" content=\"10 minutos\" \/>\n<script type=\"application\/ld+json\" class=\"yoast-schema-graph\">{\"@context\":\"https:\/\/schema.org\",\"@graph\":[{\"@type\":\"Article\",\"@id\":\"https:\/\/id126ufba.com.br\/memoria\/maes-criticam-acao-para-criancas-autistas-no-salvador-shopping-horario-nao-combina\/#article\",\"isPartOf\":{\"@id\":\"https:\/\/id126ufba.com.br\/memoria\/maes-criticam-acao-para-criancas-autistas-no-salvador-shopping-horario-nao-combina\/\"},\"author\":{\"name\":\"Editor\",\"@id\":\"https:\/\/id126ufba.com.br\/memoria\/#\/schema\/person\/4f42ebfe385625f80efb1e423b1971ee\"},\"headline\":\"M\u00e3es criticam a\u00e7\u00e3o para crian\u00e7as autistas no Salvador Shopping: \u2018Hor\u00e1rio n\u00e3o combina\u2019\",\"datePublished\":\"2023-10-04T13:36:56+00:00\",\"dateModified\":\"2023-10-04T13:36:58+00:00\",\"mainEntityOfPage\":{\"@id\":\"https:\/\/id126ufba.com.br\/memoria\/maes-criticam-acao-para-criancas-autistas-no-salvador-shopping-horario-nao-combina\/\"},\"wordCount\":1624,\"commentCount\":0,\"publisher\":{\"@id\":\"https:\/\/id126ufba.com.br\/memoria\/#organization\"},\"image\":{\"@id\":\"https:\/\/id126ufba.com.br\/memoria\/maes-criticam-acao-para-criancas-autistas-no-salvador-shopping-horario-nao-combina\/#primaryimage\"},\"thumbnailUrl\":\"https:\/\/id126ufba.com.br\/memoria\/wp-content\/uploads\/2023\/10\/WhatsApp-Image-2023-10-04-at-06.55.24.jpeg\",\"articleSection\":[\"Especial C\u00e2mara de Vereadores\"],\"inLanguage\":\"pt-BR\",\"potentialAction\":[{\"@type\":\"CommentAction\",\"name\":\"Comment\",\"target\":[\"https:\/\/id126ufba.com.br\/memoria\/maes-criticam-acao-para-criancas-autistas-no-salvador-shopping-horario-nao-combina\/#respond\"]}]},{\"@type\":\"WebPage\",\"@id\":\"https:\/\/id126ufba.com.br\/memoria\/maes-criticam-acao-para-criancas-autistas-no-salvador-shopping-horario-nao-combina\/\",\"url\":\"https:\/\/id126ufba.com.br\/memoria\/maes-criticam-acao-para-criancas-autistas-no-salvador-shopping-horario-nao-combina\/\",\"name\":\"M\u00e3es criticam a\u00e7\u00e3o para crian\u00e7as autistas no Salvador Shopping: \u2018Hor\u00e1rio n\u00e3o combina\u2019 - Impressao Digital 126\",\"isPartOf\":{\"@id\":\"https:\/\/id126ufba.com.br\/memoria\/#website\"},\"primaryImageOfPage\":{\"@id\":\"https:\/\/id126ufba.com.br\/memoria\/maes-criticam-acao-para-criancas-autistas-no-salvador-shopping-horario-nao-combina\/#primaryimage\"},\"image\":{\"@id\":\"https:\/\/id126ufba.com.br\/memoria\/maes-criticam-acao-para-criancas-autistas-no-salvador-shopping-horario-nao-combina\/#primaryimage\"},\"thumbnailUrl\":\"https:\/\/id126ufba.com.br\/memoria\/wp-content\/uploads\/2023\/10\/WhatsApp-Image-2023-10-04-at-06.55.24.jpeg\",\"datePublished\":\"2023-10-04T13:36:56+00:00\",\"dateModified\":\"2023-10-04T13:36:58+00:00\",\"breadcrumb\":{\"@id\":\"https:\/\/id126ufba.com.br\/memoria\/maes-criticam-acao-para-criancas-autistas-no-salvador-shopping-horario-nao-combina\/#breadcrumb\"},\"inLanguage\":\"pt-BR\",\"potentialAction\":[{\"@type\":\"ReadAction\",\"target\":[\"https:\/\/id126ufba.com.br\/memoria\/maes-criticam-acao-para-criancas-autistas-no-salvador-shopping-horario-nao-combina\/\"]}]},{\"@type\":\"ImageObject\",\"inLanguage\":\"pt-BR\",\"@id\":\"https:\/\/id126ufba.com.br\/memoria\/maes-criticam-acao-para-criancas-autistas-no-salvador-shopping-horario-nao-combina\/#primaryimage\",\"url\":\"https:\/\/id126ufba.com.br\/memoria\/wp-content\/uploads\/2023\/10\/WhatsApp-Image-2023-10-04-at-06.55.24.jpeg\",\"contentUrl\":\"https:\/\/id126ufba.com.br\/memoria\/wp-content\/uploads\/2023\/10\/WhatsApp-Image-2023-10-04-at-06.55.24.jpeg\",\"width\":1280,\"height\":853,\"caption\":\"A\u00e7\u00e3o Hora Silenciosa, que visa inclus\u00e3o de pessoas autistas, \u00e9 criticada por m\u00e3es\"},{\"@type\":\"BreadcrumbList\",\"@id\":\"https:\/\/id126ufba.com.br\/memoria\/maes-criticam-acao-para-criancas-autistas-no-salvador-shopping-horario-nao-combina\/#breadcrumb\",\"itemListElement\":[{\"@type\":\"ListItem\",\"position\":1,\"name\":\"In\u00edcio\",\"item\":\"https:\/\/id126ufba.com.br\/memoria\/\"},{\"@type\":\"ListItem\",\"position\":2,\"name\":\"M\u00e3es criticam a\u00e7\u00e3o para crian\u00e7as autistas no Salvador Shopping: \u2018Hor\u00e1rio n\u00e3o combina\u2019\"}]},{\"@type\":\"WebSite\",\"@id\":\"https:\/\/id126ufba.com.br\/memoria\/#website\",\"url\":\"https:\/\/id126ufba.com.br\/memoria\/\",\"name\":\"Impressao Digital 126\",\"description\":\"\",\"publisher\":{\"@id\":\"https:\/\/id126ufba.com.br\/memoria\/#organization\"},\"potentialAction\":[{\"@type\":\"SearchAction\",\"target\":{\"@type\":\"EntryPoint\",\"urlTemplate\":\"https:\/\/id126ufba.com.br\/memoria\/?s={search_term_string}\"},\"query-input\":{\"@type\":\"PropertyValueSpecification\",\"valueRequired\":true,\"valueName\":\"search_term_string\"}}],\"inLanguage\":\"pt-BR\"},{\"@type\":\"Organization\",\"@id\":\"https:\/\/id126ufba.com.br\/memoria\/#organization\",\"name\":\"Impressao Digital 126\",\"url\":\"https:\/\/id126ufba.com.br\/memoria\/\",\"logo\":{\"@type\":\"ImageObject\",\"inLanguage\":\"pt-BR\",\"@id\":\"https:\/\/id126ufba.com.br\/memoria\/#\/schema\/logo\/image\/\",\"url\":\"https:\/\/id126ufba.com.br\/memoria\/wp-content\/uploads\/2024\/07\/cropped-logo_memoria-1.png\",\"contentUrl\":\"https:\/\/id126ufba.com.br\/memoria\/wp-content\/uploads\/2024\/07\/cropped-logo_memoria-1.png\",\"width\":500,\"height\":100,\"caption\":\"Impressao Digital 126\"},\"image\":{\"@id\":\"https:\/\/id126ufba.com.br\/memoria\/#\/schema\/logo\/image\/\"}},{\"@type\":\"Person\",\"@id\":\"https:\/\/id126ufba.com.br\/memoria\/#\/schema\/person\/4f42ebfe385625f80efb1e423b1971ee\",\"name\":\"Editor\",\"image\":{\"@type\":\"ImageObject\",\"inLanguage\":\"pt-BR\",\"@id\":\"https:\/\/id126ufba.com.br\/memoria\/#\/schema\/person\/image\/\",\"url\":\"https:\/\/secure.gravatar.com\/avatar\/1d69d145a93605cda3e299a3b9c25751?s=96&d=mm&r=g\",\"contentUrl\":\"https:\/\/secure.gravatar.com\/avatar\/1d69d145a93605cda3e299a3b9c25751?s=96&d=mm&r=g\",\"caption\":\"Editor\"},\"url\":\"https:\/\/id126ufba.com.br\/memoria\/author\/editor\/\"}]}<\/script>\n<!-- \/ Yoast SEO plugin. -->","yoast_head_json":{"title":"M\u00e3es criticam a\u00e7\u00e3o para crian\u00e7as autistas no Salvador Shopping: \u2018Hor\u00e1rio n\u00e3o combina\u2019 - Impressao Digital 126","robots":{"index":"index","follow":"follow","max-snippet":"max-snippet:-1","max-image-preview":"max-image-preview:large","max-video-preview":"max-video-preview:-1"},"canonical":"https:\/\/id126ufba.com.br\/memoria\/maes-criticam-acao-para-criancas-autistas-no-salvador-shopping-horario-nao-combina\/","og_locale":"pt_BR","og_type":"article","og_title":"M\u00e3es criticam a\u00e7\u00e3o para crian\u00e7as autistas no Salvador Shopping: \u2018Hor\u00e1rio n\u00e3o combina\u2019 - Impressao Digital 126","og_description":"Voltada para crian\u00e7as autistas, edi\u00e7\u00e3o mais recente da Hora Silenciosa aconteceu no \u00faltimo s\u00e1bado de setembro, das 9h \u00e0s 10h; familiares demandam medidas permanentes na cidade Desde abril deste ano, o Salvador Shopping promove, no \u00faltimo s\u00e1bado de cada m\u00eas, a Hora Silenciosa, conjunto de a\u00e7\u00f5es que tem o objetivo de criar condi\u00e7\u00f5es mais acolhedoras [&hellip;]","og_url":"https:\/\/id126ufba.com.br\/memoria\/maes-criticam-acao-para-criancas-autistas-no-salvador-shopping-horario-nao-combina\/","og_site_name":"Impressao Digital 126","article_published_time":"2023-10-04T13:36:56+00:00","article_modified_time":"2023-10-04T13:36:58+00:00","og_image":[{"width":1280,"height":853,"url":"https:\/\/id126ufba.com.br\/memoria\/wp-content\/uploads\/2023\/10\/WhatsApp-Image-2023-10-04-at-06.55.24.jpeg","type":"image\/jpeg"}],"author":"Editor","twitter_card":"summary_large_image","twitter_misc":{"Escrito por":"Editor","Est. tempo de leitura":"10 minutos"},"schema":{"@context":"https:\/\/schema.org","@graph":[{"@type":"Article","@id":"https:\/\/id126ufba.com.br\/memoria\/maes-criticam-acao-para-criancas-autistas-no-salvador-shopping-horario-nao-combina\/#article","isPartOf":{"@id":"https:\/\/id126ufba.com.br\/memoria\/maes-criticam-acao-para-criancas-autistas-no-salvador-shopping-horario-nao-combina\/"},"author":{"name":"Editor","@id":"https:\/\/id126ufba.com.br\/memoria\/#\/schema\/person\/4f42ebfe385625f80efb1e423b1971ee"},"headline":"M\u00e3es criticam a\u00e7\u00e3o para crian\u00e7as autistas no Salvador Shopping: \u2018Hor\u00e1rio n\u00e3o combina\u2019","datePublished":"2023-10-04T13:36:56+00:00","dateModified":"2023-10-04T13:36:58+00:00","mainEntityOfPage":{"@id":"https:\/\/id126ufba.com.br\/memoria\/maes-criticam-acao-para-criancas-autistas-no-salvador-shopping-horario-nao-combina\/"},"wordCount":1624,"commentCount":0,"publisher":{"@id":"https:\/\/id126ufba.com.br\/memoria\/#organization"},"image":{"@id":"https:\/\/id126ufba.com.br\/memoria\/maes-criticam-acao-para-criancas-autistas-no-salvador-shopping-horario-nao-combina\/#primaryimage"},"thumbnailUrl":"https:\/\/id126ufba.com.br\/memoria\/wp-content\/uploads\/2023\/10\/WhatsApp-Image-2023-10-04-at-06.55.24.jpeg","articleSection":["Especial C\u00e2mara de Vereadores"],"inLanguage":"pt-BR","potentialAction":[{"@type":"CommentAction","name":"Comment","target":["https:\/\/id126ufba.com.br\/memoria\/maes-criticam-acao-para-criancas-autistas-no-salvador-shopping-horario-nao-combina\/#respond"]}]},{"@type":"WebPage","@id":"https:\/\/id126ufba.com.br\/memoria\/maes-criticam-acao-para-criancas-autistas-no-salvador-shopping-horario-nao-combina\/","url":"https:\/\/id126ufba.com.br\/memoria\/maes-criticam-acao-para-criancas-autistas-no-salvador-shopping-horario-nao-combina\/","name":"M\u00e3es criticam a\u00e7\u00e3o para crian\u00e7as autistas no Salvador Shopping: \u2018Hor\u00e1rio n\u00e3o combina\u2019 - Impressao Digital 126","isPartOf":{"@id":"https:\/\/id126ufba.com.br\/memoria\/#website"},"primaryImageOfPage":{"@id":"https:\/\/id126ufba.com.br\/memoria\/maes-criticam-acao-para-criancas-autistas-no-salvador-shopping-horario-nao-combina\/#primaryimage"},"image":{"@id":"https:\/\/id126ufba.com.br\/memoria\/maes-criticam-acao-para-criancas-autistas-no-salvador-shopping-horario-nao-combina\/#primaryimage"},"thumbnailUrl":"https:\/\/id126ufba.com.br\/memoria\/wp-content\/uploads\/2023\/10\/WhatsApp-Image-2023-10-04-at-06.55.24.jpeg","datePublished":"2023-10-04T13:36:56+00:00","dateModified":"2023-10-04T13:36:58+00:00","breadcrumb":{"@id":"https:\/\/id126ufba.com.br\/memoria\/maes-criticam-acao-para-criancas-autistas-no-salvador-shopping-horario-nao-combina\/#breadcrumb"},"inLanguage":"pt-BR","potentialAction":[{"@type":"ReadAction","target":["https:\/\/id126ufba.com.br\/memoria\/maes-criticam-acao-para-criancas-autistas-no-salvador-shopping-horario-nao-combina\/"]}]},{"@type":"ImageObject","inLanguage":"pt-BR","@id":"https:\/\/id126ufba.com.br\/memoria\/maes-criticam-acao-para-criancas-autistas-no-salvador-shopping-horario-nao-combina\/#primaryimage","url":"https:\/\/id126ufba.com.br\/memoria\/wp-content\/uploads\/2023\/10\/WhatsApp-Image-2023-10-04-at-06.55.24.jpeg","contentUrl":"https:\/\/id126ufba.com.br\/memoria\/wp-content\/uploads\/2023\/10\/WhatsApp-Image-2023-10-04-at-06.55.24.jpeg","width":1280,"height":853,"caption":"A\u00e7\u00e3o Hora Silenciosa, que visa inclus\u00e3o de pessoas autistas, \u00e9 criticada por m\u00e3es"},{"@type":"BreadcrumbList","@id":"https:\/\/id126ufba.com.br\/memoria\/maes-criticam-acao-para-criancas-autistas-no-salvador-shopping-horario-nao-combina\/#breadcrumb","itemListElement":[{"@type":"ListItem","position":1,"name":"In\u00edcio","item":"https:\/\/id126ufba.com.br\/memoria\/"},{"@type":"ListItem","position":2,"name":"M\u00e3es criticam a\u00e7\u00e3o para crian\u00e7as autistas no Salvador Shopping: \u2018Hor\u00e1rio n\u00e3o combina\u2019"}]},{"@type":"WebSite","@id":"https:\/\/id126ufba.com.br\/memoria\/#website","url":"https:\/\/id126ufba.com.br\/memoria\/","name":"Impressao Digital 126","description":"","publisher":{"@id":"https:\/\/id126ufba.com.br\/memoria\/#organization"},"potentialAction":[{"@type":"SearchAction","target":{"@type":"EntryPoint","urlTemplate":"https:\/\/id126ufba.com.br\/memoria\/?s={search_term_string}"},"query-input":{"@type":"PropertyValueSpecification","valueRequired":true,"valueName":"search_term_string"}}],"inLanguage":"pt-BR"},{"@type":"Organization","@id":"https:\/\/id126ufba.com.br\/memoria\/#organization","name":"Impressao Digital 126","url":"https:\/\/id126ufba.com.br\/memoria\/","logo":{"@type":"ImageObject","inLanguage":"pt-BR","@id":"https:\/\/id126ufba.com.br\/memoria\/#\/schema\/logo\/image\/","url":"https:\/\/id126ufba.com.br\/memoria\/wp-content\/uploads\/2024\/07\/cropped-logo_memoria-1.png","contentUrl":"https:\/\/id126ufba.com.br\/memoria\/wp-content\/uploads\/2024\/07\/cropped-logo_memoria-1.png","width":500,"height":100,"caption":"Impressao Digital 126"},"image":{"@id":"https:\/\/id126ufba.com.br\/memoria\/#\/schema\/logo\/image\/"}},{"@type":"Person","@id":"https:\/\/id126ufba.com.br\/memoria\/#\/schema\/person\/4f42ebfe385625f80efb1e423b1971ee","name":"Editor","image":{"@type":"ImageObject","inLanguage":"pt-BR","@id":"https:\/\/id126ufba.com.br\/memoria\/#\/schema\/person\/image\/","url":"https:\/\/secure.gravatar.com\/avatar\/1d69d145a93605cda3e299a3b9c25751?s=96&d=mm&r=g","contentUrl":"https:\/\/secure.gravatar.com\/avatar\/1d69d145a93605cda3e299a3b9c25751?s=96&d=mm&r=g","caption":"Editor"},"url":"https:\/\/id126ufba.com.br\/memoria\/author\/editor\/"}]}},"_links":{"self":[{"href":"https:\/\/id126ufba.com.br\/memoria\/wp-json\/wp\/v2\/posts\/40539"}],"collection":[{"href":"https:\/\/id126ufba.com.br\/memoria\/wp-json\/wp\/v2\/posts"}],"about":[{"href":"https:\/\/id126ufba.com.br\/memoria\/wp-json\/wp\/v2\/types\/post"}],"author":[{"embeddable":true,"href":"https:\/\/id126ufba.com.br\/memoria\/wp-json\/wp\/v2\/users\/2"}],"replies":[{"embeddable":true,"href":"https:\/\/id126ufba.com.br\/memoria\/wp-json\/wp\/v2\/comments?post=40539"}],"version-history":[{"count":19,"href":"https:\/\/id126ufba.com.br\/memoria\/wp-json\/wp\/v2\/posts\/40539\/revisions"}],"predecessor-version":[{"id":40793,"href":"https:\/\/id126ufba.com.br\/memoria\/wp-json\/wp\/v2\/posts\/40539\/revisions\/40793"}],"wp:featuredmedia":[{"embeddable":true,"href":"https:\/\/id126ufba.com.br\/memoria\/wp-json\/wp\/v2\/media\/40675"}],"wp:attachment":[{"href":"https:\/\/id126ufba.com.br\/memoria\/wp-json\/wp\/v2\/media?parent=40539"}],"wp:term":[{"taxonomy":"category","embeddable":true,"href":"https:\/\/id126ufba.com.br\/memoria\/wp-json\/wp\/v2\/categories?post=40539"},{"taxonomy":"post_tag","embeddable":true,"href":"https:\/\/id126ufba.com.br\/memoria\/wp-json\/wp\/v2\/tags?post=40539"}],"curies":[{"name":"wp","href":"https:\/\/api.w.org\/{rel}","templated":true}]}}