{"id":40573,"date":"2023-10-04T10:44:12","date_gmt":"2023-10-04T13:44:12","guid":{"rendered":"https:\/\/id126ufba.com.br\/?p=40573"},"modified":"2023-10-04T11:39:28","modified_gmt":"2023-10-04T14:39:28","slug":"vereador-propoe-lei-para-evitar-suicidios-no-metro-de-salvador","status":"publish","type":"post","link":"https:\/\/id126ufba.com.br\/memoria\/vereador-propoe-lei-para-evitar-suicidios-no-metro-de-salvador\/","title":{"rendered":"Vereador prop\u00f5e lei para evitar suic\u00eddios no metr\u00f4 de Salvador"},"content":{"rendered":"\n<p><em>Projeto, que prev\u00ea instala\u00e7\u00e3o de grades e redes nas esta\u00e7\u00f5es do sistema metrovi\u00e1rio, ainda n\u00e3o tem previs\u00e3o para ser votado <\/em><\/p>\n\n\n\n<hr class=\"wp-block-separator has-alpha-channel-opacity\"\/>\n\n\n\n<p><mark style=\"background-color:rgba(0, 0, 0, 0)\" class=\"has-inline-color has-black-color\">Um<\/mark> Projeto de Lei do Poder Executivo (PLE-240\/2023), protocolado na C\u00e2mara Municipal de Salvador no dia 18 de setembro, prev\u00ea a instala\u00e7\u00e3o de mecanismos de prote\u00e7\u00e3o nas esta\u00e7\u00f5es de metr\u00f4 de Salvador com o intuito de impedir acidentes e casos de suic\u00eddio no sistema metrovi\u00e1rio.\u00a0<\/p>\n\n\n\n<p>A iniciativa, proposta pelo vereador Leandro Guerrilha (PP) durante o Setembro Amarelo \u2013 campanha de preven\u00e7\u00e3o ao suic\u00eddio a n\u00edvel nacional iniciada em 2015 \u2013 levou em conta os casos de suic\u00eddio que j\u00e1 ocorreram no metr\u00f4 da cidade. Para evitar novas ocorr\u00eancias, \u00e9 sugerida a coloca\u00e7\u00e3o de grades e redes de prote\u00e7\u00e3o na parte interna das esta\u00e7\u00f5es.<\/p>\n\n\n\n<div class=\"wp-block-group alignwide\"><div class=\"wp-block-group__inner-container is-layout-flow wp-block-group-is-layout-flow\">\n<div class=\"wp-block-group alignwide\"><div class=\"wp-block-group__inner-container is-layout-flow wp-block-group-is-layout-flow\">\n<div class=\"wp-block-columns is-layout-flex wp-container-core-columns-is-layout-1 wp-block-columns-is-layout-flex\">\n<div class=\"wp-block-column is-layout-flow wp-block-column-is-layout-flow\" style=\"flex-basis:100%\"><div class=\"wp-block-image\">\n<figure class=\"aligncenter is-resized\"><img loading=\"lazy\" decoding=\"async\" src=\"https:\/\/id126ufba.com.br\/wp-content\/uploads\/2023\/10\/image-1024x1024.png\" alt=\"\" class=\"wp-image-40578\" width=\"418\" height=\"418\" srcset=\"https:\/\/id126ufba.com.br\/memoria\/wp-content\/uploads\/2023\/10\/image-1024x1024.png 1024w, https:\/\/id126ufba.com.br\/memoria\/wp-content\/uploads\/2023\/10\/image-300x300.png 300w, https:\/\/id126ufba.com.br\/memoria\/wp-content\/uploads\/2023\/10\/image-150x150.png 150w, https:\/\/id126ufba.com.br\/memoria\/wp-content\/uploads\/2023\/10\/image-768x768.png 768w, https:\/\/id126ufba.com.br\/memoria\/wp-content\/uploads\/2023\/10\/image.png 1069w\" sizes=\"(max-width: 418px) 100vw, 418px\" \/><figcaption><em>Vereador Leandro Guerrilha (PP) \u00e9 autor do projeto (Foto: Divulga\u00e7\u00e3o\/C\u00e2mara Municipal de Salvador)<\/em><\/figcaption><\/figure><\/div><\/div>\n<\/div>\n<\/div><\/div>\n<\/div><\/div>\n\n\n\n<p>&#8220;A nossa preocupa\u00e7\u00e3o com a vida [foi o que motivou a cria\u00e7\u00e3o do projeto]. N\u00e3o temos nada que proteja quem vai embarcar nos trens do metr\u00f4. Em S\u00e3o Paulo, j\u00e1 temos essas portas autom\u00e1ticas. No m\u00eas de setembro, fizemos a campanha de preven\u00e7\u00e3o a vida e contra o suic\u00eddio, j\u00e1 perdemos vidas no pr\u00f3prio metr\u00f4 de Salvador&#8221;, destacou o autor do PLE.<\/p>\n\n\n\n<p>Para dar andamento ao projeto, Guerrilha acrescentou que j\u00e1 entrou em contato com a CCR Metr\u00f4 Bahia, empresa que opera o metr\u00f4 no estado, mas n\u00e3o obteve retorno at\u00e9 ent\u00e3o. Nas passarelas de acesso \u00e0s esta\u00e7\u00f5es, grades anti suic\u00eddio foram implantadas em 2019.<\/p>\n\n\n\n<p>Nas redes sociais, o vereador tem feito campanhas pela populariza\u00e7\u00e3o da sua proposta, al\u00e9m de convocar seus seguidores a pedirem a aprova\u00e7\u00e3o do projeto de lei.&nbsp;<\/p>\n\n\n\n<div class=\"wp-block-media-text alignwide has-media-on-the-right is-stacked-on-mobile\" style=\"grid-template-columns:auto 29%\"><figure class=\"wp-block-media-text__media\"><video controls src=\"http:\/\/id126ufba.com.br\/wp-content\/uploads\/2023\/10\/Snapinsta.app_video_10000000_249407591423242_5774010644511405677_n.mp4\"><\/video><\/figure><div class=\"wp-block-media-text__content\">\n<blockquote class=\"wp-block-quote is-layout-flow wp-block-quote-is-layout-flow\"><p>&#8220;QUERO A SUA OPINIAO E AJUDA!! Voc\u00ea APROVA?? Dei entrada no Projeto de LEI pedindo que seja colocada grades de prote\u00e7\u00e3o para quem vai pegar o metr\u00f4, essa a\u00e7\u00e3o visa evitar acidentes e at\u00e9 mesmo atentado contra a pr\u00f3pria vida!! Se voc\u00ea est\u00e1 de acordo compartilhe e digite a palavra EU APROVO!!&#8221;<\/p><cite>Leandro Guerrilha no Instagram<\/cite><\/blockquote>\n\n\n\n<p class=\"has-text-align-center\"><em>(Reprodu\u00e7\u00e3o\/Instagram)<\/em><\/p>\n<\/div><\/div>\n\n\n\n<p>Procurada para dar um posicionamento sobre o PLE, a CCR Metr\u00f4 Bahia orientou que o Governo do Estado fosse procurado por meio da Companhia de Transportes do Estado da Bahia (CTB) e a Secretaria de Desenvolvimento Urbano (Sedur-BA) para falar sobre o assunto. As duas entidades foram procuradas, mas n\u00e3o responderam at\u00e9 o fechamento desta mat\u00e9ria.<\/p>\n\n\n\n<p>O PLE-240\/2033 j\u00e1 foi encaminhado para a Comiss\u00e3o de Constitui\u00e7\u00e3o de Justi\u00e7a e Reda\u00e7\u00e3o Final, onde aguarda a designa\u00e7\u00e3o do relator para entrar na pauta da C\u00e2mara Municipal. Segundo Leandro Guerrilha, somente ap\u00f3s esta etapa dever\u00e1 ser estabelecida a data de vota\u00e7\u00e3o. At\u00e9 l\u00e1, a expectativa \u00e9 otimista. &#8220;Acredito que iremos aprovar em plen\u00e1rio, sim&#8221;, declarou o vereador.\u00a0\u00a0<\/p>\n\n\n\n<p><strong>Preven\u00e7\u00e3o al\u00e9m das barreiras<\/strong><\/p>\n\n\n\n<p>Segundo a Superintend\u00eancia de Estudos Econ\u00f4micos e Sociais da Bahia (SEI-BA), s\u00f3 em 2022 a Bahia registrou 850 casos de suic\u00eddio. O n\u00famero \u00e9 1% maior do que o registrado em 2021 e segue a tend\u00eancia de aumento de casos&nbsp; que surgiu no estado a partir de 2019, conforme evolu\u00e7\u00e3o das taxas de vitimiza\u00e7\u00e3o por suic\u00eddio a cada 100 mil baianos de 2000 a 2022, computada no infogr\u00e1fico abaixo:<\/p>\n\n\n<div class=\"wp-block-image\">\n<figure class=\"aligncenter size-large is-resized\"><img decoding=\"async\" src=\"https:\/\/id126ufba.com.br\/wp-content\/uploads\/2023\/10\/image-3-1024x390.png\" alt=\"\" class=\"wp-image-40639\" width=\"-66\" height=\"-25\" srcset=\"https:\/\/id126ufba.com.br\/memoria\/wp-content\/uploads\/2023\/10\/image-3-1024x390.png 1024w, https:\/\/id126ufba.com.br\/memoria\/wp-content\/uploads\/2023\/10\/image-3-300x114.png 300w, https:\/\/id126ufba.com.br\/memoria\/wp-content\/uploads\/2023\/10\/image-3-768x293.png 768w, https:\/\/id126ufba.com.br\/memoria\/wp-content\/uploads\/2023\/10\/image-3-1536x586.png 1536w, https:\/\/id126ufba.com.br\/memoria\/wp-content\/uploads\/2023\/10\/image-3.png 1600w\" sizes=\"(max-width: 1024px) 100vw, 1024px\" \/><figcaption>Fonte: Relat\u00f3rio de Suic\u00eddios na Bahia de 2022 da SEI-BA<\/figcaption><\/figure><\/div>\n\n\n<p>Foi verificado tamb\u00e9m o aumento de 29,8% na quantidade de casos de suic\u00eddio nos tr\u00eas anos de pandemia em rela\u00e7\u00e3o aos tr\u00eas anos anteriores. Em abril de 2020, uma mulher morreu ap\u00f3s se jogar no metr\u00f4 de Salvador. O caso gerou como\u00e7\u00e3o por aqueles que testemunharam o ocorrido.<\/p>\n\n\n\n<p>Em maio de 2022, outro caso, desta vez envolvendo uma adolescente de 16 anos que&nbsp;sofria de ansiedade e depress\u00e3o, e estaria supostamente decepcionada com seu desempenho escolar, comoveu a popula\u00e7\u00e3o que teve acesso ao acontecimento por relatos e v\u00eddeos nas redes sociais.<\/p>\n\n\n\n<div class=\"wp-block-columns is-layout-flex wp-container-core-columns-is-layout-2 wp-block-columns-is-layout-flex\">\n<div class=\"wp-block-column is-layout-flow wp-block-column-is-layout-flow\" style=\"flex-basis:100%\">\n<figure class=\"wp-block-gallery has-nested-images columns-3 wp-block-gallery-1 is-layout-flex wp-block-gallery-is-layout-flex\">\n<figure class=\"wp-block-image size-full\"><img loading=\"lazy\" decoding=\"async\" width=\"901\" height=\"369\" src=\"https:\/\/id126ufba.com.br\/wp-content\/uploads\/2023\/10\/tweets-suicidio-savador-3.png\" alt=\"\" class=\"wp-image-40642\" srcset=\"https:\/\/id126ufba.com.br\/memoria\/wp-content\/uploads\/2023\/10\/tweets-suicidio-savador-3.png 901w, https:\/\/id126ufba.com.br\/memoria\/wp-content\/uploads\/2023\/10\/tweets-suicidio-savador-3-300x123.png 300w, https:\/\/id126ufba.com.br\/memoria\/wp-content\/uploads\/2023\/10\/tweets-suicidio-savador-3-768x315.png 768w\" sizes=\"(max-width: 901px) 100vw, 901px\" \/><\/figure>\n\n\n\n<figure class=\"wp-block-image size-full\"><img loading=\"lazy\" decoding=\"async\" width=\"895\" height=\"439\" src=\"https:\/\/id126ufba.com.br\/wp-content\/uploads\/2023\/10\/tweets-suicidio-savador-2.png\" alt=\"\" class=\"wp-image-40641\" srcset=\"https:\/\/id126ufba.com.br\/memoria\/wp-content\/uploads\/2023\/10\/tweets-suicidio-savador-2.png 895w, https:\/\/id126ufba.com.br\/memoria\/wp-content\/uploads\/2023\/10\/tweets-suicidio-savador-2-300x147.png 300w, https:\/\/id126ufba.com.br\/memoria\/wp-content\/uploads\/2023\/10\/tweets-suicidio-savador-2-768x377.png 768w\" sizes=\"(max-width: 895px) 100vw, 895px\" \/><\/figure>\n\n\n\n<figure class=\"wp-block-image size-full\"><img loading=\"lazy\" decoding=\"async\" width=\"895\" height=\"439\" src=\"https:\/\/id126ufba.com.br\/wp-content\/uploads\/2023\/10\/tweets-suicidio-savador.png\" alt=\"\" class=\"wp-image-40640\" srcset=\"https:\/\/id126ufba.com.br\/memoria\/wp-content\/uploads\/2023\/10\/tweets-suicidio-savador.png 895w, https:\/\/id126ufba.com.br\/memoria\/wp-content\/uploads\/2023\/10\/tweets-suicidio-savador-300x147.png 300w, https:\/\/id126ufba.com.br\/memoria\/wp-content\/uploads\/2023\/10\/tweets-suicidio-savador-768x377.png 768w\" sizes=\"(max-width: 895px) 100vw, 895px\" \/><\/figure>\n<figcaption class=\"blocks-gallery-caption\">Tweets sobre casos de suic\u00eddio no metr\u00f4 de Salvador<\/figcaption><\/figure>\n<\/div>\n<\/div>\n\n\n\n<p><strong>Prote\u00e7\u00e3o al\u00e9m das barreiras<\/strong>&nbsp;<\/p>\n\n\n\n<p>Para a psic\u00f3loga Tha\u00eds Melo, os n\u00fameros mostram que o suic\u00eddio \u00e9 uma quest\u00e3o social de relev\u00e2ncia para a sa\u00fade p\u00fablica. \u201c\u00c9 dever do Estado se debru\u00e7ar em medidas e estrat\u00e9gias para prevenir esse ato de desespero extremo\u201d, enfatiza.<\/p>\n\n\n\n<p>Ainda de acordo com dados da SEI, em 2022, de cada 10 suic\u00eddios na Bahia, 5 ocorreram fora do domic\u00edlio da v\u00edtima, o que inclui vias p\u00fablicas. Entre as v\u00edtimas, 59,5% s\u00e3o adultos e 26,1% s\u00e3o jovens.&nbsp;<\/p>\n\n\n\n<p>Questionada sobre o PLE-240\/2023, a profissional afirma que esta \u00e9 uma proposta eficaz, mas n\u00e3o pode ser o \u00fanico m\u00e9todo de preven\u00e7\u00e3o. \u201cColocar grades em viadutos ou metr\u00f4 n\u00e3o pode ser uma estrat\u00e9gia isolada, porque somente a grade n\u00e3o evita que essa pessoa deixe de tentar de outras formas\u201d.<\/p>\n\n\n\n<figure class=\"wp-block-video\"><video controls src=\"https:\/\/id126ufba.com.br\/wp-content\/uploads\/2023\/10\/viadutos.mp4\"><\/video><\/figure>\n\n\n\n<p>As grades nos viadutos foi um projeto de lei proposto pelo deputado Capit\u00e3o Alden do PSL, sugerindo a instala\u00e7\u00e3o \u201cem locais de grande fluxo de ve\u00edculos e em locais onde apresentam maior n\u00famero de ocorr\u00eancias de suic\u00eddio\u201d. O deputado tamb\u00e9m prop\u00f4s a instala\u00e7\u00e3o nas estruturas de aparelho telef\u00f4nico, com liga\u00e7\u00e3o direta com o centro de preven\u00e7\u00e3o de suic\u00eddios ou outros n\u00fameros de emerg\u00eancia.<\/p>\n\n\n\n<p>Considerado um tabu, uma vez que existe a cren\u00e7a popular de que falar sobre suic\u00eddio pode incentivar outras pessoas, Tha\u00eds Melo defende que falar de forma correta evita que pessoas acreditem que s\u00f3 tem essa medida como estrat\u00e9gia. \u201cA inten\u00e7\u00e3o \u00e9 falar sobre suic\u00eddio nos espa\u00e7os por profissionais capacitados, para que outras pessoas se sintam \u00e0 vontade e protegidas para buscar ajuda quando necess\u00e1rio\u201d, pontua.<\/p>\n\n\n\n<p>Outra sugest\u00e3o apresentada por ela \u00e9 facilitar o acesso da popula\u00e7\u00e3o ao atendimento com profissionais de sa\u00fade mental, psiquiatras e psic\u00f3logos, principalmente nas Unidades B\u00e1sicas de Sa\u00fade. Essa medida permite que as pessoas possam recorrer aos profissionais para tratar o adoecimento mental antes que isso se torne uma inten\u00e7\u00e3o suicida.<\/p>\n","protected":false},"excerpt":{"rendered":"<p>Projeto, que prev\u00ea instala\u00e7\u00e3o de grades e redes nas esta\u00e7\u00f5es do sistema metrovi\u00e1rio, ainda n\u00e3o tem previs\u00e3o para ser votado Um Projeto de Lei do Poder Executivo (PLE-240\/2023), protocolado na C\u00e2mara Municipal de Salvador no dia 18 de setembro, prev\u00ea a instala\u00e7\u00e3o de mecanismos de prote\u00e7\u00e3o nas esta\u00e7\u00f5es de metr\u00f4 de Salvador com o intuito [&hellip;]<\/p>\n","protected":false},"author":2,"featured_media":40577,"comment_status":"open","ping_status":"open","sticky":false,"template":"","format":"standard","meta":{"_acf_changed":false,"_monsterinsights_skip_tracking":false,"_monsterinsights_sitenote_active":false,"_monsterinsights_sitenote_note":"","_monsterinsights_sitenote_category":0,"footnotes":""},"categories":[3059],"tags":[],"acf":[],"aioseo_notices":[],"yoast_head":"<!-- This site is optimized with the Yoast SEO plugin v24.5 - https:\/\/yoast.com\/wordpress\/plugins\/seo\/ -->\n<title>Vereador prop\u00f5e lei para evitar suic\u00eddios no metr\u00f4 de Salvador - Impressao Digital 126<\/title>\n<meta name=\"robots\" content=\"index, follow, max-snippet:-1, max-image-preview:large, max-video-preview:-1\" \/>\n<link rel=\"canonical\" href=\"https:\/\/id126ufba.com.br\/memoria\/vereador-propoe-lei-para-evitar-suicidios-no-metro-de-salvador\/\" \/>\n<meta property=\"og:locale\" content=\"pt_BR\" \/>\n<meta property=\"og:type\" content=\"article\" \/>\n<meta property=\"og:title\" content=\"Vereador prop\u00f5e lei para evitar suic\u00eddios no metr\u00f4 de Salvador - Impressao Digital 126\" \/>\n<meta property=\"og:description\" content=\"Projeto, que prev\u00ea instala\u00e7\u00e3o de grades e redes nas esta\u00e7\u00f5es do sistema metrovi\u00e1rio, ainda n\u00e3o tem previs\u00e3o para ser votado Um Projeto de Lei do Poder Executivo (PLE-240\/2023), protocolado na C\u00e2mara Municipal de Salvador no dia 18 de setembro, prev\u00ea a instala\u00e7\u00e3o de mecanismos de prote\u00e7\u00e3o nas esta\u00e7\u00f5es de metr\u00f4 de Salvador com o intuito [&hellip;]\" \/>\n<meta property=\"og:url\" content=\"https:\/\/id126ufba.com.br\/memoria\/vereador-propoe-lei-para-evitar-suicidios-no-metro-de-salvador\/\" \/>\n<meta property=\"og:site_name\" content=\"Impressao Digital 126\" \/>\n<meta property=\"article:published_time\" content=\"2023-10-04T13:44:12+00:00\" \/>\n<meta property=\"article:modified_time\" content=\"2023-10-04T14:39:28+00:00\" \/>\n<meta property=\"og:image\" content=\"https:\/\/id126ufba.com.br\/memoria\/wp-content\/uploads\/2023\/10\/CCR-Metro-Baha-2.jpeg\" \/>\n\t<meta property=\"og:image:width\" content=\"1122\" \/>\n\t<meta property=\"og:image:height\" content=\"707\" \/>\n\t<meta property=\"og:image:type\" content=\"image\/jpeg\" \/>\n<meta name=\"author\" content=\"Editor\" \/>\n<meta name=\"twitter:card\" content=\"summary_large_image\" \/>\n<meta name=\"twitter:label1\" content=\"Escrito por\" \/>\n\t<meta name=\"twitter:data1\" content=\"Editor\" \/>\n\t<meta name=\"twitter:label2\" content=\"Est. tempo de leitura\" \/>\n\t<meta name=\"twitter:data2\" content=\"7 minutos\" \/>\n<script type=\"application\/ld+json\" class=\"yoast-schema-graph\">{\"@context\":\"https:\/\/schema.org\",\"@graph\":[{\"@type\":\"Article\",\"@id\":\"https:\/\/id126ufba.com.br\/memoria\/vereador-propoe-lei-para-evitar-suicidios-no-metro-de-salvador\/#article\",\"isPartOf\":{\"@id\":\"https:\/\/id126ufba.com.br\/memoria\/vereador-propoe-lei-para-evitar-suicidios-no-metro-de-salvador\/\"},\"author\":{\"name\":\"Editor\",\"@id\":\"https:\/\/id126ufba.com.br\/memoria\/#\/schema\/person\/4f42ebfe385625f80efb1e423b1971ee\"},\"headline\":\"Vereador prop\u00f5e lei para evitar suic\u00eddios no metr\u00f4 de Salvador\",\"datePublished\":\"2023-10-04T13:44:12+00:00\",\"dateModified\":\"2023-10-04T14:39:28+00:00\",\"mainEntityOfPage\":{\"@id\":\"https:\/\/id126ufba.com.br\/memoria\/vereador-propoe-lei-para-evitar-suicidios-no-metro-de-salvador\/\"},\"wordCount\":1045,\"commentCount\":0,\"publisher\":{\"@id\":\"https:\/\/id126ufba.com.br\/memoria\/#organization\"},\"image\":{\"@id\":\"https:\/\/id126ufba.com.br\/memoria\/vereador-propoe-lei-para-evitar-suicidios-no-metro-de-salvador\/#primaryimage\"},\"thumbnailUrl\":\"https:\/\/id126ufba.com.br\/memoria\/wp-content\/uploads\/2023\/10\/CCR-Metro-Baha-2.jpeg\",\"articleSection\":[\"Especial C\u00e2mara de Vereadores\"],\"inLanguage\":\"pt-BR\",\"potentialAction\":[{\"@type\":\"CommentAction\",\"name\":\"Comment\",\"target\":[\"https:\/\/id126ufba.com.br\/memoria\/vereador-propoe-lei-para-evitar-suicidios-no-metro-de-salvador\/#respond\"]}]},{\"@type\":\"WebPage\",\"@id\":\"https:\/\/id126ufba.com.br\/memoria\/vereador-propoe-lei-para-evitar-suicidios-no-metro-de-salvador\/\",\"url\":\"https:\/\/id126ufba.com.br\/memoria\/vereador-propoe-lei-para-evitar-suicidios-no-metro-de-salvador\/\",\"name\":\"Vereador prop\u00f5e lei para evitar suic\u00eddios no metr\u00f4 de Salvador - Impressao Digital 126\",\"isPartOf\":{\"@id\":\"https:\/\/id126ufba.com.br\/memoria\/#website\"},\"primaryImageOfPage\":{\"@id\":\"https:\/\/id126ufba.com.br\/memoria\/vereador-propoe-lei-para-evitar-suicidios-no-metro-de-salvador\/#primaryimage\"},\"image\":{\"@id\":\"https:\/\/id126ufba.com.br\/memoria\/vereador-propoe-lei-para-evitar-suicidios-no-metro-de-salvador\/#primaryimage\"},\"thumbnailUrl\":\"https:\/\/id126ufba.com.br\/memoria\/wp-content\/uploads\/2023\/10\/CCR-Metro-Baha-2.jpeg\",\"datePublished\":\"2023-10-04T13:44:12+00:00\",\"dateModified\":\"2023-10-04T14:39:28+00:00\",\"breadcrumb\":{\"@id\":\"https:\/\/id126ufba.com.br\/memoria\/vereador-propoe-lei-para-evitar-suicidios-no-metro-de-salvador\/#breadcrumb\"},\"inLanguage\":\"pt-BR\",\"potentialAction\":[{\"@type\":\"ReadAction\",\"target\":[\"https:\/\/id126ufba.com.br\/memoria\/vereador-propoe-lei-para-evitar-suicidios-no-metro-de-salvador\/\"]}]},{\"@type\":\"ImageObject\",\"inLanguage\":\"pt-BR\",\"@id\":\"https:\/\/id126ufba.com.br\/memoria\/vereador-propoe-lei-para-evitar-suicidios-no-metro-de-salvador\/#primaryimage\",\"url\":\"https:\/\/id126ufba.com.br\/memoria\/wp-content\/uploads\/2023\/10\/CCR-Metro-Baha-2.jpeg\",\"contentUrl\":\"https:\/\/id126ufba.com.br\/memoria\/wp-content\/uploads\/2023\/10\/CCR-Metro-Baha-2.jpeg\",\"width\":1122,\"height\":707},{\"@type\":\"BreadcrumbList\",\"@id\":\"https:\/\/id126ufba.com.br\/memoria\/vereador-propoe-lei-para-evitar-suicidios-no-metro-de-salvador\/#breadcrumb\",\"itemListElement\":[{\"@type\":\"ListItem\",\"position\":1,\"name\":\"In\u00edcio\",\"item\":\"https:\/\/id126ufba.com.br\/memoria\/\"},{\"@type\":\"ListItem\",\"position\":2,\"name\":\"Vereador prop\u00f5e lei para evitar suic\u00eddios no metr\u00f4 de Salvador\"}]},{\"@type\":\"WebSite\",\"@id\":\"https:\/\/id126ufba.com.br\/memoria\/#website\",\"url\":\"https:\/\/id126ufba.com.br\/memoria\/\",\"name\":\"Impressao Digital 126\",\"description\":\"\",\"publisher\":{\"@id\":\"https:\/\/id126ufba.com.br\/memoria\/#organization\"},\"potentialAction\":[{\"@type\":\"SearchAction\",\"target\":{\"@type\":\"EntryPoint\",\"urlTemplate\":\"https:\/\/id126ufba.com.br\/memoria\/?s={search_term_string}\"},\"query-input\":{\"@type\":\"PropertyValueSpecification\",\"valueRequired\":true,\"valueName\":\"search_term_string\"}}],\"inLanguage\":\"pt-BR\"},{\"@type\":\"Organization\",\"@id\":\"https:\/\/id126ufba.com.br\/memoria\/#organization\",\"name\":\"Impressao Digital 126\",\"url\":\"https:\/\/id126ufba.com.br\/memoria\/\",\"logo\":{\"@type\":\"ImageObject\",\"inLanguage\":\"pt-BR\",\"@id\":\"https:\/\/id126ufba.com.br\/memoria\/#\/schema\/logo\/image\/\",\"url\":\"https:\/\/id126ufba.com.br\/memoria\/wp-content\/uploads\/2024\/07\/cropped-logo_memoria-1.png\",\"contentUrl\":\"https:\/\/id126ufba.com.br\/memoria\/wp-content\/uploads\/2024\/07\/cropped-logo_memoria-1.png\",\"width\":500,\"height\":100,\"caption\":\"Impressao Digital 126\"},\"image\":{\"@id\":\"https:\/\/id126ufba.com.br\/memoria\/#\/schema\/logo\/image\/\"}},{\"@type\":\"Person\",\"@id\":\"https:\/\/id126ufba.com.br\/memoria\/#\/schema\/person\/4f42ebfe385625f80efb1e423b1971ee\",\"name\":\"Editor\",\"image\":{\"@type\":\"ImageObject\",\"inLanguage\":\"pt-BR\",\"@id\":\"https:\/\/id126ufba.com.br\/memoria\/#\/schema\/person\/image\/\",\"url\":\"https:\/\/secure.gravatar.com\/avatar\/1d69d145a93605cda3e299a3b9c25751?s=96&d=mm&r=g\",\"contentUrl\":\"https:\/\/secure.gravatar.com\/avatar\/1d69d145a93605cda3e299a3b9c25751?s=96&d=mm&r=g\",\"caption\":\"Editor\"},\"url\":\"https:\/\/id126ufba.com.br\/memoria\/author\/editor\/\"}]}<\/script>\n<!-- \/ Yoast SEO plugin. -->","yoast_head_json":{"title":"Vereador prop\u00f5e lei para evitar suic\u00eddios no metr\u00f4 de Salvador - Impressao Digital 126","robots":{"index":"index","follow":"follow","max-snippet":"max-snippet:-1","max-image-preview":"max-image-preview:large","max-video-preview":"max-video-preview:-1"},"canonical":"https:\/\/id126ufba.com.br\/memoria\/vereador-propoe-lei-para-evitar-suicidios-no-metro-de-salvador\/","og_locale":"pt_BR","og_type":"article","og_title":"Vereador prop\u00f5e lei para evitar suic\u00eddios no metr\u00f4 de Salvador - Impressao Digital 126","og_description":"Projeto, que prev\u00ea instala\u00e7\u00e3o de grades e redes nas esta\u00e7\u00f5es do sistema metrovi\u00e1rio, ainda n\u00e3o tem previs\u00e3o para ser votado Um Projeto de Lei do Poder Executivo (PLE-240\/2023), protocolado na C\u00e2mara Municipal de Salvador no dia 18 de setembro, prev\u00ea a instala\u00e7\u00e3o de mecanismos de prote\u00e7\u00e3o nas esta\u00e7\u00f5es de metr\u00f4 de Salvador com o intuito [&hellip;]","og_url":"https:\/\/id126ufba.com.br\/memoria\/vereador-propoe-lei-para-evitar-suicidios-no-metro-de-salvador\/","og_site_name":"Impressao Digital 126","article_published_time":"2023-10-04T13:44:12+00:00","article_modified_time":"2023-10-04T14:39:28+00:00","og_image":[{"width":1122,"height":707,"url":"https:\/\/id126ufba.com.br\/memoria\/wp-content\/uploads\/2023\/10\/CCR-Metro-Baha-2.jpeg","type":"image\/jpeg"}],"author":"Editor","twitter_card":"summary_large_image","twitter_misc":{"Escrito por":"Editor","Est. tempo de leitura":"7 minutos"},"schema":{"@context":"https:\/\/schema.org","@graph":[{"@type":"Article","@id":"https:\/\/id126ufba.com.br\/memoria\/vereador-propoe-lei-para-evitar-suicidios-no-metro-de-salvador\/#article","isPartOf":{"@id":"https:\/\/id126ufba.com.br\/memoria\/vereador-propoe-lei-para-evitar-suicidios-no-metro-de-salvador\/"},"author":{"name":"Editor","@id":"https:\/\/id126ufba.com.br\/memoria\/#\/schema\/person\/4f42ebfe385625f80efb1e423b1971ee"},"headline":"Vereador prop\u00f5e lei para evitar suic\u00eddios no metr\u00f4 de Salvador","datePublished":"2023-10-04T13:44:12+00:00","dateModified":"2023-10-04T14:39:28+00:00","mainEntityOfPage":{"@id":"https:\/\/id126ufba.com.br\/memoria\/vereador-propoe-lei-para-evitar-suicidios-no-metro-de-salvador\/"},"wordCount":1045,"commentCount":0,"publisher":{"@id":"https:\/\/id126ufba.com.br\/memoria\/#organization"},"image":{"@id":"https:\/\/id126ufba.com.br\/memoria\/vereador-propoe-lei-para-evitar-suicidios-no-metro-de-salvador\/#primaryimage"},"thumbnailUrl":"https:\/\/id126ufba.com.br\/memoria\/wp-content\/uploads\/2023\/10\/CCR-Metro-Baha-2.jpeg","articleSection":["Especial C\u00e2mara de Vereadores"],"inLanguage":"pt-BR","potentialAction":[{"@type":"CommentAction","name":"Comment","target":["https:\/\/id126ufba.com.br\/memoria\/vereador-propoe-lei-para-evitar-suicidios-no-metro-de-salvador\/#respond"]}]},{"@type":"WebPage","@id":"https:\/\/id126ufba.com.br\/memoria\/vereador-propoe-lei-para-evitar-suicidios-no-metro-de-salvador\/","url":"https:\/\/id126ufba.com.br\/memoria\/vereador-propoe-lei-para-evitar-suicidios-no-metro-de-salvador\/","name":"Vereador prop\u00f5e lei para evitar suic\u00eddios no metr\u00f4 de Salvador - Impressao Digital 126","isPartOf":{"@id":"https:\/\/id126ufba.com.br\/memoria\/#website"},"primaryImageOfPage":{"@id":"https:\/\/id126ufba.com.br\/memoria\/vereador-propoe-lei-para-evitar-suicidios-no-metro-de-salvador\/#primaryimage"},"image":{"@id":"https:\/\/id126ufba.com.br\/memoria\/vereador-propoe-lei-para-evitar-suicidios-no-metro-de-salvador\/#primaryimage"},"thumbnailUrl":"https:\/\/id126ufba.com.br\/memoria\/wp-content\/uploads\/2023\/10\/CCR-Metro-Baha-2.jpeg","datePublished":"2023-10-04T13:44:12+00:00","dateModified":"2023-10-04T14:39:28+00:00","breadcrumb":{"@id":"https:\/\/id126ufba.com.br\/memoria\/vereador-propoe-lei-para-evitar-suicidios-no-metro-de-salvador\/#breadcrumb"},"inLanguage":"pt-BR","potentialAction":[{"@type":"ReadAction","target":["https:\/\/id126ufba.com.br\/memoria\/vereador-propoe-lei-para-evitar-suicidios-no-metro-de-salvador\/"]}]},{"@type":"ImageObject","inLanguage":"pt-BR","@id":"https:\/\/id126ufba.com.br\/memoria\/vereador-propoe-lei-para-evitar-suicidios-no-metro-de-salvador\/#primaryimage","url":"https:\/\/id126ufba.com.br\/memoria\/wp-content\/uploads\/2023\/10\/CCR-Metro-Baha-2.jpeg","contentUrl":"https:\/\/id126ufba.com.br\/memoria\/wp-content\/uploads\/2023\/10\/CCR-Metro-Baha-2.jpeg","width":1122,"height":707},{"@type":"BreadcrumbList","@id":"https:\/\/id126ufba.com.br\/memoria\/vereador-propoe-lei-para-evitar-suicidios-no-metro-de-salvador\/#breadcrumb","itemListElement":[{"@type":"ListItem","position":1,"name":"In\u00edcio","item":"https:\/\/id126ufba.com.br\/memoria\/"},{"@type":"ListItem","position":2,"name":"Vereador prop\u00f5e lei para evitar suic\u00eddios no metr\u00f4 de Salvador"}]},{"@type":"WebSite","@id":"https:\/\/id126ufba.com.br\/memoria\/#website","url":"https:\/\/id126ufba.com.br\/memoria\/","name":"Impressao Digital 126","description":"","publisher":{"@id":"https:\/\/id126ufba.com.br\/memoria\/#organization"},"potentialAction":[{"@type":"SearchAction","target":{"@type":"EntryPoint","urlTemplate":"https:\/\/id126ufba.com.br\/memoria\/?s={search_term_string}"},"query-input":{"@type":"PropertyValueSpecification","valueRequired":true,"valueName":"search_term_string"}}],"inLanguage":"pt-BR"},{"@type":"Organization","@id":"https:\/\/id126ufba.com.br\/memoria\/#organization","name":"Impressao Digital 126","url":"https:\/\/id126ufba.com.br\/memoria\/","logo":{"@type":"ImageObject","inLanguage":"pt-BR","@id":"https:\/\/id126ufba.com.br\/memoria\/#\/schema\/logo\/image\/","url":"https:\/\/id126ufba.com.br\/memoria\/wp-content\/uploads\/2024\/07\/cropped-logo_memoria-1.png","contentUrl":"https:\/\/id126ufba.com.br\/memoria\/wp-content\/uploads\/2024\/07\/cropped-logo_memoria-1.png","width":500,"height":100,"caption":"Impressao Digital 126"},"image":{"@id":"https:\/\/id126ufba.com.br\/memoria\/#\/schema\/logo\/image\/"}},{"@type":"Person","@id":"https:\/\/id126ufba.com.br\/memoria\/#\/schema\/person\/4f42ebfe385625f80efb1e423b1971ee","name":"Editor","image":{"@type":"ImageObject","inLanguage":"pt-BR","@id":"https:\/\/id126ufba.com.br\/memoria\/#\/schema\/person\/image\/","url":"https:\/\/secure.gravatar.com\/avatar\/1d69d145a93605cda3e299a3b9c25751?s=96&d=mm&r=g","contentUrl":"https:\/\/secure.gravatar.com\/avatar\/1d69d145a93605cda3e299a3b9c25751?s=96&d=mm&r=g","caption":"Editor"},"url":"https:\/\/id126ufba.com.br\/memoria\/author\/editor\/"}]}},"_links":{"self":[{"href":"https:\/\/id126ufba.com.br\/memoria\/wp-json\/wp\/v2\/posts\/40573"}],"collection":[{"href":"https:\/\/id126ufba.com.br\/memoria\/wp-json\/wp\/v2\/posts"}],"about":[{"href":"https:\/\/id126ufba.com.br\/memoria\/wp-json\/wp\/v2\/types\/post"}],"author":[{"embeddable":true,"href":"https:\/\/id126ufba.com.br\/memoria\/wp-json\/wp\/v2\/users\/2"}],"replies":[{"embeddable":true,"href":"https:\/\/id126ufba.com.br\/memoria\/wp-json\/wp\/v2\/comments?post=40573"}],"version-history":[{"count":25,"href":"https:\/\/id126ufba.com.br\/memoria\/wp-json\/wp\/v2\/posts\/40573\/revisions"}],"predecessor-version":[{"id":40876,"href":"https:\/\/id126ufba.com.br\/memoria\/wp-json\/wp\/v2\/posts\/40573\/revisions\/40876"}],"wp:featuredmedia":[{"embeddable":true,"href":"https:\/\/id126ufba.com.br\/memoria\/wp-json\/wp\/v2\/media\/40577"}],"wp:attachment":[{"href":"https:\/\/id126ufba.com.br\/memoria\/wp-json\/wp\/v2\/media?parent=40573"}],"wp:term":[{"taxonomy":"category","embeddable":true,"href":"https:\/\/id126ufba.com.br\/memoria\/wp-json\/wp\/v2\/categories?post=40573"},{"taxonomy":"post_tag","embeddable":true,"href":"https:\/\/id126ufba.com.br\/memoria\/wp-json\/wp\/v2\/tags?post=40573"}],"curies":[{"name":"wp","href":"https:\/\/api.w.org\/{rel}","templated":true}]}}