{"id":40648,"date":"2023-10-04T10:35:20","date_gmt":"2023-10-04T13:35:20","guid":{"rendered":"https:\/\/id126ufba.com.br\/?p=40648"},"modified":"2023-10-04T10:35:21","modified_gmt":"2023-10-04T13:35:21","slug":"vereadores-projetos-camara-de-salvador","status":"publish","type":"post","link":"https:\/\/id126ufba.com.br\/memoria\/vereadores-projetos-camara-de-salvador\/","title":{"rendered":"Vereadores novatos apresentam mais projetos que os reeleitos na C\u00e2mara de Salvador"},"content":{"rendered":"\n<p><em>Confira os dados sobre a atua\u00e7\u00e3o dos parlamentares desde 2021<\/em>.<\/p>\n\n\n\n<p>Levantamento sobre atividades na C\u00e2mara Municipal de Salvador entre os anos de 2021 e 2023 aponta que, embora os \u201cvereadores de carreira\u201d tenham mais estabilidade na Casa legislativa, eles s\u00e3o menos produtivos que os demais. A exemplo disso, o Partido Social Democrata (PSD), legenda mais inativa, \u00e9 respons\u00e1vel apenas por 0,4% do total de propostas e seu representante est\u00e1 no terceiro mandato consecutivo.<\/p>\n\n\n\n<p>Al\u00e9m disso, <a href=\"https:\/\/www.cms.ba.gov.br\/noticias\/21-12-2022-emocao-marca-despedida-de-geraldo-junior-da-camara\" target=\"_blank\" rel=\"noreferrer noopener\">desde a sa\u00edda de Geraldo J\u00fanior<\/a>, do Movimento Democr\u00e1tico Brasileiro (MDB), para o cargo de vice-governador do estado, o partido n\u00e3o apresentou nenhum projeto. J\u00e1 o Partido Verde (PV) tem a maior produtividade, com m\u00e9dia de 92 propostas por parlamentar nos \u00faltimos tr\u00eas anos.<\/p>\n\n\n\n<p>O estudo considera Projetos de Lei (PLE), Projetos de Lei Complementar (PLC), Projetos de Emenda a LOM (PEL) e Projetos de Decreto Legislativo (PDL), por serem os principais mecanismos do legislativo municipal na cria\u00e7\u00e3o de leis (confira o gloss\u00e1rio ao final da mat\u00e9ria). N\u00e3o foram inclu\u00eddos nas estat\u00edsticas mo\u00e7\u00f5es, requerimentos internos e de ordem p\u00fablica e Propostas de Indica\u00e7\u00e3o.<\/p>\n\n\n\n<figure class=\"wp-block-embed is-type-wp-embed is-provider-genially wp-block-embed-genially\"><div class=\"wp-block-embed__wrapper\">\n<iframe class=\"wp-embedded-content\" sandbox=\"allow-scripts\" security=\"restricted\" title=\"Infogr\u00e1fico-parlamentares-por-partido\" frameborder='0' width='1200' height='675' src='https:\/\/view.genially.com\/651aeb94efc42e00116f5705#?secret=WCRdyRQnnY' data-secret='WCRdyRQnnY' scrolling='yes'><\/iframe>\n<\/div><figcaption>Infogr\u00e1fico 1: Parlamentares por legenda<\/figcaption><\/figure>\n\n\n\n<p><strong>Novos mandatos incentivam mais propostas<\/strong><\/p>\n\n\n\n<p>Apesar de ocuparem a mesma quantidade de cadeiras, os suplentes e novatos da C\u00e2mara superam os reeleitos em n\u00famero de propostas. Juntos, s\u00e3o respons\u00e1veis por 550 (60,2%), do total de 914 projetos apresentados desde o in\u00edcio dessa legislatura. Enquanto 364 (39,8%) s\u00e3o de autoria daqueles que t\u00eam mais estabilidade no cargo.<\/p>\n\n\n\n<p>Para o especialista em Ci\u00eancia Pol\u00edtica, Danilo Uzeda, a produtividade dos novos edis pode ser vista como uma resposta \u00e0s suas bases diante da conquista in\u00e9dita no parlamento. \u201cH\u00e1 ineg\u00e1vel est\u00edmulo para o novato apresentar um conjunto de projetos de demanda da sua base eleitoral, que levou a sua elei\u00e7\u00e3o como novidade. Enquanto o parlamentar em mandato consecutivo n\u00e3o necessariamente \u00e9 menos produtivo, mas pode ter uma outra estrat\u00e9gia de apresentar projetos ou de fazer composi\u00e7\u00e3o para aprova\u00e7\u00e3o dos seus projetos\u201d, explica Uzeda.<\/p>\n\n\n\n<p>Na \u00faltima elei\u00e7\u00e3o, o total de parlamentares reeleitos foi 26, mas dois desses n\u00e3o puderam dar seguimento ao mandato. \u00c9 o caso dos vereadores Irm\u00e3o L\u00e1zaro (PL) e Daniel Rios (Patriotas), que faleceram no in\u00edcio de 2021. Foram considerados, portanto, apenas 24 reelegidos. Como &#8220;novatos&#8221; foram classificados tanto aqueles em seu primeiro mandato quanto pol\u00edticos de carreira, mas que n\u00e3o ocupavam cargo na legislatura anterior. Estes constitu\u00edram a minoria de 17. Entre suplentes que assumiram desde o in\u00edcio da legislatura e aqueles que supriram a aus\u00eancia de parlamentares afastados, foram contados o total de 7.<\/p>\n\n\n\n<figure class=\"wp-block-embed is-type-wp-embed is-provider-genially wp-block-embed-genially\"><div class=\"wp-block-embed__wrapper\">\n<iframe class=\"wp-embedded-content\" sandbox=\"allow-scripts\" security=\"restricted\" title=\"Infogr\u00e1fico-Projetos-por-partido\" frameborder='0' width='1200' height='675' src='https:\/\/view.genially.com\/651b46bd17049c0012162917#?secret=P9Fhs3rGiQ' data-secret='P9Fhs3rGiQ' scrolling='yes'><\/iframe>\n<\/div><figcaption>Infogr\u00e1fico 2: Produtividade dos partidos<\/figcaption><\/figure>\n\n\n\n<p><strong>Cadeira garantida?<\/strong><\/p>\n\n\n\n<p>O Partido Social Democr\u00e1tico (PSD) est\u00e1 em \u00faltimo lugar em produtividade, com 4 projetos apresentados desde 2021. Naquele ano, o vereador Edvaldo Brito, \u00fanico representante da legenda, iniciou seu terceiro mandato consecutivo na C\u00e2mara.<\/p>\n\n\n\n<p>A reelei\u00e7\u00e3o de parlamentares que prestam pouco servi\u00e7o aos cidad\u00e3os parece contradit\u00f3ria. Mas a estabilidade desses pol\u00edticos pode ser justificada por diversos fatores. De acordo com Uzeda, a cria\u00e7\u00e3o de v\u00ednculos dos edis \u2014 seja por clientelismo, compadrio, promessas de ganho pol\u00edtico ou negocia\u00e7\u00f5es mais justas \u2014 podem favorec\u00ea-los durante as elei\u00e7\u00f5es. \u201cUm parlamentar pertence a grupos de interesse, grupos de press\u00e3o, movimentos pol\u00edticos ou grupos econ\u00f4micos que bancam e financiam suas campanhas. Portanto, tem a possibilidade de se manter na pol\u00edtica por muitos mandatos, n\u00e3o necessariamente por sua produtividade em termos de projetos, mas em termos de articula\u00e7\u00e3o pol\u00edtica. Ainda que pare\u00e7a simples de se observar, na pr\u00e1tica \u00e9 um arranjo institucional bastante formulado\u201d.<\/p>\n\n\n\n<p>O baixo n\u00famero de projetos demonstra pouca efici\u00eancia na fun\u00e7\u00e3o legislativa, inerente ao mandato de um vereador. Durante o levantamento, no entanto, outro tipo de proposta se destacou na atua\u00e7\u00e3o de Brito pela discrep\u00e2ncia dos n\u00fameros em compara\u00e7\u00e3o a outros eleitos e a seu pr\u00f3prio desempenho no que se refere a proposi\u00e7\u00f5es. Ao longo do seu atual mandato, apresentou o total de 47 Requerimentos de Utilidade P\u00fablica, mais que o triplo do segundo colocado T\u00e9o Senna (PSDB), com 15. Um RUP \u00e9 uma solicita\u00e7\u00e3o de reconhecimento de institui\u00e7\u00f5es sem fins lucrativos \u2014 como entidades, funda\u00e7\u00f5es e associa\u00e7\u00f5es civis \u2014 como prestadoras de servi\u00e7os \u00e0 sociedade. O T\u00edtulo de Utilidade P\u00fablica tamb\u00e9m \u00e9 necess\u00e1rio para que essas institui\u00e7\u00f5es possam receber recursos p\u00fablicos.<\/p>\n\n\n\n<p><strong>Mandato mais eficiente<\/strong><\/p>\n\n\n\n<p>A pesquisa constatou que o PV \u00e9 o partido mais atuante da Casa. O estreante Andr\u00e9 Fraga foi autor de 92 propostas no per\u00edodo de an\u00e1lise. O que torna o partido o primeiro em apresenta\u00e7\u00e3o de projetos por vereador e o terceiro em n\u00fameros gerais, com apenas 1 parlamentar \u2014 atr\u00e1s de Progressistas (131), com 6, e PT (94), com 5. Uma observa\u00e7\u00e3o para o fato de que 64% dos projetos de Fraga s\u00e3o sugest\u00f5es de altera\u00e7\u00f5es de nomes de ruas.<\/p>\n\n\n\n<p><strong>Todos os dados da foram baseados no canal de Transpar\u00eancia da C\u00e2mara de Vereadores de Salvador. <\/strong><a href=\"http:\/\/177.136.123.157\/leg\/salvador\/LEG_SYS_produtividade_parlamentar_proposicao\/\" target=\"_blank\" rel=\"noreferrer noopener\">Confira aqui.<\/a><\/p>\n\n\n\n<figure class=\"wp-block-table is-style-stripes\"><table><tbody><tr><td><strong>Gloss\u00e1rio<\/strong><\/td><\/tr><tr><td><strong>Projetos de Lei:<\/strong> ato pelo qual se prop\u00f5e ao Legislativo a cria\u00e7\u00e3o de uma lei. Seu instrumento \u00e9 o projeto a ser submetido \u00e0 aprecia\u00e7\u00e3o do Plen\u00e1rio. A iniciativa pode ser geral ou reservada. <a href=\"https:\/\/www12.senado.leg.br\/perguntas-frequentes\/canais-de-atendimento\/atividade-legislativa\/o-que-sao-projetos-de-lei-de-decreto-legislativo-e-de-resolucao\" target=\"_blank\" rel=\"noreferrer noopener\">Ver mais.<\/a><\/td><\/tr><tr><td><strong>Projeto de Lei Complementar (PLC):<\/strong> modelos de proposi\u00e7\u00f5es realizadas pelos vereadores que visam complementar a Lei Org\u00e2nica do Munic\u00edpio. Para a aprova\u00e7\u00e3o de uma lei complementar haver\u00e1 necessidade dos votos da maioria absoluta dos Vereadores. <a href=\"https:\/\/www.interlegis.leg.br\/capacitacao\/publicacoes-e-modelos\/documentos-legislativos\/minutas-de-projetos-de-lei-complementar#:~:text=Tratam%2Dse%20de%20modelos%20de,dever%C3%A3o%20agregar%20ao%20processo%20legislativo.\">Ver mais.<\/a><\/td><\/tr><tr><td><strong>Projetos de Emenda a LOM (PEL):<\/strong> proposi\u00e7\u00f5es realizadas pelos vereaadores, que visam complementar a Lei Org\u00e2nica do Munic\u00edpio. <a href=\"https:\/\/www.cms.ba.gov.br\/lei-organica\" target=\"_blank\" rel=\"noreferrer noopener\">Ver mais.<\/a><\/td><\/tr><tr><td><strong>Projetos de Decreto Legislativo (PDL)<\/strong>: O Projeto de Decreto Legislativo \u2013 PDL \u2013 \u00e9 uma proposta elaborada por um vereador que se refere exclusivamente ao Poder Legislativo. <a href=\"https:\/\/www.saopaulo.sp.leg.br\/blog\/entenda-o-que-sao-plds-projeto-de-decreto-legislativo\/\" target=\"_blank\" rel=\"noreferrer noopener\">Ver mais.<\/a><\/td><\/tr><tr><td><strong>Mo\u00e7\u00e3o:<\/strong> Proposi\u00e7\u00e3o por meio da qual se manifesta apoio, pesar ou protesto em rela\u00e7\u00e3o a acontecimentos de relev\u00e2ncia p\u00fablica ou social. Ver mais.<\/td><\/tr><tr><td><strong>Propostas de Indica\u00e7\u00e3o (PIN):<\/strong> medidas que n\u00e3o competem \u00e0 fun\u00e7\u00e3o do vereador e, portanto, s\u00e3o sugeridas pelos parlamentares aos poderes competentes. <a href=\"https:\/\/www.cms.ba.gov.br\/noticias\/projetos-de-indicacao#:~:text=Atrav%C3%A9s%20de%20projetos%20de%20indica%C3%A7%C3%A3o,realiza%C3%A7%C3%A3o%20de%20obra%20ou%20servi%C3%A7o.\" target=\"_blank\" rel=\"noreferrer noopener\">Ver mais.<\/a><\/td><\/tr><tr><td><strong>Requerimento:<\/strong> \u00e9 um documento utilizado para obter um bem, um direito, ou uma declara\u00e7\u00e3o de uma autoridade p\u00fablica.<\/td><\/tr><\/tbody><\/table><\/figure>\n","protected":false},"excerpt":{"rendered":"<p>Confira os dados sobre a atua\u00e7\u00e3o dos parlamentares desde 2021. Levantamento sobre atividades na C\u00e2mara Municipal de Salvador entre os anos de 2021 e 2023 aponta que, embora os \u201cvereadores de carreira\u201d tenham mais estabilidade na Casa legislativa, eles s\u00e3o menos produtivos que os demais. A exemplo disso, o Partido Social Democrata (PSD), legenda mais [&hellip;]<\/p>\n","protected":false},"author":2,"featured_media":40776,"comment_status":"open","ping_status":"open","sticky":false,"template":"","format":"standard","meta":{"_acf_changed":false,"_monsterinsights_skip_tracking":false,"_monsterinsights_sitenote_active":false,"_monsterinsights_sitenote_note":"","_monsterinsights_sitenote_category":0,"footnotes":""},"categories":[3059],"tags":[],"acf":[],"aioseo_notices":[],"yoast_head":"<!-- This site is optimized with the Yoast SEO plugin v24.5 - https:\/\/yoast.com\/wordpress\/plugins\/seo\/ -->\n<title>Vereadores novatos apresentam mais projetos que os reeleitos na C\u00e2mara de Salvador - Impressao Digital 126<\/title>\n<meta name=\"robots\" content=\"index, follow, max-snippet:-1, max-image-preview:large, max-video-preview:-1\" \/>\n<link rel=\"canonical\" href=\"https:\/\/id126ufba.com.br\/memoria\/vereadores-projetos-camara-de-salvador\/\" \/>\n<meta property=\"og:locale\" content=\"pt_BR\" \/>\n<meta property=\"og:type\" content=\"article\" \/>\n<meta property=\"og:title\" content=\"Vereadores novatos apresentam mais projetos que os reeleitos na C\u00e2mara de Salvador - Impressao Digital 126\" \/>\n<meta property=\"og:description\" content=\"Confira os dados sobre a atua\u00e7\u00e3o dos parlamentares desde 2021. Levantamento sobre atividades na C\u00e2mara Municipal de Salvador entre os anos de 2021 e 2023 aponta que, embora os \u201cvereadores de carreira\u201d tenham mais estabilidade na Casa legislativa, eles s\u00e3o menos produtivos que os demais. A exemplo disso, o Partido Social Democrata (PSD), legenda mais [&hellip;]\" \/>\n<meta property=\"og:url\" content=\"https:\/\/id126ufba.com.br\/memoria\/vereadores-projetos-camara-de-salvador\/\" \/>\n<meta property=\"og:site_name\" content=\"Impressao Digital 126\" \/>\n<meta property=\"article:published_time\" content=\"2023-10-04T13:35:20+00:00\" \/>\n<meta property=\"article:modified_time\" content=\"2023-10-04T13:35:21+00:00\" \/>\n<meta property=\"og:image\" content=\"https:\/\/id126ufba.com.br\/memoria\/wp-content\/uploads\/2023\/10\/Camara-de-Salvador.jpeg\" \/>\n\t<meta property=\"og:image:width\" content=\"1000\" \/>\n\t<meta property=\"og:image:height\" content=\"563\" \/>\n\t<meta property=\"og:image:type\" content=\"image\/jpeg\" \/>\n<meta name=\"author\" content=\"Editor\" \/>\n<meta name=\"twitter:card\" content=\"summary_large_image\" \/>\n<meta name=\"twitter:label1\" content=\"Escrito por\" \/>\n\t<meta name=\"twitter:data1\" content=\"Editor\" \/>\n\t<meta name=\"twitter:label2\" content=\"Est. tempo de leitura\" \/>\n\t<meta name=\"twitter:data2\" content=\"6 minutos\" \/>\n<script type=\"application\/ld+json\" class=\"yoast-schema-graph\">{\"@context\":\"https:\/\/schema.org\",\"@graph\":[{\"@type\":\"Article\",\"@id\":\"https:\/\/id126ufba.com.br\/memoria\/vereadores-projetos-camara-de-salvador\/#article\",\"isPartOf\":{\"@id\":\"https:\/\/id126ufba.com.br\/memoria\/vereadores-projetos-camara-de-salvador\/\"},\"author\":{\"name\":\"Editor\",\"@id\":\"https:\/\/id126ufba.com.br\/memoria\/#\/schema\/person\/4f42ebfe385625f80efb1e423b1971ee\"},\"headline\":\"Vereadores novatos apresentam mais projetos que os reeleitos na C\u00e2mara de Salvador\",\"datePublished\":\"2023-10-04T13:35:20+00:00\",\"dateModified\":\"2023-10-04T13:35:21+00:00\",\"mainEntityOfPage\":{\"@id\":\"https:\/\/id126ufba.com.br\/memoria\/vereadores-projetos-camara-de-salvador\/\"},\"wordCount\":1092,\"commentCount\":0,\"publisher\":{\"@id\":\"https:\/\/id126ufba.com.br\/memoria\/#organization\"},\"image\":{\"@id\":\"https:\/\/id126ufba.com.br\/memoria\/vereadores-projetos-camara-de-salvador\/#primaryimage\"},\"thumbnailUrl\":\"https:\/\/id126ufba.com.br\/memoria\/wp-content\/uploads\/2023\/10\/Camara-de-Salvador.jpeg\",\"articleSection\":[\"Especial C\u00e2mara de Vereadores\"],\"inLanguage\":\"pt-BR\",\"potentialAction\":[{\"@type\":\"CommentAction\",\"name\":\"Comment\",\"target\":[\"https:\/\/id126ufba.com.br\/memoria\/vereadores-projetos-camara-de-salvador\/#respond\"]}]},{\"@type\":\"WebPage\",\"@id\":\"https:\/\/id126ufba.com.br\/memoria\/vereadores-projetos-camara-de-salvador\/\",\"url\":\"https:\/\/id126ufba.com.br\/memoria\/vereadores-projetos-camara-de-salvador\/\",\"name\":\"Vereadores novatos apresentam mais projetos que os reeleitos na C\u00e2mara de Salvador - Impressao Digital 126\",\"isPartOf\":{\"@id\":\"https:\/\/id126ufba.com.br\/memoria\/#website\"},\"primaryImageOfPage\":{\"@id\":\"https:\/\/id126ufba.com.br\/memoria\/vereadores-projetos-camara-de-salvador\/#primaryimage\"},\"image\":{\"@id\":\"https:\/\/id126ufba.com.br\/memoria\/vereadores-projetos-camara-de-salvador\/#primaryimage\"},\"thumbnailUrl\":\"https:\/\/id126ufba.com.br\/memoria\/wp-content\/uploads\/2023\/10\/Camara-de-Salvador.jpeg\",\"datePublished\":\"2023-10-04T13:35:20+00:00\",\"dateModified\":\"2023-10-04T13:35:21+00:00\",\"breadcrumb\":{\"@id\":\"https:\/\/id126ufba.com.br\/memoria\/vereadores-projetos-camara-de-salvador\/#breadcrumb\"},\"inLanguage\":\"pt-BR\",\"potentialAction\":[{\"@type\":\"ReadAction\",\"target\":[\"https:\/\/id126ufba.com.br\/memoria\/vereadores-projetos-camara-de-salvador\/\"]}]},{\"@type\":\"ImageObject\",\"inLanguage\":\"pt-BR\",\"@id\":\"https:\/\/id126ufba.com.br\/memoria\/vereadores-projetos-camara-de-salvador\/#primaryimage\",\"url\":\"https:\/\/id126ufba.com.br\/memoria\/wp-content\/uploads\/2023\/10\/Camara-de-Salvador.jpeg\",\"contentUrl\":\"https:\/\/id126ufba.com.br\/memoria\/wp-content\/uploads\/2023\/10\/Camara-de-Salvador.jpeg\",\"width\":1000,\"height\":563},{\"@type\":\"BreadcrumbList\",\"@id\":\"https:\/\/id126ufba.com.br\/memoria\/vereadores-projetos-camara-de-salvador\/#breadcrumb\",\"itemListElement\":[{\"@type\":\"ListItem\",\"position\":1,\"name\":\"In\u00edcio\",\"item\":\"https:\/\/id126ufba.com.br\/memoria\/\"},{\"@type\":\"ListItem\",\"position\":2,\"name\":\"Vereadores novatos apresentam mais projetos que os reeleitos na C\u00e2mara de Salvador\"}]},{\"@type\":\"WebSite\",\"@id\":\"https:\/\/id126ufba.com.br\/memoria\/#website\",\"url\":\"https:\/\/id126ufba.com.br\/memoria\/\",\"name\":\"Impressao Digital 126\",\"description\":\"\",\"publisher\":{\"@id\":\"https:\/\/id126ufba.com.br\/memoria\/#organization\"},\"potentialAction\":[{\"@type\":\"SearchAction\",\"target\":{\"@type\":\"EntryPoint\",\"urlTemplate\":\"https:\/\/id126ufba.com.br\/memoria\/?s={search_term_string}\"},\"query-input\":{\"@type\":\"PropertyValueSpecification\",\"valueRequired\":true,\"valueName\":\"search_term_string\"}}],\"inLanguage\":\"pt-BR\"},{\"@type\":\"Organization\",\"@id\":\"https:\/\/id126ufba.com.br\/memoria\/#organization\",\"name\":\"Impressao Digital 126\",\"url\":\"https:\/\/id126ufba.com.br\/memoria\/\",\"logo\":{\"@type\":\"ImageObject\",\"inLanguage\":\"pt-BR\",\"@id\":\"https:\/\/id126ufba.com.br\/memoria\/#\/schema\/logo\/image\/\",\"url\":\"https:\/\/id126ufba.com.br\/memoria\/wp-content\/uploads\/2024\/07\/cropped-logo_memoria-1.png\",\"contentUrl\":\"https:\/\/id126ufba.com.br\/memoria\/wp-content\/uploads\/2024\/07\/cropped-logo_memoria-1.png\",\"width\":500,\"height\":100,\"caption\":\"Impressao Digital 126\"},\"image\":{\"@id\":\"https:\/\/id126ufba.com.br\/memoria\/#\/schema\/logo\/image\/\"}},{\"@type\":\"Person\",\"@id\":\"https:\/\/id126ufba.com.br\/memoria\/#\/schema\/person\/4f42ebfe385625f80efb1e423b1971ee\",\"name\":\"Editor\",\"image\":{\"@type\":\"ImageObject\",\"inLanguage\":\"pt-BR\",\"@id\":\"https:\/\/id126ufba.com.br\/memoria\/#\/schema\/person\/image\/\",\"url\":\"https:\/\/secure.gravatar.com\/avatar\/1d69d145a93605cda3e299a3b9c25751?s=96&d=mm&r=g\",\"contentUrl\":\"https:\/\/secure.gravatar.com\/avatar\/1d69d145a93605cda3e299a3b9c25751?s=96&d=mm&r=g\",\"caption\":\"Editor\"},\"url\":\"https:\/\/id126ufba.com.br\/memoria\/author\/editor\/\"}]}<\/script>\n<!-- \/ Yoast SEO plugin. -->","yoast_head_json":{"title":"Vereadores novatos apresentam mais projetos que os reeleitos na C\u00e2mara de Salvador - Impressao Digital 126","robots":{"index":"index","follow":"follow","max-snippet":"max-snippet:-1","max-image-preview":"max-image-preview:large","max-video-preview":"max-video-preview:-1"},"canonical":"https:\/\/id126ufba.com.br\/memoria\/vereadores-projetos-camara-de-salvador\/","og_locale":"pt_BR","og_type":"article","og_title":"Vereadores novatos apresentam mais projetos que os reeleitos na C\u00e2mara de Salvador - Impressao Digital 126","og_description":"Confira os dados sobre a atua\u00e7\u00e3o dos parlamentares desde 2021. Levantamento sobre atividades na C\u00e2mara Municipal de Salvador entre os anos de 2021 e 2023 aponta que, embora os \u201cvereadores de carreira\u201d tenham mais estabilidade na Casa legislativa, eles s\u00e3o menos produtivos que os demais. A exemplo disso, o Partido Social Democrata (PSD), legenda mais [&hellip;]","og_url":"https:\/\/id126ufba.com.br\/memoria\/vereadores-projetos-camara-de-salvador\/","og_site_name":"Impressao Digital 126","article_published_time":"2023-10-04T13:35:20+00:00","article_modified_time":"2023-10-04T13:35:21+00:00","og_image":[{"width":1000,"height":563,"url":"https:\/\/id126ufba.com.br\/memoria\/wp-content\/uploads\/2023\/10\/Camara-de-Salvador.jpeg","type":"image\/jpeg"}],"author":"Editor","twitter_card":"summary_large_image","twitter_misc":{"Escrito por":"Editor","Est. tempo de leitura":"6 minutos"},"schema":{"@context":"https:\/\/schema.org","@graph":[{"@type":"Article","@id":"https:\/\/id126ufba.com.br\/memoria\/vereadores-projetos-camara-de-salvador\/#article","isPartOf":{"@id":"https:\/\/id126ufba.com.br\/memoria\/vereadores-projetos-camara-de-salvador\/"},"author":{"name":"Editor","@id":"https:\/\/id126ufba.com.br\/memoria\/#\/schema\/person\/4f42ebfe385625f80efb1e423b1971ee"},"headline":"Vereadores novatos apresentam mais projetos que os reeleitos na C\u00e2mara de Salvador","datePublished":"2023-10-04T13:35:20+00:00","dateModified":"2023-10-04T13:35:21+00:00","mainEntityOfPage":{"@id":"https:\/\/id126ufba.com.br\/memoria\/vereadores-projetos-camara-de-salvador\/"},"wordCount":1092,"commentCount":0,"publisher":{"@id":"https:\/\/id126ufba.com.br\/memoria\/#organization"},"image":{"@id":"https:\/\/id126ufba.com.br\/memoria\/vereadores-projetos-camara-de-salvador\/#primaryimage"},"thumbnailUrl":"https:\/\/id126ufba.com.br\/memoria\/wp-content\/uploads\/2023\/10\/Camara-de-Salvador.jpeg","articleSection":["Especial C\u00e2mara de Vereadores"],"inLanguage":"pt-BR","potentialAction":[{"@type":"CommentAction","name":"Comment","target":["https:\/\/id126ufba.com.br\/memoria\/vereadores-projetos-camara-de-salvador\/#respond"]}]},{"@type":"WebPage","@id":"https:\/\/id126ufba.com.br\/memoria\/vereadores-projetos-camara-de-salvador\/","url":"https:\/\/id126ufba.com.br\/memoria\/vereadores-projetos-camara-de-salvador\/","name":"Vereadores novatos apresentam mais projetos que os reeleitos na C\u00e2mara de Salvador - Impressao Digital 126","isPartOf":{"@id":"https:\/\/id126ufba.com.br\/memoria\/#website"},"primaryImageOfPage":{"@id":"https:\/\/id126ufba.com.br\/memoria\/vereadores-projetos-camara-de-salvador\/#primaryimage"},"image":{"@id":"https:\/\/id126ufba.com.br\/memoria\/vereadores-projetos-camara-de-salvador\/#primaryimage"},"thumbnailUrl":"https:\/\/id126ufba.com.br\/memoria\/wp-content\/uploads\/2023\/10\/Camara-de-Salvador.jpeg","datePublished":"2023-10-04T13:35:20+00:00","dateModified":"2023-10-04T13:35:21+00:00","breadcrumb":{"@id":"https:\/\/id126ufba.com.br\/memoria\/vereadores-projetos-camara-de-salvador\/#breadcrumb"},"inLanguage":"pt-BR","potentialAction":[{"@type":"ReadAction","target":["https:\/\/id126ufba.com.br\/memoria\/vereadores-projetos-camara-de-salvador\/"]}]},{"@type":"ImageObject","inLanguage":"pt-BR","@id":"https:\/\/id126ufba.com.br\/memoria\/vereadores-projetos-camara-de-salvador\/#primaryimage","url":"https:\/\/id126ufba.com.br\/memoria\/wp-content\/uploads\/2023\/10\/Camara-de-Salvador.jpeg","contentUrl":"https:\/\/id126ufba.com.br\/memoria\/wp-content\/uploads\/2023\/10\/Camara-de-Salvador.jpeg","width":1000,"height":563},{"@type":"BreadcrumbList","@id":"https:\/\/id126ufba.com.br\/memoria\/vereadores-projetos-camara-de-salvador\/#breadcrumb","itemListElement":[{"@type":"ListItem","position":1,"name":"In\u00edcio","item":"https:\/\/id126ufba.com.br\/memoria\/"},{"@type":"ListItem","position":2,"name":"Vereadores novatos apresentam mais projetos que os reeleitos na C\u00e2mara de Salvador"}]},{"@type":"WebSite","@id":"https:\/\/id126ufba.com.br\/memoria\/#website","url":"https:\/\/id126ufba.com.br\/memoria\/","name":"Impressao Digital 126","description":"","publisher":{"@id":"https:\/\/id126ufba.com.br\/memoria\/#organization"},"potentialAction":[{"@type":"SearchAction","target":{"@type":"EntryPoint","urlTemplate":"https:\/\/id126ufba.com.br\/memoria\/?s={search_term_string}"},"query-input":{"@type":"PropertyValueSpecification","valueRequired":true,"valueName":"search_term_string"}}],"inLanguage":"pt-BR"},{"@type":"Organization","@id":"https:\/\/id126ufba.com.br\/memoria\/#organization","name":"Impressao Digital 126","url":"https:\/\/id126ufba.com.br\/memoria\/","logo":{"@type":"ImageObject","inLanguage":"pt-BR","@id":"https:\/\/id126ufba.com.br\/memoria\/#\/schema\/logo\/image\/","url":"https:\/\/id126ufba.com.br\/memoria\/wp-content\/uploads\/2024\/07\/cropped-logo_memoria-1.png","contentUrl":"https:\/\/id126ufba.com.br\/memoria\/wp-content\/uploads\/2024\/07\/cropped-logo_memoria-1.png","width":500,"height":100,"caption":"Impressao Digital 126"},"image":{"@id":"https:\/\/id126ufba.com.br\/memoria\/#\/schema\/logo\/image\/"}},{"@type":"Person","@id":"https:\/\/id126ufba.com.br\/memoria\/#\/schema\/person\/4f42ebfe385625f80efb1e423b1971ee","name":"Editor","image":{"@type":"ImageObject","inLanguage":"pt-BR","@id":"https:\/\/id126ufba.com.br\/memoria\/#\/schema\/person\/image\/","url":"https:\/\/secure.gravatar.com\/avatar\/1d69d145a93605cda3e299a3b9c25751?s=96&d=mm&r=g","contentUrl":"https:\/\/secure.gravatar.com\/avatar\/1d69d145a93605cda3e299a3b9c25751?s=96&d=mm&r=g","caption":"Editor"},"url":"https:\/\/id126ufba.com.br\/memoria\/author\/editor\/"}]}},"_links":{"self":[{"href":"https:\/\/id126ufba.com.br\/memoria\/wp-json\/wp\/v2\/posts\/40648"}],"collection":[{"href":"https:\/\/id126ufba.com.br\/memoria\/wp-json\/wp\/v2\/posts"}],"about":[{"href":"https:\/\/id126ufba.com.br\/memoria\/wp-json\/wp\/v2\/types\/post"}],"author":[{"embeddable":true,"href":"https:\/\/id126ufba.com.br\/memoria\/wp-json\/wp\/v2\/users\/2"}],"replies":[{"embeddable":true,"href":"https:\/\/id126ufba.com.br\/memoria\/wp-json\/wp\/v2\/comments?post=40648"}],"version-history":[{"count":24,"href":"https:\/\/id126ufba.com.br\/memoria\/wp-json\/wp\/v2\/posts\/40648\/revisions"}],"predecessor-version":[{"id":40787,"href":"https:\/\/id126ufba.com.br\/memoria\/wp-json\/wp\/v2\/posts\/40648\/revisions\/40787"}],"wp:featuredmedia":[{"embeddable":true,"href":"https:\/\/id126ufba.com.br\/memoria\/wp-json\/wp\/v2\/media\/40776"}],"wp:attachment":[{"href":"https:\/\/id126ufba.com.br\/memoria\/wp-json\/wp\/v2\/media?parent=40648"}],"wp:term":[{"taxonomy":"category","embeddable":true,"href":"https:\/\/id126ufba.com.br\/memoria\/wp-json\/wp\/v2\/categories?post=40648"},{"taxonomy":"post_tag","embeddable":true,"href":"https:\/\/id126ufba.com.br\/memoria\/wp-json\/wp\/v2\/tags?post=40648"}],"curies":[{"name":"wp","href":"https:\/\/api.w.org\/{rel}","templated":true}]}}