{"id":40682,"date":"2023-11-19T16:33:56","date_gmt":"2023-11-19T19:33:56","guid":{"rendered":"https:\/\/id126ufba.com.br\/?p=40682"},"modified":"2023-11-29T18:11:26","modified_gmt":"2023-11-29T21:11:26","slug":"salvador-valor-superfaturado-em-investimentos-apenas-20-executado","status":"publish","type":"post","link":"https:\/\/id126ufba.com.br\/memoria\/salvador-valor-superfaturado-em-investimentos-apenas-20-executado\/","title":{"rendered":"Salvador tem valor superfaturado em investimentos e apenas 20% \u00e9 executado"},"content":{"rendered":"\n<h4 class=\"wp-block-heading\">Vereadora Marta Rodrigues cobra mais transpar\u00eancia                                <\/h4>\n\n\n\n<p>Giovanna Victer, Secret\u00e1ria da Fazenda, informou a boa pontua\u00e7\u00e3o do munic\u00edpio no<a href=\"https:\/\/ranking-municipios.tesouro.gov.br\/ranking_capitais\"> Ranking de Qualidade da Informa\u00e7\u00e3o Cont\u00e1bil e Fiscal<\/a>. A informa\u00e7\u00e3o foi divulgada Durante a Audi\u00eancia P\u00fablica do Relat\u00f3rio de Gest\u00e3o Fiscal do 2\u00ba Quadrimestre de 2023, realizada em&nbsp; 27 de setembro. No entanto, a vereadora Marta Rodrigues (PT). Em entrevista, destacou: <em>\u201cA prefeitura tem um valor superfaturado para investimentos, mas o valor executado \u00e9 baixo\u201d<\/em>.<\/p>\n\n\n\n<p>A fala da vereadora \u00e9 referente aos dados or\u00e7ament\u00e1rios que tiveram menos de&nbsp; 20% dos seus valores executados, mesmo ao final do segundo quadrimestre. Confiram alguns desses valores na tabela abaixo:<\/p>\n\n\n\n<figure class=\"wp-block-image size-full is-resized\"><img loading=\"lazy\" decoding=\"async\" src=\"http:\/\/id126ufba.com.br\/wp-content\/uploads\/2023\/10\/Tabela-Gestao-de-Orcamentos-SEFAZ.png\" alt=\"\" class=\"wp-image-40696\" width=\"836\" height=\"229\"\/><figcaption>Valores em setembro de 2023<\/figcaption><\/figure>\n\n\n\n<h4 class=\"wp-block-heading\"><strong>Transpar\u00eancia e Presta\u00e7\u00e3o de Contas: Relat\u00f3rio de Gest\u00e3o Fiscal em Foco<\/strong><\/h4>\n\n\n\n<p>A apresenta\u00e7\u00e3o do Relat\u00f3rio de Gest\u00e3o Fiscal tem como objetivo de demonstrar o cumprimento das metas fiscais estabelecidas para o Or\u00e7amento Fiscal e da Seguridade Social. Giovanna Victer destacou a import\u00e2ncia do ato de transpar\u00eancia e presta\u00e7\u00e3o das contas p\u00fablicas.<\/p>\n\n\n\n<p><em>\u201c\u00c9 uma satisfa\u00e7\u00e3o para n\u00f3s, do Poder Executivo, apresentar os resultados fiscais<\/em>. C<em>omo estamos cumprindo a arrecada\u00e7\u00e3o que foi prevista na Lei Or\u00e7ament\u00e1ria Anual e executando essas receitas. A sociedade ganha com a transpar\u00eancia. <\/em>\u00c9<em> nosso dever apresentar os n\u00fameros da forma mais simples <\/em>e<em> did\u00e1tica para tentar aproximar o povo da administra\u00e7\u00e3o p\u00fablica\u201d<\/em>, destacou Giovanna.<\/p>\n\n\n\n<p>Por outro lado, apesar de destacar a transpar\u00eancia na gest\u00e3o dos recursos durante o evento, quest\u00f5es sobre a baixa aplica\u00e7\u00e3o deles ainda s\u00e3o cobradas. \u00c9 o caso da vereadora Marta Rodrigues que compartilhou que o valor investido \u00e9 baixo se comparado ao valor que a cidade tem no or\u00e7amento.<\/p>\n\n\n\n<blockquote class=\"wp-block-quote is-layout-flow wp-block-quote-is-layout-flow\" style=\"font-size:30px\"><p><strong>&nbsp;\u201cA prefeitura tem um valor superfaturado para investimentos, mas o valor executado \u00e9 baixo\u201d<\/strong><\/p><cite><strong>Marta Rodrigues<\/strong><\/cite><\/blockquote>\n\n\n\n<h4 class=\"wp-block-heading\"><strong>Abertura de empresas e arrecada\u00e7\u00e3o<\/strong><\/h4>\n\n\n\n<p>Outro ponto importante mencionado durante a Audi\u00eancia foi o recorde na abertura de empresas. O resultado \u00e9 a redu\u00e7\u00e3o do tempo de abertura de empresas, que antes chegava a durar 8 dias, foi reduzido para at\u00e9 4 horas. No caso de empresas de baixo risco.<\/p>\n\n\n\n<p>A professora de direito tribut\u00e1rio e auditora da SEFAZ, Karla Borges, destaca que <em>\u201co recorde na abertura de estabelecimentos n\u00e3o reflete na economia da cidade, porque o custo da empresa \u00e9 alto\u201d<\/em>.<\/p>\n\n\n\n<p>O decreto do executivo, baseado no  <a href=\"https:\/\/www.jusbrasil.com.br\/topicos\/23587401\/artigo-234-da-lei-n-7186-de-27-de-dezembro-de-2006-do-municipio-de-salvador#:~:text=234%20%2D%20A%20empresa%20que%20n%C3%A3o,no%20Di%C3%A1rio%20Oficial%20do%20Munic%C3%ADpio.\" target=\"_blank\" rel=\"noreferrer noopener\">Artigo&nbsp; 234 da Lei. 7.186\/06<\/a>, tamb\u00e9m influencia na arrecada\u00e7\u00e3o da cidade. Os valores arrecadados poderiam ser revertidos para a Gest\u00e3o Or\u00e7ament\u00e1ria. No entanto o resultado \u00e9 o perd\u00e3o das d\u00edvidas dos contribuintes (empresas) e o valor n\u00e3o retorna para a cidade.<\/p>\n\n\n\n<p>Karla destaca que as d\u00edvidas ativas no munic\u00edpio de Salvador ultrapassam R$20 bilh\u00f5es. Com a decis\u00e3o atual, o municipio extingue o cr\u00e9dito tribut\u00e1rio. O que difere da orienta\u00e7\u00e3o do <a href=\"https:\/\/www.tcm.ba.gov.br\/\">Tribunal de Contas dos Munic\u00edpios do Estado da <strong>Bahia<\/strong><\/a> (TCM BA). A orienta\u00e7\u00e3o era tentar recuperar parte desse valor.<\/p>\n\n\n\n<h4 class=\"wp-block-heading\"><strong>Interpreta\u00e7\u00e3o do Artigo 234<\/strong><\/h4>\n\n\n\n<p>Karla Borges explica que o Artigo 234 n\u00e3o se reporta a remiss\u00e3o ou cancelamento de d\u00e9bitos tribut\u00e1rios. Ela explica que \u00e9 sobre a situa\u00e7\u00e3o cadastral da empresa que n\u00e3o realizar transa\u00e7\u00f5es fiscais. Portanto, a empresa que n\u00e3o apresentar movimento tribut\u00e1vel em um per\u00edodo superior a 2 anos, ser\u00e1 considerada inativa, e ter\u00e1 sua inscri\u00e7\u00e3o cancelada no Di\u00e1rio Oficial do Munic\u00edpio.<\/p>\n\n\n\n<p><em>\u201cN\u00e3o se pode cancelar cr\u00e9ditos l\u00edquidos e certos, inclusive inscritos numa d\u00edvida ativa por decreto. Eles est\u00e3o cancelando d\u00edvidas de empresas. O artigo 234 fala de inatividade n\u00e3o de perd\u00e3o de d\u00edvida\u201d<\/em>, destaca Borges.<\/p>\n\n\n\n<p>A cr\u00edtica se d\u00e1, pois de acordo com Borges, a a\u00e7\u00e3o n\u00e3o deve ser efetuada por meio de decreto do executivo. Com isso ela explica que o correto \u00e9 passar pela <a href=\"https:\/\/id126ufba.com.br\/problemas-com-transparencia-camara-salvador-site\/\" target=\"_blank\" rel=\"noreferrer noopener\">C\u00e2mara dos Vereadores<\/a>. A vereadora Marta Rodrigues compartilha do mesmo pensamento. <em>\u201cO executivo prepara decretos como esse, que n\u00e3o s\u00e3o transformados em lei e postergam esse envio para a C\u00e2mara dos Vereadores<\/em>. Isso<em> tira o nosso poder de aprovar ou n\u00e3o essas leis. Interfere nesse poder do vereador, porque seria algo que o vereador deveria fazer\u201d<\/em>, destaca a vereadora.<\/p>\n\n\n\n<p>O decreto n\u00e3o afeta somente o pequeno contribuinte, mas tamb\u00e9m os grandes que possuem d\u00e9bitos milion\u00e1rios. O que faria o munic\u00edpio deixar de arrecadar essa receita que poderia ser revertida em diversos investimentos no munic\u00edpio.<\/p>\n\n\n<div class=\"yoast-breadcrumbs\"><span><span><a href=\"https:\/\/id126ufba.com.br\/memoria\/\">In\u00edcio<\/a><\/span> &raquo; <span class=\"breadcrumb_last\" aria-current=\"page\">Salvador tem valor superfaturado em investimentos e apenas 20% \u00e9 executado<\/span><\/span><\/div>","protected":false},"excerpt":{"rendered":"<p>Vereadora Marta Rodrigues cobra mais transpar\u00eancia Giovanna Victer, Secret\u00e1ria da Fazenda, informou a boa pontua\u00e7\u00e3o do munic\u00edpio no Ranking de Qualidade da Informa\u00e7\u00e3o Cont\u00e1bil e Fiscal. A informa\u00e7\u00e3o foi divulgada Durante a Audi\u00eancia P\u00fablica do Relat\u00f3rio de Gest\u00e3o Fiscal do 2\u00ba Quadrimestre de 2023, realizada em&nbsp; 27 de setembro. No entanto, a vereadora Marta Rodrigues [&hellip;]<\/p>\n","protected":false},"author":2,"featured_media":40686,"comment_status":"open","ping_status":"open","sticky":false,"template":"","format":"standard","meta":{"_acf_changed":false,"_monsterinsights_skip_tracking":false,"_monsterinsights_sitenote_active":false,"_monsterinsights_sitenote_note":"","_monsterinsights_sitenote_category":0,"footnotes":""},"categories":[1],"tags":[],"acf":[],"aioseo_notices":[],"yoast_head":"<!-- This site is optimized with the Yoast SEO plugin v24.5 - https:\/\/yoast.com\/wordpress\/plugins\/seo\/ -->\n<title>Salvador tem valor superfaturado em investimentos e apenas 20% \u00e9 executado - Impressao Digital 126<\/title>\n<meta name=\"robots\" content=\"index, follow, max-snippet:-1, max-image-preview:large, max-video-preview:-1\" \/>\n<link rel=\"canonical\" href=\"https:\/\/id126ufba.com.br\/memoria\/salvador-valor-superfaturado-em-investimentos-apenas-20-executado\/\" \/>\n<meta property=\"og:locale\" content=\"pt_BR\" \/>\n<meta property=\"og:type\" content=\"article\" \/>\n<meta property=\"og:title\" content=\"Salvador tem valor superfaturado em investimentos e apenas 20% \u00e9 executado - Impressao Digital 126\" \/>\n<meta property=\"og:description\" content=\"Vereadora Marta Rodrigues cobra mais transpar\u00eancia Giovanna Victer, Secret\u00e1ria da Fazenda, informou a boa pontua\u00e7\u00e3o do munic\u00edpio no Ranking de Qualidade da Informa\u00e7\u00e3o Cont\u00e1bil e Fiscal. A informa\u00e7\u00e3o foi divulgada Durante a Audi\u00eancia P\u00fablica do Relat\u00f3rio de Gest\u00e3o Fiscal do 2\u00ba Quadrimestre de 2023, realizada em&nbsp; 27 de setembro. No entanto, a vereadora Marta Rodrigues [&hellip;]\" \/>\n<meta property=\"og:url\" content=\"https:\/\/id126ufba.com.br\/memoria\/salvador-valor-superfaturado-em-investimentos-apenas-20-executado\/\" \/>\n<meta property=\"og:site_name\" content=\"Impressao Digital 126\" \/>\n<meta property=\"article:published_time\" content=\"2023-11-19T19:33:56+00:00\" \/>\n<meta property=\"article:modified_time\" content=\"2023-11-29T21:11:26+00:00\" \/>\n<meta property=\"og:image\" content=\"https:\/\/id126ufba.com.br\/memoria\/wp-content\/uploads\/2023\/10\/WhatsApp-Image-2023-09-27-at-11.55.11-1.jpeg\" \/>\n\t<meta property=\"og:image:width\" content=\"1600\" \/>\n\t<meta property=\"og:image:height\" content=\"741\" \/>\n\t<meta property=\"og:image:type\" content=\"image\/jpeg\" \/>\n<meta name=\"author\" content=\"Editor\" \/>\n<meta name=\"twitter:card\" content=\"summary_large_image\" \/>\n<meta name=\"twitter:label1\" content=\"Escrito por\" \/>\n\t<meta name=\"twitter:data1\" content=\"Editor\" \/>\n\t<meta name=\"twitter:label2\" content=\"Est. tempo de leitura\" \/>\n\t<meta name=\"twitter:data2\" content=\"4 minutos\" \/>\n<script type=\"application\/ld+json\" class=\"yoast-schema-graph\">{\"@context\":\"https:\/\/schema.org\",\"@graph\":[{\"@type\":\"Article\",\"@id\":\"https:\/\/id126ufba.com.br\/memoria\/salvador-valor-superfaturado-em-investimentos-apenas-20-executado\/#article\",\"isPartOf\":{\"@id\":\"https:\/\/id126ufba.com.br\/memoria\/salvador-valor-superfaturado-em-investimentos-apenas-20-executado\/\"},\"author\":{\"name\":\"Editor\",\"@id\":\"https:\/\/id126ufba.com.br\/memoria\/#\/schema\/person\/4f42ebfe385625f80efb1e423b1971ee\"},\"headline\":\"Salvador tem valor superfaturado em investimentos e apenas 20% \u00e9 executado\",\"datePublished\":\"2023-11-19T19:33:56+00:00\",\"dateModified\":\"2023-11-29T21:11:26+00:00\",\"mainEntityOfPage\":{\"@id\":\"https:\/\/id126ufba.com.br\/memoria\/salvador-valor-superfaturado-em-investimentos-apenas-20-executado\/\"},\"wordCount\":769,\"commentCount\":0,\"publisher\":{\"@id\":\"https:\/\/id126ufba.com.br\/memoria\/#organization\"},\"image\":{\"@id\":\"https:\/\/id126ufba.com.br\/memoria\/salvador-valor-superfaturado-em-investimentos-apenas-20-executado\/#primaryimage\"},\"thumbnailUrl\":\"https:\/\/id126ufba.com.br\/memoria\/wp-content\/uploads\/2023\/10\/WhatsApp-Image-2023-09-27-at-11.55.11-1.jpeg\",\"articleSection\":[\"Cotidiano\"],\"inLanguage\":\"pt-BR\",\"potentialAction\":[{\"@type\":\"CommentAction\",\"name\":\"Comment\",\"target\":[\"https:\/\/id126ufba.com.br\/memoria\/salvador-valor-superfaturado-em-investimentos-apenas-20-executado\/#respond\"]}]},{\"@type\":\"WebPage\",\"@id\":\"https:\/\/id126ufba.com.br\/memoria\/salvador-valor-superfaturado-em-investimentos-apenas-20-executado\/\",\"url\":\"https:\/\/id126ufba.com.br\/memoria\/salvador-valor-superfaturado-em-investimentos-apenas-20-executado\/\",\"name\":\"Salvador tem valor superfaturado em investimentos e apenas 20% \u00e9 executado - Impressao Digital 126\",\"isPartOf\":{\"@id\":\"https:\/\/id126ufba.com.br\/memoria\/#website\"},\"primaryImageOfPage\":{\"@id\":\"https:\/\/id126ufba.com.br\/memoria\/salvador-valor-superfaturado-em-investimentos-apenas-20-executado\/#primaryimage\"},\"image\":{\"@id\":\"https:\/\/id126ufba.com.br\/memoria\/salvador-valor-superfaturado-em-investimentos-apenas-20-executado\/#primaryimage\"},\"thumbnailUrl\":\"https:\/\/id126ufba.com.br\/memoria\/wp-content\/uploads\/2023\/10\/WhatsApp-Image-2023-09-27-at-11.55.11-1.jpeg\",\"datePublished\":\"2023-11-19T19:33:56+00:00\",\"dateModified\":\"2023-11-29T21:11:26+00:00\",\"breadcrumb\":{\"@id\":\"https:\/\/id126ufba.com.br\/memoria\/salvador-valor-superfaturado-em-investimentos-apenas-20-executado\/#breadcrumb\"},\"inLanguage\":\"pt-BR\",\"potentialAction\":[{\"@type\":\"ReadAction\",\"target\":[\"https:\/\/id126ufba.com.br\/memoria\/salvador-valor-superfaturado-em-investimentos-apenas-20-executado\/\"]}]},{\"@type\":\"ImageObject\",\"inLanguage\":\"pt-BR\",\"@id\":\"https:\/\/id126ufba.com.br\/memoria\/salvador-valor-superfaturado-em-investimentos-apenas-20-executado\/#primaryimage\",\"url\":\"https:\/\/id126ufba.com.br\/memoria\/wp-content\/uploads\/2023\/10\/WhatsApp-Image-2023-09-27-at-11.55.11-1.jpeg\",\"contentUrl\":\"https:\/\/id126ufba.com.br\/memoria\/wp-content\/uploads\/2023\/10\/WhatsApp-Image-2023-09-27-at-11.55.11-1.jpeg\",\"width\":1600,\"height\":741},{\"@type\":\"BreadcrumbList\",\"@id\":\"https:\/\/id126ufba.com.br\/memoria\/salvador-valor-superfaturado-em-investimentos-apenas-20-executado\/#breadcrumb\",\"itemListElement\":[{\"@type\":\"ListItem\",\"position\":1,\"name\":\"In\u00edcio\",\"item\":\"https:\/\/id126ufba.com.br\/memoria\/\"},{\"@type\":\"ListItem\",\"position\":2,\"name\":\"Salvador tem valor superfaturado em investimentos e apenas 20% \u00e9 executado\"}]},{\"@type\":\"WebSite\",\"@id\":\"https:\/\/id126ufba.com.br\/memoria\/#website\",\"url\":\"https:\/\/id126ufba.com.br\/memoria\/\",\"name\":\"Impressao Digital 126\",\"description\":\"\",\"publisher\":{\"@id\":\"https:\/\/id126ufba.com.br\/memoria\/#organization\"},\"potentialAction\":[{\"@type\":\"SearchAction\",\"target\":{\"@type\":\"EntryPoint\",\"urlTemplate\":\"https:\/\/id126ufba.com.br\/memoria\/?s={search_term_string}\"},\"query-input\":{\"@type\":\"PropertyValueSpecification\",\"valueRequired\":true,\"valueName\":\"search_term_string\"}}],\"inLanguage\":\"pt-BR\"},{\"@type\":\"Organization\",\"@id\":\"https:\/\/id126ufba.com.br\/memoria\/#organization\",\"name\":\"Impressao Digital 126\",\"url\":\"https:\/\/id126ufba.com.br\/memoria\/\",\"logo\":{\"@type\":\"ImageObject\",\"inLanguage\":\"pt-BR\",\"@id\":\"https:\/\/id126ufba.com.br\/memoria\/#\/schema\/logo\/image\/\",\"url\":\"https:\/\/id126ufba.com.br\/memoria\/wp-content\/uploads\/2024\/07\/cropped-logo_memoria-1.png\",\"contentUrl\":\"https:\/\/id126ufba.com.br\/memoria\/wp-content\/uploads\/2024\/07\/cropped-logo_memoria-1.png\",\"width\":500,\"height\":100,\"caption\":\"Impressao Digital 126\"},\"image\":{\"@id\":\"https:\/\/id126ufba.com.br\/memoria\/#\/schema\/logo\/image\/\"}},{\"@type\":\"Person\",\"@id\":\"https:\/\/id126ufba.com.br\/memoria\/#\/schema\/person\/4f42ebfe385625f80efb1e423b1971ee\",\"name\":\"Editor\",\"image\":{\"@type\":\"ImageObject\",\"inLanguage\":\"pt-BR\",\"@id\":\"https:\/\/id126ufba.com.br\/memoria\/#\/schema\/person\/image\/\",\"url\":\"https:\/\/secure.gravatar.com\/avatar\/1d69d145a93605cda3e299a3b9c25751?s=96&d=mm&r=g\",\"contentUrl\":\"https:\/\/secure.gravatar.com\/avatar\/1d69d145a93605cda3e299a3b9c25751?s=96&d=mm&r=g\",\"caption\":\"Editor\"},\"url\":\"https:\/\/id126ufba.com.br\/memoria\/author\/editor\/\"}]}<\/script>\n<!-- \/ Yoast SEO plugin. -->","yoast_head_json":{"title":"Salvador tem valor superfaturado em investimentos e apenas 20% \u00e9 executado - Impressao Digital 126","robots":{"index":"index","follow":"follow","max-snippet":"max-snippet:-1","max-image-preview":"max-image-preview:large","max-video-preview":"max-video-preview:-1"},"canonical":"https:\/\/id126ufba.com.br\/memoria\/salvador-valor-superfaturado-em-investimentos-apenas-20-executado\/","og_locale":"pt_BR","og_type":"article","og_title":"Salvador tem valor superfaturado em investimentos e apenas 20% \u00e9 executado - Impressao Digital 126","og_description":"Vereadora Marta Rodrigues cobra mais transpar\u00eancia Giovanna Victer, Secret\u00e1ria da Fazenda, informou a boa pontua\u00e7\u00e3o do munic\u00edpio no Ranking de Qualidade da Informa\u00e7\u00e3o Cont\u00e1bil e Fiscal. A informa\u00e7\u00e3o foi divulgada Durante a Audi\u00eancia P\u00fablica do Relat\u00f3rio de Gest\u00e3o Fiscal do 2\u00ba Quadrimestre de 2023, realizada em&nbsp; 27 de setembro. No entanto, a vereadora Marta Rodrigues [&hellip;]","og_url":"https:\/\/id126ufba.com.br\/memoria\/salvador-valor-superfaturado-em-investimentos-apenas-20-executado\/","og_site_name":"Impressao Digital 126","article_published_time":"2023-11-19T19:33:56+00:00","article_modified_time":"2023-11-29T21:11:26+00:00","og_image":[{"width":1600,"height":741,"url":"https:\/\/id126ufba.com.br\/memoria\/wp-content\/uploads\/2023\/10\/WhatsApp-Image-2023-09-27-at-11.55.11-1.jpeg","type":"image\/jpeg"}],"author":"Editor","twitter_card":"summary_large_image","twitter_misc":{"Escrito por":"Editor","Est. tempo de leitura":"4 minutos"},"schema":{"@context":"https:\/\/schema.org","@graph":[{"@type":"Article","@id":"https:\/\/id126ufba.com.br\/memoria\/salvador-valor-superfaturado-em-investimentos-apenas-20-executado\/#article","isPartOf":{"@id":"https:\/\/id126ufba.com.br\/memoria\/salvador-valor-superfaturado-em-investimentos-apenas-20-executado\/"},"author":{"name":"Editor","@id":"https:\/\/id126ufba.com.br\/memoria\/#\/schema\/person\/4f42ebfe385625f80efb1e423b1971ee"},"headline":"Salvador tem valor superfaturado em investimentos e apenas 20% \u00e9 executado","datePublished":"2023-11-19T19:33:56+00:00","dateModified":"2023-11-29T21:11:26+00:00","mainEntityOfPage":{"@id":"https:\/\/id126ufba.com.br\/memoria\/salvador-valor-superfaturado-em-investimentos-apenas-20-executado\/"},"wordCount":769,"commentCount":0,"publisher":{"@id":"https:\/\/id126ufba.com.br\/memoria\/#organization"},"image":{"@id":"https:\/\/id126ufba.com.br\/memoria\/salvador-valor-superfaturado-em-investimentos-apenas-20-executado\/#primaryimage"},"thumbnailUrl":"https:\/\/id126ufba.com.br\/memoria\/wp-content\/uploads\/2023\/10\/WhatsApp-Image-2023-09-27-at-11.55.11-1.jpeg","articleSection":["Cotidiano"],"inLanguage":"pt-BR","potentialAction":[{"@type":"CommentAction","name":"Comment","target":["https:\/\/id126ufba.com.br\/memoria\/salvador-valor-superfaturado-em-investimentos-apenas-20-executado\/#respond"]}]},{"@type":"WebPage","@id":"https:\/\/id126ufba.com.br\/memoria\/salvador-valor-superfaturado-em-investimentos-apenas-20-executado\/","url":"https:\/\/id126ufba.com.br\/memoria\/salvador-valor-superfaturado-em-investimentos-apenas-20-executado\/","name":"Salvador tem valor superfaturado em investimentos e apenas 20% \u00e9 executado - Impressao Digital 126","isPartOf":{"@id":"https:\/\/id126ufba.com.br\/memoria\/#website"},"primaryImageOfPage":{"@id":"https:\/\/id126ufba.com.br\/memoria\/salvador-valor-superfaturado-em-investimentos-apenas-20-executado\/#primaryimage"},"image":{"@id":"https:\/\/id126ufba.com.br\/memoria\/salvador-valor-superfaturado-em-investimentos-apenas-20-executado\/#primaryimage"},"thumbnailUrl":"https:\/\/id126ufba.com.br\/memoria\/wp-content\/uploads\/2023\/10\/WhatsApp-Image-2023-09-27-at-11.55.11-1.jpeg","datePublished":"2023-11-19T19:33:56+00:00","dateModified":"2023-11-29T21:11:26+00:00","breadcrumb":{"@id":"https:\/\/id126ufba.com.br\/memoria\/salvador-valor-superfaturado-em-investimentos-apenas-20-executado\/#breadcrumb"},"inLanguage":"pt-BR","potentialAction":[{"@type":"ReadAction","target":["https:\/\/id126ufba.com.br\/memoria\/salvador-valor-superfaturado-em-investimentos-apenas-20-executado\/"]}]},{"@type":"ImageObject","inLanguage":"pt-BR","@id":"https:\/\/id126ufba.com.br\/memoria\/salvador-valor-superfaturado-em-investimentos-apenas-20-executado\/#primaryimage","url":"https:\/\/id126ufba.com.br\/memoria\/wp-content\/uploads\/2023\/10\/WhatsApp-Image-2023-09-27-at-11.55.11-1.jpeg","contentUrl":"https:\/\/id126ufba.com.br\/memoria\/wp-content\/uploads\/2023\/10\/WhatsApp-Image-2023-09-27-at-11.55.11-1.jpeg","width":1600,"height":741},{"@type":"BreadcrumbList","@id":"https:\/\/id126ufba.com.br\/memoria\/salvador-valor-superfaturado-em-investimentos-apenas-20-executado\/#breadcrumb","itemListElement":[{"@type":"ListItem","position":1,"name":"In\u00edcio","item":"https:\/\/id126ufba.com.br\/memoria\/"},{"@type":"ListItem","position":2,"name":"Salvador tem valor superfaturado em investimentos e apenas 20% \u00e9 executado"}]},{"@type":"WebSite","@id":"https:\/\/id126ufba.com.br\/memoria\/#website","url":"https:\/\/id126ufba.com.br\/memoria\/","name":"Impressao Digital 126","description":"","publisher":{"@id":"https:\/\/id126ufba.com.br\/memoria\/#organization"},"potentialAction":[{"@type":"SearchAction","target":{"@type":"EntryPoint","urlTemplate":"https:\/\/id126ufba.com.br\/memoria\/?s={search_term_string}"},"query-input":{"@type":"PropertyValueSpecification","valueRequired":true,"valueName":"search_term_string"}}],"inLanguage":"pt-BR"},{"@type":"Organization","@id":"https:\/\/id126ufba.com.br\/memoria\/#organization","name":"Impressao Digital 126","url":"https:\/\/id126ufba.com.br\/memoria\/","logo":{"@type":"ImageObject","inLanguage":"pt-BR","@id":"https:\/\/id126ufba.com.br\/memoria\/#\/schema\/logo\/image\/","url":"https:\/\/id126ufba.com.br\/memoria\/wp-content\/uploads\/2024\/07\/cropped-logo_memoria-1.png","contentUrl":"https:\/\/id126ufba.com.br\/memoria\/wp-content\/uploads\/2024\/07\/cropped-logo_memoria-1.png","width":500,"height":100,"caption":"Impressao Digital 126"},"image":{"@id":"https:\/\/id126ufba.com.br\/memoria\/#\/schema\/logo\/image\/"}},{"@type":"Person","@id":"https:\/\/id126ufba.com.br\/memoria\/#\/schema\/person\/4f42ebfe385625f80efb1e423b1971ee","name":"Editor","image":{"@type":"ImageObject","inLanguage":"pt-BR","@id":"https:\/\/id126ufba.com.br\/memoria\/#\/schema\/person\/image\/","url":"https:\/\/secure.gravatar.com\/avatar\/1d69d145a93605cda3e299a3b9c25751?s=96&d=mm&r=g","contentUrl":"https:\/\/secure.gravatar.com\/avatar\/1d69d145a93605cda3e299a3b9c25751?s=96&d=mm&r=g","caption":"Editor"},"url":"https:\/\/id126ufba.com.br\/memoria\/author\/editor\/"}]}},"_links":{"self":[{"href":"https:\/\/id126ufba.com.br\/memoria\/wp-json\/wp\/v2\/posts\/40682"}],"collection":[{"href":"https:\/\/id126ufba.com.br\/memoria\/wp-json\/wp\/v2\/posts"}],"about":[{"href":"https:\/\/id126ufba.com.br\/memoria\/wp-json\/wp\/v2\/types\/post"}],"author":[{"embeddable":true,"href":"https:\/\/id126ufba.com.br\/memoria\/wp-json\/wp\/v2\/users\/2"}],"replies":[{"embeddable":true,"href":"https:\/\/id126ufba.com.br\/memoria\/wp-json\/wp\/v2\/comments?post=40682"}],"version-history":[{"count":60,"href":"https:\/\/id126ufba.com.br\/memoria\/wp-json\/wp\/v2\/posts\/40682\/revisions"}],"predecessor-version":[{"id":40925,"href":"https:\/\/id126ufba.com.br\/memoria\/wp-json\/wp\/v2\/posts\/40682\/revisions\/40925"}],"wp:featuredmedia":[{"embeddable":true,"href":"https:\/\/id126ufba.com.br\/memoria\/wp-json\/wp\/v2\/media\/40686"}],"wp:attachment":[{"href":"https:\/\/id126ufba.com.br\/memoria\/wp-json\/wp\/v2\/media?parent=40682"}],"wp:term":[{"taxonomy":"category","embeddable":true,"href":"https:\/\/id126ufba.com.br\/memoria\/wp-json\/wp\/v2\/categories?post=40682"},{"taxonomy":"post_tag","embeddable":true,"href":"https:\/\/id126ufba.com.br\/memoria\/wp-json\/wp\/v2\/tags?post=40682"}],"curies":[{"name":"wp","href":"https:\/\/api.w.org\/{rel}","templated":true}]}}