{"id":40806,"date":"2023-10-04T11:20:07","date_gmt":"2023-10-04T14:20:07","guid":{"rendered":"https:\/\/id126ufba.com.br\/?p=40806"},"modified":"2023-10-04T11:26:18","modified_gmt":"2023-10-04T14:26:18","slug":"vereadores-e-movimentos-politicos-denunciam-construcao-de-torres-na-praia-do-buracao-%ef%bf%bc","status":"publish","type":"post","link":"https:\/\/id126ufba.com.br\/memoria\/vereadores-e-movimentos-politicos-denunciam-construcao-de-torres-na-praia-do-buracao-%ef%bf%bc\/","title":{"rendered":"Vereadores e movimentos sociais denunciam constru\u00e7\u00e3o de torres na Praia do Burac\u00e3o\u00a0"},"content":{"rendered":"\n<p><em>Atual Plano Diretor de Desenvolvimento Urbano possui brechas e permite constru\u00e7\u00f5es que prejudicam a comunidade local<\/em><\/p>\n\n\n\n<p>Uma constru\u00e7\u00e3o na Praia de Burac\u00e3o, no Rio Vermelho, tem causado revolta na comunidade local e frequentadores da praia: tr\u00eas torres de 18 andares que causariam grandes impactos ambientais. O grupo SOS Praia de Burac\u00e3o, juntamente com a vereadora Marta Rodrigues (PT) pressionam a prefeitura para elaborar um novo plano diretor. A incorporadora respons\u00e1vel pela obra \u00e9 a Novonor, antiga Odebrecht.<\/p>\n\n\n\n<p>O PDDU, Plano Diretor de Desenvolvimento Urbano, \u00e9 um projeto de cidade no que tange aos seus aspectos f\u00edsico-territoriais, elaborado pelo Poder Executivo Municipal. O plano deve&nbsp;estar voltado ao desenvolvimento do Munic\u00edpio, com a ordena\u00e7\u00e3o do uso e ocupa\u00e7\u00e3o do solo, seu parcelamento, o disciplinamento das edifica\u00e7\u00f5es. Tamb\u00e9m inclui medidas de atendimento das necessidades de educa\u00e7\u00e3o, sa\u00fade e higiene, habita\u00e7\u00e3o e transporte, principalmente para a popula\u00e7\u00e3o de baixa renda. O PDDU \u00e9 proposto pelo Munic\u00edpio e aprovado na C\u00e2mara Municipal.<\/p>\n\n\n\n<figure class=\"wp-block-image size-large\"><img loading=\"lazy\" decoding=\"async\" width=\"1024\" height=\"820\" src=\"https:\/\/id126ufba.com.br\/wp-content\/uploads\/2023\/10\/blue-praia-bar-1024x820.webp\" alt=\"\" class=\"wp-image-40808\" srcset=\"https:\/\/id126ufba.com.br\/memoria\/wp-content\/uploads\/2023\/10\/blue-praia-bar-1024x820.webp 1024w, https:\/\/id126ufba.com.br\/memoria\/wp-content\/uploads\/2023\/10\/blue-praia-bar-300x240.webp 300w, https:\/\/id126ufba.com.br\/memoria\/wp-content\/uploads\/2023\/10\/blue-praia-bar-768x615.webp 768w, https:\/\/id126ufba.com.br\/memoria\/wp-content\/uploads\/2023\/10\/blue-praia-bar.webp 1280w\" sizes=\"(max-width: 1024px) 100vw, 1024px\" \/><figcaption>Obras comprometem a preserva\u00e7\u00e3o do meio ambiente &#8211; Foto: Bahia Economia<\/figcaption><\/figure>\n\n\n\n<p>Embora haja padr\u00f5es a serem seguidos, \u00e9 poss\u00edvel que grandes empreiteiras e construtoras encontrem brechas que burlam as regras. Uma delas \u00e9 a Lei do Solo Criado (art. 111), que prev\u00ea a libera\u00e7\u00e3o de constru\u00e7\u00f5es acima do gabarito mediante ao pagamento de uma taxa para a Prefeitura de Salvador. A concess\u00e3o foi criada para atender a obras em locais menos povoados e afastados de maiores concentra\u00e7\u00f5es na cidade, mas acabou se tornando uma brecha para que grandes empreendimentos como as tr\u00eas torres na praia de Burac\u00e3o.&nbsp;<\/p>\n\n\n\n<p>Existe na C\u00e2mara Municipal uma comiss\u00e3o formada por vereadores de oposi\u00e7\u00e3o que denunciam a pol\u00edtica de expans\u00e3o imobili\u00e1ria irregular da Prefeitura de Salvador. \u201cN\u00e3o podemos deixar a cidade \u00e0 merc\u00ea dessa pol\u00edtica. A Prefeitura est\u00e1 passando a boiada. O PDDU, o Estatuto da Cidade est\u00e3o sendo atropelados.&#8221; Denuncia a vereadora Marta Rodrigues (PT), que lista provid\u00eancias j\u00e1 adotadas.<\/p>\n\n\n\n<figure class=\"wp-block-gallery has-nested-images columns-default is-cropped wp-block-gallery-1 is-layout-flex wp-block-gallery-is-layout-flex\">\n<figure class=\"wp-block-image size-large\"><img loading=\"lazy\" decoding=\"async\" width=\"800\" height=\"534\" data-id=\"40824\" src=\"https:\/\/id126ufba.com.br\/wp-content\/uploads\/2023\/10\/Marta-Rdorgieus-Reginal-Ipe.jpg\" alt=\"\" class=\"wp-image-40824\" srcset=\"https:\/\/id126ufba.com.br\/memoria\/wp-content\/uploads\/2023\/10\/Marta-Rdorgieus-Reginal-Ipe.jpg 800w, https:\/\/id126ufba.com.br\/memoria\/wp-content\/uploads\/2023\/10\/Marta-Rdorgieus-Reginal-Ipe-300x200.jpg 300w, https:\/\/id126ufba.com.br\/memoria\/wp-content\/uploads\/2023\/10\/Marta-Rdorgieus-Reginal-Ipe-768x513.jpg 768w\" sizes=\"(max-width: 800px) 100vw, 800px\" \/><figcaption>Vereadora Marta Rodrigues se articula junto ao grupo SOS Praia de Burac\u00e3o<\/figcaption><\/figure>\n<\/figure>\n\n\n\n<p>\u201cJ\u00e1 entramos em contato e fizemos a den\u00fancia nas inst\u00e2ncias do Governo Federal, como IBAMA e Patrim\u00f4nio P\u00fablico Federal, que t\u00eam inger\u00eancia neste tipo de quest\u00e3o. Tamb\u00e9m estamos encaminhando of\u00edcio aos Minist\u00e9rios P\u00fablico Federal e Estadual.\u201d<\/p>\n\n\n\n<p>Outras capitais que permitiram grandes constru\u00e7\u00f5es na orla mar\u00edtima pagam um alto pre\u00e7o pelas obras. <a href=\"https:\/\/marcozero.org\/moura-dubeux-repete-em-salvador-modo-de-atuar-que-cobriu-de-sombras-praia-de-boa-viagem\/\" target=\"_blank\" rel=\"noreferrer noopener\">Em Recife, a principal praia da cidade, Boa Viagem, \u00e9 cercada por um corredor de pr\u00e9dios \u00e0 beira mar.<\/a> A sombra dos edif\u00edcios cobre as areias da praia j\u00e1 no meio da tarde e o vento vindo do oceano \u00e9 barrado.\u00a0<\/p>\n\n\n\n<figure class=\"wp-block-image size-full\"><img loading=\"lazy\" decoding=\"async\" width=\"800\" height=\"600\" src=\"https:\/\/id126ufba.com.br\/wp-content\/uploads\/2023\/10\/IMAGEM_NOTICIA_1.jpg\" alt=\"\" class=\"wp-image-40810\" srcset=\"https:\/\/id126ufba.com.br\/memoria\/wp-content\/uploads\/2023\/10\/IMAGEM_NOTICIA_1.jpg 800w, https:\/\/id126ufba.com.br\/memoria\/wp-content\/uploads\/2023\/10\/IMAGEM_NOTICIA_1-300x225.jpg 300w, https:\/\/id126ufba.com.br\/memoria\/wp-content\/uploads\/2023\/10\/IMAGEM_NOTICIA_1-768x576.jpg 768w\" sizes=\"(max-width: 800px) 100vw, 800px\" \/><figcaption>Grupo SOS Praia de Burac\u00e3o se manifesta na Plen\u00e1ria Cosme de Farias, C\u00e2mara de Salvador &#8211; Foto: Reprodu\u00e7\u00e3o<\/figcaption><\/figure>\n\n\n\n<p>A organiza\u00e7\u00e3o SOS Praia de Burac\u00e3o une moradores e ambientalistas em prol das causas ambientais e, principalmente, contra a constru\u00e7\u00e3o dos pr\u00e9dios pr\u00f3ximo \u00e0 faixa de areia da praia. Desde a divulga\u00e7\u00e3o da obra que ultrapassou o gabarito do PDDU, o grupo se mobiliza em a\u00e7\u00f5es, manifesta\u00e7\u00f5es e milit\u00e2ncia na tentativa de impedir que os pr\u00e9dios sejam constru\u00eddos.&nbsp;<\/p>\n\n\n\n<p>O SOS Burac\u00e3o exige a vota\u00e7\u00e3o e revis\u00e3o do Plano, mas Daniel explica a falta de interesse da prefeitura. &#8220;A prefeitura conjuntamente com vereadores de situa\u00e7\u00e3o a favor do governo est\u00e3o postergando essa revis\u00e3o pela quest\u00e3o de ano que vem ser ano de elei\u00e7\u00e3o. \u00c9 importante dizer que o or\u00e7amento necess\u00e1rio pra revis\u00e3o do PDDU ja est\u00e1 aprovado e que a verba ser\u00e1 liberada ano que vem.&#8221; O grupo afirma que a prefeitura n\u00e3o trata do assunto com transpar\u00eancia, pois n\u00e3o divulgou e negou o acesso ao Projeto arquitet\u00f4nico em quest\u00e3o.<\/p>\n\n\n\n<p>&#8220;O grupo SOS Burac\u00e3o n\u00e3o \u00e9 contr\u00e1ria \u00e0 constru\u00e7\u00e3o e ao desenvolvimento, desde que seja sustent\u00e1vel e permita a participa\u00e7\u00e3o popular. N\u00e3o \u00e9 uma quest\u00e3o de normas, regras de mercado, leis, orienta\u00e7\u00e3o pol\u00edtica, e sim uma quest\u00e3o de bom senso. Quem \u00e9 a favor de tr\u00eas torres que s\u00f3 privilegia poucos na sociedade em detrimento do arrasamento da paisagem local? Isso \u00e9 progresso?&#8221; pontua Daniel Passos, artista visual e membro da organiza\u00e7\u00e3o.<\/p>\n","protected":false},"excerpt":{"rendered":"<p>Atual Plano Diretor de Desenvolvimento Urbano possui brechas e permite constru\u00e7\u00f5es que prejudicam a comunidade local Uma constru\u00e7\u00e3o na Praia de Burac\u00e3o, no Rio Vermelho, tem causado revolta na comunidade local e frequentadores da praia: tr\u00eas torres de 18 andares que causariam grandes impactos ambientais. O grupo SOS Praia de Burac\u00e3o, juntamente com a vereadora [&hellip;]<\/p>\n","protected":false},"author":2,"featured_media":40808,"comment_status":"open","ping_status":"open","sticky":false,"template":"","format":"standard","meta":{"_acf_changed":false,"_monsterinsights_skip_tracking":false,"_monsterinsights_sitenote_active":false,"_monsterinsights_sitenote_note":"","_monsterinsights_sitenote_category":0,"footnotes":""},"categories":[1],"tags":[],"acf":[],"aioseo_notices":[],"yoast_head":"<!-- This site is optimized with the Yoast SEO plugin v24.5 - https:\/\/yoast.com\/wordpress\/plugins\/seo\/ -->\n<title>Vereadores e movimentos sociais denunciam constru\u00e7\u00e3o de torres na Praia do Burac\u00e3o\u00a0 - Impressao Digital 126<\/title>\n<meta name=\"robots\" content=\"index, follow, max-snippet:-1, max-image-preview:large, max-video-preview:-1\" \/>\n<link rel=\"canonical\" href=\"https:\/\/id126ufba.com.br\/memoria\/vereadores-e-movimentos-politicos-denunciam-construcao-de-torres-na-praia-do-buracao-\ufffc\/\" \/>\n<meta property=\"og:locale\" content=\"pt_BR\" \/>\n<meta property=\"og:type\" content=\"article\" \/>\n<meta property=\"og:title\" content=\"Vereadores e movimentos sociais denunciam constru\u00e7\u00e3o de torres na Praia do Burac\u00e3o\u00a0 - Impressao Digital 126\" \/>\n<meta property=\"og:description\" content=\"Atual Plano Diretor de Desenvolvimento Urbano possui brechas e permite constru\u00e7\u00f5es que prejudicam a comunidade local Uma constru\u00e7\u00e3o na Praia de Burac\u00e3o, no Rio Vermelho, tem causado revolta na comunidade local e frequentadores da praia: tr\u00eas torres de 18 andares que causariam grandes impactos ambientais. O grupo SOS Praia de Burac\u00e3o, juntamente com a vereadora [&hellip;]\" \/>\n<meta property=\"og:url\" content=\"https:\/\/id126ufba.com.br\/memoria\/vereadores-e-movimentos-politicos-denunciam-construcao-de-torres-na-praia-do-buracao-\ufffc\/\" \/>\n<meta property=\"og:site_name\" content=\"Impressao Digital 126\" \/>\n<meta property=\"article:published_time\" content=\"2023-10-04T14:20:07+00:00\" \/>\n<meta property=\"article:modified_time\" content=\"2023-10-04T14:26:18+00:00\" \/>\n<meta property=\"og:image\" content=\"https:\/\/id126ufba.com.br\/memoria\/wp-content\/uploads\/2023\/10\/blue-praia-bar.webp\" \/>\n\t<meta property=\"og:image:width\" content=\"1280\" \/>\n\t<meta property=\"og:image:height\" content=\"1025\" \/>\n\t<meta property=\"og:image:type\" content=\"image\/webp\" \/>\n<meta name=\"author\" content=\"Editor\" \/>\n<meta name=\"twitter:card\" content=\"summary_large_image\" \/>\n<meta name=\"twitter:label1\" content=\"Escrito por\" \/>\n\t<meta name=\"twitter:data1\" content=\"Editor\" \/>\n\t<meta name=\"twitter:label2\" content=\"Est. tempo de leitura\" \/>\n\t<meta name=\"twitter:data2\" content=\"5 minutos\" \/>\n<script type=\"application\/ld+json\" class=\"yoast-schema-graph\">{\"@context\":\"https:\/\/schema.org\",\"@graph\":[{\"@type\":\"Article\",\"@id\":\"https:\/\/id126ufba.com.br\/memoria\/vereadores-e-movimentos-politicos-denunciam-construcao-de-torres-na-praia-do-buracao-%ef%bf%bc\/#article\",\"isPartOf\":{\"@id\":\"https:\/\/id126ufba.com.br\/memoria\/vereadores-e-movimentos-politicos-denunciam-construcao-de-torres-na-praia-do-buracao-%ef%bf%bc\/\"},\"author\":{\"name\":\"Editor\",\"@id\":\"https:\/\/id126ufba.com.br\/memoria\/#\/schema\/person\/4f42ebfe385625f80efb1e423b1971ee\"},\"headline\":\"Vereadores e movimentos sociais denunciam constru\u00e7\u00e3o de torres na Praia do Burac\u00e3o\u00a0\",\"datePublished\":\"2023-10-04T14:20:07+00:00\",\"dateModified\":\"2023-10-04T14:26:18+00:00\",\"mainEntityOfPage\":{\"@id\":\"https:\/\/id126ufba.com.br\/memoria\/vereadores-e-movimentos-politicos-denunciam-construcao-de-torres-na-praia-do-buracao-%ef%bf%bc\/\"},\"wordCount\":753,\"commentCount\":0,\"publisher\":{\"@id\":\"https:\/\/id126ufba.com.br\/memoria\/#organization\"},\"image\":{\"@id\":\"https:\/\/id126ufba.com.br\/memoria\/vereadores-e-movimentos-politicos-denunciam-construcao-de-torres-na-praia-do-buracao-%ef%bf%bc\/#primaryimage\"},\"thumbnailUrl\":\"https:\/\/id126ufba.com.br\/memoria\/wp-content\/uploads\/2023\/10\/blue-praia-bar.webp\",\"articleSection\":[\"Cotidiano\"],\"inLanguage\":\"pt-BR\",\"potentialAction\":[{\"@type\":\"CommentAction\",\"name\":\"Comment\",\"target\":[\"https:\/\/id126ufba.com.br\/memoria\/vereadores-e-movimentos-politicos-denunciam-construcao-de-torres-na-praia-do-buracao-%ef%bf%bc\/#respond\"]}]},{\"@type\":\"WebPage\",\"@id\":\"https:\/\/id126ufba.com.br\/memoria\/vereadores-e-movimentos-politicos-denunciam-construcao-de-torres-na-praia-do-buracao-%ef%bf%bc\/\",\"url\":\"https:\/\/id126ufba.com.br\/memoria\/vereadores-e-movimentos-politicos-denunciam-construcao-de-torres-na-praia-do-buracao-%ef%bf%bc\/\",\"name\":\"Vereadores e movimentos sociais denunciam constru\u00e7\u00e3o de torres na Praia do Burac\u00e3o\u00a0 - Impressao Digital 126\",\"isPartOf\":{\"@id\":\"https:\/\/id126ufba.com.br\/memoria\/#website\"},\"primaryImageOfPage\":{\"@id\":\"https:\/\/id126ufba.com.br\/memoria\/vereadores-e-movimentos-politicos-denunciam-construcao-de-torres-na-praia-do-buracao-%ef%bf%bc\/#primaryimage\"},\"image\":{\"@id\":\"https:\/\/id126ufba.com.br\/memoria\/vereadores-e-movimentos-politicos-denunciam-construcao-de-torres-na-praia-do-buracao-%ef%bf%bc\/#primaryimage\"},\"thumbnailUrl\":\"https:\/\/id126ufba.com.br\/memoria\/wp-content\/uploads\/2023\/10\/blue-praia-bar.webp\",\"datePublished\":\"2023-10-04T14:20:07+00:00\",\"dateModified\":\"2023-10-04T14:26:18+00:00\",\"breadcrumb\":{\"@id\":\"https:\/\/id126ufba.com.br\/memoria\/vereadores-e-movimentos-politicos-denunciam-construcao-de-torres-na-praia-do-buracao-%ef%bf%bc\/#breadcrumb\"},\"inLanguage\":\"pt-BR\",\"potentialAction\":[{\"@type\":\"ReadAction\",\"target\":[\"https:\/\/id126ufba.com.br\/memoria\/vereadores-e-movimentos-politicos-denunciam-construcao-de-torres-na-praia-do-buracao-%ef%bf%bc\/\"]}]},{\"@type\":\"ImageObject\",\"inLanguage\":\"pt-BR\",\"@id\":\"https:\/\/id126ufba.com.br\/memoria\/vereadores-e-movimentos-politicos-denunciam-construcao-de-torres-na-praia-do-buracao-%ef%bf%bc\/#primaryimage\",\"url\":\"https:\/\/id126ufba.com.br\/memoria\/wp-content\/uploads\/2023\/10\/blue-praia-bar.webp\",\"contentUrl\":\"https:\/\/id126ufba.com.br\/memoria\/wp-content\/uploads\/2023\/10\/blue-praia-bar.webp\",\"width\":1280,\"height\":1025},{\"@type\":\"BreadcrumbList\",\"@id\":\"https:\/\/id126ufba.com.br\/memoria\/vereadores-e-movimentos-politicos-denunciam-construcao-de-torres-na-praia-do-buracao-%ef%bf%bc\/#breadcrumb\",\"itemListElement\":[{\"@type\":\"ListItem\",\"position\":1,\"name\":\"In\u00edcio\",\"item\":\"https:\/\/id126ufba.com.br\/memoria\/\"},{\"@type\":\"ListItem\",\"position\":2,\"name\":\"Vereadores e movimentos sociais denunciam constru\u00e7\u00e3o de torres na Praia do Burac\u00e3o\u00a0\"}]},{\"@type\":\"WebSite\",\"@id\":\"https:\/\/id126ufba.com.br\/memoria\/#website\",\"url\":\"https:\/\/id126ufba.com.br\/memoria\/\",\"name\":\"Impressao Digital 126\",\"description\":\"\",\"publisher\":{\"@id\":\"https:\/\/id126ufba.com.br\/memoria\/#organization\"},\"potentialAction\":[{\"@type\":\"SearchAction\",\"target\":{\"@type\":\"EntryPoint\",\"urlTemplate\":\"https:\/\/id126ufba.com.br\/memoria\/?s={search_term_string}\"},\"query-input\":{\"@type\":\"PropertyValueSpecification\",\"valueRequired\":true,\"valueName\":\"search_term_string\"}}],\"inLanguage\":\"pt-BR\"},{\"@type\":\"Organization\",\"@id\":\"https:\/\/id126ufba.com.br\/memoria\/#organization\",\"name\":\"Impressao Digital 126\",\"url\":\"https:\/\/id126ufba.com.br\/memoria\/\",\"logo\":{\"@type\":\"ImageObject\",\"inLanguage\":\"pt-BR\",\"@id\":\"https:\/\/id126ufba.com.br\/memoria\/#\/schema\/logo\/image\/\",\"url\":\"https:\/\/id126ufba.com.br\/memoria\/wp-content\/uploads\/2024\/07\/cropped-logo_memoria-1.png\",\"contentUrl\":\"https:\/\/id126ufba.com.br\/memoria\/wp-content\/uploads\/2024\/07\/cropped-logo_memoria-1.png\",\"width\":500,\"height\":100,\"caption\":\"Impressao Digital 126\"},\"image\":{\"@id\":\"https:\/\/id126ufba.com.br\/memoria\/#\/schema\/logo\/image\/\"}},{\"@type\":\"Person\",\"@id\":\"https:\/\/id126ufba.com.br\/memoria\/#\/schema\/person\/4f42ebfe385625f80efb1e423b1971ee\",\"name\":\"Editor\",\"image\":{\"@type\":\"ImageObject\",\"inLanguage\":\"pt-BR\",\"@id\":\"https:\/\/id126ufba.com.br\/memoria\/#\/schema\/person\/image\/\",\"url\":\"https:\/\/secure.gravatar.com\/avatar\/1d69d145a93605cda3e299a3b9c25751?s=96&d=mm&r=g\",\"contentUrl\":\"https:\/\/secure.gravatar.com\/avatar\/1d69d145a93605cda3e299a3b9c25751?s=96&d=mm&r=g\",\"caption\":\"Editor\"},\"url\":\"https:\/\/id126ufba.com.br\/memoria\/author\/editor\/\"}]}<\/script>\n<!-- \/ Yoast SEO plugin. -->","yoast_head_json":{"title":"Vereadores e movimentos sociais denunciam constru\u00e7\u00e3o de torres na Praia do Burac\u00e3o\u00a0 - Impressao Digital 126","robots":{"index":"index","follow":"follow","max-snippet":"max-snippet:-1","max-image-preview":"max-image-preview:large","max-video-preview":"max-video-preview:-1"},"canonical":"https:\/\/id126ufba.com.br\/memoria\/vereadores-e-movimentos-politicos-denunciam-construcao-de-torres-na-praia-do-buracao-\ufffc\/","og_locale":"pt_BR","og_type":"article","og_title":"Vereadores e movimentos sociais denunciam constru\u00e7\u00e3o de torres na Praia do Burac\u00e3o\u00a0 - Impressao Digital 126","og_description":"Atual Plano Diretor de Desenvolvimento Urbano possui brechas e permite constru\u00e7\u00f5es que prejudicam a comunidade local Uma constru\u00e7\u00e3o na Praia de Burac\u00e3o, no Rio Vermelho, tem causado revolta na comunidade local e frequentadores da praia: tr\u00eas torres de 18 andares que causariam grandes impactos ambientais. O grupo SOS Praia de Burac\u00e3o, juntamente com a vereadora [&hellip;]","og_url":"https:\/\/id126ufba.com.br\/memoria\/vereadores-e-movimentos-politicos-denunciam-construcao-de-torres-na-praia-do-buracao-\ufffc\/","og_site_name":"Impressao Digital 126","article_published_time":"2023-10-04T14:20:07+00:00","article_modified_time":"2023-10-04T14:26:18+00:00","og_image":[{"width":1280,"height":1025,"url":"https:\/\/id126ufba.com.br\/memoria\/wp-content\/uploads\/2023\/10\/blue-praia-bar.webp","type":"image\/webp"}],"author":"Editor","twitter_card":"summary_large_image","twitter_misc":{"Escrito por":"Editor","Est. tempo de leitura":"5 minutos"},"schema":{"@context":"https:\/\/schema.org","@graph":[{"@type":"Article","@id":"https:\/\/id126ufba.com.br\/memoria\/vereadores-e-movimentos-politicos-denunciam-construcao-de-torres-na-praia-do-buracao-%ef%bf%bc\/#article","isPartOf":{"@id":"https:\/\/id126ufba.com.br\/memoria\/vereadores-e-movimentos-politicos-denunciam-construcao-de-torres-na-praia-do-buracao-%ef%bf%bc\/"},"author":{"name":"Editor","@id":"https:\/\/id126ufba.com.br\/memoria\/#\/schema\/person\/4f42ebfe385625f80efb1e423b1971ee"},"headline":"Vereadores e movimentos sociais denunciam constru\u00e7\u00e3o de torres na Praia do Burac\u00e3o\u00a0","datePublished":"2023-10-04T14:20:07+00:00","dateModified":"2023-10-04T14:26:18+00:00","mainEntityOfPage":{"@id":"https:\/\/id126ufba.com.br\/memoria\/vereadores-e-movimentos-politicos-denunciam-construcao-de-torres-na-praia-do-buracao-%ef%bf%bc\/"},"wordCount":753,"commentCount":0,"publisher":{"@id":"https:\/\/id126ufba.com.br\/memoria\/#organization"},"image":{"@id":"https:\/\/id126ufba.com.br\/memoria\/vereadores-e-movimentos-politicos-denunciam-construcao-de-torres-na-praia-do-buracao-%ef%bf%bc\/#primaryimage"},"thumbnailUrl":"https:\/\/id126ufba.com.br\/memoria\/wp-content\/uploads\/2023\/10\/blue-praia-bar.webp","articleSection":["Cotidiano"],"inLanguage":"pt-BR","potentialAction":[{"@type":"CommentAction","name":"Comment","target":["https:\/\/id126ufba.com.br\/memoria\/vereadores-e-movimentos-politicos-denunciam-construcao-de-torres-na-praia-do-buracao-%ef%bf%bc\/#respond"]}]},{"@type":"WebPage","@id":"https:\/\/id126ufba.com.br\/memoria\/vereadores-e-movimentos-politicos-denunciam-construcao-de-torres-na-praia-do-buracao-%ef%bf%bc\/","url":"https:\/\/id126ufba.com.br\/memoria\/vereadores-e-movimentos-politicos-denunciam-construcao-de-torres-na-praia-do-buracao-%ef%bf%bc\/","name":"Vereadores e movimentos sociais denunciam constru\u00e7\u00e3o de torres na Praia do Burac\u00e3o\u00a0 - Impressao Digital 126","isPartOf":{"@id":"https:\/\/id126ufba.com.br\/memoria\/#website"},"primaryImageOfPage":{"@id":"https:\/\/id126ufba.com.br\/memoria\/vereadores-e-movimentos-politicos-denunciam-construcao-de-torres-na-praia-do-buracao-%ef%bf%bc\/#primaryimage"},"image":{"@id":"https:\/\/id126ufba.com.br\/memoria\/vereadores-e-movimentos-politicos-denunciam-construcao-de-torres-na-praia-do-buracao-%ef%bf%bc\/#primaryimage"},"thumbnailUrl":"https:\/\/id126ufba.com.br\/memoria\/wp-content\/uploads\/2023\/10\/blue-praia-bar.webp","datePublished":"2023-10-04T14:20:07+00:00","dateModified":"2023-10-04T14:26:18+00:00","breadcrumb":{"@id":"https:\/\/id126ufba.com.br\/memoria\/vereadores-e-movimentos-politicos-denunciam-construcao-de-torres-na-praia-do-buracao-%ef%bf%bc\/#breadcrumb"},"inLanguage":"pt-BR","potentialAction":[{"@type":"ReadAction","target":["https:\/\/id126ufba.com.br\/memoria\/vereadores-e-movimentos-politicos-denunciam-construcao-de-torres-na-praia-do-buracao-%ef%bf%bc\/"]}]},{"@type":"ImageObject","inLanguage":"pt-BR","@id":"https:\/\/id126ufba.com.br\/memoria\/vereadores-e-movimentos-politicos-denunciam-construcao-de-torres-na-praia-do-buracao-%ef%bf%bc\/#primaryimage","url":"https:\/\/id126ufba.com.br\/memoria\/wp-content\/uploads\/2023\/10\/blue-praia-bar.webp","contentUrl":"https:\/\/id126ufba.com.br\/memoria\/wp-content\/uploads\/2023\/10\/blue-praia-bar.webp","width":1280,"height":1025},{"@type":"BreadcrumbList","@id":"https:\/\/id126ufba.com.br\/memoria\/vereadores-e-movimentos-politicos-denunciam-construcao-de-torres-na-praia-do-buracao-%ef%bf%bc\/#breadcrumb","itemListElement":[{"@type":"ListItem","position":1,"name":"In\u00edcio","item":"https:\/\/id126ufba.com.br\/memoria\/"},{"@type":"ListItem","position":2,"name":"Vereadores e movimentos sociais denunciam constru\u00e7\u00e3o de torres na Praia do Burac\u00e3o\u00a0"}]},{"@type":"WebSite","@id":"https:\/\/id126ufba.com.br\/memoria\/#website","url":"https:\/\/id126ufba.com.br\/memoria\/","name":"Impressao Digital 126","description":"","publisher":{"@id":"https:\/\/id126ufba.com.br\/memoria\/#organization"},"potentialAction":[{"@type":"SearchAction","target":{"@type":"EntryPoint","urlTemplate":"https:\/\/id126ufba.com.br\/memoria\/?s={search_term_string}"},"query-input":{"@type":"PropertyValueSpecification","valueRequired":true,"valueName":"search_term_string"}}],"inLanguage":"pt-BR"},{"@type":"Organization","@id":"https:\/\/id126ufba.com.br\/memoria\/#organization","name":"Impressao Digital 126","url":"https:\/\/id126ufba.com.br\/memoria\/","logo":{"@type":"ImageObject","inLanguage":"pt-BR","@id":"https:\/\/id126ufba.com.br\/memoria\/#\/schema\/logo\/image\/","url":"https:\/\/id126ufba.com.br\/memoria\/wp-content\/uploads\/2024\/07\/cropped-logo_memoria-1.png","contentUrl":"https:\/\/id126ufba.com.br\/memoria\/wp-content\/uploads\/2024\/07\/cropped-logo_memoria-1.png","width":500,"height":100,"caption":"Impressao Digital 126"},"image":{"@id":"https:\/\/id126ufba.com.br\/memoria\/#\/schema\/logo\/image\/"}},{"@type":"Person","@id":"https:\/\/id126ufba.com.br\/memoria\/#\/schema\/person\/4f42ebfe385625f80efb1e423b1971ee","name":"Editor","image":{"@type":"ImageObject","inLanguage":"pt-BR","@id":"https:\/\/id126ufba.com.br\/memoria\/#\/schema\/person\/image\/","url":"https:\/\/secure.gravatar.com\/avatar\/1d69d145a93605cda3e299a3b9c25751?s=96&d=mm&r=g","contentUrl":"https:\/\/secure.gravatar.com\/avatar\/1d69d145a93605cda3e299a3b9c25751?s=96&d=mm&r=g","caption":"Editor"},"url":"https:\/\/id126ufba.com.br\/memoria\/author\/editor\/"}]}},"_links":{"self":[{"href":"https:\/\/id126ufba.com.br\/memoria\/wp-json\/wp\/v2\/posts\/40806"}],"collection":[{"href":"https:\/\/id126ufba.com.br\/memoria\/wp-json\/wp\/v2\/posts"}],"about":[{"href":"https:\/\/id126ufba.com.br\/memoria\/wp-json\/wp\/v2\/types\/post"}],"author":[{"embeddable":true,"href":"https:\/\/id126ufba.com.br\/memoria\/wp-json\/wp\/v2\/users\/2"}],"replies":[{"embeddable":true,"href":"https:\/\/id126ufba.com.br\/memoria\/wp-json\/wp\/v2\/comments?post=40806"}],"version-history":[{"count":3,"href":"https:\/\/id126ufba.com.br\/memoria\/wp-json\/wp\/v2\/posts\/40806\/revisions"}],"predecessor-version":[{"id":40881,"href":"https:\/\/id126ufba.com.br\/memoria\/wp-json\/wp\/v2\/posts\/40806\/revisions\/40881"}],"wp:featuredmedia":[{"embeddable":true,"href":"https:\/\/id126ufba.com.br\/memoria\/wp-json\/wp\/v2\/media\/40808"}],"wp:attachment":[{"href":"https:\/\/id126ufba.com.br\/memoria\/wp-json\/wp\/v2\/media?parent=40806"}],"wp:term":[{"taxonomy":"category","embeddable":true,"href":"https:\/\/id126ufba.com.br\/memoria\/wp-json\/wp\/v2\/categories?post=40806"},{"taxonomy":"post_tag","embeddable":true,"href":"https:\/\/id126ufba.com.br\/memoria\/wp-json\/wp\/v2\/tags?post=40806"}],"curies":[{"name":"wp","href":"https:\/\/api.w.org\/{rel}","templated":true}]}}