{"id":40864,"date":"2023-10-04T13:19:28","date_gmt":"2023-10-04T16:19:28","guid":{"rendered":"https:\/\/id126ufba.com.br\/?p=40864"},"modified":"2023-10-23T11:05:33","modified_gmt":"2023-10-23T14:05:33","slug":"salvador-adota-o-dia-da-paz-nas-escolas-em-resposta-a-onda-de-violencia-nas-instituicoes-de-ensino-do-brasil","status":"publish","type":"post","link":"https:\/\/id126ufba.com.br\/memoria\/salvador-adota-o-dia-da-paz-nas-escolas-em-resposta-a-onda-de-violencia-nas-instituicoes-de-ensino-do-brasil\/","title":{"rendered":"Salvador adota o &#8220;Dia da Paz nas Escolas&#8221; em resposta a onda de viol\u00eancia nas institui\u00e7\u00f5es de ensino do Brasil"},"content":{"rendered":"\n<p><em>Lei foi aprovada em 22 de agosto deste ano, e ter\u00e1 audi\u00eancia p\u00fablica na pr\u00f3xima na quarta-feira (11) na capital baiana.<\/em><\/p>\n\n\n\n<figure class=\"wp-block-image size-full\"><img loading=\"lazy\" decoding=\"async\" width=\"800\" height=\"534\" src=\"http:\/\/id126ufba.com.br\/wp-content\/uploads\/2023\/10\/camara-dos-vereadores.jpg\" alt=\"camera-vereadores-salvador-foto-Ant\u00f4nio-Queir\u00f3s \" class=\"wp-image-40865\" srcset=\"https:\/\/id126ufba.com.br\/memoria\/wp-content\/uploads\/2023\/10\/camara-dos-vereadores.jpg 800w, https:\/\/id126ufba.com.br\/memoria\/wp-content\/uploads\/2023\/10\/camara-dos-vereadores-300x200.jpg 300w, https:\/\/id126ufba.com.br\/memoria\/wp-content\/uploads\/2023\/10\/camara-dos-vereadores-768x513.jpg 768w\" sizes=\"(max-width: 800px) 100vw, 800px\" \/><figcaption>Projeto de Lei \u201cDia Municipal da Paz nas Escolas\u201d \u00e9 aprovado na C\u00e2mara dos Vereadores de Salvador. Foto: Ant\u00f4nio Queir\u00f3s <\/figcaption><\/figure>\n\n\n\n<p>A onda viol\u00eancia nas institui\u00e7\u00f5es de ensino \u00e9 quest\u00e3o no Brasil ap\u00f3s atentados no dia 20 de abril. Salvador \u00e9 uma das cidades que aprovou o <a href=\"https:\/\/www.cms.ba.gov.br\/noticias\/02-05-2023-teo-senna-quer-instituir-o-dia-municipal-da-paz-nas-escolas\">\u201cDia Municipal da Paz nas Escolas\u201d<\/a> em 22 de agosto na C\u00e2mera dos Vereadores, com audi\u00eancia p\u00fablica marcada para quarta-feira (11), na capital baiana.<\/p>\n\n\n\n<p>A proposta em Salvador foi aceita durante a 53\u00aa Sess\u00e3o Ordin\u00e1ria da 3\u00aa Sess\u00e3o Legislativa da 19\u00aa Legislatura. Projeto de Lei n.\u00ba 105\/2023 pretende promover no 20 de abril a conscientiza\u00e7\u00e3o&nbsp; de alunos e da comunidade escolar sobre a conviv\u00eancia pac\u00edfica e segura nas escolas.<\/p>\n\n\n\n<blockquote class=\"wp-block-quote is-layout-flow wp-block-quote-is-layout-flow\"><p>\u201cVivenciamos nesta data uma grande mobiliza\u00e7\u00e3o nos setores da educa\u00e7\u00e3o da cidade de Salvador, do estado da Bahia e de todo o Brasil, em busca de paz e seguran\u00e7a nas escolas, devido a uma onda de amea\u00e7as de ataques atrav\u00e9s das redes sociais,\u201d declara&nbsp; T\u00e9o Senna, professor e vereador que apresentou a proposta.<\/p><\/blockquote>\n\n\n\n<p>Outros munic\u00edpios e estados tamb\u00e9m adotaram projetos semelhantes, como a Prefeitura de S\u00e3o Jo\u00e3o da Boa Vista-SP e o Governo do Estado de Goi\u00e1s, e no Brasil foi aprovado em agosto a <a href=\"https:\/\/www.camara.leg.br\/noticias\/987529-camara-aprova-projeto-que-preve-promocao-de-cultura-da-paz-nas-escolas\/\">\u201cPol\u00edtica Nacional de Promo\u00e7\u00e3o da Cultura da Paz nas Escolas\u201d<\/a> (Projeto de Lei 1482\/23), com objetivos espec\u00edficos:<\/p>\n\n\n\n<ul><li>ado\u00e7\u00e3o de medidas preventivas para controlar atos de viol\u00eancia no ambiente escolar;<\/li><li>oferta de suporte e assist\u00eancia psicol\u00f3gica a estudantes envolvidos em situa\u00e7\u00f5es que ameacem a seguran\u00e7a;<\/li><li>fomenta\u00e7\u00e3o de inst\u00e2ncias estudantis, como representa\u00e7\u00e3o de turmas, comiss\u00f5es e gr\u00eamios para ampliar e garantir a participa\u00e7\u00e3o nas decis\u00f5es;<\/li><li>cria\u00e7\u00e3o de mecanismos para ampliar o envolvimento das fam\u00edlias e respons\u00e1veis legais dos alunos na conscientiza\u00e7\u00e3o, na preven\u00e7\u00e3o e no combate \u00e0 viol\u00eancia nas escolas.<\/li><\/ul>\n\n\n\n<p>O col\u00e9gio estadual Lomanto J\u00fanior foi colaborador da iniciativa ap\u00f3s v\u00e1rias ondas de agress\u00f5es e amea\u00e7as nas escolas municipais da capital. <\/p>\n\n\n\n<blockquote class=\"wp-block-quote is-layout-flow wp-block-quote-is-layout-flow\"><p>\u201cA ideia surgiu a partir de uma sugest\u00e3o da escola. Aquela semana estava extremamente complicada, com altos \u00edndices de amea\u00e7as, aulas sendo canceladas,\u201d diz Senna.<\/p><\/blockquote>\n\n\n\n<p>O autor do projeto destaca que as atividades do \u201cDia Municipal da Paz nas Escolas\u201d se iniciam&nbsp; na C\u00e2mara Municipal de Salvador, onde ser\u00e3o convidadas diversas escolas do munic\u00edpio para abordar quest\u00f5es da educa\u00e7\u00e3o e ambiente escolar.<\/p>\n\n\n\n<blockquote class=\"wp-block-quote is-layout-flow wp-block-quote-is-layout-flow\"><p>&#8220;Planejamos realizar uma mobiliza\u00e7\u00e3o atrav\u00e9s de uma audi\u00eancia p\u00fablica na C\u00e2mara Municipal, com o intuito de discutir as atividades a serem desenvolvidas nas escolas. Durante esse evento, pretendemos convidar escolas, palestrantes e promover debates nas institui\u00e7\u00f5es de ensino. Visando proporcionar um ambiente prop\u00edcio ao aprendizado&nbsp; consequentemente, uma educa\u00e7\u00e3o de maior qualidade,\u201d fala vereador.<\/p><\/blockquote>\n\n\n\n<p>O projeto foi aprovado de forma un\u00e2nime na C\u00e2mara dos Vereadores. Segundo T\u00e9o Senna para abranger as 425 escolas municipais deve existir um alinhamento com a Secret\u00e1ria de Educa\u00e7\u00e3o em conjunto com a Prefeitura de Salvador para maior ades\u00e3o no \u201cDia Municipal da Paz na Escolas\u201d a partir de 2024.<\/p>\n\n\n\n<figure class=\"wp-block-image size-full is-resized\"><img loading=\"lazy\" decoding=\"async\" src=\"http:\/\/id126ufba.com.br\/wp-content\/uploads\/2023\/10\/teo-senna.jpg\" alt=\"teo-senna-vereador-foto-Valdemiro-Lopes\" class=\"wp-image-40866\" width=\"660\" height=\"446\" srcset=\"https:\/\/id126ufba.com.br\/memoria\/wp-content\/uploads\/2023\/10\/teo-senna.jpg 660w, https:\/\/id126ufba.com.br\/memoria\/wp-content\/uploads\/2023\/10\/teo-senna-300x203.jpg 300w\" sizes=\"(max-width: 660px) 100vw, 660px\" \/><figcaption>Vereador T\u00e9o Senna (PSDB). Foto:  Valdemiro Lopes<\/figcaption><\/figure>\n","protected":false},"excerpt":{"rendered":"<p>Lei foi aprovada em 22 de agosto deste ano, e ter\u00e1 audi\u00eancia p\u00fablica na pr\u00f3xima na quarta-feira (11) na capital baiana. A onda viol\u00eancia nas institui\u00e7\u00f5es de ensino \u00e9 quest\u00e3o no Brasil ap\u00f3s atentados no dia 20 de abril. Salvador \u00e9 uma das cidades que aprovou o \u201cDia Municipal da Paz nas Escolas\u201d em 22 [&hellip;]<\/p>\n","protected":false},"author":2,"featured_media":40879,"comment_status":"open","ping_status":"open","sticky":false,"template":"","format":"standard","meta":{"_acf_changed":false,"_monsterinsights_skip_tracking":false,"_monsterinsights_sitenote_active":false,"_monsterinsights_sitenote_note":"","_monsterinsights_sitenote_category":0,"footnotes":""},"categories":[3059],"tags":[],"acf":[],"aioseo_notices":[],"yoast_head":"<!-- This site is optimized with the Yoast SEO plugin v24.5 - https:\/\/yoast.com\/wordpress\/plugins\/seo\/ -->\n<title>Salvador adota o &quot;Dia da Paz nas Escolas&quot; em resposta a onda de viol\u00eancia nas institui\u00e7\u00f5es de ensino do Brasil - Impressao Digital 126<\/title>\n<meta name=\"robots\" content=\"index, follow, max-snippet:-1, max-image-preview:large, max-video-preview:-1\" \/>\n<link rel=\"canonical\" href=\"https:\/\/id126ufba.com.br\/memoria\/salvador-adota-o-dia-da-paz-nas-escolas-em-resposta-a-onda-de-violencia-nas-instituicoes-de-ensino-do-brasil\/\" \/>\n<meta property=\"og:locale\" content=\"pt_BR\" \/>\n<meta property=\"og:type\" content=\"article\" \/>\n<meta property=\"og:title\" content=\"Salvador adota o &quot;Dia da Paz nas Escolas&quot; em resposta a onda de viol\u00eancia nas institui\u00e7\u00f5es de ensino do Brasil - Impressao Digital 126\" \/>\n<meta property=\"og:description\" content=\"Lei foi aprovada em 22 de agosto deste ano, e ter\u00e1 audi\u00eancia p\u00fablica na pr\u00f3xima na quarta-feira (11) na capital baiana. A onda viol\u00eancia nas institui\u00e7\u00f5es de ensino \u00e9 quest\u00e3o no Brasil ap\u00f3s atentados no dia 20 de abril. Salvador \u00e9 uma das cidades que aprovou o \u201cDia Municipal da Paz nas Escolas\u201d em 22 [&hellip;]\" \/>\n<meta property=\"og:url\" content=\"https:\/\/id126ufba.com.br\/memoria\/salvador-adota-o-dia-da-paz-nas-escolas-em-resposta-a-onda-de-violencia-nas-instituicoes-de-ensino-do-brasil\/\" \/>\n<meta property=\"og:site_name\" content=\"Impressao Digital 126\" \/>\n<meta property=\"article:published_time\" content=\"2023-10-04T16:19:28+00:00\" \/>\n<meta property=\"article:modified_time\" content=\"2023-10-23T14:05:33+00:00\" \/>\n<meta property=\"og:image\" content=\"https:\/\/id126ufba.com.br\/memoria\/wp-content\/uploads\/2023\/10\/e4c60bf7a076969fc058178b44f2f054_1608759360.jpg\" \/>\n\t<meta property=\"og:image:width\" content=\"800\" \/>\n\t<meta property=\"og:image:height\" content=\"533\" \/>\n\t<meta property=\"og:image:type\" content=\"image\/jpeg\" \/>\n<meta name=\"author\" content=\"Editor\" \/>\n<meta name=\"twitter:card\" content=\"summary_large_image\" \/>\n<meta name=\"twitter:label1\" content=\"Escrito por\" \/>\n\t<meta name=\"twitter:data1\" content=\"Editor\" \/>\n\t<meta name=\"twitter:label2\" content=\"Est. tempo de leitura\" \/>\n\t<meta name=\"twitter:data2\" content=\"3 minutos\" \/>\n<script type=\"application\/ld+json\" class=\"yoast-schema-graph\">{\"@context\":\"https:\/\/schema.org\",\"@graph\":[{\"@type\":\"Article\",\"@id\":\"https:\/\/id126ufba.com.br\/memoria\/salvador-adota-o-dia-da-paz-nas-escolas-em-resposta-a-onda-de-violencia-nas-instituicoes-de-ensino-do-brasil\/#article\",\"isPartOf\":{\"@id\":\"https:\/\/id126ufba.com.br\/memoria\/salvador-adota-o-dia-da-paz-nas-escolas-em-resposta-a-onda-de-violencia-nas-instituicoes-de-ensino-do-brasil\/\"},\"author\":{\"name\":\"Editor\",\"@id\":\"https:\/\/id126ufba.com.br\/memoria\/#\/schema\/person\/4f42ebfe385625f80efb1e423b1971ee\"},\"headline\":\"Salvador adota o &#8220;Dia da Paz nas Escolas&#8221; em resposta a onda de viol\u00eancia nas institui\u00e7\u00f5es de ensino do Brasil\",\"datePublished\":\"2023-10-04T16:19:28+00:00\",\"dateModified\":\"2023-10-23T14:05:33+00:00\",\"mainEntityOfPage\":{\"@id\":\"https:\/\/id126ufba.com.br\/memoria\/salvador-adota-o-dia-da-paz-nas-escolas-em-resposta-a-onda-de-violencia-nas-instituicoes-de-ensino-do-brasil\/\"},\"wordCount\":591,\"commentCount\":0,\"publisher\":{\"@id\":\"https:\/\/id126ufba.com.br\/memoria\/#organization\"},\"image\":{\"@id\":\"https:\/\/id126ufba.com.br\/memoria\/salvador-adota-o-dia-da-paz-nas-escolas-em-resposta-a-onda-de-violencia-nas-instituicoes-de-ensino-do-brasil\/#primaryimage\"},\"thumbnailUrl\":\"https:\/\/id126ufba.com.br\/memoria\/wp-content\/uploads\/2023\/10\/e4c60bf7a076969fc058178b44f2f054_1608759360.jpg\",\"articleSection\":[\"Especial C\u00e2mara de Vereadores\"],\"inLanguage\":\"pt-BR\",\"potentialAction\":[{\"@type\":\"CommentAction\",\"name\":\"Comment\",\"target\":[\"https:\/\/id126ufba.com.br\/memoria\/salvador-adota-o-dia-da-paz-nas-escolas-em-resposta-a-onda-de-violencia-nas-instituicoes-de-ensino-do-brasil\/#respond\"]}]},{\"@type\":\"WebPage\",\"@id\":\"https:\/\/id126ufba.com.br\/memoria\/salvador-adota-o-dia-da-paz-nas-escolas-em-resposta-a-onda-de-violencia-nas-instituicoes-de-ensino-do-brasil\/\",\"url\":\"https:\/\/id126ufba.com.br\/memoria\/salvador-adota-o-dia-da-paz-nas-escolas-em-resposta-a-onda-de-violencia-nas-instituicoes-de-ensino-do-brasil\/\",\"name\":\"Salvador adota o \\\"Dia da Paz nas Escolas\\\" em resposta a onda de viol\u00eancia nas institui\u00e7\u00f5es de ensino do Brasil - Impressao Digital 126\",\"isPartOf\":{\"@id\":\"https:\/\/id126ufba.com.br\/memoria\/#website\"},\"primaryImageOfPage\":{\"@id\":\"https:\/\/id126ufba.com.br\/memoria\/salvador-adota-o-dia-da-paz-nas-escolas-em-resposta-a-onda-de-violencia-nas-instituicoes-de-ensino-do-brasil\/#primaryimage\"},\"image\":{\"@id\":\"https:\/\/id126ufba.com.br\/memoria\/salvador-adota-o-dia-da-paz-nas-escolas-em-resposta-a-onda-de-violencia-nas-instituicoes-de-ensino-do-brasil\/#primaryimage\"},\"thumbnailUrl\":\"https:\/\/id126ufba.com.br\/memoria\/wp-content\/uploads\/2023\/10\/e4c60bf7a076969fc058178b44f2f054_1608759360.jpg\",\"datePublished\":\"2023-10-04T16:19:28+00:00\",\"dateModified\":\"2023-10-23T14:05:33+00:00\",\"breadcrumb\":{\"@id\":\"https:\/\/id126ufba.com.br\/memoria\/salvador-adota-o-dia-da-paz-nas-escolas-em-resposta-a-onda-de-violencia-nas-instituicoes-de-ensino-do-brasil\/#breadcrumb\"},\"inLanguage\":\"pt-BR\",\"potentialAction\":[{\"@type\":\"ReadAction\",\"target\":[\"https:\/\/id126ufba.com.br\/memoria\/salvador-adota-o-dia-da-paz-nas-escolas-em-resposta-a-onda-de-violencia-nas-instituicoes-de-ensino-do-brasil\/\"]}]},{\"@type\":\"ImageObject\",\"inLanguage\":\"pt-BR\",\"@id\":\"https:\/\/id126ufba.com.br\/memoria\/salvador-adota-o-dia-da-paz-nas-escolas-em-resposta-a-onda-de-violencia-nas-instituicoes-de-ensino-do-brasil\/#primaryimage\",\"url\":\"https:\/\/id126ufba.com.br\/memoria\/wp-content\/uploads\/2023\/10\/e4c60bf7a076969fc058178b44f2f054_1608759360.jpg\",\"contentUrl\":\"https:\/\/id126ufba.com.br\/memoria\/wp-content\/uploads\/2023\/10\/e4c60bf7a076969fc058178b44f2f054_1608759360.jpg\",\"width\":800,\"height\":533},{\"@type\":\"BreadcrumbList\",\"@id\":\"https:\/\/id126ufba.com.br\/memoria\/salvador-adota-o-dia-da-paz-nas-escolas-em-resposta-a-onda-de-violencia-nas-instituicoes-de-ensino-do-brasil\/#breadcrumb\",\"itemListElement\":[{\"@type\":\"ListItem\",\"position\":1,\"name\":\"In\u00edcio\",\"item\":\"https:\/\/id126ufba.com.br\/memoria\/\"},{\"@type\":\"ListItem\",\"position\":2,\"name\":\"Salvador adota o &#8220;Dia da Paz nas Escolas&#8221; em resposta a onda de viol\u00eancia nas institui\u00e7\u00f5es de ensino do Brasil\"}]},{\"@type\":\"WebSite\",\"@id\":\"https:\/\/id126ufba.com.br\/memoria\/#website\",\"url\":\"https:\/\/id126ufba.com.br\/memoria\/\",\"name\":\"Impressao Digital 126\",\"description\":\"\",\"publisher\":{\"@id\":\"https:\/\/id126ufba.com.br\/memoria\/#organization\"},\"potentialAction\":[{\"@type\":\"SearchAction\",\"target\":{\"@type\":\"EntryPoint\",\"urlTemplate\":\"https:\/\/id126ufba.com.br\/memoria\/?s={search_term_string}\"},\"query-input\":{\"@type\":\"PropertyValueSpecification\",\"valueRequired\":true,\"valueName\":\"search_term_string\"}}],\"inLanguage\":\"pt-BR\"},{\"@type\":\"Organization\",\"@id\":\"https:\/\/id126ufba.com.br\/memoria\/#organization\",\"name\":\"Impressao Digital 126\",\"url\":\"https:\/\/id126ufba.com.br\/memoria\/\",\"logo\":{\"@type\":\"ImageObject\",\"inLanguage\":\"pt-BR\",\"@id\":\"https:\/\/id126ufba.com.br\/memoria\/#\/schema\/logo\/image\/\",\"url\":\"https:\/\/id126ufba.com.br\/memoria\/wp-content\/uploads\/2024\/07\/cropped-logo_memoria-1.png\",\"contentUrl\":\"https:\/\/id126ufba.com.br\/memoria\/wp-content\/uploads\/2024\/07\/cropped-logo_memoria-1.png\",\"width\":500,\"height\":100,\"caption\":\"Impressao Digital 126\"},\"image\":{\"@id\":\"https:\/\/id126ufba.com.br\/memoria\/#\/schema\/logo\/image\/\"}},{\"@type\":\"Person\",\"@id\":\"https:\/\/id126ufba.com.br\/memoria\/#\/schema\/person\/4f42ebfe385625f80efb1e423b1971ee\",\"name\":\"Editor\",\"image\":{\"@type\":\"ImageObject\",\"inLanguage\":\"pt-BR\",\"@id\":\"https:\/\/id126ufba.com.br\/memoria\/#\/schema\/person\/image\/\",\"url\":\"https:\/\/secure.gravatar.com\/avatar\/1d69d145a93605cda3e299a3b9c25751?s=96&d=mm&r=g\",\"contentUrl\":\"https:\/\/secure.gravatar.com\/avatar\/1d69d145a93605cda3e299a3b9c25751?s=96&d=mm&r=g\",\"caption\":\"Editor\"},\"url\":\"https:\/\/id126ufba.com.br\/memoria\/author\/editor\/\"}]}<\/script>\n<!-- \/ Yoast SEO plugin. -->","yoast_head_json":{"title":"Salvador adota o \"Dia da Paz nas Escolas\" em resposta a onda de viol\u00eancia nas institui\u00e7\u00f5es de ensino do Brasil - Impressao Digital 126","robots":{"index":"index","follow":"follow","max-snippet":"max-snippet:-1","max-image-preview":"max-image-preview:large","max-video-preview":"max-video-preview:-1"},"canonical":"https:\/\/id126ufba.com.br\/memoria\/salvador-adota-o-dia-da-paz-nas-escolas-em-resposta-a-onda-de-violencia-nas-instituicoes-de-ensino-do-brasil\/","og_locale":"pt_BR","og_type":"article","og_title":"Salvador adota o \"Dia da Paz nas Escolas\" em resposta a onda de viol\u00eancia nas institui\u00e7\u00f5es de ensino do Brasil - Impressao Digital 126","og_description":"Lei foi aprovada em 22 de agosto deste ano, e ter\u00e1 audi\u00eancia p\u00fablica na pr\u00f3xima na quarta-feira (11) na capital baiana. A onda viol\u00eancia nas institui\u00e7\u00f5es de ensino \u00e9 quest\u00e3o no Brasil ap\u00f3s atentados no dia 20 de abril. Salvador \u00e9 uma das cidades que aprovou o \u201cDia Municipal da Paz nas Escolas\u201d em 22 [&hellip;]","og_url":"https:\/\/id126ufba.com.br\/memoria\/salvador-adota-o-dia-da-paz-nas-escolas-em-resposta-a-onda-de-violencia-nas-instituicoes-de-ensino-do-brasil\/","og_site_name":"Impressao Digital 126","article_published_time":"2023-10-04T16:19:28+00:00","article_modified_time":"2023-10-23T14:05:33+00:00","og_image":[{"width":800,"height":533,"url":"https:\/\/id126ufba.com.br\/memoria\/wp-content\/uploads\/2023\/10\/e4c60bf7a076969fc058178b44f2f054_1608759360.jpg","type":"image\/jpeg"}],"author":"Editor","twitter_card":"summary_large_image","twitter_misc":{"Escrito por":"Editor","Est. tempo de leitura":"3 minutos"},"schema":{"@context":"https:\/\/schema.org","@graph":[{"@type":"Article","@id":"https:\/\/id126ufba.com.br\/memoria\/salvador-adota-o-dia-da-paz-nas-escolas-em-resposta-a-onda-de-violencia-nas-instituicoes-de-ensino-do-brasil\/#article","isPartOf":{"@id":"https:\/\/id126ufba.com.br\/memoria\/salvador-adota-o-dia-da-paz-nas-escolas-em-resposta-a-onda-de-violencia-nas-instituicoes-de-ensino-do-brasil\/"},"author":{"name":"Editor","@id":"https:\/\/id126ufba.com.br\/memoria\/#\/schema\/person\/4f42ebfe385625f80efb1e423b1971ee"},"headline":"Salvador adota o &#8220;Dia da Paz nas Escolas&#8221; em resposta a onda de viol\u00eancia nas institui\u00e7\u00f5es de ensino do Brasil","datePublished":"2023-10-04T16:19:28+00:00","dateModified":"2023-10-23T14:05:33+00:00","mainEntityOfPage":{"@id":"https:\/\/id126ufba.com.br\/memoria\/salvador-adota-o-dia-da-paz-nas-escolas-em-resposta-a-onda-de-violencia-nas-instituicoes-de-ensino-do-brasil\/"},"wordCount":591,"commentCount":0,"publisher":{"@id":"https:\/\/id126ufba.com.br\/memoria\/#organization"},"image":{"@id":"https:\/\/id126ufba.com.br\/memoria\/salvador-adota-o-dia-da-paz-nas-escolas-em-resposta-a-onda-de-violencia-nas-instituicoes-de-ensino-do-brasil\/#primaryimage"},"thumbnailUrl":"https:\/\/id126ufba.com.br\/memoria\/wp-content\/uploads\/2023\/10\/e4c60bf7a076969fc058178b44f2f054_1608759360.jpg","articleSection":["Especial C\u00e2mara de Vereadores"],"inLanguage":"pt-BR","potentialAction":[{"@type":"CommentAction","name":"Comment","target":["https:\/\/id126ufba.com.br\/memoria\/salvador-adota-o-dia-da-paz-nas-escolas-em-resposta-a-onda-de-violencia-nas-instituicoes-de-ensino-do-brasil\/#respond"]}]},{"@type":"WebPage","@id":"https:\/\/id126ufba.com.br\/memoria\/salvador-adota-o-dia-da-paz-nas-escolas-em-resposta-a-onda-de-violencia-nas-instituicoes-de-ensino-do-brasil\/","url":"https:\/\/id126ufba.com.br\/memoria\/salvador-adota-o-dia-da-paz-nas-escolas-em-resposta-a-onda-de-violencia-nas-instituicoes-de-ensino-do-brasil\/","name":"Salvador adota o \"Dia da Paz nas Escolas\" em resposta a onda de viol\u00eancia nas institui\u00e7\u00f5es de ensino do Brasil - Impressao Digital 126","isPartOf":{"@id":"https:\/\/id126ufba.com.br\/memoria\/#website"},"primaryImageOfPage":{"@id":"https:\/\/id126ufba.com.br\/memoria\/salvador-adota-o-dia-da-paz-nas-escolas-em-resposta-a-onda-de-violencia-nas-instituicoes-de-ensino-do-brasil\/#primaryimage"},"image":{"@id":"https:\/\/id126ufba.com.br\/memoria\/salvador-adota-o-dia-da-paz-nas-escolas-em-resposta-a-onda-de-violencia-nas-instituicoes-de-ensino-do-brasil\/#primaryimage"},"thumbnailUrl":"https:\/\/id126ufba.com.br\/memoria\/wp-content\/uploads\/2023\/10\/e4c60bf7a076969fc058178b44f2f054_1608759360.jpg","datePublished":"2023-10-04T16:19:28+00:00","dateModified":"2023-10-23T14:05:33+00:00","breadcrumb":{"@id":"https:\/\/id126ufba.com.br\/memoria\/salvador-adota-o-dia-da-paz-nas-escolas-em-resposta-a-onda-de-violencia-nas-instituicoes-de-ensino-do-brasil\/#breadcrumb"},"inLanguage":"pt-BR","potentialAction":[{"@type":"ReadAction","target":["https:\/\/id126ufba.com.br\/memoria\/salvador-adota-o-dia-da-paz-nas-escolas-em-resposta-a-onda-de-violencia-nas-instituicoes-de-ensino-do-brasil\/"]}]},{"@type":"ImageObject","inLanguage":"pt-BR","@id":"https:\/\/id126ufba.com.br\/memoria\/salvador-adota-o-dia-da-paz-nas-escolas-em-resposta-a-onda-de-violencia-nas-instituicoes-de-ensino-do-brasil\/#primaryimage","url":"https:\/\/id126ufba.com.br\/memoria\/wp-content\/uploads\/2023\/10\/e4c60bf7a076969fc058178b44f2f054_1608759360.jpg","contentUrl":"https:\/\/id126ufba.com.br\/memoria\/wp-content\/uploads\/2023\/10\/e4c60bf7a076969fc058178b44f2f054_1608759360.jpg","width":800,"height":533},{"@type":"BreadcrumbList","@id":"https:\/\/id126ufba.com.br\/memoria\/salvador-adota-o-dia-da-paz-nas-escolas-em-resposta-a-onda-de-violencia-nas-instituicoes-de-ensino-do-brasil\/#breadcrumb","itemListElement":[{"@type":"ListItem","position":1,"name":"In\u00edcio","item":"https:\/\/id126ufba.com.br\/memoria\/"},{"@type":"ListItem","position":2,"name":"Salvador adota o &#8220;Dia da Paz nas Escolas&#8221; em resposta a onda de viol\u00eancia nas institui\u00e7\u00f5es de ensino do Brasil"}]},{"@type":"WebSite","@id":"https:\/\/id126ufba.com.br\/memoria\/#website","url":"https:\/\/id126ufba.com.br\/memoria\/","name":"Impressao Digital 126","description":"","publisher":{"@id":"https:\/\/id126ufba.com.br\/memoria\/#organization"},"potentialAction":[{"@type":"SearchAction","target":{"@type":"EntryPoint","urlTemplate":"https:\/\/id126ufba.com.br\/memoria\/?s={search_term_string}"},"query-input":{"@type":"PropertyValueSpecification","valueRequired":true,"valueName":"search_term_string"}}],"inLanguage":"pt-BR"},{"@type":"Organization","@id":"https:\/\/id126ufba.com.br\/memoria\/#organization","name":"Impressao Digital 126","url":"https:\/\/id126ufba.com.br\/memoria\/","logo":{"@type":"ImageObject","inLanguage":"pt-BR","@id":"https:\/\/id126ufba.com.br\/memoria\/#\/schema\/logo\/image\/","url":"https:\/\/id126ufba.com.br\/memoria\/wp-content\/uploads\/2024\/07\/cropped-logo_memoria-1.png","contentUrl":"https:\/\/id126ufba.com.br\/memoria\/wp-content\/uploads\/2024\/07\/cropped-logo_memoria-1.png","width":500,"height":100,"caption":"Impressao Digital 126"},"image":{"@id":"https:\/\/id126ufba.com.br\/memoria\/#\/schema\/logo\/image\/"}},{"@type":"Person","@id":"https:\/\/id126ufba.com.br\/memoria\/#\/schema\/person\/4f42ebfe385625f80efb1e423b1971ee","name":"Editor","image":{"@type":"ImageObject","inLanguage":"pt-BR","@id":"https:\/\/id126ufba.com.br\/memoria\/#\/schema\/person\/image\/","url":"https:\/\/secure.gravatar.com\/avatar\/1d69d145a93605cda3e299a3b9c25751?s=96&d=mm&r=g","contentUrl":"https:\/\/secure.gravatar.com\/avatar\/1d69d145a93605cda3e299a3b9c25751?s=96&d=mm&r=g","caption":"Editor"},"url":"https:\/\/id126ufba.com.br\/memoria\/author\/editor\/"}]}},"_links":{"self":[{"href":"https:\/\/id126ufba.com.br\/memoria\/wp-json\/wp\/v2\/posts\/40864"}],"collection":[{"href":"https:\/\/id126ufba.com.br\/memoria\/wp-json\/wp\/v2\/posts"}],"about":[{"href":"https:\/\/id126ufba.com.br\/memoria\/wp-json\/wp\/v2\/types\/post"}],"author":[{"embeddable":true,"href":"https:\/\/id126ufba.com.br\/memoria\/wp-json\/wp\/v2\/users\/2"}],"replies":[{"embeddable":true,"href":"https:\/\/id126ufba.com.br\/memoria\/wp-json\/wp\/v2\/comments?post=40864"}],"version-history":[{"count":6,"href":"https:\/\/id126ufba.com.br\/memoria\/wp-json\/wp\/v2\/posts\/40864\/revisions"}],"predecessor-version":[{"id":40885,"href":"https:\/\/id126ufba.com.br\/memoria\/wp-json\/wp\/v2\/posts\/40864\/revisions\/40885"}],"wp:featuredmedia":[{"embeddable":true,"href":"https:\/\/id126ufba.com.br\/memoria\/wp-json\/wp\/v2\/media\/40879"}],"wp:attachment":[{"href":"https:\/\/id126ufba.com.br\/memoria\/wp-json\/wp\/v2\/media?parent=40864"}],"wp:term":[{"taxonomy":"category","embeddable":true,"href":"https:\/\/id126ufba.com.br\/memoria\/wp-json\/wp\/v2\/categories?post=40864"},{"taxonomy":"post_tag","embeddable":true,"href":"https:\/\/id126ufba.com.br\/memoria\/wp-json\/wp\/v2\/tags?post=40864"}],"curies":[{"name":"wp","href":"https:\/\/api.w.org\/{rel}","templated":true}]}}