{"id":40931,"date":"2023-12-06T10:56:08","date_gmt":"2023-12-06T13:56:08","guid":{"rendered":"https:\/\/id126ufba.com.br\/?p=40931"},"modified":"2023-12-06T10:58:55","modified_gmt":"2023-12-06T13:58:55","slug":"mais-de-7-mil-pessoas-tem-registro-tardio-de-nascimento-na-bahia","status":"publish","type":"post","link":"https:\/\/id126ufba.com.br\/memoria\/mais-de-7-mil-pessoas-tem-registro-tardio-de-nascimento-na-bahia\/","title":{"rendered":"Mais de 7 mil pessoas t\u00eam registro tardio de nascimento na Bahia"},"content":{"rendered":"\n<p class=\"has-medium-font-size\"><em>Falta de certid\u00e3o de nascimento impede acesso a servi\u00e7os do SUS, educa\u00e7\u00e3o p\u00fablica e emprego formal<\/em><\/p>\n\n\n\n<p>Sem direito ao voto, trabalho com carteira assinada e acesso limitado \u00e0s pol\u00edticas de sa\u00fade e educa\u00e7\u00e3o. \u00c9 assim que vive uma pessoa que n\u00e3o possui certid\u00e3o de nascimento, o primeiro documento do cidad\u00e3o e que permite a emiss\u00e3o de outras documenta\u00e7\u00f5es civis. No entanto, h\u00e1 possibilidade de fazer o registro tardio. Entre 2019 e 2023, 7.325 pessoas solicitaram o documento de nascimento na Bahia. Os dados s\u00e3o da <a href=\"https:\/\/www.arpenba.org.br\/\" target=\"_blank\" rel=\"noreferrer noopener\">Associa\u00e7\u00e3o dos Registradores Civis das Pessoas Naturais do Estado da Bahia (Arpen-Ba)<\/a>.<\/p>\n\n\n<div class=\"wp-block-image\">\n<figure class=\"aligncenter size-large is-resized\"><img loading=\"lazy\" decoding=\"async\" width=\"724\" height=\"1024\" src=\"http:\/\/id126ufba.com.br\/wp-content\/uploads\/2023\/12\/5f75f31b-c0c5-456a-8872-e30c3dbf34df-724x1024.jpeg\" alt=\"Quadro mostra os servi\u00e7os que as pessoas n\u00e3o t\u00eam acesso sem o registro de nascimento.\" class=\"wp-image-40935\" style=\"width:396px;height:auto\" srcset=\"https:\/\/id126ufba.com.br\/memoria\/wp-content\/uploads\/2023\/12\/5f75f31b-c0c5-456a-8872-e30c3dbf34df-724x1024.jpeg 724w, https:\/\/id126ufba.com.br\/memoria\/wp-content\/uploads\/2023\/12\/5f75f31b-c0c5-456a-8872-e30c3dbf34df-212x300.jpeg 212w, https:\/\/id126ufba.com.br\/memoria\/wp-content\/uploads\/2023\/12\/5f75f31b-c0c5-456a-8872-e30c3dbf34df-768x1086.jpeg 768w, https:\/\/id126ufba.com.br\/memoria\/wp-content\/uploads\/2023\/12\/5f75f31b-c0c5-456a-8872-e30c3dbf34df-1086x1536.jpeg 1086w, https:\/\/id126ufba.com.br\/memoria\/wp-content\/uploads\/2023\/12\/5f75f31b-c0c5-456a-8872-e30c3dbf34df.jpeg 1131w\" sizes=\"(max-width: 724px) 100vw, 724px\" \/><figcaption class=\"wp-element-caption\">Sem o registro de nascimento, diversas pessoas n\u00e3o t\u00eam acesso aos seus direitos b\u00e1sicos<\/figcaption><\/figure><\/div>\n\n\n<p>As cidades que tiveram o maior n\u00famero de registro tardio neste per\u00edodo foram: Salvador (389), Santa Cruz Cabr\u00e1lia (295), Ilh\u00e9us (290), Feira de Santana (269) e Mucuri (192). Dentre as cinco, tr\u00eas fazem parte dos 10 munic\u00edpios baianos com maior popula\u00e7\u00e3o. J\u00e1 Santa Cruz Cabr\u00e1lia, no <a href=\"https:\/\/g1.globo.com\/ba\/bahia\/noticia\/2023\/08\/07\/bahia-tem-2a-maior-populacao-indigena-do-brasil-e-mais-de-90percent-dela-vive-fora-de-territorios-etnicos.ghtml\" target=\"_blank\" rel=\"noreferrer noopener\">Sul da Bahia, possui territ\u00f3rios ind\u00edgenas &#8211;<\/a> um dos principais perfis de indocumentados. Mucuri tamb\u00e9m est\u00e1 localizado no Sul baiano.<\/p>\n\n\n\n<p>Apesar da soma, o estado registrou uma queda de sub-registros ao longo dos anos. A tend\u00eancia \u00e9 o n\u00famero cair, visto que o registro \u00e9 feito gratuitamente no hospital em que a crian\u00e7a nasce, assim como h\u00e1 mutir\u00f5es de assist\u00eancia civil para quem cresceu sem a documenta\u00e7\u00e3o.<\/p>\n\n\n\n<p>Neste sentido, enquanto em 2019 houve 1.671 registros de pessoas sem certid\u00e3o de nascimento, em 2023 foram 1.045. Isso representa uma diminui\u00e7\u00e3o de 37%. No ano atual os munic\u00edpios que tiveram mais pedidos de registro tardio foram Una (94), Feira de Santana (56), Salvador (51), Aratu\u00edpe (48) e Mucuri (42).<\/p>\n\n\n<div class=\"wp-block-image\">\n<figure class=\"aligncenter size-full is-resized\"><img loading=\"lazy\" decoding=\"async\" width=\"1024\" height=\"768\" src=\"https:\/\/id126ufba.com.br\/wp-content\/uploads\/2023\/12\/image.jpeg\" alt=\"Em 2023, a capital baiana teve o menor n\u00famero de sub-registro dos \u00faltimos seis anos\" class=\"wp-image-40943\" style=\"width:456px;height:auto\" srcset=\"https:\/\/id126ufba.com.br\/memoria\/wp-content\/uploads\/2023\/12\/image.jpeg 1024w, https:\/\/id126ufba.com.br\/memoria\/wp-content\/uploads\/2023\/12\/image-300x225.jpeg 300w, https:\/\/id126ufba.com.br\/memoria\/wp-content\/uploads\/2023\/12\/image-768x576.jpeg 768w\" sizes=\"(max-width: 1024px) 100vw, 1024px\" \/><figcaption class=\"wp-element-caption\">Em 2023, a capital baiana teve o menor n\u00famero de sub-registro dos \u00faltimos seis anos<\/figcaption><\/figure><\/div>\n\n\n<p class=\"has-text-align-left\">O presidente da Arpen-Ba, Carlos Magno, d\u00e1 o passo a passo para conseguir tirar o registro tardio. Ele explica que primeiro a pessoa precisa saber se tem a Declara\u00e7\u00e3o de Nascido Vivo (DNV), se tiver, basta comparecer ao cart\u00f3rio portando o documento, com duas testemunhas. Caso n\u00e3o tenha, ser\u00e1 preciso fazer um requerimento que vai averiguar a situa\u00e7\u00e3o antes de tirar a nova documenta\u00e7\u00e3o.<\/p>\n\n\n\n<p>\u201cExiste o caso de uma senhora que estava sem registro de nascimento e por isso n\u00e3o estava conseguindo atendimento pelo SUS, conseguimos fazer atendimento dela e em uma semana j\u00e1 estava com o registro tardio\u201d, conta. \u201cFizemos tamb\u00e9m um mutir\u00e3o no Parque da Cidade em que atendemos uma senhora de 75 anos cega e que n\u00e3o conseguia ter acesso ao servi\u00e7o de sa\u00fade e j\u00e1 estava com sa\u00fade debilitada. Em 15 dias ela tirou o registro\u201d, acrescenta.<\/p>\n\n\n\n<p>Magno ressalta que o procedimento para tirar o registro tardio \u00e9 r\u00e1pido, totalmente feito no cart\u00f3rio e sem necessidade de interven\u00e7\u00e3o do Poder Judici\u00e1rio. Vale ressaltar que <a href=\"https:\/\/www.gov.br\/mdh\/pt-br\/assuntos\/noticias\/2020-2\/dezembro\/saiba-quais-maternidades-serao-interligadas-a-cartorios-de-registro-civil-de-nascimento\" target=\"_blank\" rel=\"noreferrer noopener\">atualmente algumas maternidades possuem unidades interligadas ao cart\u00f3rio<\/a>, ou seja, a pessoa j\u00e1 sai com a certid\u00e3o de nascimento. Por isso, o registro tardio tem \u00edndice baixo e atinge pessoas mais velhas ou que vivem em comunidades menos integradas socialmente, como ind\u00edgenas.<\/p>\n\n\n\n<p>\u00c9 o caso da idosa Ant\u00f4nia Ara\u00fajo, 78, natural de Ibicu\u00ed, no interior da Bahia. A aposentada s\u00f3 foi registrada aos 8 anos. O que pode parecer muito tempo para alguns, era algo muito comum na regi\u00e3o em que Ant\u00f4nia vivia. \u201cA lei n\u00e3o obrigava os pais a registrarem os filhos na hora em que nascessem. Ent\u00e3o, eles n\u00e3o ligavam. Muitos s\u00f3 eram registrados quando j\u00e1 estavam \u2018trocando os dentes de leite\u2019. A maior alegria era receber a Certid\u00e3o\u201d, afirma.<\/p>\n\n\n\n<p>O registro tardio era acentuado por conta das longas dist\u00e2ncias que as pessoas no interior das cidades precisavam percorrer para chegar ao cart\u00f3rio. Isso somado \u00e0 falta de transporte p\u00fablico. \u201cA gente morava na ro\u00e7a de Ibicu\u00ed. Para irmos pro centro, n\u00f3s \u00edamos de cavalo. N\u00e3o tinha \u00f4nibus e nem t\u00ednhamos carro. Eram 8 l\u00e9guas [38 km]\u201d, relembra Ant\u00f4nia sobre as dificuldades de deslocamento.<\/p>\n\n\n\n<p><strong>Confira a entrevista de Ant\u00f4nia Ara\u00fajo na \u00edntegra<\/strong>:<\/p>\n\n\n\n<figure class=\"wp-block-embed aligncenter is-type-video is-provider-youtube wp-block-embed-youtube wp-embed-aspect-16-9 wp-has-aspect-ratio\"><div class=\"wp-block-embed__wrapper\">\n<iframe loading=\"lazy\" title=\"Registro Tardio: Aposentada, registrada aos 8 anos, enfrentou desafios de deslocamento e dist\u00e2ncia\" width=\"500\" height=\"281\" src=\"https:\/\/www.youtube.com\/embed\/Jg7SLqdBrkE?feature=oembed\" frameborder=\"0\" allow=\"accelerometer; autoplay; clipboard-write; encrypted-media; gyroscope; picture-in-picture; web-share\" referrerpolicy=\"strict-origin-when-cross-origin\" allowfullscreen><\/iframe>\n<\/div><\/figure>\n\n\n\n<h4 class=\"wp-block-heading\"><strong>Pessoas de comunidades isoladas e idosos s\u00e3o principais indocumentados<\/strong><\/h4>\n\n\n\n<p>Especialistas em estudos sobre o sub-registro, que \u00e9 o conjunto de nascimentos n\u00e3o registrados no pr\u00f3prio ano do nascimento ou no 1\u00ba trimestre do ano subsequente, analisam que os principais perfis de pessoas sem a documenta\u00e7\u00e3o s\u00e3o de pessoas mais velhas e quilombolas, ind\u00edgenas e ciganos. A falta de documenta\u00e7\u00e3o est\u00e1 diretamente relacionada com caracter\u00edsticas como m\u00e3es muito jovens, nascimento que n\u00e3o acontecem em hospitais e escolaridade baixa da m\u00e3e. S\u00e3o esses tr\u00eas pontos que ajudam a identificar e combater o problema.\u00a0<\/p>\n\n\n\n<p>A supervisora de Dissemina\u00e7\u00e3o de Informa\u00e7\u00f5es do IBGE na Bahia, Mariana Viveiros, associa que as pessoas que n\u00e3o t\u00eam registro s\u00e3o mais velhas porque hoje h\u00e1 a necessidade de apresentar documenta\u00e7\u00e3o para iniciar a vida escolar, por exemplo, algo que \u00e9 mais incentivado e acess\u00edvel do que h\u00e1 d\u00e9cadas.<\/p>\n\n\n\n<p>J\u00e1 o presidente da Arpen aponta que quem vive em comunidades mais afastadas tamb\u00e9m se encaixa no perfil. \u201cS\u00e3o grupos sociais que muitas vezes n\u00e3o s\u00e3o integrados \u00e0 sociedade e deixam de fazer registro por op\u00e7\u00e3o ou ignor\u00e2ncia\u201d, indica. A associa\u00e7\u00e3o faz busca ativa para identificar essas pessoas.<\/p>\n\n\n<div class=\"wp-block-image\">\n<figure class=\"aligncenter size-full is-resized\"><img loading=\"lazy\" decoding=\"async\" width=\"1024\" height=\"768\" src=\"http:\/\/id126ufba.com.br\/wp-content\/uploads\/2023\/12\/WhatsApp-Image-2023-12-06-at-10.27.53.jpeg\" alt=\"Gr\u00e1fico mostra o n\u00famero de pessoas sem registro de nascimento no Brasil e Bahia por ano.\" class=\"wp-image-40981\" style=\"width:498px;height:auto\" srcset=\"https:\/\/id126ufba.com.br\/memoria\/wp-content\/uploads\/2023\/12\/WhatsApp-Image-2023-12-06-at-10.27.53.jpeg 1024w, https:\/\/id126ufba.com.br\/memoria\/wp-content\/uploads\/2023\/12\/WhatsApp-Image-2023-12-06-at-10.27.53-300x225.jpeg 300w, https:\/\/id126ufba.com.br\/memoria\/wp-content\/uploads\/2023\/12\/WhatsApp-Image-2023-12-06-at-10.27.53-768x576.jpeg 768w\" sizes=\"(max-width: 1024px) 100vw, 1024px\" \/><figcaption class=\"wp-element-caption\">Bahia atingiu o maior n\u00famero de sub registros em 2013, com 161.910 pessoas sem a documenta\u00e7\u00e3o<\/figcaption><\/figure><\/div>\n\n\n<h4 class=\"wp-block-heading\"><strong>Sub-registro na Bahia<\/strong><\/h4>\n\n\n\n<p>Em 2020, a Bahia atingiu a marca de 190 mil pessoas n\u00e3o registradas, conforme as estat\u00edsticas mais recentes do IBGE. Esse n\u00famero representa um aumento significativo de 90% em compara\u00e7\u00e3o com o censo de 2015, quando o n\u00famero era de 100 mil. Essa constata\u00e7\u00e3o posiciona a Bahia em quarto lugar no ranking nacional, ficando logo atr\u00e1s dos estados de S\u00e3o Paulo (554 mil), Minas Gerais (248 mil) e Rio de Janeiro (200 mil), respectivamente.<\/p>\n\n\n\n<p><strong>Confira o total de sub-registros por estado em 2020:<\/strong><\/p>\n\n\n\n<div class=\"flourish-embed flourish-map\" data-src=\"visualisation\/15975408\"><script src=\"https:\/\/public.flourish.studio\/resources\/embed.js\"><\/script><\/div>\n\n\n\n<p>Apesar do n\u00famero expressivo de sub-registros na Bahia, quando observado em escala nacional, o total de pessoas n\u00e3o registradas no estado equivale a apenas 3,3% do n\u00famero total no Brasil.<\/p>\n\n\n\n<p>\u201cO sub-registro de nascimento \u00e9 o c\u00e1lculo estimado do n\u00famero de crian\u00e7as que nascem, mas n\u00e3o s\u00e3o registradas de imediato, podendo ficar sem registro por at\u00e9 6 meses\u201d, explica Mariana Viveiros. Segundo ela h\u00e1 diversas raz\u00f5es que levam algu\u00e9m a n\u00e3o registrar uma crian\u00e7a logo ap\u00f3s o nascimento, \u201cAlgumas pessoas simplesmente deixam de registrar naquele momento e depois n\u00e3o registram mais. Comunidades ind\u00edgenas, quilombolas, ciganos s\u00e3o grupos sociais que muitas vezes n\u00e3o s\u00e3o integrados \u00e0 sociedade e deixam de fazer registro por op\u00e7\u00e3o ou ignor\u00e2ncia\u201d.<\/p>\n\n\n\n<p>Comum em cidades no interior do estado, o sub-registro atinge principalmente moradores de \u00e1reas distantes e de dif\u00edcil acesso que muitas vezes eram esquecidos. Durante o per\u00edodo eleitoral, pol\u00edticos ofereciam transporte para que pudessem registrar seus filhos, usando isso como meio de conquistar votos. \u00c9 o que conta Devison Oliveira, 51, de Itabuna. \u201cNa \u00e9poca de elei\u00e7\u00e3o, os pol\u00edticos sempre apareciam e davam algum tipo de vantagem, um transporte, um dinheiro, porque eles realmente compravam as pessoas para votarem neles\u201d, relata.<\/p>\n\n\n\n<p>N\u00e3o saber a data ou o ano em que nasceu e, portanto, n\u00e3o saber a sua verdadeira idade \u00e9 uma das consequ\u00eancias que Oliveira percebe em rela\u00e7\u00e3o ao registro tardio. \u201cOs pais sempre registravam os filhos muito depois do nascimento. Ai, alguns perdiam o ano em que nasceram\u201d, ele fala e acrescenta que na sua percep\u00e7\u00e3o houve uma evolu\u00e7\u00e3o comparando com os dias atuais, \u201cHoje, quando a crian\u00e7a nasce, ela j\u00e1 recebe o Documento de Nascido Vivo. Quando o meu filho nasceu, em 2001. Nasceu de manh\u00e3 e de tarde eu j\u00e1 estava com a certid\u00e3o dele\u201d.<\/p>\n\n\n\n<p><strong>Confira a entrevista com Devison Oliveira na \u00edntegra:<\/strong><\/p>\n\n\n\n<figure class=\"wp-block-embed aligncenter is-type-video is-provider-youtube wp-block-embed-youtube wp-embed-aspect-16-9 wp-has-aspect-ratio\"><div class=\"wp-block-embed__wrapper\">\n<iframe loading=\"lazy\" title=\"Nas cidades do interior \u00e9 muito comum os pais registrarem os filhos muito tempo depois do nascimento\" width=\"500\" height=\"281\" src=\"https:\/\/www.youtube.com\/embed\/VjNvwf-pXkw?feature=oembed\" frameborder=\"0\" allow=\"accelerometer; autoplay; clipboard-write; encrypted-media; gyroscope; picture-in-picture; web-share\" referrerpolicy=\"strict-origin-when-cross-origin\" allowfullscreen><\/iframe>\n<\/div><\/figure>\n\n\n\n<p>Um dos <a href=\"https:\/\/brasil.un.org\/pt-br\/sdgs\" target=\"_blank\" rel=\"noreferrer noopener\">17 objetivos do compromisso de Desenvolvimento Sustent\u00e1vel das Na\u00e7\u00f5es Unidas at\u00e9 2030<\/a> \u00e9 fornecer identidade legal para todos, incluindo o registro de nascimento, para tal, a ONU recomenda que a taxa de sub-registro seja inferior a 5% da popula\u00e7\u00e3o do pa\u00eds. Com isso o IBGE considera em suas an\u00e1lises que o sub-registro est\u00e1 erradicado se a taxa de sub-registros for inferior \u00e0 recomenda\u00e7\u00e3o da ONU.<\/p>\n\n\n\n<p>\u00c9 o caso da Bahia que, com base no <a href=\"https:\/\/www.ibge.gov.br\/estatisticas\/sociais\/trabalho\/22827-censo-demografico-2022.html?edicao=35938\" target=\"_blank\" rel=\"noreferrer noopener\">Censo Demogr\u00e1fico de 2022<\/a>, tem 14,6 milh\u00f5es de habitantes e, quando comparado com os dados de sub-registros de nascimentos, significa que apenas 1,25% da popula\u00e7\u00e3o n\u00e3o foi registrada. Em Salvador, por exemplo, a taxa gira em torno de 0,71% da popula\u00e7\u00e3o. O mesmo segue quando se compara com o n\u00famero de pessoas n\u00e3o registradas em todo o Brasil, pois a Bahia ocupa 3,3% desse total no pa\u00eds. Por tanto o IBGE considera que no estado o sub-registro foi erradicado.<\/p>\n\n\n<div class=\"wp-block-image\">\n<figure class=\"aligncenter size-full is-resized\"><img loading=\"lazy\" decoding=\"async\" width=\"1024\" height=\"768\" src=\"http:\/\/id126ufba.com.br\/wp-content\/uploads\/2023\/12\/WhatsApp-Image-2023-12-06-at-09.43.22.jpeg\" alt=\"Gr\u00e1fico mostra o total de sub-registro de nascidos vivos em 2020 por regi\u00e3o.\" class=\"wp-image-40948\" style=\"width:532px;height:auto\" srcset=\"https:\/\/id126ufba.com.br\/memoria\/wp-content\/uploads\/2023\/12\/WhatsApp-Image-2023-12-06-at-09.43.22.jpeg 1024w, https:\/\/id126ufba.com.br\/memoria\/wp-content\/uploads\/2023\/12\/WhatsApp-Image-2023-12-06-at-09.43.22-300x225.jpeg 300w, https:\/\/id126ufba.com.br\/memoria\/wp-content\/uploads\/2023\/12\/WhatsApp-Image-2023-12-06-at-09.43.22-768x576.jpeg 768w\" sizes=\"(max-width: 1024px) 100vw, 1024px\" \/><figcaption class=\"wp-element-caption\">Nordeste foi a segunda regi\u00e3o com mais sub-registros em 2020<\/figcaption><\/figure><\/div>\n\n\n<h4 class=\"wp-block-heading\"><strong>Pesquisas foram interrompidas<\/strong><\/h4>\n\n\n\n<p>At\u00e9 2015, os dados de sub-registros eram coletados por meio da Pesquisa Nacional de Amostra de Domic\u00edlios (PNAD). \u201cPara o IBGE era importante ter essa informa\u00e7\u00e3o para estimativa de sub-registro\u201d, conta Mariana. A pesquisa \u00e9 declarat\u00f3ria, baseada unicamente na resposta do participante. A supervisora de D.I. do IBGE, tamb\u00e9m afirma que a pesquisa de sub-registros, apesar de confi\u00e1vel, \u201cgera uma estat\u00edstica pequena em termos proporcionais&#8221;. Com uma margem de erro elevada e que n\u00e3o costumava ser divulgada no plano de tabelas do IBGE\u201d.<\/p>\n\n\n\n<p>Para diminuir a margem de erro dos sub-registros, o IBGE mudou a forma de obter esses dados e parou a pesquisa. Atualmente o Instituto passou a coletar dados do minist\u00e9rio da sa\u00fade, do programa de Nascidos Vivos, que no momento do nascimento gera uma a Documento de Nascido Vivo, o DNV, com o qual os pais da crian\u00e7a podem dar entrada para obten\u00e7\u00e3o da Certid\u00e3o de Nascimento.<\/p>\n\n\n\n<p>Para tratar dos sub-registros nos censos demogr\u00e1ficos atuais, Mariana explica que o IBGE faz uma pergunta sobre registro voltada apenas para crian\u00e7as de at\u00e9 10 anos. \u201cA pergunta \u00e9 para crian\u00e7as sem registro. o recorte et\u00e1rio tem a ver com entrada na escola e a partir da\u00ed ver onde h\u00e1 crian\u00e7as de at\u00e9 10 anos que deveriam estar na escola e n\u00e3o tem o registro de nascimento\u201d, ela explica.\u00a0<\/p>\n\n\n\n<h4 class=\"wp-block-heading\"><strong>Governo do Estado tra\u00e7a novas estrat\u00e9gias para combate ao sub-registro<\/strong><\/h4>\n\n\n\n<p>A coordenadora de Direitos Humanos da Secretaria de Justi\u00e7a e Direitos Humanos da Bahia (SJDH-BA), Maria Fernanda Cruz, explica que o \u00edndice de incid\u00eancia de sub-registro e n\u00e3o registro no Estado, que era de 12% em 2010, caiu para menos de 2%. E essa diminui\u00e7\u00e3o foi resultado da implanta\u00e7\u00e3o dos programas sociais, da aposentadoria do trabalhador Rural e outras a\u00e7\u00f5es do Governo Federal que exigem a documenta\u00e7\u00e3o em dia.<\/p>\n\n\n\n<p>O Governo da Bahia tamb\u00e9m realizou mais de 100 grandes mutir\u00f5es para retirada de documentos em todo o estado nos \u00faltimos anos. Mas, hoje a estrat\u00e9gia mudou. \u201cConstatamos que a incid\u00eancia \u00e9 mais pontual, por isso, criamos a\u00e7\u00f5es espec\u00edficas, que s\u00e3o mais eficientes e atuam nas localidades onde o problema ainda persiste, como nas comunidades tradicionais\u201d, afirma.<\/p>\n\n\n<div class=\"wp-block-image\">\n<figure class=\"aligncenter size-large is-resized\"><img loading=\"lazy\" decoding=\"async\" width=\"1024\" height=\"1024\" src=\"http:\/\/id126ufba.com.br\/wp-content\/uploads\/2023\/12\/WhatsApp-Image-2023-11-30-at-13.04.15-1024x1024.jpeg\" alt=\"Ind\u00edgenas s\u00e3o atendidos em Caravana dos Direitos Humanos em Porto Seguro.\" class=\"wp-image-40972\" style=\"width:500px;height:auto\" srcset=\"https:\/\/id126ufba.com.br\/memoria\/wp-content\/uploads\/2023\/12\/WhatsApp-Image-2023-11-30-at-13.04.15-1024x1024.jpeg 1024w, https:\/\/id126ufba.com.br\/memoria\/wp-content\/uploads\/2023\/12\/WhatsApp-Image-2023-11-30-at-13.04.15-300x300.jpeg 300w, https:\/\/id126ufba.com.br\/memoria\/wp-content\/uploads\/2023\/12\/WhatsApp-Image-2023-11-30-at-13.04.15-150x150.jpeg 150w, https:\/\/id126ufba.com.br\/memoria\/wp-content\/uploads\/2023\/12\/WhatsApp-Image-2023-11-30-at-13.04.15-768x768.jpeg 768w, https:\/\/id126ufba.com.br\/memoria\/wp-content\/uploads\/2023\/12\/WhatsApp-Image-2023-11-30-at-13.04.15.jpeg 1440w\" sizes=\"(max-width: 1024px) 100vw, 1024px\" \/><figcaption class=\"wp-element-caption\">Ind\u00edgenas s\u00e3o atendidos em Caravana dos Direitos Humanos em Porto Seguro. Foto: SJDH-BA.<\/figcaption><\/figure><\/div>\n\n\n<p>Neste ano, a SJDH-BA criou o projeto Caravana dos Direitos Humanos, que percorre comunidades tradicionais, como \u00e1reas ind\u00edgenas e quilombolas em todo o estado, e oferece, al\u00e9m do registro civil, muitos outros servi\u00e7os que <a href=\"http:\/\/www.sjdh.ba.gov.br\/modules\/conteudo\/conteudo.php?conteudo=161\" target=\"_blank\" rel=\"noreferrer noopener\">podem ser acessados clicando aqui.<\/a> Este ano j\u00e1 foram realizadas 5 Caravanas. Na \u00faltima edi\u00e7\u00e3o realizada em outubro na cidade de\u00a0 Porto Seguro, mais de 4 mil ind\u00edgenas foram atendidos.<\/p>\n\n\n\n<p>Outra iniciativa que j\u00e1 est\u00e1 em curso \u00e9 a implanta\u00e7\u00e3o dos anexos de cart\u00f3rio nas maternidades. Os anexos permitem que a crian\u00e7a seja registrada j\u00e1 ali mesmo no local de nascimento,\u00a0 e s\u00e3o\u00a0 interligados a todos os cart\u00f3rios da regi\u00e3o. Isso evita que a m\u00e3e que foi fazer o parto em uma cidade diferente da que vive, n\u00e3o precise retornar ao cart\u00f3rio do munic\u00edpio em que seu filho nasceu sempre que precisar solicitar algum documento da crian\u00e7a.<\/p>\n\n\n\n<p>E no come\u00e7o do ano que vem, o Governo do Estado vai lan\u00e7ar o <strong><em>Registra, Mainha<\/em><\/strong>, programa que permitir\u00e1 que a crian\u00e7a seja registrada s\u00f3 pela m\u00e3e, incluindo o nome do pai posteriormente. A coordenadora Maria Fernanda explica: \u201ctem pai que n\u00e3o assume o filho, tem pai que n\u00e3o comparece ao registro, pais cumprindo pena&#8230; e tudo isso impede que a m\u00e3e registre a crian\u00e7a. Com o <em>Registra, Mainha<\/em>, a quest\u00e3o do nome paterno poder\u00e1 ser feita depois. O que vai facilitar o registro imediatamente ap\u00f3s o nascimento&#8221;.<\/p>\n\n\n\n<p class=\"has-small-font-size\"><em>* Para conferir os dados completos do levantamento da Arpen sobre os registros tardios de 2018 a 2023, voc\u00ea pode<a href=\"https:\/\/docs.google.com\/spreadsheets\/d\/1rmwbpsWofED_jljvm7sa-Cf8MpUexzl6\/edit#gid=775559532\"> acessar clicando aqui.<\/a><\/em><\/p>\n","protected":false},"excerpt":{"rendered":"<p>Mais de 7 mil pessoas solicitaram o registro de nascimento tardio na Bahia entre 2019 e 2023. Falta da documenta\u00e7\u00e3o impede que a pessoa tenha acesso a grande parte dos seus direitos b\u00e1sicos.<\/p>\n","protected":false},"author":2,"featured_media":40957,"comment_status":"open","ping_status":"open","sticky":false,"template":"","format":"standard","meta":{"_acf_changed":false,"_monsterinsights_skip_tracking":false,"_monsterinsights_sitenote_active":false,"_monsterinsights_sitenote_note":"","_monsterinsights_sitenote_category":0,"footnotes":""},"categories":[3047,1,2962],"tags":[],"acf":[],"aioseo_notices":[],"yoast_head":"<!-- This site is optimized with the Yoast SEO plugin v24.5 - https:\/\/yoast.com\/wordpress\/plugins\/seo\/ -->\n<title>Mais de 7 mil pessoas t\u00eam registro tardio de nascimento na Bahia - Impressao Digital 126<\/title>\n<meta name=\"robots\" content=\"index, follow, max-snippet:-1, max-image-preview:large, max-video-preview:-1\" \/>\n<link rel=\"canonical\" href=\"https:\/\/id126ufba.com.br\/memoria\/mais-de-7-mil-pessoas-tem-registro-tardio-de-nascimento-na-bahia\/\" \/>\n<meta property=\"og:locale\" content=\"pt_BR\" \/>\n<meta property=\"og:type\" content=\"article\" \/>\n<meta property=\"og:title\" content=\"Mais de 7 mil pessoas t\u00eam registro tardio de nascimento na Bahia - Impressao Digital 126\" \/>\n<meta property=\"og:description\" content=\"Mais de 7 mil pessoas solicitaram o registro de nascimento tardio na Bahia entre 2019 e 2023. Falta da documenta\u00e7\u00e3o impede que a pessoa tenha acesso a grande parte dos seus direitos b\u00e1sicos.\" \/>\n<meta property=\"og:url\" content=\"https:\/\/id126ufba.com.br\/memoria\/mais-de-7-mil-pessoas-tem-registro-tardio-de-nascimento-na-bahia\/\" \/>\n<meta property=\"og:site_name\" content=\"Impressao Digital 126\" \/>\n<meta property=\"article:published_time\" content=\"2023-12-06T13:56:08+00:00\" \/>\n<meta property=\"article:modified_time\" content=\"2023-12-06T13:58:55+00:00\" \/>\n<meta property=\"og:image\" content=\"https:\/\/id126ufba.com.br\/memoria\/wp-content\/uploads\/2023\/12\/Certidao-de-nascimento.jpeg\" \/>\n\t<meta property=\"og:image:width\" content=\"1024\" \/>\n\t<meta property=\"og:image:height\" content=\"790\" \/>\n\t<meta property=\"og:image:type\" content=\"image\/jpeg\" \/>\n<meta name=\"author\" content=\"Editor\" \/>\n<meta name=\"twitter:card\" content=\"summary_large_image\" \/>\n<meta name=\"twitter:label1\" content=\"Escrito por\" \/>\n\t<meta name=\"twitter:data1\" content=\"Editor\" \/>\n\t<meta name=\"twitter:label2\" content=\"Est. tempo de leitura\" \/>\n\t<meta name=\"twitter:data2\" content=\"13 minutos\" \/>\n<script type=\"application\/ld+json\" class=\"yoast-schema-graph\">{\"@context\":\"https:\/\/schema.org\",\"@graph\":[{\"@type\":\"Article\",\"@id\":\"https:\/\/id126ufba.com.br\/memoria\/mais-de-7-mil-pessoas-tem-registro-tardio-de-nascimento-na-bahia\/#article\",\"isPartOf\":{\"@id\":\"https:\/\/id126ufba.com.br\/memoria\/mais-de-7-mil-pessoas-tem-registro-tardio-de-nascimento-na-bahia\/\"},\"author\":{\"name\":\"Editor\",\"@id\":\"https:\/\/id126ufba.com.br\/memoria\/#\/schema\/person\/4f42ebfe385625f80efb1e423b1971ee\"},\"headline\":\"Mais de 7 mil pessoas t\u00eam registro tardio de nascimento na Bahia\",\"datePublished\":\"2023-12-06T13:56:08+00:00\",\"dateModified\":\"2023-12-06T13:58:55+00:00\",\"mainEntityOfPage\":{\"@id\":\"https:\/\/id126ufba.com.br\/memoria\/mais-de-7-mil-pessoas-tem-registro-tardio-de-nascimento-na-bahia\/\"},\"wordCount\":2194,\"commentCount\":0,\"publisher\":{\"@id\":\"https:\/\/id126ufba.com.br\/memoria\/#organization\"},\"image\":{\"@id\":\"https:\/\/id126ufba.com.br\/memoria\/mais-de-7-mil-pessoas-tem-registro-tardio-de-nascimento-na-bahia\/#primaryimage\"},\"thumbnailUrl\":\"https:\/\/id126ufba.com.br\/memoria\/wp-content\/uploads\/2023\/12\/Certidao-de-nascimento.jpeg\",\"articleSection\":[\"Cidades\",\"Cotidiano\",\"Pol\u00edtica\"],\"inLanguage\":\"pt-BR\",\"potentialAction\":[{\"@type\":\"CommentAction\",\"name\":\"Comment\",\"target\":[\"https:\/\/id126ufba.com.br\/memoria\/mais-de-7-mil-pessoas-tem-registro-tardio-de-nascimento-na-bahia\/#respond\"]}]},{\"@type\":\"WebPage\",\"@id\":\"https:\/\/id126ufba.com.br\/memoria\/mais-de-7-mil-pessoas-tem-registro-tardio-de-nascimento-na-bahia\/\",\"url\":\"https:\/\/id126ufba.com.br\/memoria\/mais-de-7-mil-pessoas-tem-registro-tardio-de-nascimento-na-bahia\/\",\"name\":\"Mais de 7 mil pessoas t\u00eam registro tardio de nascimento na Bahia - Impressao Digital 126\",\"isPartOf\":{\"@id\":\"https:\/\/id126ufba.com.br\/memoria\/#website\"},\"primaryImageOfPage\":{\"@id\":\"https:\/\/id126ufba.com.br\/memoria\/mais-de-7-mil-pessoas-tem-registro-tardio-de-nascimento-na-bahia\/#primaryimage\"},\"image\":{\"@id\":\"https:\/\/id126ufba.com.br\/memoria\/mais-de-7-mil-pessoas-tem-registro-tardio-de-nascimento-na-bahia\/#primaryimage\"},\"thumbnailUrl\":\"https:\/\/id126ufba.com.br\/memoria\/wp-content\/uploads\/2023\/12\/Certidao-de-nascimento.jpeg\",\"datePublished\":\"2023-12-06T13:56:08+00:00\",\"dateModified\":\"2023-12-06T13:58:55+00:00\",\"breadcrumb\":{\"@id\":\"https:\/\/id126ufba.com.br\/memoria\/mais-de-7-mil-pessoas-tem-registro-tardio-de-nascimento-na-bahia\/#breadcrumb\"},\"inLanguage\":\"pt-BR\",\"potentialAction\":[{\"@type\":\"ReadAction\",\"target\":[\"https:\/\/id126ufba.com.br\/memoria\/mais-de-7-mil-pessoas-tem-registro-tardio-de-nascimento-na-bahia\/\"]}]},{\"@type\":\"ImageObject\",\"inLanguage\":\"pt-BR\",\"@id\":\"https:\/\/id126ufba.com.br\/memoria\/mais-de-7-mil-pessoas-tem-registro-tardio-de-nascimento-na-bahia\/#primaryimage\",\"url\":\"https:\/\/id126ufba.com.br\/memoria\/wp-content\/uploads\/2023\/12\/Certidao-de-nascimento.jpeg\",\"contentUrl\":\"https:\/\/id126ufba.com.br\/memoria\/wp-content\/uploads\/2023\/12\/Certidao-de-nascimento.jpeg\",\"width\":1024,\"height\":790},{\"@type\":\"BreadcrumbList\",\"@id\":\"https:\/\/id126ufba.com.br\/memoria\/mais-de-7-mil-pessoas-tem-registro-tardio-de-nascimento-na-bahia\/#breadcrumb\",\"itemListElement\":[{\"@type\":\"ListItem\",\"position\":1,\"name\":\"In\u00edcio\",\"item\":\"https:\/\/id126ufba.com.br\/memoria\/\"},{\"@type\":\"ListItem\",\"position\":2,\"name\":\"Mais de 7 mil pessoas t\u00eam registro tardio de nascimento na Bahia\"}]},{\"@type\":\"WebSite\",\"@id\":\"https:\/\/id126ufba.com.br\/memoria\/#website\",\"url\":\"https:\/\/id126ufba.com.br\/memoria\/\",\"name\":\"Impressao Digital 126\",\"description\":\"\",\"publisher\":{\"@id\":\"https:\/\/id126ufba.com.br\/memoria\/#organization\"},\"potentialAction\":[{\"@type\":\"SearchAction\",\"target\":{\"@type\":\"EntryPoint\",\"urlTemplate\":\"https:\/\/id126ufba.com.br\/memoria\/?s={search_term_string}\"},\"query-input\":{\"@type\":\"PropertyValueSpecification\",\"valueRequired\":true,\"valueName\":\"search_term_string\"}}],\"inLanguage\":\"pt-BR\"},{\"@type\":\"Organization\",\"@id\":\"https:\/\/id126ufba.com.br\/memoria\/#organization\",\"name\":\"Impressao Digital 126\",\"url\":\"https:\/\/id126ufba.com.br\/memoria\/\",\"logo\":{\"@type\":\"ImageObject\",\"inLanguage\":\"pt-BR\",\"@id\":\"https:\/\/id126ufba.com.br\/memoria\/#\/schema\/logo\/image\/\",\"url\":\"https:\/\/id126ufba.com.br\/memoria\/wp-content\/uploads\/2024\/07\/cropped-logo_memoria-1.png\",\"contentUrl\":\"https:\/\/id126ufba.com.br\/memoria\/wp-content\/uploads\/2024\/07\/cropped-logo_memoria-1.png\",\"width\":500,\"height\":100,\"caption\":\"Impressao Digital 126\"},\"image\":{\"@id\":\"https:\/\/id126ufba.com.br\/memoria\/#\/schema\/logo\/image\/\"}},{\"@type\":\"Person\",\"@id\":\"https:\/\/id126ufba.com.br\/memoria\/#\/schema\/person\/4f42ebfe385625f80efb1e423b1971ee\",\"name\":\"Editor\",\"image\":{\"@type\":\"ImageObject\",\"inLanguage\":\"pt-BR\",\"@id\":\"https:\/\/id126ufba.com.br\/memoria\/#\/schema\/person\/image\/\",\"url\":\"https:\/\/secure.gravatar.com\/avatar\/1d69d145a93605cda3e299a3b9c25751?s=96&d=mm&r=g\",\"contentUrl\":\"https:\/\/secure.gravatar.com\/avatar\/1d69d145a93605cda3e299a3b9c25751?s=96&d=mm&r=g\",\"caption\":\"Editor\"},\"url\":\"https:\/\/id126ufba.com.br\/memoria\/author\/editor\/\"}]}<\/script>\n<!-- \/ Yoast SEO plugin. -->","yoast_head_json":{"title":"Mais de 7 mil pessoas t\u00eam registro tardio de nascimento na Bahia - Impressao Digital 126","robots":{"index":"index","follow":"follow","max-snippet":"max-snippet:-1","max-image-preview":"max-image-preview:large","max-video-preview":"max-video-preview:-1"},"canonical":"https:\/\/id126ufba.com.br\/memoria\/mais-de-7-mil-pessoas-tem-registro-tardio-de-nascimento-na-bahia\/","og_locale":"pt_BR","og_type":"article","og_title":"Mais de 7 mil pessoas t\u00eam registro tardio de nascimento na Bahia - Impressao Digital 126","og_description":"Mais de 7 mil pessoas solicitaram o registro de nascimento tardio na Bahia entre 2019 e 2023. Falta da documenta\u00e7\u00e3o impede que a pessoa tenha acesso a grande parte dos seus direitos b\u00e1sicos.","og_url":"https:\/\/id126ufba.com.br\/memoria\/mais-de-7-mil-pessoas-tem-registro-tardio-de-nascimento-na-bahia\/","og_site_name":"Impressao Digital 126","article_published_time":"2023-12-06T13:56:08+00:00","article_modified_time":"2023-12-06T13:58:55+00:00","og_image":[{"width":1024,"height":790,"url":"https:\/\/id126ufba.com.br\/memoria\/wp-content\/uploads\/2023\/12\/Certidao-de-nascimento.jpeg","type":"image\/jpeg"}],"author":"Editor","twitter_card":"summary_large_image","twitter_misc":{"Escrito por":"Editor","Est. tempo de leitura":"13 minutos"},"schema":{"@context":"https:\/\/schema.org","@graph":[{"@type":"Article","@id":"https:\/\/id126ufba.com.br\/memoria\/mais-de-7-mil-pessoas-tem-registro-tardio-de-nascimento-na-bahia\/#article","isPartOf":{"@id":"https:\/\/id126ufba.com.br\/memoria\/mais-de-7-mil-pessoas-tem-registro-tardio-de-nascimento-na-bahia\/"},"author":{"name":"Editor","@id":"https:\/\/id126ufba.com.br\/memoria\/#\/schema\/person\/4f42ebfe385625f80efb1e423b1971ee"},"headline":"Mais de 7 mil pessoas t\u00eam registro tardio de nascimento na Bahia","datePublished":"2023-12-06T13:56:08+00:00","dateModified":"2023-12-06T13:58:55+00:00","mainEntityOfPage":{"@id":"https:\/\/id126ufba.com.br\/memoria\/mais-de-7-mil-pessoas-tem-registro-tardio-de-nascimento-na-bahia\/"},"wordCount":2194,"commentCount":0,"publisher":{"@id":"https:\/\/id126ufba.com.br\/memoria\/#organization"},"image":{"@id":"https:\/\/id126ufba.com.br\/memoria\/mais-de-7-mil-pessoas-tem-registro-tardio-de-nascimento-na-bahia\/#primaryimage"},"thumbnailUrl":"https:\/\/id126ufba.com.br\/memoria\/wp-content\/uploads\/2023\/12\/Certidao-de-nascimento.jpeg","articleSection":["Cidades","Cotidiano","Pol\u00edtica"],"inLanguage":"pt-BR","potentialAction":[{"@type":"CommentAction","name":"Comment","target":["https:\/\/id126ufba.com.br\/memoria\/mais-de-7-mil-pessoas-tem-registro-tardio-de-nascimento-na-bahia\/#respond"]}]},{"@type":"WebPage","@id":"https:\/\/id126ufba.com.br\/memoria\/mais-de-7-mil-pessoas-tem-registro-tardio-de-nascimento-na-bahia\/","url":"https:\/\/id126ufba.com.br\/memoria\/mais-de-7-mil-pessoas-tem-registro-tardio-de-nascimento-na-bahia\/","name":"Mais de 7 mil pessoas t\u00eam registro tardio de nascimento na Bahia - Impressao Digital 126","isPartOf":{"@id":"https:\/\/id126ufba.com.br\/memoria\/#website"},"primaryImageOfPage":{"@id":"https:\/\/id126ufba.com.br\/memoria\/mais-de-7-mil-pessoas-tem-registro-tardio-de-nascimento-na-bahia\/#primaryimage"},"image":{"@id":"https:\/\/id126ufba.com.br\/memoria\/mais-de-7-mil-pessoas-tem-registro-tardio-de-nascimento-na-bahia\/#primaryimage"},"thumbnailUrl":"https:\/\/id126ufba.com.br\/memoria\/wp-content\/uploads\/2023\/12\/Certidao-de-nascimento.jpeg","datePublished":"2023-12-06T13:56:08+00:00","dateModified":"2023-12-06T13:58:55+00:00","breadcrumb":{"@id":"https:\/\/id126ufba.com.br\/memoria\/mais-de-7-mil-pessoas-tem-registro-tardio-de-nascimento-na-bahia\/#breadcrumb"},"inLanguage":"pt-BR","potentialAction":[{"@type":"ReadAction","target":["https:\/\/id126ufba.com.br\/memoria\/mais-de-7-mil-pessoas-tem-registro-tardio-de-nascimento-na-bahia\/"]}]},{"@type":"ImageObject","inLanguage":"pt-BR","@id":"https:\/\/id126ufba.com.br\/memoria\/mais-de-7-mil-pessoas-tem-registro-tardio-de-nascimento-na-bahia\/#primaryimage","url":"https:\/\/id126ufba.com.br\/memoria\/wp-content\/uploads\/2023\/12\/Certidao-de-nascimento.jpeg","contentUrl":"https:\/\/id126ufba.com.br\/memoria\/wp-content\/uploads\/2023\/12\/Certidao-de-nascimento.jpeg","width":1024,"height":790},{"@type":"BreadcrumbList","@id":"https:\/\/id126ufba.com.br\/memoria\/mais-de-7-mil-pessoas-tem-registro-tardio-de-nascimento-na-bahia\/#breadcrumb","itemListElement":[{"@type":"ListItem","position":1,"name":"In\u00edcio","item":"https:\/\/id126ufba.com.br\/memoria\/"},{"@type":"ListItem","position":2,"name":"Mais de 7 mil pessoas t\u00eam registro tardio de nascimento na Bahia"}]},{"@type":"WebSite","@id":"https:\/\/id126ufba.com.br\/memoria\/#website","url":"https:\/\/id126ufba.com.br\/memoria\/","name":"Impressao Digital 126","description":"","publisher":{"@id":"https:\/\/id126ufba.com.br\/memoria\/#organization"},"potentialAction":[{"@type":"SearchAction","target":{"@type":"EntryPoint","urlTemplate":"https:\/\/id126ufba.com.br\/memoria\/?s={search_term_string}"},"query-input":{"@type":"PropertyValueSpecification","valueRequired":true,"valueName":"search_term_string"}}],"inLanguage":"pt-BR"},{"@type":"Organization","@id":"https:\/\/id126ufba.com.br\/memoria\/#organization","name":"Impressao Digital 126","url":"https:\/\/id126ufba.com.br\/memoria\/","logo":{"@type":"ImageObject","inLanguage":"pt-BR","@id":"https:\/\/id126ufba.com.br\/memoria\/#\/schema\/logo\/image\/","url":"https:\/\/id126ufba.com.br\/memoria\/wp-content\/uploads\/2024\/07\/cropped-logo_memoria-1.png","contentUrl":"https:\/\/id126ufba.com.br\/memoria\/wp-content\/uploads\/2024\/07\/cropped-logo_memoria-1.png","width":500,"height":100,"caption":"Impressao Digital 126"},"image":{"@id":"https:\/\/id126ufba.com.br\/memoria\/#\/schema\/logo\/image\/"}},{"@type":"Person","@id":"https:\/\/id126ufba.com.br\/memoria\/#\/schema\/person\/4f42ebfe385625f80efb1e423b1971ee","name":"Editor","image":{"@type":"ImageObject","inLanguage":"pt-BR","@id":"https:\/\/id126ufba.com.br\/memoria\/#\/schema\/person\/image\/","url":"https:\/\/secure.gravatar.com\/avatar\/1d69d145a93605cda3e299a3b9c25751?s=96&d=mm&r=g","contentUrl":"https:\/\/secure.gravatar.com\/avatar\/1d69d145a93605cda3e299a3b9c25751?s=96&d=mm&r=g","caption":"Editor"},"url":"https:\/\/id126ufba.com.br\/memoria\/author\/editor\/"}]}},"_links":{"self":[{"href":"https:\/\/id126ufba.com.br\/memoria\/wp-json\/wp\/v2\/posts\/40931"}],"collection":[{"href":"https:\/\/id126ufba.com.br\/memoria\/wp-json\/wp\/v2\/posts"}],"about":[{"href":"https:\/\/id126ufba.com.br\/memoria\/wp-json\/wp\/v2\/types\/post"}],"author":[{"embeddable":true,"href":"https:\/\/id126ufba.com.br\/memoria\/wp-json\/wp\/v2\/users\/2"}],"replies":[{"embeddable":true,"href":"https:\/\/id126ufba.com.br\/memoria\/wp-json\/wp\/v2\/comments?post=40931"}],"version-history":[{"count":22,"href":"https:\/\/id126ufba.com.br\/memoria\/wp-json\/wp\/v2\/posts\/40931\/revisions"}],"predecessor-version":[{"id":41017,"href":"https:\/\/id126ufba.com.br\/memoria\/wp-json\/wp\/v2\/posts\/40931\/revisions\/41017"}],"wp:featuredmedia":[{"embeddable":true,"href":"https:\/\/id126ufba.com.br\/memoria\/wp-json\/wp\/v2\/media\/40957"}],"wp:attachment":[{"href":"https:\/\/id126ufba.com.br\/memoria\/wp-json\/wp\/v2\/media?parent=40931"}],"wp:term":[{"taxonomy":"category","embeddable":true,"href":"https:\/\/id126ufba.com.br\/memoria\/wp-json\/wp\/v2\/categories?post=40931"},{"taxonomy":"post_tag","embeddable":true,"href":"https:\/\/id126ufba.com.br\/memoria\/wp-json\/wp\/v2\/tags?post=40931"}],"curies":[{"name":"wp","href":"https:\/\/api.w.org\/{rel}","templated":true}]}}