{"id":41110,"date":"2023-12-07T00:36:33","date_gmt":"2023-12-07T03:36:33","guid":{"rendered":"https:\/\/id126ufba.com.br\/?p=41110"},"modified":"2023-12-07T03:56:30","modified_gmt":"2023-12-07T06:56:30","slug":"bahia-e-terceiro-estado-com-maior-numero-de-partos-em-menores-de-idade","status":"publish","type":"post","link":"https:\/\/id126ufba.com.br\/memoria\/bahia-e-terceiro-estado-com-maior-numero-de-partos-em-menores-de-idade\/","title":{"rendered":"Bahia \u00e9 terceiro estado com maior n\u00famero de partos em menores de idade"},"content":{"rendered":"\n<p><em>Estado registrou 6.625 partos em mulheres de at\u00e9 17 anos; especialistas apontam falta de acesso \u00e0 educa\u00e7\u00e3o sexual como um dos principais motivadores<\/em><\/p>\n\n\n\n<p>Defendida por parte da sociedade e recha\u00e7ada por outra parcela, a educa\u00e7\u00e3o sexual nas escolas \u00e9 um tema que costuma causar pol\u00eamica quando debatido. Ainda assim, seu car\u00e1ter contradit\u00f3rio n\u00e3o anula o fato de que o assunto \u00e9 essencial na forma\u00e7\u00e3o de jovens, principalmente no que diz respeito ao autoconhecimento e \u00e0 preven\u00e7\u00e3o de Infec\u00e7\u00f5es Sexualmente Transmiss\u00edveis (ISTs) e gravidez na adolesc\u00eancia. N\u00e3o \u00e0 toa, a abordagem da tem\u00e1tica se alinha ao artigo 3.7 do Objetivo de Desenvolvimento Sustent\u00e1vel da Organiza\u00e7\u00e3o das Na\u00e7\u00f5es Unidas (ONU), que at\u00e9 2030 tem como meta assegurar o acesso universal aos servi\u00e7os de sa\u00fade sexual e reprodutiva \u2013 o que inclui a informa\u00e7\u00e3o e educa\u00e7\u00e3o.&nbsp;<\/p>\n\n\n\n<p>A sete anos de dist\u00e2ncia do prazo final para o cumprimento do objetivo, a Bahia registrou 6.625 partos em mulheres de at\u00e9 17 anos at\u00e9 o in\u00edcio de dezembro de 2023, segundo informa\u00e7\u00f5es disponibilizadas pelo DATASUS, departamento de inform\u00e1tica do Sistema \u00danico de Sa\u00fade (SUS) do Brasil, e coletadas no dia 1\u00b0 de dezembro pelo Minist\u00e9rio da Sa\u00fade. Com esse n\u00famero, o estado \u00e9 o terceiro do Brasil com maior quantidade de partos em mulheres menores de idade.&nbsp;<\/p>\n\n\n\n<p>Em primeiro lugar do ranking, aparece S\u00e3o Paulo com 11.316 partos registrados em jovens at\u00e9 17 anos, seguido do Par\u00e1, com 7.478 partos do tipo. Os menores n\u00fameros foram registrados no Esp\u00edrito Santo e em Roraima, com 672 e 842 nascimentos de beb\u00eas de m\u00e3es adolescentes contabilizados, respectivamente, como mostra o gr\u00e1fico a seguir:<\/p>\n\n\n\n<div class=\"flourish-embed flourish-chart\" data-src=\"visualisation\/15999792\"><script src=\"https:\/\/public.flourish.studio\/resources\/embed.js\"><\/script><\/div>\n\n\n\n<p>Apesar da compara\u00e7\u00e3o com os outros estados colocar a Bahia em uma posi\u00e7\u00e3o alarmante, a ginecologista e professora de Ginecologia e Reprodu\u00e7\u00e3o Humana da Universidade Estadual da Bahia (Uneb), Sofia Andrade, chama aten\u00e7\u00e3o para a tend\u00eancia de queda no n\u00famero de partos at\u00e9 os 17 anos no estado. Em dados anuais absolutos, o n\u00famero de casos do tipo saiu de 17.987 em 2017 para 10.147 em 2022, representando queda de 43,6%.<\/p>\n\n\n\n<div class=\"flourish-embed flourish-chart\" data-src=\"visualisation\/15379231\"><script src=\"https:\/\/public.flourish.studio\/resources\/embed.js\"><\/script><\/div>\n\n\n\n<p>Segundo a especialista, o que ainda mant\u00e9m a Bahia na lista de estados com maiores n\u00fameros de partos na adolesc\u00eancia \u00e9 um res\u00edduo do atraso da oferta \u00e0 sa\u00fade e \u00e0 educa\u00e7\u00e3o. \u201cFalta orienta\u00e7\u00e3o na \u00e1rea de sa\u00fade. Precisamos cada vez mais de pol\u00edticas p\u00fablicas que possam levar a conscientiza\u00e7\u00e3o do uso de m\u00e9todos contraceptivos e, principalmente, m\u00e9todos de barreira n\u00e3o s\u00f3 visando a n\u00e3o gesta\u00e7\u00e3o, mas tamb\u00e9m como forma de evitar as ISTs. N\u00f3s ainda temos car\u00eancia de orienta\u00e7\u00e3o dentro das escolas com rela\u00e7\u00e3o a isso e falta di\u00e1logo dentro de casa. Os pais \u00e0s vezes n\u00e3o receberam essa orienta\u00e7\u00e3o e n\u00e3o conseguem passar isso para as crian\u00e7as e adolescentes\u201d, aponta.<\/p>\n\n\n\n<p><strong>Jovens e m\u00e3es<\/strong><\/p>\n\n\n\n<p>No caso da jovem Alessandra N., 17 anos, a educa\u00e7\u00e3o sexual nunca foi tema aprofundado no col\u00e9gio de ensino p\u00fablico municipal onde estuda, no bairro da Mata Escura, em Salvador, assim como nunca fez parte do di\u00e1logo com seus pais. De acordo com ela, o m\u00e1ximo abordado dentro da sala de aula foi o ensino do corpo humano e a explica\u00e7\u00e3o sobre o processo de gesta\u00e7\u00e3o. J\u00e1 em casa, o tratamento do assunto como tabu era a regra.&nbsp;<\/p>\n\n\n\n<p>M\u00e3e da pequena Sophia, de oito meses, a jovem engravidou aos 16 anos e diz acreditar que o maior acesso \u00e0s informa\u00e7\u00f5es sobre m\u00e9todos de preven\u00e7\u00e3o de gravidez e doen\u00e7as poderia ter mudado o curso do seu destino. <\/p>\n\n\n\n<blockquote class=\"wp-block-quote is-layout-flow wp-block-quote-is-layout-flow\">\n<h3 class=\"wp-block-heading\">\u201cEu acredito que se eu tivesse mais conversas abertas, tanto em ambiente familiar quanto na escola, poderia quebrar o tabu quanto a um assunto t\u00e3o comum e que n\u00e3o \u00e9 nada demais, e poderia ter controlado o tempo de ser m\u00e3e\u201d, destaca.&nbsp;<\/h3>\n<\/blockquote>\n\n\n\n<div class=\"wp-block-group is-nowrap is-layout-flex wp-container-core-group-is-layout-1 wp-block-group-is-layout-flex\">\n<figure class=\"wp-block-gallery has-nested-images columns-default is-cropped wp-block-gallery-1 is-layout-flex wp-block-gallery-is-layout-flex\">\n<figure class=\"wp-block-image size-large\"><img loading=\"lazy\" decoding=\"async\" width=\"767\" height=\"1024\" src=\"https:\/\/id126ufba.com.br\/wp-content\/uploads\/2023\/12\/WhatsApp-Image-2023-12-06-at-11.06.14-3-767x1024.jpeg\" alt=\"\" class=\"wp-image-41135\" srcset=\"https:\/\/id126ufba.com.br\/memoria\/wp-content\/uploads\/2023\/12\/WhatsApp-Image-2023-12-06-at-11.06.14-3-767x1024.jpeg 767w, https:\/\/id126ufba.com.br\/memoria\/wp-content\/uploads\/2023\/12\/WhatsApp-Image-2023-12-06-at-11.06.14-3-225x300.jpeg 225w, https:\/\/id126ufba.com.br\/memoria\/wp-content\/uploads\/2023\/12\/WhatsApp-Image-2023-12-06-at-11.06.14-3-768x1026.jpeg 768w, https:\/\/id126ufba.com.br\/memoria\/wp-content\/uploads\/2023\/12\/WhatsApp-Image-2023-12-06-at-11.06.14-3.jpeg 956w\" sizes=\"(max-width: 767px) 100vw, 767px\" \/><\/figure>\n\n\n\n<figure class=\"wp-block-image size-large\"><img loading=\"lazy\" decoding=\"async\" width=\"768\" height=\"1024\" src=\"https:\/\/id126ufba.com.br\/wp-content\/uploads\/2023\/12\/WhatsApp-Image-2023-12-06-at-11.06.14-768x1024.jpeg\" alt=\"\" class=\"wp-image-41134\" srcset=\"https:\/\/id126ufba.com.br\/memoria\/wp-content\/uploads\/2023\/12\/WhatsApp-Image-2023-12-06-at-11.06.14-768x1024.jpeg 768w, https:\/\/id126ufba.com.br\/memoria\/wp-content\/uploads\/2023\/12\/WhatsApp-Image-2023-12-06-at-11.06.14-225x300.jpeg 225w, https:\/\/id126ufba.com.br\/memoria\/wp-content\/uploads\/2023\/12\/WhatsApp-Image-2023-12-06-at-11.06.14-1152x1536.jpeg 1152w, https:\/\/id126ufba.com.br\/memoria\/wp-content\/uploads\/2023\/12\/WhatsApp-Image-2023-12-06-at-11.06.14.jpeg 1200w\" sizes=\"(max-width: 768px) 100vw, 768px\" \/><\/figure>\n\n\n\n<figure class=\"wp-block-image size-large\"><img loading=\"lazy\" decoding=\"async\" width=\"768\" height=\"1024\" src=\"https:\/\/id126ufba.com.br\/wp-content\/uploads\/2023\/12\/WhatsApp-Image-2023-12-06-at-11.06.14-2-768x1024.jpeg\" alt=\"\" class=\"wp-image-41137\" srcset=\"https:\/\/id126ufba.com.br\/memoria\/wp-content\/uploads\/2023\/12\/WhatsApp-Image-2023-12-06-at-11.06.14-2-768x1024.jpeg 768w, https:\/\/id126ufba.com.br\/memoria\/wp-content\/uploads\/2023\/12\/WhatsApp-Image-2023-12-06-at-11.06.14-2-225x300.jpeg 225w, https:\/\/id126ufba.com.br\/memoria\/wp-content\/uploads\/2023\/12\/WhatsApp-Image-2023-12-06-at-11.06.14-2-1152x1536.jpeg 1152w, https:\/\/id126ufba.com.br\/memoria\/wp-content\/uploads\/2023\/12\/WhatsApp-Image-2023-12-06-at-11.06.14-2.jpeg 1198w\" sizes=\"(max-width: 768px) 100vw, 768px\" \/><\/figure>\n<figcaption class=\"blocks-gallery-caption wp-element-caption\">Alessandra N. durante a gravidez (Foto: Arquivo pessoal)<\/figcaption><\/figure>\n<\/div>\n\n\n\n<p>Sofia Andrade ressalta os desafios que uma gesta\u00e7\u00e3o na adolesc\u00eancia imp\u00f5em. \u201cNa adolesc\u00eancia, a menina est\u00e1 se preparando para ter uma vida adulta, ainda n\u00e3o finalizou o per\u00edodo de escola e est\u00e1 se preparando para seguir sua carreira. Nesse momento t\u00e3o importante da vida dela, seguir com a gesta\u00e7\u00e3o pode impactar muito o futuro dessa adolescente, assim como do seu parceiro e fam\u00edlia, que v\u00e3o ter que lan\u00e7ar m\u00e3o de uma s\u00e9rie de ferramentas para poder acolher ela e o beb\u00ea\u201d, analisa.<\/p>\n\n\n\n<p>Durante a gesta\u00e7\u00e3o, Alessandra narra que sofreu ainda com constrangimentos sociais, apesar de ter tido o apoio da fam\u00edlia e de amigos. \u201c\u00c0s vezes, quando eu sa\u00eda na rua, as pessoas viam que era uma pessoa mais nova \u2018de barriga\u2019 [gr\u00e1vida]. [Me incomodava] tanto que eu colocava roupas para esconder a barriga pela vergonha e pelo julgamento\u201d, fala.<\/p>\n\n\n\n<p>Por sua vez, a aut\u00f4noma Maiane Rafaela, 36 anos, compartilha a sua hist\u00f3ria marcada pela descoberta da gravidez aos 13 anos. M\u00e3e de tr\u00eas meninas e um menino, ela relembra a decis\u00e3o de manter a gesta\u00e7\u00e3o mesmo tendo sido v\u00edtima de um abuso. &#8220;Minha juventude ainda era de brincadeiras, mas, em considera\u00e7\u00e3o \u00e0 minha fam\u00edlia, optei por n\u00e3o abortar. Foi uma escolha dif\u00edcil, mas preferi ter a crian\u00e7a&#8221;, diz.<\/p>\n\n\n\n<figure class=\"wp-block-video aligncenter\"><video controls src=\"https:\/\/id126ufba.com.br\/wp-content\/uploads\/2023\/12\/Relato-de-gravidez-na-adolescencia.mp4\"><\/video><figcaption class=\"wp-element-caption\">Maiane Rafaela conta seu relato sobre a gravidez na adolesc\u00eancia (foto: arquivo pessoal)<\/figcaption><\/figure>\n\n\n\n<p>Durante a gesta\u00e7\u00e3o, Maiane enfrentou o desafio de conciliar a inexperi\u00eancia da juventude com as responsabilidades da maternidade. &#8220;Foi um desafio muito ruim. Eu queria brincar, correr, mas a responsabilidade era grande&#8221;, conta. Mesmo assim, o apoio da fam\u00edlia foi fundamental para superar os obst\u00e1culos.<\/p>\n\n\n\n<blockquote class=\"wp-block-quote is-layout-flow wp-block-quote-is-layout-flow\">\n<p>Maiane destaca a falta de educa\u00e7\u00e3o sexual na \u00e9poca e a import\u00e2ncia de abordar o assunto dentro de casa. <\/p>\n\n\n\n<blockquote class=\"wp-block-quote is-layout-flow wp-block-quote-is-layout-flow\">\n<h3 class=\"wp-block-heading\">&#8220;Na escola, n\u00e3o se falava muito sobre sexo, mas participei de palestras. Aprendi muito, mas minha gravidez n\u00e3o foi desejada, foi fruto de um abuso&#8221;, revela. <\/h3>\n\n\n\n<p>De acordo com a jovem, o suspeito responde ele liberdade. Ela ainda acredita que n\u00e3o foi totalmente um abuso, j\u00e1 que &#8216;foi porque quis&#8217;, ainda que o homem fosse bem mais velho.<\/p>\n<\/blockquote>\n<\/blockquote>\n\n\n\n<p>A gravidez precoce gerou impacto nos estudos e Maiane precisou se dividir entre as responsabilidades de uma vida adulta. &#8220;Mesmo sendo jovem, comecei a trabalhar, fazia faxina, ajudava em casa. Meus estudos, no entanto, ficaram comprometidos&#8221;, afirma.<\/p>\n\n\n\n<p>Atualmente, Maiane dedica-se a ensinar seus filhos sobre a import\u00e2ncia de priorizar os estudos e a vida financeira antes de pensar em construir uma fam\u00edlia. &#8220;Fam\u00edlia \u00e9 compromisso para a vida toda, uma responsabilidade sem fim&#8221;, destaca.<\/p>\n\n\n\n<p>A experi\u00eancia de Maiane a leva a acreditar na necessidade de uma educa\u00e7\u00e3o sexual mais abrangente, iniciando dentro de casa. &#8220;A escola tem seu papel, mas o dever de ensinar certo ou errado \u00e9 dos pais&#8221;, ressalta. Ela enfatiza que a preven\u00e7\u00e3o n\u00e3o se limita apenas a evitar a gravidez, mas tamb\u00e9m a proteger contra doen\u00e7as.&nbsp;<\/p>\n\n\n\n<p><strong>Entraves na discuss\u00e3o<\/strong><\/p>\n\n\n\n<p>Embora o debate sobre educa\u00e7\u00e3o sexual nas institui\u00e7\u00f5es de ensino para al\u00e9m de mera discuss\u00e3o focada apenas em quest\u00f5es biol\u00f3gicas seja de extrema import\u00e2ncia, ainda hoje os professores encontram muita resist\u00eancia para fazer uma abordagem mais profunda acerca do tema. Isso ocorre, sobretudo, por ser uma conversa que obrigatoriamente tenciona alguns tabus e entra em uma zona sens\u00edvel, de consider\u00e1vel dificuldade para tratamento com os mais jovens.&nbsp;<\/p>\n\n\n\n<p>Professora de Ci\u00eancias do Ensino Fundamental, Alvinea Fernandes, 42 anos, conta que costuma introduzir o tema de maneira gradativa para seus alunos a partir do 6\u00b0 ano. \u201cCome\u00e7o falando sobre a higiene corporal e alertando sobre as partes do corpo que podem ser tocadas e as que n\u00e3o podem por conta da pedofilia. Uso um desenho de um corpo de menino e menina com as cores de alerta. Com os alunos do 7\u00b0 ano, tamb\u00e9m fa\u00e7o a mesma coisa, por\u00e9m falamos sobre o namoro na adolesc\u00eancia e seus percursos\u201d, relata.<\/p>\n\n\n\n<p>Segundo afirma, apenas a partir do 8\u00b0 ano, quando os alunos est\u00e3o na faixa et\u00e1ria de 13 a 14 anos, temas relativos \u00e0 preven\u00e7\u00e3o de infec\u00e7\u00f5es e gravidez come\u00e7am a ser discutidos. \u201cAos alunos do 8\u00b0 ano e 9\u00b0 ano ensino sobre ISTs, preven\u00e7\u00e3o da gravidez na adolesc\u00eancia, preven\u00e7\u00e3o contra ass\u00e9dio sexual e pedofilia\u201d, continua.<\/p>\n\n\n\n<p>A abordagem desses temas s\u00f3 na adolesc\u00eancia ocorre em raz\u00e3o de uma vis\u00e3o conservadora por parte dos pais desses estudantes, que acreditam \u2013 de modo equivocado \u2013 que discutir sexualidade seria, necessariamente, abordar o ato e as posi\u00e7\u00f5es sexuais. Segundo Alvinea, esse tipo de vis\u00e3o j\u00e1 provocou censura ao seu trabalho na sala de aula.<\/p>\n\n\n\n<blockquote class=\"wp-block-quote is-layout-flow wp-block-quote-is-layout-flow\">\n<h3 class=\"wp-block-heading\">\u201cTrabalho em duas escolas. Em uma delas, a diretora me chamou aten\u00e7\u00e3o e disse que eu n\u00e3o poderia mais abordar esses temas \u2018pol\u00eamicos\u2019 na sala de aula. Ela disse que eu n\u00e3o poderia falar sobre gravidez na adolesc\u00eancia e nem falar, de hip\u00f3tese nenhuma, sobre pedofilia. Isso porque um pai foi na escola reclamar\u201d, conta.<\/h3>\n<\/blockquote>\n\n\n\n<p>Mesmo diante dos entraves, a professora n\u00e3o abre m\u00e3o de defender a educa\u00e7\u00e3o sexual no ambiente escolar. Uma das motiva\u00e7\u00f5es \u00e9 a conscientiza\u00e7\u00e3o dos alunos. Muitos deles, conforme afirma, j\u00e1 descobriram durante as aulas que foram abusados sexualmente e tiveram atrav\u00e9s dela a orienta\u00e7\u00e3o necess\u00e1ria para buscar ajuda familiar e fazer a den\u00fancia do crime sofrido.<\/p>\n\n\n\n<p>\u201cMuitas crian\u00e7as s\u00e3o abusadas sexualmente por serem vulner\u00e1veis e por falta de conhecimento. Por serem crian\u00e7as, elas acham que aquilo \u00e9 normal, at\u00e9 porque o abusador fala que n\u00e3o tem problema, que s\u00f3 n\u00e3o pode contar para ningu\u00e9m. O conhecimento \u00e9 libertador, pois atrav\u00e9s deles muitas crian\u00e7as descobrem que \u00e9 errado a pedofilia e que \u00e9 crime. Eu ensino que, se eles forem tocados em suas partes \u00edntimas ou for\u00e7ados a fazer alguma coisa, devem falar com um adulto e denunciar\u201d, reitera.<\/p>\n\n\n\n<figure class=\"wp-block-embed alignright is-type-video is-provider-youtube wp-block-embed-youtube wp-embed-aspect-16-9 wp-has-aspect-ratio\"><div class=\"wp-block-embed__wrapper\">\n<iframe loading=\"lazy\" title=\"Professora fala sobre educa\u00e7\u00e3o sexual\" width=\"500\" height=\"281\" src=\"https:\/\/www.youtube.com\/embed\/zgqGd7wj1-4?feature=oembed\" frameborder=\"0\" allow=\"accelerometer; autoplay; clipboard-write; encrypted-media; gyroscope; picture-in-picture; web-share\" referrerpolicy=\"strict-origin-when-cross-origin\" allowfullscreen><\/iframe>\n<\/div><figcaption class=\"wp-element-caption\">L\u00eddice Paraguassu, professora de biologia do Instituto Federal da Bahia (IFBA), fala sobre os entraves da discuss\u00e3o sobre educa\u00e7\u00e3o sexual nas salas de aula.<\/figcaption><\/figure>\n\n\n\n<p>Professora de biologia do Instituto Federal da Bahia (IFBA), L\u00eddice Paraguassu, listou outras quest\u00f5es que travam a discuss\u00e3o na sala de aula, inclusive por parte dos professores. Para a docente, o di\u00e1logo esclarecedor com os pais dos alunos sobre o que de fato \u00e9 a educa\u00e7\u00e3o sexual \u00e9 fator determinante para o problema ser superado.<\/p>\n\n\n\n<p><\/p>\n\n\n\n<hr class=\"wp-block-separator has-alpha-channel-opacity\"\/>\n\n\n\n<p>(<strong>Extra &#8211; Educa\u00e7\u00e3o Sexual) ISTs: o que voc\u00ea precisa saber?<\/strong><\/p>\n\n\n\n<div class=\"wp-block-columns is-layout-flex wp-container-core-columns-is-layout-1 wp-block-columns-is-layout-flex\">\n<div class=\"wp-block-column is-layout-flow wp-block-column-is-layout-flow\" style=\"flex-basis:37%\">\n<figure class=\"wp-block-video alignleft\"><video controls src=\"https:\/\/id126ufba.com.br\/wp-content\/uploads\/2023\/12\/video5154679281753785312.mp4\"><\/video><figcaption class=\"wp-element-caption\">Ginecologista B\u00e1rbara Melo fala sobre os tipos mais comuns de ISTs e d\u00e1 dicas sobre preven\u00e7\u00e3o<\/figcaption><\/figure>\n<\/div>\n\n\n\n<div class=\"wp-block-column is-layout-flow wp-block-column-is-layout-flow\" style=\"flex-basis:63%\">\n<p>Neste ano, a Bahia registrou 3.987 casos de S\u00edfilis adquiridas por sexo. A doen\u00e7a, que \u00e9 uma das mais comuns ISTs, acometeu sobretudo os homens, que tiveram 2.208 casos detectados (55,4%) frente a 1.779 diagn\u00f3sticos em mulheres (44,6%). Os dados s\u00e3o do Departamento de HIV\/AIDS, Tuberculose, Hepatites Virais e Infec\u00e7\u00f5es Sexualmente Transmiss\u00edveis (DATHI) da Secretaria de Vigil\u00e2ncia em Sa\u00fade e Ambiente, vinculada ao Minist\u00e9rio da Sa\u00fade.<\/p>\n\n\n\n<p>Em 2022, o artigo \u201cS\u00edfilis e HIV\/Aids nas regi\u00f5es de sa\u00fade da Bahia: uma abordagem ecol\u00f3gica\u201d, publicado na Revista Baiana de Sa\u00fade P\u00fablica, revelou que 372 pessoas foram internadas por s\u00edfilis, e essa doen\u00e7a afetou principalmente jovens baianos, em sua maioria negros, entre 18 e 28 anos. As regi\u00f5es de Itabuna, Ilh\u00e9us, Paulo Afonso e Salvador tiveram mais casos. Al\u00e9m disso, foi poss\u00edvel notar um aumento significativo ao longo dos anos para s\u00edfilis.<\/p>\n\n\n\n<p>No caso do HIV\/Aids, 10.281 pessoas foram hospitalizadas, sendo mais comum entre quem tem de 29 a 39 anos e entre pessoas negras. Salvador, Cama\u00e7ari, Teixeira de Freitas e Seabra foram as \u00e1reas mais afetadas. Isso exemplifica a necessidade dos jovens baianos receberem mais informa\u00e7\u00f5es sobre educa\u00e7\u00e3o sexual, al\u00e9m da preven\u00e7\u00e3o e cuidados de sa\u00fade b\u00e1sicos.&nbsp;<\/p>\n\n\n\n<p>Quer testar o que voc\u00ea sabe a respeito do tema? Fa\u00e7a o teste abaixo:<\/p>\n\n\n\n<script>(function(q,u,i,z,r){z=q.createElement(u),r=q.getElementsByTagName(u)[0];z.async=1;z.src=i;r.parentNode.insertBefore(z,r);})(document,'script','https:\/\/pt.quizur.com\/js\/embedder.js');<\/script><ins class=\"quizurembed\" data-id=\"\/trivia\/o-que-voce-sabe-sobre-ists-1lXmT\"><\/ins>\n<\/div>\n<\/div>\n","protected":false},"excerpt":{"rendered":"<p>Estado registrou 6.625 partos em mulheres de at\u00e9 17 anos; especialistas apontam falta de acesso \u00e0 educa\u00e7\u00e3o sexual como um dos principais motivadores Defendida por parte da sociedade e recha\u00e7ada por outra parcela, a educa\u00e7\u00e3o sexual nas escolas \u00e9 um tema que costuma causar pol\u00eamica quando debatido. Ainda assim, seu car\u00e1ter contradit\u00f3rio n\u00e3o anula o [&hellip;]<\/p>\n","protected":false},"author":2,"featured_media":41116,"comment_status":"open","ping_status":"open","sticky":false,"template":"","format":"standard","meta":{"_acf_changed":false,"_monsterinsights_skip_tracking":false,"_monsterinsights_sitenote_active":false,"_monsterinsights_sitenote_note":"","_monsterinsights_sitenote_category":0,"footnotes":""},"categories":[1],"tags":[],"acf":[],"aioseo_notices":[],"yoast_head":"<!-- This site is optimized with the Yoast SEO plugin v24.5 - https:\/\/yoast.com\/wordpress\/plugins\/seo\/ -->\n<title>Bahia \u00e9 terceiro estado com maior n\u00famero de partos em menores de idade - Impressao Digital 126<\/title>\n<meta name=\"robots\" content=\"index, follow, max-snippet:-1, max-image-preview:large, max-video-preview:-1\" \/>\n<link rel=\"canonical\" href=\"https:\/\/id126ufba.com.br\/memoria\/bahia-e-terceiro-estado-com-maior-numero-de-partos-em-menores-de-idade\/\" \/>\n<meta property=\"og:locale\" content=\"pt_BR\" \/>\n<meta property=\"og:type\" content=\"article\" \/>\n<meta property=\"og:title\" content=\"Bahia \u00e9 terceiro estado com maior n\u00famero de partos em menores de idade - Impressao Digital 126\" \/>\n<meta property=\"og:description\" content=\"Estado registrou 6.625 partos em mulheres de at\u00e9 17 anos; especialistas apontam falta de acesso \u00e0 educa\u00e7\u00e3o sexual como um dos principais motivadores Defendida por parte da sociedade e recha\u00e7ada por outra parcela, a educa\u00e7\u00e3o sexual nas escolas \u00e9 um tema que costuma causar pol\u00eamica quando debatido. Ainda assim, seu car\u00e1ter contradit\u00f3rio n\u00e3o anula o [&hellip;]\" \/>\n<meta property=\"og:url\" content=\"https:\/\/id126ufba.com.br\/memoria\/bahia-e-terceiro-estado-com-maior-numero-de-partos-em-menores-de-idade\/\" \/>\n<meta property=\"og:site_name\" content=\"Impressao Digital 126\" \/>\n<meta property=\"article:published_time\" content=\"2023-12-07T03:36:33+00:00\" \/>\n<meta property=\"article:modified_time\" content=\"2023-12-07T06:56:30+00:00\" \/>\n<meta property=\"og:image\" content=\"https:\/\/id126ufba.com.br\/memoria\/wp-content\/uploads\/2023\/12\/WhatsApp-Image-2023-12-06-at-11.03.57-1.jpeg\" \/>\n\t<meta property=\"og:image:width\" content=\"1200\" \/>\n\t<meta property=\"og:image:height\" content=\"1600\" \/>\n\t<meta property=\"og:image:type\" content=\"image\/jpeg\" \/>\n<meta name=\"author\" content=\"Editor\" \/>\n<meta name=\"twitter:card\" content=\"summary_large_image\" \/>\n<meta name=\"twitter:label1\" content=\"Escrito por\" \/>\n\t<meta name=\"twitter:data1\" content=\"Editor\" \/>\n\t<meta name=\"twitter:label2\" content=\"Est. tempo de leitura\" \/>\n\t<meta name=\"twitter:data2\" content=\"10 minutos\" \/>\n<script type=\"application\/ld+json\" class=\"yoast-schema-graph\">{\"@context\":\"https:\/\/schema.org\",\"@graph\":[{\"@type\":\"Article\",\"@id\":\"https:\/\/id126ufba.com.br\/memoria\/bahia-e-terceiro-estado-com-maior-numero-de-partos-em-menores-de-idade\/#article\",\"isPartOf\":{\"@id\":\"https:\/\/id126ufba.com.br\/memoria\/bahia-e-terceiro-estado-com-maior-numero-de-partos-em-menores-de-idade\/\"},\"author\":{\"name\":\"Editor\",\"@id\":\"https:\/\/id126ufba.com.br\/memoria\/#\/schema\/person\/4f42ebfe385625f80efb1e423b1971ee\"},\"headline\":\"Bahia \u00e9 terceiro estado com maior n\u00famero de partos em menores de idade\",\"datePublished\":\"2023-12-07T03:36:33+00:00\",\"dateModified\":\"2023-12-07T06:56:30+00:00\",\"mainEntityOfPage\":{\"@id\":\"https:\/\/id126ufba.com.br\/memoria\/bahia-e-terceiro-estado-com-maior-numero-de-partos-em-menores-de-idade\/\"},\"wordCount\":2060,\"commentCount\":0,\"publisher\":{\"@id\":\"https:\/\/id126ufba.com.br\/memoria\/#organization\"},\"image\":{\"@id\":\"https:\/\/id126ufba.com.br\/memoria\/bahia-e-terceiro-estado-com-maior-numero-de-partos-em-menores-de-idade\/#primaryimage\"},\"thumbnailUrl\":\"https:\/\/id126ufba.com.br\/memoria\/wp-content\/uploads\/2023\/12\/WhatsApp-Image-2023-12-06-at-11.03.57-1.jpeg\",\"articleSection\":[\"Cotidiano\"],\"inLanguage\":\"pt-BR\",\"potentialAction\":[{\"@type\":\"CommentAction\",\"name\":\"Comment\",\"target\":[\"https:\/\/id126ufba.com.br\/memoria\/bahia-e-terceiro-estado-com-maior-numero-de-partos-em-menores-de-idade\/#respond\"]}]},{\"@type\":\"WebPage\",\"@id\":\"https:\/\/id126ufba.com.br\/memoria\/bahia-e-terceiro-estado-com-maior-numero-de-partos-em-menores-de-idade\/\",\"url\":\"https:\/\/id126ufba.com.br\/memoria\/bahia-e-terceiro-estado-com-maior-numero-de-partos-em-menores-de-idade\/\",\"name\":\"Bahia \u00e9 terceiro estado com maior n\u00famero de partos em menores de idade - Impressao Digital 126\",\"isPartOf\":{\"@id\":\"https:\/\/id126ufba.com.br\/memoria\/#website\"},\"primaryImageOfPage\":{\"@id\":\"https:\/\/id126ufba.com.br\/memoria\/bahia-e-terceiro-estado-com-maior-numero-de-partos-em-menores-de-idade\/#primaryimage\"},\"image\":{\"@id\":\"https:\/\/id126ufba.com.br\/memoria\/bahia-e-terceiro-estado-com-maior-numero-de-partos-em-menores-de-idade\/#primaryimage\"},\"thumbnailUrl\":\"https:\/\/id126ufba.com.br\/memoria\/wp-content\/uploads\/2023\/12\/WhatsApp-Image-2023-12-06-at-11.03.57-1.jpeg\",\"datePublished\":\"2023-12-07T03:36:33+00:00\",\"dateModified\":\"2023-12-07T06:56:30+00:00\",\"breadcrumb\":{\"@id\":\"https:\/\/id126ufba.com.br\/memoria\/bahia-e-terceiro-estado-com-maior-numero-de-partos-em-menores-de-idade\/#breadcrumb\"},\"inLanguage\":\"pt-BR\",\"potentialAction\":[{\"@type\":\"ReadAction\",\"target\":[\"https:\/\/id126ufba.com.br\/memoria\/bahia-e-terceiro-estado-com-maior-numero-de-partos-em-menores-de-idade\/\"]}]},{\"@type\":\"ImageObject\",\"inLanguage\":\"pt-BR\",\"@id\":\"https:\/\/id126ufba.com.br\/memoria\/bahia-e-terceiro-estado-com-maior-numero-de-partos-em-menores-de-idade\/#primaryimage\",\"url\":\"https:\/\/id126ufba.com.br\/memoria\/wp-content\/uploads\/2023\/12\/WhatsApp-Image-2023-12-06-at-11.03.57-1.jpeg\",\"contentUrl\":\"https:\/\/id126ufba.com.br\/memoria\/wp-content\/uploads\/2023\/12\/WhatsApp-Image-2023-12-06-at-11.03.57-1.jpeg\",\"width\":1200,\"height\":1600},{\"@type\":\"BreadcrumbList\",\"@id\":\"https:\/\/id126ufba.com.br\/memoria\/bahia-e-terceiro-estado-com-maior-numero-de-partos-em-menores-de-idade\/#breadcrumb\",\"itemListElement\":[{\"@type\":\"ListItem\",\"position\":1,\"name\":\"In\u00edcio\",\"item\":\"https:\/\/id126ufba.com.br\/memoria\/\"},{\"@type\":\"ListItem\",\"position\":2,\"name\":\"Bahia \u00e9 terceiro estado com maior n\u00famero de partos em menores de idade\"}]},{\"@type\":\"WebSite\",\"@id\":\"https:\/\/id126ufba.com.br\/memoria\/#website\",\"url\":\"https:\/\/id126ufba.com.br\/memoria\/\",\"name\":\"Impressao Digital 126\",\"description\":\"\",\"publisher\":{\"@id\":\"https:\/\/id126ufba.com.br\/memoria\/#organization\"},\"potentialAction\":[{\"@type\":\"SearchAction\",\"target\":{\"@type\":\"EntryPoint\",\"urlTemplate\":\"https:\/\/id126ufba.com.br\/memoria\/?s={search_term_string}\"},\"query-input\":{\"@type\":\"PropertyValueSpecification\",\"valueRequired\":true,\"valueName\":\"search_term_string\"}}],\"inLanguage\":\"pt-BR\"},{\"@type\":\"Organization\",\"@id\":\"https:\/\/id126ufba.com.br\/memoria\/#organization\",\"name\":\"Impressao Digital 126\",\"url\":\"https:\/\/id126ufba.com.br\/memoria\/\",\"logo\":{\"@type\":\"ImageObject\",\"inLanguage\":\"pt-BR\",\"@id\":\"https:\/\/id126ufba.com.br\/memoria\/#\/schema\/logo\/image\/\",\"url\":\"https:\/\/id126ufba.com.br\/memoria\/wp-content\/uploads\/2024\/07\/cropped-logo_memoria-1.png\",\"contentUrl\":\"https:\/\/id126ufba.com.br\/memoria\/wp-content\/uploads\/2024\/07\/cropped-logo_memoria-1.png\",\"width\":500,\"height\":100,\"caption\":\"Impressao Digital 126\"},\"image\":{\"@id\":\"https:\/\/id126ufba.com.br\/memoria\/#\/schema\/logo\/image\/\"}},{\"@type\":\"Person\",\"@id\":\"https:\/\/id126ufba.com.br\/memoria\/#\/schema\/person\/4f42ebfe385625f80efb1e423b1971ee\",\"name\":\"Editor\",\"image\":{\"@type\":\"ImageObject\",\"inLanguage\":\"pt-BR\",\"@id\":\"https:\/\/id126ufba.com.br\/memoria\/#\/schema\/person\/image\/\",\"url\":\"https:\/\/secure.gravatar.com\/avatar\/1d69d145a93605cda3e299a3b9c25751?s=96&d=mm&r=g\",\"contentUrl\":\"https:\/\/secure.gravatar.com\/avatar\/1d69d145a93605cda3e299a3b9c25751?s=96&d=mm&r=g\",\"caption\":\"Editor\"},\"url\":\"https:\/\/id126ufba.com.br\/memoria\/author\/editor\/\"}]}<\/script>\n<!-- \/ Yoast SEO plugin. -->","yoast_head_json":{"title":"Bahia \u00e9 terceiro estado com maior n\u00famero de partos em menores de idade - Impressao Digital 126","robots":{"index":"index","follow":"follow","max-snippet":"max-snippet:-1","max-image-preview":"max-image-preview:large","max-video-preview":"max-video-preview:-1"},"canonical":"https:\/\/id126ufba.com.br\/memoria\/bahia-e-terceiro-estado-com-maior-numero-de-partos-em-menores-de-idade\/","og_locale":"pt_BR","og_type":"article","og_title":"Bahia \u00e9 terceiro estado com maior n\u00famero de partos em menores de idade - Impressao Digital 126","og_description":"Estado registrou 6.625 partos em mulheres de at\u00e9 17 anos; especialistas apontam falta de acesso \u00e0 educa\u00e7\u00e3o sexual como um dos principais motivadores Defendida por parte da sociedade e recha\u00e7ada por outra parcela, a educa\u00e7\u00e3o sexual nas escolas \u00e9 um tema que costuma causar pol\u00eamica quando debatido. Ainda assim, seu car\u00e1ter contradit\u00f3rio n\u00e3o anula o [&hellip;]","og_url":"https:\/\/id126ufba.com.br\/memoria\/bahia-e-terceiro-estado-com-maior-numero-de-partos-em-menores-de-idade\/","og_site_name":"Impressao Digital 126","article_published_time":"2023-12-07T03:36:33+00:00","article_modified_time":"2023-12-07T06:56:30+00:00","og_image":[{"width":1200,"height":1600,"url":"https:\/\/id126ufba.com.br\/memoria\/wp-content\/uploads\/2023\/12\/WhatsApp-Image-2023-12-06-at-11.03.57-1.jpeg","type":"image\/jpeg"}],"author":"Editor","twitter_card":"summary_large_image","twitter_misc":{"Escrito por":"Editor","Est. tempo de leitura":"10 minutos"},"schema":{"@context":"https:\/\/schema.org","@graph":[{"@type":"Article","@id":"https:\/\/id126ufba.com.br\/memoria\/bahia-e-terceiro-estado-com-maior-numero-de-partos-em-menores-de-idade\/#article","isPartOf":{"@id":"https:\/\/id126ufba.com.br\/memoria\/bahia-e-terceiro-estado-com-maior-numero-de-partos-em-menores-de-idade\/"},"author":{"name":"Editor","@id":"https:\/\/id126ufba.com.br\/memoria\/#\/schema\/person\/4f42ebfe385625f80efb1e423b1971ee"},"headline":"Bahia \u00e9 terceiro estado com maior n\u00famero de partos em menores de idade","datePublished":"2023-12-07T03:36:33+00:00","dateModified":"2023-12-07T06:56:30+00:00","mainEntityOfPage":{"@id":"https:\/\/id126ufba.com.br\/memoria\/bahia-e-terceiro-estado-com-maior-numero-de-partos-em-menores-de-idade\/"},"wordCount":2060,"commentCount":0,"publisher":{"@id":"https:\/\/id126ufba.com.br\/memoria\/#organization"},"image":{"@id":"https:\/\/id126ufba.com.br\/memoria\/bahia-e-terceiro-estado-com-maior-numero-de-partos-em-menores-de-idade\/#primaryimage"},"thumbnailUrl":"https:\/\/id126ufba.com.br\/memoria\/wp-content\/uploads\/2023\/12\/WhatsApp-Image-2023-12-06-at-11.03.57-1.jpeg","articleSection":["Cotidiano"],"inLanguage":"pt-BR","potentialAction":[{"@type":"CommentAction","name":"Comment","target":["https:\/\/id126ufba.com.br\/memoria\/bahia-e-terceiro-estado-com-maior-numero-de-partos-em-menores-de-idade\/#respond"]}]},{"@type":"WebPage","@id":"https:\/\/id126ufba.com.br\/memoria\/bahia-e-terceiro-estado-com-maior-numero-de-partos-em-menores-de-idade\/","url":"https:\/\/id126ufba.com.br\/memoria\/bahia-e-terceiro-estado-com-maior-numero-de-partos-em-menores-de-idade\/","name":"Bahia \u00e9 terceiro estado com maior n\u00famero de partos em menores de idade - Impressao Digital 126","isPartOf":{"@id":"https:\/\/id126ufba.com.br\/memoria\/#website"},"primaryImageOfPage":{"@id":"https:\/\/id126ufba.com.br\/memoria\/bahia-e-terceiro-estado-com-maior-numero-de-partos-em-menores-de-idade\/#primaryimage"},"image":{"@id":"https:\/\/id126ufba.com.br\/memoria\/bahia-e-terceiro-estado-com-maior-numero-de-partos-em-menores-de-idade\/#primaryimage"},"thumbnailUrl":"https:\/\/id126ufba.com.br\/memoria\/wp-content\/uploads\/2023\/12\/WhatsApp-Image-2023-12-06-at-11.03.57-1.jpeg","datePublished":"2023-12-07T03:36:33+00:00","dateModified":"2023-12-07T06:56:30+00:00","breadcrumb":{"@id":"https:\/\/id126ufba.com.br\/memoria\/bahia-e-terceiro-estado-com-maior-numero-de-partos-em-menores-de-idade\/#breadcrumb"},"inLanguage":"pt-BR","potentialAction":[{"@type":"ReadAction","target":["https:\/\/id126ufba.com.br\/memoria\/bahia-e-terceiro-estado-com-maior-numero-de-partos-em-menores-de-idade\/"]}]},{"@type":"ImageObject","inLanguage":"pt-BR","@id":"https:\/\/id126ufba.com.br\/memoria\/bahia-e-terceiro-estado-com-maior-numero-de-partos-em-menores-de-idade\/#primaryimage","url":"https:\/\/id126ufba.com.br\/memoria\/wp-content\/uploads\/2023\/12\/WhatsApp-Image-2023-12-06-at-11.03.57-1.jpeg","contentUrl":"https:\/\/id126ufba.com.br\/memoria\/wp-content\/uploads\/2023\/12\/WhatsApp-Image-2023-12-06-at-11.03.57-1.jpeg","width":1200,"height":1600},{"@type":"BreadcrumbList","@id":"https:\/\/id126ufba.com.br\/memoria\/bahia-e-terceiro-estado-com-maior-numero-de-partos-em-menores-de-idade\/#breadcrumb","itemListElement":[{"@type":"ListItem","position":1,"name":"In\u00edcio","item":"https:\/\/id126ufba.com.br\/memoria\/"},{"@type":"ListItem","position":2,"name":"Bahia \u00e9 terceiro estado com maior n\u00famero de partos em menores de idade"}]},{"@type":"WebSite","@id":"https:\/\/id126ufba.com.br\/memoria\/#website","url":"https:\/\/id126ufba.com.br\/memoria\/","name":"Impressao Digital 126","description":"","publisher":{"@id":"https:\/\/id126ufba.com.br\/memoria\/#organization"},"potentialAction":[{"@type":"SearchAction","target":{"@type":"EntryPoint","urlTemplate":"https:\/\/id126ufba.com.br\/memoria\/?s={search_term_string}"},"query-input":{"@type":"PropertyValueSpecification","valueRequired":true,"valueName":"search_term_string"}}],"inLanguage":"pt-BR"},{"@type":"Organization","@id":"https:\/\/id126ufba.com.br\/memoria\/#organization","name":"Impressao Digital 126","url":"https:\/\/id126ufba.com.br\/memoria\/","logo":{"@type":"ImageObject","inLanguage":"pt-BR","@id":"https:\/\/id126ufba.com.br\/memoria\/#\/schema\/logo\/image\/","url":"https:\/\/id126ufba.com.br\/memoria\/wp-content\/uploads\/2024\/07\/cropped-logo_memoria-1.png","contentUrl":"https:\/\/id126ufba.com.br\/memoria\/wp-content\/uploads\/2024\/07\/cropped-logo_memoria-1.png","width":500,"height":100,"caption":"Impressao Digital 126"},"image":{"@id":"https:\/\/id126ufba.com.br\/memoria\/#\/schema\/logo\/image\/"}},{"@type":"Person","@id":"https:\/\/id126ufba.com.br\/memoria\/#\/schema\/person\/4f42ebfe385625f80efb1e423b1971ee","name":"Editor","image":{"@type":"ImageObject","inLanguage":"pt-BR","@id":"https:\/\/id126ufba.com.br\/memoria\/#\/schema\/person\/image\/","url":"https:\/\/secure.gravatar.com\/avatar\/1d69d145a93605cda3e299a3b9c25751?s=96&d=mm&r=g","contentUrl":"https:\/\/secure.gravatar.com\/avatar\/1d69d145a93605cda3e299a3b9c25751?s=96&d=mm&r=g","caption":"Editor"},"url":"https:\/\/id126ufba.com.br\/memoria\/author\/editor\/"}]}},"_links":{"self":[{"href":"https:\/\/id126ufba.com.br\/memoria\/wp-json\/wp\/v2\/posts\/41110"}],"collection":[{"href":"https:\/\/id126ufba.com.br\/memoria\/wp-json\/wp\/v2\/posts"}],"about":[{"href":"https:\/\/id126ufba.com.br\/memoria\/wp-json\/wp\/v2\/types\/post"}],"author":[{"embeddable":true,"href":"https:\/\/id126ufba.com.br\/memoria\/wp-json\/wp\/v2\/users\/2"}],"replies":[{"embeddable":true,"href":"https:\/\/id126ufba.com.br\/memoria\/wp-json\/wp\/v2\/comments?post=41110"}],"version-history":[{"count":24,"href":"https:\/\/id126ufba.com.br\/memoria\/wp-json\/wp\/v2\/posts\/41110\/revisions"}],"predecessor-version":[{"id":41170,"href":"https:\/\/id126ufba.com.br\/memoria\/wp-json\/wp\/v2\/posts\/41110\/revisions\/41170"}],"wp:featuredmedia":[{"embeddable":true,"href":"https:\/\/id126ufba.com.br\/memoria\/wp-json\/wp\/v2\/media\/41116"}],"wp:attachment":[{"href":"https:\/\/id126ufba.com.br\/memoria\/wp-json\/wp\/v2\/media?parent=41110"}],"wp:term":[{"taxonomy":"category","embeddable":true,"href":"https:\/\/id126ufba.com.br\/memoria\/wp-json\/wp\/v2\/categories?post=41110"},{"taxonomy":"post_tag","embeddable":true,"href":"https:\/\/id126ufba.com.br\/memoria\/wp-json\/wp\/v2\/tags?post=41110"}],"curies":[{"name":"wp","href":"https:\/\/api.w.org\/{rel}","templated":true}]}}