{"id":5051,"date":"2011-12-14T13:07:01","date_gmt":"2011-12-14T13:07:01","guid":{"rendered":"http:\/\/impressaodigital126.ufba.br\/?p=5051"},"modified":"2011-12-16T14:43:51","modified_gmt":"2011-12-16T14:43:51","slug":"novas-estrategias-da-cena-musical-independente","status":"publish","type":"post","link":"https:\/\/id126ufba.com.br\/memoria\/novas-estrategias-da-cena-musical-independente\/","title":{"rendered":"Novas estrat\u00e9gias da cena musical independente"},"content":{"rendered":"<p><em>Por Agnes Cajaiba e Tais Bichara<\/em><\/p>\n<p>&nbsp;<\/p>\n<p style=\"text-align: justify;\">Embora para a maior parte do p\u00fablico nacional a produ\u00e7\u00e3o de m\u00fasica na Bahia seja imediatamente associada \u2013 e muitas vezes resumida \u2013 ao ax\u00e9, ao pagode e a alguns exemplares da MPB, o cen\u00e1rio independente tem ganhado cada vez mais espa\u00e7o e apresentado artistas que se destacam enquanto grupo pela variedade de sons, produtos e formas de se mostrar ao p\u00fablico. H\u00e1 quem diga que n\u00e3o h\u00e1 nada de novo, que tudo se repete, a gente tem a impress\u00e3o que \u00e9 algo diferente, mas n\u00e3o \u00e9. Certamente a <a href=\"http:\/\/www.myspace.com\/BandaLunata\" target=\"_blank\">Lunata<\/a> n\u00e3o \u00e9 a primeira banda a misturar MPB, jazz e elementos do rock, nem a <a href=\"http:\/\/vivendodoocio.com\/\" target=\"_blank\">Vivendo do \u00d3cio<\/a> inventou o <em>indie rock<\/em> ou a <a href=\"http:\/\/www.suinga.com.br\/\" target=\"_blank\">Suinga<\/a> o ax\u00e9. Mas todas essas bandas jovens \u2013 tanto pela m\u00e9dia de idade dos integrantes quanto pelo tempo de exist\u00eancia do projeto \u2013 parecem compor um novo cen\u00e1rio para a produ\u00e7\u00e3o musical da Bahia. Mas, afinal de contas, o que essa nova gera\u00e7\u00e3o de m\u00fasicos tem de verdadeiramente diferente?<\/p>\n<p style=\"text-align: justify;\">&nbsp;<\/p>\n<p><a href=\"http:\/\/impressaodigital126.ufba.br\/wp-content\/uploads\/2011\/12\/281662_1715570628594_1818064736_1101080_3776324_n.jpg\"><img loading=\"lazy\" decoding=\"async\" class=\"alignleft size-medium wp-image-5052\" title=\"Velotroz\" src=\"http:\/\/impressaodigital126.ufba.br\/wp-content\/uploads\/2011\/12\/281662_1715570628594_1818064736_1101080_3776324_n-300x200.jpg\" alt=\"\" width=\"300\" height=\"200\" srcset=\"https:\/\/id126ufba.com.br\/memoria\/wp-content\/uploads\/2011\/12\/281662_1715570628594_1818064736_1101080_3776324_n-300x200.jpg 300w, https:\/\/id126ufba.com.br\/memoria\/wp-content\/uploads\/2011\/12\/281662_1715570628594_1818064736_1101080_3776324_n.jpg 640w\" sizes=\"(max-width: 300px) 100vw, 300px\" \/><\/a><a href=\"http:\/\/impressaodigital126.ufba.br\/wp-content\/uploads\/2011\/12\/IMG_8978.jpg\"><img loading=\"lazy\" decoding=\"async\" class=\"alignright size-medium wp-image-5053\" title=\"Lunata\" src=\"http:\/\/impressaodigital126.ufba.br\/wp-content\/uploads\/2011\/12\/IMG_8978-300x200.jpg\" alt=\"\" width=\"300\" height=\"200\" srcset=\"https:\/\/id126ufba.com.br\/memoria\/wp-content\/uploads\/2011\/12\/IMG_8978-300x200.jpg 300w, https:\/\/id126ufba.com.br\/memoria\/wp-content\/uploads\/2011\/12\/IMG_8978-1024x682.jpg 1024w\" sizes=\"(max-width: 300px) 100vw, 300px\" \/><\/a><\/p>\n<p>&nbsp;<\/p>\n<p>&nbsp;<\/p>\n<p>&nbsp;<\/p>\n<p>&nbsp;<\/p>\n<p>&nbsp;<\/p>\n<p>&nbsp;<\/p>\n<p><a href=\"http:\/\/www.myspace.com\/velotroz\" target=\"_blank\">Velotroz<\/a> (foto: Mariele G\u00f3es) e Lunata (foto: Mariele G\u00f3es)<\/p>\n<p>&nbsp;<\/p>\n<p style=\"text-align: justify;\">De Salvador tem sa\u00eddo indie rock, resgate do ax\u00e9 dos anos 80, pop \u201cmeloso\u201d, jazz com MPB e rock, <em>cute indie<\/em> com bossa nova, e muitas outras misturas. Mas tem sa\u00eddo tamb\u00e9m novas estrat\u00e9gias de divulga\u00e7\u00e3o, uma frequente produ\u00e7\u00e3o de videoclipes, novas parcerias e colabora\u00e7\u00f5es inspiradas no conceito de coletividade, e uma participa\u00e7\u00e3o muito grande nas redes sociais e nos sites voltados para o mercado musical. N\u00e3o que sejam, tamb\u00e9m, m\u00e9ritos exclusivos dos artistas baianos, mas isso reflete como essa gera\u00e7\u00e3o est\u00e1 em constante di\u00e1logo, troca e atualiza\u00e7\u00e3o com seus \u201cconterr\u00e2neos\u201d e com artistas e p\u00fablico de todo o pa\u00eds. A internet e as novas redes sociais parecem encabe\u00e7ar esse movimento, al\u00e9m de projetos e sites especializados que visam expandir o alcance da m\u00fasica independente brasileira, como \u00e9 o caso do <a href=\"http:\/\/www.melodybox.com.br\/\" target=\"_blank\">Melody Box<\/a>, do <a href=\"http:\/\/www.conexaovivo.com.br\/\" target=\"_blank\">Conex\u00e3o Vivo<\/a>, do <a href=\"http:\/\/www.amusicoteca.com.br\/\" target=\"_blank\">Musicoteca<\/a> e tantos outros. &#8220;Concentramos a divulga\u00e7\u00e3o nas redes sociais tradicionais, como o Facebook e Twitter, que s\u00e3o espa\u00e7os abertos, amplos, em que podemos chegar de forma natural at\u00e9 pessoas que n\u00e3o conhecem a banda&#8221;, afirma Daniel de Farias, produtor das bandas <a href=\"http:\/\/www.myspace.com\/expressolibre\" target=\"_blank\">Expresso Libre<\/a> e Lunata.<\/p>\n<p style=\"text-align: justify;\">Shows divulgados atrav\u00e9s de eventos no Facebook, v\u00eddeos <em>teaser<\/em> e cartazes virtuais personalizados com elementos visuais de cada artista se tornaram regras b\u00e1sicas para assessorar uma banda independente em Salvador, e certamente no resto do pa\u00eds. Os perfis dos artistas nas redes sociais precisam ser constantemente atualizados com novas produ\u00e7\u00f5es, clipping, novidades de bastidores ou apenas para interagir com os f\u00e3s\/seguidores\/amigos. A Suinga criou <a href=\"http:\/\/www.facebook.com\/groups\/suinga\/?ref=ts\" target=\"_blank\">um grupo no Facebook<\/a>, n\u00e3o apenas com a inten\u00e7\u00e3o de divulgar eventos e projetos da pr\u00f3pria banda e de parceiros, mas principalmente de promover a discuss\u00e3o sobre m\u00fasica, em todos os seus aspectos. <a href=\"http:\/\/www.myspace.com\/ouvindonana\" target=\"_blank\">nana<\/a>, que se lan\u00e7ou em 2011, preferiu fazer isso atrav\u00e9s do <a href=\"http:\/\/www.ouvindonana.com\/\" target=\"_blank\">blog ouvindo nana<\/a> que re\u00fane al\u00e9m de fotos, v\u00eddeos e m\u00fasicas, postagens escritas pela pr\u00f3pria cantora. &#8220;N\u00f3s sabemos que um m\u00fasico est\u00e1 sempre produzindo, ensaiando, descobrindo coisas novas. E acreditamos que isso pode ser compartilhado com o p\u00fablico, que se interessa cada vez mais pela constru\u00e7\u00e3o e pelos bastidores. \u00c9 uma forma de manter a proximidade e o constante di\u00e1logo com o p\u00fablico e com outros artistas&#8221;, explica a produtora e assessora de nana, Fl\u00e1via Santana.<\/p>\n<p style=\"text-align: justify;\"><strong>Indentidade visual<\/strong> &#8211; Outro fator comum entre os artistas dessa nova gera\u00e7\u00e3o \u00e9 o fato de se preocuparem com a identidade visual de cada projeto. Exemplos disso s\u00e3o os projetos gr\u00e1ficos desenvolvidos para capas de EPs (demos), como \u00e9 o caso de &#8216;N\u00e3o esquece o guarda-sol&#8217; da Lunata, campanhas como a feita pela Suinga que propunha que as pessoas &#8220;suingassem&#8221; suas fotos adicionando a logomarca da banda ou ainda uma excelente cobertura fotogr\u00e1fica dos shows, geralmente feita por fot\u00f3grafos que trabalham em parceria com as bandas. A crescente produ\u00e7\u00e3o de videoclipes \u00e9 tamb\u00e9m reflexo desse movimento que visa construir os artistas para al\u00e9m da produ\u00e7\u00e3o musical, construir um conceito com o qual o p\u00fablico possa se identificar. Por se tratarem de bandas independentes e, portanto, com poucos recursos financeiros para a produ\u00e7\u00e3o, a maioria desses clipes acontece como uma parceria com amigos que trabalhem com audiovisual, fotografia e design, ou profissionais dessas \u00e1reas que acreditem e gostem do trabalho dessas bandas. Al\u00e9m disso, as logos tamb\u00e9m merecem destaque, j\u00e1 que s\u00e3o o elemento inicial de composi\u00e7\u00e3o de um conceito visual.<\/p>\n<p>&nbsp;<\/p>\n<p>&nbsp;<\/p>\n<p><a href=\"http:\/\/impressaodigital126.ufba.br\/wp-content\/uploads\/2011\/12\/250035_121387104609873_100002157528670_176411_2319414_n.jpg\"><img loading=\"lazy\" decoding=\"async\" class=\"alignleft size-thumbnail wp-image-5070\" title=\"Lunata\" src=\"http:\/\/impressaodigital126.ufba.br\/wp-content\/uploads\/2011\/12\/250035_121387104609873_100002157528670_176411_2319414_n-150x150.jpg\" alt=\"\" width=\"150\" height=\"150\" srcset=\"https:\/\/id126ufba.com.br\/memoria\/wp-content\/uploads\/2011\/12\/250035_121387104609873_100002157528670_176411_2319414_n-150x150.jpg 150w, https:\/\/id126ufba.com.br\/memoria\/wp-content\/uploads\/2011\/12\/250035_121387104609873_100002157528670_176411_2319414_n.jpg 253w\" sizes=\"(max-width: 150px) 100vw, 150px\" \/><\/a><a href=\"http:\/\/impressaodigital126.ufba.br\/wp-content\/uploads\/2011\/12\/marca1.png\"><img loading=\"lazy\" decoding=\"async\" class=\"alignright size-thumbnail wp-image-5059\" title=\"Quarteto de Cinco\" src=\"http:\/\/impressaodigital126.ufba.br\/wp-content\/uploads\/2011\/12\/marca1-150x150.png\" alt=\"\" width=\"150\" height=\"150\" \/><\/a><\/p>\n<p><a href=\"http:\/\/impressaodigital126.ufba.br\/wp-content\/uploads\/2011\/12\/24949_110895575601789_110878058936874_171811_6584048_n1.jpg\"><img loading=\"lazy\" decoding=\"async\" class=\"aligncenter size-medium wp-image-5074\" style=\"border-style: initial; border-color: initial;\" title=\"Suinga\" src=\"http:\/\/impressaodigital126.ufba.br\/wp-content\/uploads\/2011\/12\/24949_110895575601789_110878058936874_171811_6584048_n1-300x177.jpg\" alt=\"\" width=\"300\" height=\"177\" srcset=\"https:\/\/id126ufba.com.br\/memoria\/wp-content\/uploads\/2011\/12\/24949_110895575601789_110878058936874_171811_6584048_n1-300x177.jpg 300w, https:\/\/id126ufba.com.br\/memoria\/wp-content\/uploads\/2011\/12\/24949_110895575601789_110878058936874_171811_6584048_n1.jpg 720w\" sizes=\"(max-width: 300px) 100vw, 300px\" \/><\/a><\/p>\n<p>Logos das bandas Lunata, Suinga e\u00a0<a href=\"http:\/\/www.quartetodecinco.com.br\/\" target=\"_blank\">Quarteto de cinco<\/a><\/p>\n<p>&nbsp;<\/p>\n<p style=\"text-align: justify;\">\u00c9 com esse tipo de preocupa\u00e7\u00e3o e com todas essas estrat\u00e9gias e muitas outras pontuais \u2013 como por exemplo campanhas para vota\u00e7\u00f5es em concursos e festivais \u2013 que a nova gera\u00e7\u00e3o de m\u00fasicos baianos vem trabalhando em colabora\u00e7\u00e3o e explorando as novas m\u00eddias para conquistar novos p\u00fablicos em todo o pa\u00eds. Os reflexos disso podem ser vistos nas estat\u00edsticas de visualiza\u00e7\u00f5es, f\u00e3s, aprova\u00e7\u00f5es em editais e sele\u00e7\u00f5es para festivais, al\u00e9m de um constante amadurecimento art\u00edstico, conceitual e mercadol\u00f3gico desses novos artistas.<\/p>\n<p>&nbsp;<\/p>\n<p>Leia:<\/p>\n<p><a href=\"http:\/\/impressaodigital126.ufba.br\/2011\/12\/14\/a-nova-safra-de-videoclipes-baianos\/?preview=true&amp;preview_id=4501&amp;preview_nonce=fa11312f47\" target=\"_blank\">Nova safra de videoclipes baianos faz parte da preocupa\u00e7\u00e3o dos novos artistas com a identidade visual.<\/a><\/p>\n<p><a href=\"http:\/\/impressaodigital126.ufba.br\/2011\/12\/14\/quem-ve-cartaz-ve-banda\/?preview=true&amp;preview_id=4510&amp;preview_nonce=d02efbed99\" target=\"_blank\">Os cartazes de shows e festivais refletem o cuidado com o conceito visual das bandas.<\/a><\/p>\n","protected":false},"excerpt":{"rendered":"<p>Entenda a rela\u00e7\u00e3o das novas bandas baianas com as m\u00eddias sociais e processos de colabora\u00e7\u00e3o entre artistas.<\/p>\n","protected":false},"author":4,"featured_media":5052,"comment_status":"open","ping_status":"open","sticky":false,"template":"","format":"standard","meta":{"_acf_changed":false,"_monsterinsights_skip_tracking":false,"_monsterinsights_sitenote_active":false,"_monsterinsights_sitenote_note":"","_monsterinsights_sitenote_category":0,"footnotes":""},"categories":[3],"tags":[40,647,646,113],"acf":[],"aioseo_notices":[],"yoast_head":"<!-- This site is optimized with the Yoast SEO plugin v24.5 - https:\/\/yoast.com\/wordpress\/plugins\/seo\/ -->\n<title>Novas estrat\u00e9gias da cena musical independente - Impressao Digital 126<\/title>\n<meta name=\"robots\" content=\"index, follow, max-snippet:-1, max-image-preview:large, max-video-preview:-1\" \/>\n<link rel=\"canonical\" href=\"https:\/\/id126ufba.com.br\/memoria\/novas-estrategias-da-cena-musical-independente\/\" \/>\n<meta property=\"og:locale\" content=\"pt_BR\" \/>\n<meta property=\"og:type\" content=\"article\" \/>\n<meta property=\"og:title\" content=\"Novas estrat\u00e9gias da cena musical independente - Impressao Digital 126\" \/>\n<meta property=\"og:description\" content=\"Entenda a rela\u00e7\u00e3o das novas bandas baianas com as m\u00eddias sociais e processos de colabora\u00e7\u00e3o entre artistas.\" \/>\n<meta property=\"og:url\" content=\"https:\/\/id126ufba.com.br\/memoria\/novas-estrategias-da-cena-musical-independente\/\" \/>\n<meta property=\"og:site_name\" content=\"Impressao Digital 126\" \/>\n<meta property=\"article:published_time\" content=\"2011-12-14T13:07:01+00:00\" \/>\n<meta property=\"article:modified_time\" content=\"2011-12-16T14:43:51+00:00\" \/>\n<meta property=\"og:image\" content=\"https:\/\/id126ufba.com.br\/memoria\/wp-content\/uploads\/2011\/12\/281662_1715570628594_1818064736_1101080_3776324_n.jpg\" \/>\n\t<meta property=\"og:image:width\" content=\"640\" \/>\n\t<meta property=\"og:image:height\" content=\"427\" \/>\n\t<meta property=\"og:image:type\" content=\"image\/jpeg\" \/>\n<meta name=\"twitter:card\" content=\"summary_large_image\" \/>\n<meta name=\"twitter:label1\" content=\"Escrito por\" \/>\n\t<meta name=\"twitter:data1\" content=\"\" \/>\n\t<meta name=\"twitter:label2\" content=\"Est. tempo de leitura\" \/>\n\t<meta name=\"twitter:data2\" content=\"5 minutos\" \/>\n<script type=\"application\/ld+json\" class=\"yoast-schema-graph\">{\"@context\":\"https:\/\/schema.org\",\"@graph\":[{\"@type\":\"Article\",\"@id\":\"https:\/\/id126ufba.com.br\/memoria\/novas-estrategias-da-cena-musical-independente\/#article\",\"isPartOf\":{\"@id\":\"https:\/\/id126ufba.com.br\/memoria\/novas-estrategias-da-cena-musical-independente\/\"},\"author\":{\"name\":\"\",\"@id\":\"\"},\"headline\":\"Novas estrat\u00e9gias da cena musical independente\",\"datePublished\":\"2011-12-14T13:07:01+00:00\",\"dateModified\":\"2011-12-16T14:43:51+00:00\",\"mainEntityOfPage\":{\"@id\":\"https:\/\/id126ufba.com.br\/memoria\/novas-estrategias-da-cena-musical-independente\/\"},\"wordCount\":955,\"commentCount\":1,\"publisher\":{\"@id\":\"https:\/\/id126ufba.com.br\/memoria\/#organization\"},\"image\":{\"@id\":\"https:\/\/id126ufba.com.br\/memoria\/novas-estrategias-da-cena-musical-independente\/#primaryimage\"},\"thumbnailUrl\":\"https:\/\/id126ufba.com.br\/memoria\/wp-content\/uploads\/2011\/12\/281662_1715570628594_1818064736_1101080_3776324_n.jpg\",\"keywords\":[\"Bahia\",\"cen\u00e1rio musical\",\"musica independente\",\"salvador\"],\"articleSection\":[\"Cultura\"],\"inLanguage\":\"pt-BR\",\"potentialAction\":[{\"@type\":\"CommentAction\",\"name\":\"Comment\",\"target\":[\"https:\/\/id126ufba.com.br\/memoria\/novas-estrategias-da-cena-musical-independente\/#respond\"]}]},{\"@type\":\"WebPage\",\"@id\":\"https:\/\/id126ufba.com.br\/memoria\/novas-estrategias-da-cena-musical-independente\/\",\"url\":\"https:\/\/id126ufba.com.br\/memoria\/novas-estrategias-da-cena-musical-independente\/\",\"name\":\"Novas estrat\u00e9gias da cena musical independente - Impressao Digital 126\",\"isPartOf\":{\"@id\":\"https:\/\/id126ufba.com.br\/memoria\/#website\"},\"primaryImageOfPage\":{\"@id\":\"https:\/\/id126ufba.com.br\/memoria\/novas-estrategias-da-cena-musical-independente\/#primaryimage\"},\"image\":{\"@id\":\"https:\/\/id126ufba.com.br\/memoria\/novas-estrategias-da-cena-musical-independente\/#primaryimage\"},\"thumbnailUrl\":\"https:\/\/id126ufba.com.br\/memoria\/wp-content\/uploads\/2011\/12\/281662_1715570628594_1818064736_1101080_3776324_n.jpg\",\"datePublished\":\"2011-12-14T13:07:01+00:00\",\"dateModified\":\"2011-12-16T14:43:51+00:00\",\"breadcrumb\":{\"@id\":\"https:\/\/id126ufba.com.br\/memoria\/novas-estrategias-da-cena-musical-independente\/#breadcrumb\"},\"inLanguage\":\"pt-BR\",\"potentialAction\":[{\"@type\":\"ReadAction\",\"target\":[\"https:\/\/id126ufba.com.br\/memoria\/novas-estrategias-da-cena-musical-independente\/\"]}]},{\"@type\":\"ImageObject\",\"inLanguage\":\"pt-BR\",\"@id\":\"https:\/\/id126ufba.com.br\/memoria\/novas-estrategias-da-cena-musical-independente\/#primaryimage\",\"url\":\"https:\/\/id126ufba.com.br\/memoria\/wp-content\/uploads\/2011\/12\/281662_1715570628594_1818064736_1101080_3776324_n.jpg\",\"contentUrl\":\"https:\/\/id126ufba.com.br\/memoria\/wp-content\/uploads\/2011\/12\/281662_1715570628594_1818064736_1101080_3776324_n.jpg\",\"width\":\"640\",\"height\":\"427\"},{\"@type\":\"BreadcrumbList\",\"@id\":\"https:\/\/id126ufba.com.br\/memoria\/novas-estrategias-da-cena-musical-independente\/#breadcrumb\",\"itemListElement\":[{\"@type\":\"ListItem\",\"position\":1,\"name\":\"In\u00edcio\",\"item\":\"https:\/\/id126ufba.com.br\/memoria\/\"},{\"@type\":\"ListItem\",\"position\":2,\"name\":\"Novas estrat\u00e9gias da cena musical independente\"}]},{\"@type\":\"WebSite\",\"@id\":\"https:\/\/id126ufba.com.br\/memoria\/#website\",\"url\":\"https:\/\/id126ufba.com.br\/memoria\/\",\"name\":\"Impressao Digital 126\",\"description\":\"\",\"publisher\":{\"@id\":\"https:\/\/id126ufba.com.br\/memoria\/#organization\"},\"potentialAction\":[{\"@type\":\"SearchAction\",\"target\":{\"@type\":\"EntryPoint\",\"urlTemplate\":\"https:\/\/id126ufba.com.br\/memoria\/?s={search_term_string}\"},\"query-input\":{\"@type\":\"PropertyValueSpecification\",\"valueRequired\":true,\"valueName\":\"search_term_string\"}}],\"inLanguage\":\"pt-BR\"},{\"@type\":\"Organization\",\"@id\":\"https:\/\/id126ufba.com.br\/memoria\/#organization\",\"name\":\"Impressao Digital 126\",\"url\":\"https:\/\/id126ufba.com.br\/memoria\/\",\"logo\":{\"@type\":\"ImageObject\",\"inLanguage\":\"pt-BR\",\"@id\":\"https:\/\/id126ufba.com.br\/memoria\/#\/schema\/logo\/image\/\",\"url\":\"https:\/\/id126ufba.com.br\/memoria\/wp-content\/uploads\/2024\/07\/cropped-logo_memoria-1.png\",\"contentUrl\":\"https:\/\/id126ufba.com.br\/memoria\/wp-content\/uploads\/2024\/07\/cropped-logo_memoria-1.png\",\"width\":500,\"height\":100,\"caption\":\"Impressao Digital 126\"},\"image\":{\"@id\":\"https:\/\/id126ufba.com.br\/memoria\/#\/schema\/logo\/image\/\"}},{\"@type\":\"Person\",\"@id\":\"\",\"url\":\"https:\/\/id126ufba.com.br\/memoria\/author\/\"}]}<\/script>\n<!-- \/ Yoast SEO plugin. -->","yoast_head_json":{"title":"Novas estrat\u00e9gias da cena musical independente - Impressao Digital 126","robots":{"index":"index","follow":"follow","max-snippet":"max-snippet:-1","max-image-preview":"max-image-preview:large","max-video-preview":"max-video-preview:-1"},"canonical":"https:\/\/id126ufba.com.br\/memoria\/novas-estrategias-da-cena-musical-independente\/","og_locale":"pt_BR","og_type":"article","og_title":"Novas estrat\u00e9gias da cena musical independente - Impressao Digital 126","og_description":"Entenda a rela\u00e7\u00e3o das novas bandas baianas com as m\u00eddias sociais e processos de colabora\u00e7\u00e3o entre artistas.","og_url":"https:\/\/id126ufba.com.br\/memoria\/novas-estrategias-da-cena-musical-independente\/","og_site_name":"Impressao Digital 126","article_published_time":"2011-12-14T13:07:01+00:00","article_modified_time":"2011-12-16T14:43:51+00:00","og_image":[{"width":640,"height":427,"url":"https:\/\/id126ufba.com.br\/memoria\/wp-content\/uploads\/2011\/12\/281662_1715570628594_1818064736_1101080_3776324_n.jpg","type":"image\/jpeg"}],"twitter_card":"summary_large_image","twitter_misc":{"Escrito por":"","Est. tempo de leitura":"5 minutos"},"schema":{"@context":"https:\/\/schema.org","@graph":[{"@type":"Article","@id":"https:\/\/id126ufba.com.br\/memoria\/novas-estrategias-da-cena-musical-independente\/#article","isPartOf":{"@id":"https:\/\/id126ufba.com.br\/memoria\/novas-estrategias-da-cena-musical-independente\/"},"author":{"name":"","@id":""},"headline":"Novas estrat\u00e9gias da cena musical independente","datePublished":"2011-12-14T13:07:01+00:00","dateModified":"2011-12-16T14:43:51+00:00","mainEntityOfPage":{"@id":"https:\/\/id126ufba.com.br\/memoria\/novas-estrategias-da-cena-musical-independente\/"},"wordCount":955,"commentCount":1,"publisher":{"@id":"https:\/\/id126ufba.com.br\/memoria\/#organization"},"image":{"@id":"https:\/\/id126ufba.com.br\/memoria\/novas-estrategias-da-cena-musical-independente\/#primaryimage"},"thumbnailUrl":"https:\/\/id126ufba.com.br\/memoria\/wp-content\/uploads\/2011\/12\/281662_1715570628594_1818064736_1101080_3776324_n.jpg","keywords":["Bahia","cen\u00e1rio musical","musica independente","salvador"],"articleSection":["Cultura"],"inLanguage":"pt-BR","potentialAction":[{"@type":"CommentAction","name":"Comment","target":["https:\/\/id126ufba.com.br\/memoria\/novas-estrategias-da-cena-musical-independente\/#respond"]}]},{"@type":"WebPage","@id":"https:\/\/id126ufba.com.br\/memoria\/novas-estrategias-da-cena-musical-independente\/","url":"https:\/\/id126ufba.com.br\/memoria\/novas-estrategias-da-cena-musical-independente\/","name":"Novas estrat\u00e9gias da cena musical independente - Impressao Digital 126","isPartOf":{"@id":"https:\/\/id126ufba.com.br\/memoria\/#website"},"primaryImageOfPage":{"@id":"https:\/\/id126ufba.com.br\/memoria\/novas-estrategias-da-cena-musical-independente\/#primaryimage"},"image":{"@id":"https:\/\/id126ufba.com.br\/memoria\/novas-estrategias-da-cena-musical-independente\/#primaryimage"},"thumbnailUrl":"https:\/\/id126ufba.com.br\/memoria\/wp-content\/uploads\/2011\/12\/281662_1715570628594_1818064736_1101080_3776324_n.jpg","datePublished":"2011-12-14T13:07:01+00:00","dateModified":"2011-12-16T14:43:51+00:00","breadcrumb":{"@id":"https:\/\/id126ufba.com.br\/memoria\/novas-estrategias-da-cena-musical-independente\/#breadcrumb"},"inLanguage":"pt-BR","potentialAction":[{"@type":"ReadAction","target":["https:\/\/id126ufba.com.br\/memoria\/novas-estrategias-da-cena-musical-independente\/"]}]},{"@type":"ImageObject","inLanguage":"pt-BR","@id":"https:\/\/id126ufba.com.br\/memoria\/novas-estrategias-da-cena-musical-independente\/#primaryimage","url":"https:\/\/id126ufba.com.br\/memoria\/wp-content\/uploads\/2011\/12\/281662_1715570628594_1818064736_1101080_3776324_n.jpg","contentUrl":"https:\/\/id126ufba.com.br\/memoria\/wp-content\/uploads\/2011\/12\/281662_1715570628594_1818064736_1101080_3776324_n.jpg","width":"640","height":"427"},{"@type":"BreadcrumbList","@id":"https:\/\/id126ufba.com.br\/memoria\/novas-estrategias-da-cena-musical-independente\/#breadcrumb","itemListElement":[{"@type":"ListItem","position":1,"name":"In\u00edcio","item":"https:\/\/id126ufba.com.br\/memoria\/"},{"@type":"ListItem","position":2,"name":"Novas estrat\u00e9gias da cena musical independente"}]},{"@type":"WebSite","@id":"https:\/\/id126ufba.com.br\/memoria\/#website","url":"https:\/\/id126ufba.com.br\/memoria\/","name":"Impressao Digital 126","description":"","publisher":{"@id":"https:\/\/id126ufba.com.br\/memoria\/#organization"},"potentialAction":[{"@type":"SearchAction","target":{"@type":"EntryPoint","urlTemplate":"https:\/\/id126ufba.com.br\/memoria\/?s={search_term_string}"},"query-input":{"@type":"PropertyValueSpecification","valueRequired":true,"valueName":"search_term_string"}}],"inLanguage":"pt-BR"},{"@type":"Organization","@id":"https:\/\/id126ufba.com.br\/memoria\/#organization","name":"Impressao Digital 126","url":"https:\/\/id126ufba.com.br\/memoria\/","logo":{"@type":"ImageObject","inLanguage":"pt-BR","@id":"https:\/\/id126ufba.com.br\/memoria\/#\/schema\/logo\/image\/","url":"https:\/\/id126ufba.com.br\/memoria\/wp-content\/uploads\/2024\/07\/cropped-logo_memoria-1.png","contentUrl":"https:\/\/id126ufba.com.br\/memoria\/wp-content\/uploads\/2024\/07\/cropped-logo_memoria-1.png","width":500,"height":100,"caption":"Impressao Digital 126"},"image":{"@id":"https:\/\/id126ufba.com.br\/memoria\/#\/schema\/logo\/image\/"}},{"@type":"Person","@id":"","url":"https:\/\/id126ufba.com.br\/memoria\/author\/"}]}},"_links":{"self":[{"href":"https:\/\/id126ufba.com.br\/memoria\/wp-json\/wp\/v2\/posts\/5051"}],"collection":[{"href":"https:\/\/id126ufba.com.br\/memoria\/wp-json\/wp\/v2\/posts"}],"about":[{"href":"https:\/\/id126ufba.com.br\/memoria\/wp-json\/wp\/v2\/types\/post"}],"author":[{"embeddable":true,"href":"https:\/\/id126ufba.com.br\/memoria\/wp-json\/wp\/v2\/users\/4"}],"replies":[{"embeddable":true,"href":"https:\/\/id126ufba.com.br\/memoria\/wp-json\/wp\/v2\/comments?post=5051"}],"version-history":[{"count":0,"href":"https:\/\/id126ufba.com.br\/memoria\/wp-json\/wp\/v2\/posts\/5051\/revisions"}],"wp:featuredmedia":[{"embeddable":true,"href":"https:\/\/id126ufba.com.br\/memoria\/wp-json\/wp\/v2\/media\/5052"}],"wp:attachment":[{"href":"https:\/\/id126ufba.com.br\/memoria\/wp-json\/wp\/v2\/media?parent=5051"}],"wp:term":[{"taxonomy":"category","embeddable":true,"href":"https:\/\/id126ufba.com.br\/memoria\/wp-json\/wp\/v2\/categories?post=5051"},{"taxonomy":"post_tag","embeddable":true,"href":"https:\/\/id126ufba.com.br\/memoria\/wp-json\/wp\/v2\/tags?post=5051"}],"curies":[{"name":"wp","href":"https:\/\/api.w.org\/{rel}","templated":true}]}}