{"id":5123,"date":"2011-12-16T14:34:47","date_gmt":"2011-12-16T14:34:47","guid":{"rendered":"http:\/\/impressaodigital126.ufba.br\/?p=5123"},"modified":"2012-04-01T23:34:28","modified_gmt":"2012-04-01T23:34:28","slug":"da-terra-do-sol-nascente","status":"publish","type":"post","link":"https:\/\/id126ufba.com.br\/memoria\/da-terra-do-sol-nascente\/","title":{"rendered":"Da terra do sol nascente"},"content":{"rendered":"<p style=\"text-align: justify;\"><em>A hist\u00f3ria de quem trouxe para Salvador um dos maiores eventos de cultura pop japonesa<\/em><\/p>\n<p style=\"text-align: justify;\">Por Edely Gomes e Marina Teixeira<\/p>\n<p style=\"text-align: justify;\">Foi com s\u00e9ries como Jaspion e Changeman, exibidas na Rede Manchete (j\u00e1 extinta), que a paix\u00e3o de Ricardo Oliveira come\u00e7ou. Mais conhecido como Rikun, ele \u00e9 o fundador e organizador do<a href=\"http:\/\/impressaodigital126.ufba.br\/wp-content\/uploads\/2011\/12\/anipolitandestaque.jpg\"><br \/>\n<\/a>, um dos maiores eventos de cultura pop japonesa em Salvador, que acontece sempre no segundo semestre do ano. F\u00e3 incondicional de \u201cTokusatsus\u201d (filmes ou s\u00e9ries live-action de super-her\u00f3is produzidos no Jap\u00e3o, com bastante \u00eanfase nos efeitos especiais)ele conta que foi a partir deste hobby que surgiu a ideia de come\u00e7ar a reunir pessoas com esse mesmo tipo de interesse.<\/p>\n<div id=\"attachment_5194\" style=\"width: 336px\" class=\"wp-caption aligncenter\"><a href=\"http:\/\/impressaodigital126.ufba.br\/wp-content\/uploads\/2011\/12\/images-1.jpg\"><img loading=\"lazy\" decoding=\"async\" aria-describedby=\"caption-attachment-5194\" class=\"size-full wp-image-5194\" title=\"images (1)\" src=\"http:\/\/impressaodigital126.ufba.br\/wp-content\/uploads\/2011\/12\/images-1.jpg\" alt=\"\" width=\"326\" height=\"155\" srcset=\"https:\/\/id126ufba.com.br\/memoria\/wp-content\/uploads\/2011\/12\/images-1.jpg 326w, https:\/\/id126ufba.com.br\/memoria\/wp-content\/uploads\/2011\/12\/images-1-300x142.jpg 300w\" sizes=\"(max-width: 326px) 100vw, 326px\" \/><\/a><p id=\"caption-attachment-5194\" class=\"wp-caption-text\">Cartaz de divulga\u00e7\u00e3o do evento.<\/p><\/div>\n<p style=\"text-align: justify;\">\u201cA ideia surgiu na minha \u00e9poca de col\u00e9gio. No v\u00edcio do anime e mang\u00e1, acabei conhecendo algumas pessoas que me apresentaram a um grupo chamado Cl\u00e3 de Otakus da Bahia (COB). Nessa \u00e9poca n\u00e3o tinha uma acessibilidade de internet muito grande. Nossas fontes de informa\u00e7\u00f5es sobre animes e mang\u00e1s eram as revistas Heroi e AnimeDO\u201d. Foi no contato com outros garotos que tamb\u00e9m curtiam animes que ele formou um clube que seria o embri\u00e3o do evento. \u201cNesse clube tive contato com muitas pessoas com quem trocava fitas VHS para assistir animes. Era praticamente um evento reunir os amigos para assistir animes na casa de conhecidos\u201d. Rikun conta que os jovens sofriam para encontrar souvenirs otakus em Salvador. \u201cN\u00f3s sonh\u00e1vamos com esses eventos que aconteciam em S\u00e3o Paulo. Aqui a gente se sentia marginalizado. Quando a gente achava alguma coisa na Avenida Sete comemorava horrores\u201d.<\/p>\n<p style=\"text-align: justify;\">Numa viagem a S\u00e3o Paulo, Rikun teve oportunidade de visitar o Animecon, evento de cultura japonesa que existe h\u00e1 15 anos. De l\u00e1 trouxe a ideia de fundar algo similar em Salvador. \u201cEscrevi o projeto e mostrei para os membros do COB, mas havia o problema principal: onde fazer o evento. N\u00f3s costum\u00e1vamos nos reunir na pra\u00e7a de alimenta\u00e7\u00e3o do Shopping Itaigara\u201d. A solu\u00e7\u00e3o veio do edif\u00edcio em que a m\u00e3e de Rikun trabalhava . \u201cNessa \u00e9poca, eu trabalhava com minha m\u00e3e e t\u00ednhamos uma sala em um predio empresarial na Avenida Tancredo Neves. Foi l\u00e1 que aluguei o audit\u00f3rio. Arranjei mais algumas cadeiras extras e criei o Anip\u00f3litan , Animes para os Soteropolitanos\u201d. O primeiro Anip\u00f3litan ocorreu em 2003 e contou com a participa\u00e7\u00e3o de um pouco mais de 70 pessoas. Na edi\u00e7\u00e3o de 2011, segundo seus organizadores, o evento, que aconteceu nos dias 15 e 16 de outubro na FTC, recebeu mais de 10.000 pessoas.<\/p>\n<p style=\"text-align: justify;\">O Anip\u00f3litan n\u00e3o \u00e9 o \u00fanico evento de cultura pop japonesa que ocorre em Salvador. Veja outros:<\/p>\n<p style=\"text-align: justify;\">Anibahia<\/p>\n<p style=\"text-align: justify;\"><a href=\"http:\/\/www.anibahia.com.br\/\">http<\/a><a href=\"http:\/\/www.anibahia.com.br\/\">:\/\/<\/a><a href=\"http:\/\/www.anibahia.com.br\/\">www<\/a><a href=\"http:\/\/www.anibahia.com.br\/\">.<\/a><a href=\"http:\/\/www.anibahia.com.br\/\">anibahia<\/a><a href=\"http:\/\/www.anibahia.com.br\/\">.<\/a><a href=\"http:\/\/www.anibahia.com.br\/\">com<\/a><a href=\"http:\/\/www.anibahia.com.br\/\">.<\/a><a href=\"http:\/\/www.anibahia.com.br\/\">br<\/a><a href=\"http:\/\/www.anibahia.com.br\/\">\/<\/a><\/p>\n<p style=\"text-align: justify;\">Bon Odori<\/p>\n<p style=\"text-align: justify;\"><a href=\"http:\/\/bonodorisalvador.com.br\/\">http<\/a><a href=\"http:\/\/bonodorisalvador.com.br\/\">:\/\/<\/a><a href=\"http:\/\/bonodorisalvador.com.br\/\">bonodorisalvador<\/a><a href=\"http:\/\/bonodorisalvador.com.br\/\">.<\/a><a href=\"http:\/\/bonodorisalvador.com.br\/\">com<\/a><a href=\"http:\/\/bonodorisalvador.com.br\/\">.<\/a><a href=\"http:\/\/bonodorisalvador.com.br\/\">br<\/a><a href=\"http:\/\/bonodorisalvador.com.br\/\">\/<\/a><\/p>\n<p style=\"text-align: justify;\">Otakup\u00e9dia<\/p>\n<p style=\"text-align: justify;\"><a href=\"http:\/\/pt.otaku.wikia.com\/wiki\/P%C3%A1gina_principal\">http<\/a><a href=\"http:\/\/pt.otaku.wikia.com\/wiki\/P%C3%A1gina_principal\">:\/\/<\/a><a href=\"http:\/\/pt.otaku.wikia.com\/wiki\/P%C3%A1gina_principal\">pt<\/a><a href=\"http:\/\/pt.otaku.wikia.com\/wiki\/P%C3%A1gina_principal\">.<\/a><a href=\"http:\/\/pt.otaku.wikia.com\/wiki\/P%C3%A1gina_principal\">otaku<\/a><a href=\"http:\/\/pt.otaku.wikia.com\/wiki\/P%C3%A1gina_principal\">.<\/a><a href=\"http:\/\/pt.otaku.wikia.com\/wiki\/P%C3%A1gina_principal\">wikia<\/a><a href=\"http:\/\/pt.otaku.wikia.com\/wiki\/P%C3%A1gina_principal\">.<\/a><a href=\"http:\/\/pt.otaku.wikia.com\/wiki\/P%C3%A1gina_principal\">com<\/a><a href=\"http:\/\/pt.otaku.wikia.com\/wiki\/P%C3%A1gina_principal\">\/<\/a><a href=\"http:\/\/pt.otaku.wikia.com\/wiki\/P%C3%A1gina_principal\">wiki<\/a><a href=\"http:\/\/pt.otaku.wikia.com\/wiki\/P%C3%A1gina_principal\">\/<\/a><a href=\"http:\/\/pt.otaku.wikia.com\/wiki\/P%C3%A1gina_principal\">P<\/a><a href=\"http:\/\/pt.otaku.wikia.com\/wiki\/P%C3%A1gina_principal\">%<\/a><a href=\"http:\/\/pt.otaku.wikia.com\/wiki\/P%C3%A1gina_principal\">C<\/a><a href=\"http:\/\/pt.otaku.wikia.com\/wiki\/P%C3%A1gina_principal\">3%<\/a><a href=\"http:\/\/pt.otaku.wikia.com\/wiki\/P%C3%A1gina_principal\">A<\/a><a href=\"http:\/\/pt.otaku.wikia.com\/wiki\/P%C3%A1gina_principal\">1<\/a><a href=\"http:\/\/pt.otaku.wikia.com\/wiki\/P%C3%A1gina_principal\">gina<\/a><a href=\"http:\/\/pt.otaku.wikia.com\/wiki\/P%C3%A1gina_principal\">_<\/a><a href=\"http:\/\/pt.otaku.wikia.com\/wiki\/P%C3%A1gina_principal\">principal<\/a><\/p>\n<p style=\"text-align: justify;\">Leia:<\/p>\n<p style=\"text-align: justify;\"><a href=\"http:\/\/impressaodigital126.ufba.br\/2011\/12\/14\/rock-made-in-japan\/\">Rock made in Japan<\/a><\/p>\n<p style=\"text-align: justify;\"><a href=\"http:\/\/impressaodigital126.ufba.br\/2011\/12\/14\/ser-otaku-e-muito-kawaii\/\">Ser otaku \u00e9 muito kawaii*!<\/a><\/p>\n","protected":false},"excerpt":{"rendered":"<p>O Anip\u00f3litan \u00e9 um um evento de cultura pop que j\u00e1 faz parte do calend\u00e1rio dos f\u00e3s de anime e mang\u00e1 de Salvador. Conhe\u00e7a agora a pessoa que possibilitou o encontro de tantos admiradores da terra do sol nascente na cidade do sol, Salvador<\/p>\n","protected":false},"author":4,"featured_media":5320,"comment_status":"open","ping_status":"open","sticky":false,"template":"","format":"standard","meta":{"_acf_changed":false,"_monsterinsights_skip_tracking":false,"_monsterinsights_sitenote_active":false,"_monsterinsights_sitenote_note":"","_monsterinsights_sitenote_category":0,"footnotes":""},"categories":[111],"tags":[640,643,641,642,631],"acf":[],"aioseo_notices":[],"yoast_head":"<!-- This site is optimized with the Yoast SEO plugin v24.5 - https:\/\/yoast.com\/wordpress\/plugins\/seo\/ -->\n<title>Da terra do sol nascente - Impressao Digital 126<\/title>\n<meta name=\"robots\" content=\"index, follow, max-snippet:-1, max-image-preview:large, max-video-preview:-1\" \/>\n<link rel=\"canonical\" href=\"https:\/\/id126ufba.com.br\/memoria\/da-terra-do-sol-nascente\/\" \/>\n<meta property=\"og:locale\" content=\"pt_BR\" \/>\n<meta property=\"og:type\" content=\"article\" \/>\n<meta property=\"og:title\" content=\"Da terra do sol nascente - Impressao Digital 126\" \/>\n<meta property=\"og:description\" content=\"O Anip\u00f3litan \u00e9 um um evento de cultura pop que j\u00e1 faz parte do calend\u00e1rio dos f\u00e3s de anime e mang\u00e1 de Salvador. Conhe\u00e7a agora a pessoa que possibilitou o encontro de tantos admiradores da terra do sol nascente na cidade do sol, Salvador\" \/>\n<meta property=\"og:url\" content=\"https:\/\/id126ufba.com.br\/memoria\/da-terra-do-sol-nascente\/\" \/>\n<meta property=\"og:site_name\" content=\"Impressao Digital 126\" \/>\n<meta property=\"article:published_time\" content=\"2011-12-16T14:34:47+00:00\" \/>\n<meta property=\"article:modified_time\" content=\"2012-04-01T23:34:28+00:00\" \/>\n<meta property=\"og:image\" content=\"https:\/\/id126ufba.com.br\/memoria\/wp-content\/uploads\/2011\/12\/anipolitandestaque.jpg\" \/>\n\t<meta property=\"og:image:width\" content=\"800\" \/>\n\t<meta property=\"og:image:height\" content=\"370\" \/>\n\t<meta property=\"og:image:type\" content=\"image\/jpeg\" \/>\n<meta name=\"twitter:card\" content=\"summary_large_image\" \/>\n<meta name=\"twitter:label1\" content=\"Escrito por\" \/>\n\t<meta name=\"twitter:data1\" content=\"\" \/>\n\t<meta name=\"twitter:label2\" content=\"Est. tempo de leitura\" \/>\n\t<meta name=\"twitter:data2\" content=\"3 minutos\" \/>\n<script type=\"application\/ld+json\" class=\"yoast-schema-graph\">{\"@context\":\"https:\/\/schema.org\",\"@graph\":[{\"@type\":\"Article\",\"@id\":\"https:\/\/id126ufba.com.br\/memoria\/da-terra-do-sol-nascente\/#article\",\"isPartOf\":{\"@id\":\"https:\/\/id126ufba.com.br\/memoria\/da-terra-do-sol-nascente\/\"},\"author\":{\"name\":\"\",\"@id\":\"\"},\"headline\":\"Da terra do sol nascente\",\"datePublished\":\"2011-12-16T14:34:47+00:00\",\"dateModified\":\"2012-04-01T23:34:28+00:00\",\"mainEntityOfPage\":{\"@id\":\"https:\/\/id126ufba.com.br\/memoria\/da-terra-do-sol-nascente\/\"},\"wordCount\":507,\"commentCount\":0,\"publisher\":{\"@id\":\"https:\/\/id126ufba.com.br\/memoria\/#organization\"},\"image\":{\"@id\":\"https:\/\/id126ufba.com.br\/memoria\/da-terra-do-sol-nascente\/#primaryimage\"},\"thumbnailUrl\":\"https:\/\/id126ufba.com.br\/memoria\/wp-content\/uploads\/2011\/12\/anipolitandestaque.jpg\",\"keywords\":[\"Cosplay\",\"Jap\u00e3o\",\"Jpop\",\"Jrock\",\"otaku\"],\"articleSection\":[\"Coordenadas\/Complementares\"],\"inLanguage\":\"pt-BR\",\"potentialAction\":[{\"@type\":\"CommentAction\",\"name\":\"Comment\",\"target\":[\"https:\/\/id126ufba.com.br\/memoria\/da-terra-do-sol-nascente\/#respond\"]}]},{\"@type\":\"WebPage\",\"@id\":\"https:\/\/id126ufba.com.br\/memoria\/da-terra-do-sol-nascente\/\",\"url\":\"https:\/\/id126ufba.com.br\/memoria\/da-terra-do-sol-nascente\/\",\"name\":\"Da terra do sol nascente - Impressao Digital 126\",\"isPartOf\":{\"@id\":\"https:\/\/id126ufba.com.br\/memoria\/#website\"},\"primaryImageOfPage\":{\"@id\":\"https:\/\/id126ufba.com.br\/memoria\/da-terra-do-sol-nascente\/#primaryimage\"},\"image\":{\"@id\":\"https:\/\/id126ufba.com.br\/memoria\/da-terra-do-sol-nascente\/#primaryimage\"},\"thumbnailUrl\":\"https:\/\/id126ufba.com.br\/memoria\/wp-content\/uploads\/2011\/12\/anipolitandestaque.jpg\",\"datePublished\":\"2011-12-16T14:34:47+00:00\",\"dateModified\":\"2012-04-01T23:34:28+00:00\",\"breadcrumb\":{\"@id\":\"https:\/\/id126ufba.com.br\/memoria\/da-terra-do-sol-nascente\/#breadcrumb\"},\"inLanguage\":\"pt-BR\",\"potentialAction\":[{\"@type\":\"ReadAction\",\"target\":[\"https:\/\/id126ufba.com.br\/memoria\/da-terra-do-sol-nascente\/\"]}]},{\"@type\":\"ImageObject\",\"inLanguage\":\"pt-BR\",\"@id\":\"https:\/\/id126ufba.com.br\/memoria\/da-terra-do-sol-nascente\/#primaryimage\",\"url\":\"https:\/\/id126ufba.com.br\/memoria\/wp-content\/uploads\/2011\/12\/anipolitandestaque.jpg\",\"contentUrl\":\"https:\/\/id126ufba.com.br\/memoria\/wp-content\/uploads\/2011\/12\/anipolitandestaque.jpg\",\"width\":\"800\",\"height\":\"370\"},{\"@type\":\"BreadcrumbList\",\"@id\":\"https:\/\/id126ufba.com.br\/memoria\/da-terra-do-sol-nascente\/#breadcrumb\",\"itemListElement\":[{\"@type\":\"ListItem\",\"position\":1,\"name\":\"In\u00edcio\",\"item\":\"https:\/\/id126ufba.com.br\/memoria\/\"},{\"@type\":\"ListItem\",\"position\":2,\"name\":\"Da terra do sol nascente\"}]},{\"@type\":\"WebSite\",\"@id\":\"https:\/\/id126ufba.com.br\/memoria\/#website\",\"url\":\"https:\/\/id126ufba.com.br\/memoria\/\",\"name\":\"Impressao Digital 126\",\"description\":\"\",\"publisher\":{\"@id\":\"https:\/\/id126ufba.com.br\/memoria\/#organization\"},\"potentialAction\":[{\"@type\":\"SearchAction\",\"target\":{\"@type\":\"EntryPoint\",\"urlTemplate\":\"https:\/\/id126ufba.com.br\/memoria\/?s={search_term_string}\"},\"query-input\":{\"@type\":\"PropertyValueSpecification\",\"valueRequired\":true,\"valueName\":\"search_term_string\"}}],\"inLanguage\":\"pt-BR\"},{\"@type\":\"Organization\",\"@id\":\"https:\/\/id126ufba.com.br\/memoria\/#organization\",\"name\":\"Impressao Digital 126\",\"url\":\"https:\/\/id126ufba.com.br\/memoria\/\",\"logo\":{\"@type\":\"ImageObject\",\"inLanguage\":\"pt-BR\",\"@id\":\"https:\/\/id126ufba.com.br\/memoria\/#\/schema\/logo\/image\/\",\"url\":\"https:\/\/id126ufba.com.br\/memoria\/wp-content\/uploads\/2024\/07\/cropped-logo_memoria-1.png\",\"contentUrl\":\"https:\/\/id126ufba.com.br\/memoria\/wp-content\/uploads\/2024\/07\/cropped-logo_memoria-1.png\",\"width\":500,\"height\":100,\"caption\":\"Impressao Digital 126\"},\"image\":{\"@id\":\"https:\/\/id126ufba.com.br\/memoria\/#\/schema\/logo\/image\/\"}},{\"@type\":\"Person\",\"@id\":\"\",\"url\":\"https:\/\/id126ufba.com.br\/memoria\/author\/\"}]}<\/script>\n<!-- \/ Yoast SEO plugin. -->","yoast_head_json":{"title":"Da terra do sol nascente - Impressao Digital 126","robots":{"index":"index","follow":"follow","max-snippet":"max-snippet:-1","max-image-preview":"max-image-preview:large","max-video-preview":"max-video-preview:-1"},"canonical":"https:\/\/id126ufba.com.br\/memoria\/da-terra-do-sol-nascente\/","og_locale":"pt_BR","og_type":"article","og_title":"Da terra do sol nascente - Impressao Digital 126","og_description":"O Anip\u00f3litan \u00e9 um um evento de cultura pop que j\u00e1 faz parte do calend\u00e1rio dos f\u00e3s de anime e mang\u00e1 de Salvador. Conhe\u00e7a agora a pessoa que possibilitou o encontro de tantos admiradores da terra do sol nascente na cidade do sol, Salvador","og_url":"https:\/\/id126ufba.com.br\/memoria\/da-terra-do-sol-nascente\/","og_site_name":"Impressao Digital 126","article_published_time":"2011-12-16T14:34:47+00:00","article_modified_time":"2012-04-01T23:34:28+00:00","og_image":[{"width":800,"height":370,"url":"https:\/\/id126ufba.com.br\/memoria\/wp-content\/uploads\/2011\/12\/anipolitandestaque.jpg","type":"image\/jpeg"}],"twitter_card":"summary_large_image","twitter_misc":{"Escrito por":"","Est. tempo de leitura":"3 minutos"},"schema":{"@context":"https:\/\/schema.org","@graph":[{"@type":"Article","@id":"https:\/\/id126ufba.com.br\/memoria\/da-terra-do-sol-nascente\/#article","isPartOf":{"@id":"https:\/\/id126ufba.com.br\/memoria\/da-terra-do-sol-nascente\/"},"author":{"name":"","@id":""},"headline":"Da terra do sol nascente","datePublished":"2011-12-16T14:34:47+00:00","dateModified":"2012-04-01T23:34:28+00:00","mainEntityOfPage":{"@id":"https:\/\/id126ufba.com.br\/memoria\/da-terra-do-sol-nascente\/"},"wordCount":507,"commentCount":0,"publisher":{"@id":"https:\/\/id126ufba.com.br\/memoria\/#organization"},"image":{"@id":"https:\/\/id126ufba.com.br\/memoria\/da-terra-do-sol-nascente\/#primaryimage"},"thumbnailUrl":"https:\/\/id126ufba.com.br\/memoria\/wp-content\/uploads\/2011\/12\/anipolitandestaque.jpg","keywords":["Cosplay","Jap\u00e3o","Jpop","Jrock","otaku"],"articleSection":["Coordenadas\/Complementares"],"inLanguage":"pt-BR","potentialAction":[{"@type":"CommentAction","name":"Comment","target":["https:\/\/id126ufba.com.br\/memoria\/da-terra-do-sol-nascente\/#respond"]}]},{"@type":"WebPage","@id":"https:\/\/id126ufba.com.br\/memoria\/da-terra-do-sol-nascente\/","url":"https:\/\/id126ufba.com.br\/memoria\/da-terra-do-sol-nascente\/","name":"Da terra do sol nascente - Impressao Digital 126","isPartOf":{"@id":"https:\/\/id126ufba.com.br\/memoria\/#website"},"primaryImageOfPage":{"@id":"https:\/\/id126ufba.com.br\/memoria\/da-terra-do-sol-nascente\/#primaryimage"},"image":{"@id":"https:\/\/id126ufba.com.br\/memoria\/da-terra-do-sol-nascente\/#primaryimage"},"thumbnailUrl":"https:\/\/id126ufba.com.br\/memoria\/wp-content\/uploads\/2011\/12\/anipolitandestaque.jpg","datePublished":"2011-12-16T14:34:47+00:00","dateModified":"2012-04-01T23:34:28+00:00","breadcrumb":{"@id":"https:\/\/id126ufba.com.br\/memoria\/da-terra-do-sol-nascente\/#breadcrumb"},"inLanguage":"pt-BR","potentialAction":[{"@type":"ReadAction","target":["https:\/\/id126ufba.com.br\/memoria\/da-terra-do-sol-nascente\/"]}]},{"@type":"ImageObject","inLanguage":"pt-BR","@id":"https:\/\/id126ufba.com.br\/memoria\/da-terra-do-sol-nascente\/#primaryimage","url":"https:\/\/id126ufba.com.br\/memoria\/wp-content\/uploads\/2011\/12\/anipolitandestaque.jpg","contentUrl":"https:\/\/id126ufba.com.br\/memoria\/wp-content\/uploads\/2011\/12\/anipolitandestaque.jpg","width":"800","height":"370"},{"@type":"BreadcrumbList","@id":"https:\/\/id126ufba.com.br\/memoria\/da-terra-do-sol-nascente\/#breadcrumb","itemListElement":[{"@type":"ListItem","position":1,"name":"In\u00edcio","item":"https:\/\/id126ufba.com.br\/memoria\/"},{"@type":"ListItem","position":2,"name":"Da terra do sol nascente"}]},{"@type":"WebSite","@id":"https:\/\/id126ufba.com.br\/memoria\/#website","url":"https:\/\/id126ufba.com.br\/memoria\/","name":"Impressao Digital 126","description":"","publisher":{"@id":"https:\/\/id126ufba.com.br\/memoria\/#organization"},"potentialAction":[{"@type":"SearchAction","target":{"@type":"EntryPoint","urlTemplate":"https:\/\/id126ufba.com.br\/memoria\/?s={search_term_string}"},"query-input":{"@type":"PropertyValueSpecification","valueRequired":true,"valueName":"search_term_string"}}],"inLanguage":"pt-BR"},{"@type":"Organization","@id":"https:\/\/id126ufba.com.br\/memoria\/#organization","name":"Impressao Digital 126","url":"https:\/\/id126ufba.com.br\/memoria\/","logo":{"@type":"ImageObject","inLanguage":"pt-BR","@id":"https:\/\/id126ufba.com.br\/memoria\/#\/schema\/logo\/image\/","url":"https:\/\/id126ufba.com.br\/memoria\/wp-content\/uploads\/2024\/07\/cropped-logo_memoria-1.png","contentUrl":"https:\/\/id126ufba.com.br\/memoria\/wp-content\/uploads\/2024\/07\/cropped-logo_memoria-1.png","width":500,"height":100,"caption":"Impressao Digital 126"},"image":{"@id":"https:\/\/id126ufba.com.br\/memoria\/#\/schema\/logo\/image\/"}},{"@type":"Person","@id":"","url":"https:\/\/id126ufba.com.br\/memoria\/author\/"}]}},"_links":{"self":[{"href":"https:\/\/id126ufba.com.br\/memoria\/wp-json\/wp\/v2\/posts\/5123"}],"collection":[{"href":"https:\/\/id126ufba.com.br\/memoria\/wp-json\/wp\/v2\/posts"}],"about":[{"href":"https:\/\/id126ufba.com.br\/memoria\/wp-json\/wp\/v2\/types\/post"}],"author":[{"embeddable":true,"href":"https:\/\/id126ufba.com.br\/memoria\/wp-json\/wp\/v2\/users\/4"}],"replies":[{"embeddable":true,"href":"https:\/\/id126ufba.com.br\/memoria\/wp-json\/wp\/v2\/comments?post=5123"}],"version-history":[{"count":0,"href":"https:\/\/id126ufba.com.br\/memoria\/wp-json\/wp\/v2\/posts\/5123\/revisions"}],"wp:featuredmedia":[{"embeddable":true,"href":"https:\/\/id126ufba.com.br\/memoria\/wp-json\/wp\/v2\/media\/5320"}],"wp:attachment":[{"href":"https:\/\/id126ufba.com.br\/memoria\/wp-json\/wp\/v2\/media?parent=5123"}],"wp:term":[{"taxonomy":"category","embeddable":true,"href":"https:\/\/id126ufba.com.br\/memoria\/wp-json\/wp\/v2\/categories?post=5123"},{"taxonomy":"post_tag","embeddable":true,"href":"https:\/\/id126ufba.com.br\/memoria\/wp-json\/wp\/v2\/tags?post=5123"}],"curies":[{"name":"wp","href":"https:\/\/api.w.org\/{rel}","templated":true}]}}