{"id":5125,"date":"2011-12-14T14:28:38","date_gmt":"2011-12-14T14:28:38","guid":{"rendered":"http:\/\/impressaodigital126.ufba.br\/?p=5125"},"modified":"2012-04-02T01:46:43","modified_gmt":"2012-04-02T01:46:43","slug":"rock-made-in-japan","status":"publish","type":"post","link":"https:\/\/id126ufba.com.br\/memoria\/rock-made-in-japan\/","title":{"rendered":"Rock made in Japan"},"content":{"rendered":"<p style=\"text-align: justify;\"><em>Impress\u00f5es de uma vocalista de JRock<\/em><\/p>\n<p style=\"text-align: justify;\">Por Edely Gomes e Marina Teixeira<\/p>\n<p style=\"text-align: justify;\">Guitarra, baixo, teclado, bateria, microfone e um dicion\u00e1rio de japon\u00eas. Estes s\u00e3o os equipamentos das bandas de japanese rock, g\u00eanero que caracteriza grupos musicas que cantam o rock produzido na terra do sol nascente. Pouco conhecidas do grande p\u00fablico, essas bandas que trazem o som produzido no outro lado do mundo fazem a cabe\u00e7a de adolescentes, jovens e adultos da cidade do sol, Salvador. Presentes em festivais de cultura japonesa, eventos de cultura pop e at\u00e9 mesmo em shows de rock convencionais, as bandas de J-Rock em Salvador t\u00eam uma caracter\u00edstica em especial: tamb\u00e9m tocam temas de s\u00e9ries, filmes, games e desenhos animados japoneses, os animes.<\/p>\n<div id=\"attachment_5182\" style=\"width: 224px\" class=\"wp-caption aligncenter\"><a href=\"http:\/\/impressaodigital126.ufba.br\/wp-content\/uploads\/2011\/12\/IMG_6084.jpg\"><img loading=\"lazy\" decoding=\"async\" aria-describedby=\"caption-attachment-5182\" class=\"size-full wp-image-5182  \" title=\"IMG_6084\" src=\"http:\/\/impressaodigital126.ufba.br\/wp-content\/uploads\/2011\/12\/IMG_6084.jpg\" alt=\"\" width=\"214\" height=\"265\" srcset=\"https:\/\/id126ufba.com.br\/memoria\/wp-content\/uploads\/2011\/12\/IMG_6084.jpg 305w, https:\/\/id126ufba.com.br\/memoria\/wp-content\/uploads\/2011\/12\/IMG_6084-241x300.jpg 241w\" sizes=\"(max-width: 214px) 100vw, 214px\" \/><\/a><p id=\"caption-attachment-5182\" class=\"wp-caption-text\">Divulga\u00e7\u00e3o.<\/p><\/div>\n<p style=\"text-align: justify;\">Os f\u00e3s de produtos da cultura oriental costumam ser chamados de Otakus, mas n\u00e3o \u00e9 bem assim que Ana Carolina, 23 anos, se define: \u201cEu sou f\u00e3 de tantas coisas que me considero um pouco \u2018nerd\u2019. Sou viciada em <em>Harry Potter<\/em>, seriados, games&#8230;\u201d Ana Carolina divide seu tempo entre a faculdade de Direito e o grupo que formou em Salvador, a Banda Set7e. Para os f\u00e3s, ela se chama Karol Funny. Os m\u00fasicos se reuniram por uma necessidade. \u201cFui a um evento em 2008 e vi uma banda de J-Rock. Nunca tinha ido a um evento desse tipo e me perguntei por que as bandas n\u00e3o tocavam cl\u00e1ssicos. Perguntei isso numa comunidade e a resposta foi : \u2018Se n\u00e3o gosta, toque voc\u00ea\u2019. Ao ler isso, comentei o ocorrido num chat e perguntei se algu\u00e9m queria formar uma banda pra tocar o que o p\u00fablico quer ouvir, um amigo meu baixista se animou e ai come\u00e7ou a Set7e\u201d. Para ela, cl\u00e1ssicos seriam os animes exibidos na extinta Rede Manchete, como Cavaleiros do Zod\u00edaco, Sailor Moon e Yu Yu Hakush\u00f4.<\/p>\n<p style=\"text-align: justify;\">Tocar em bandas assim tem as suas diferen\u00e7as em grupos de estilo mais \u201cconvencional\u201d, o que de certa forma, pode at\u00e9 ser divertido. \u201cVoc\u00ea n\u00e3o v\u00ea <em>cosplay<\/em> em um show de rock, ou pessoas com plaquinhas com frases engra\u00e7adas&#8230;\u201d. A fidelidade dos f\u00e3s tamb\u00e9m chama a aten\u00e7\u00e3o. \u201cA cada evento, mais pessoas aparecem, mas tem aqueles que sempre vemos nos eventos, esses s\u00e3o os meus favoritos. Alguns t\u00eam fotos da maioria dos shows, acho isso incr\u00edvel!\u201d diz Karol.<\/p>\n<p style=\"text-align: justify;\">Como boa parte dos m\u00fasicos de J-Rock em Salvador, Karol divide a aten\u00e7\u00e3o entre a banda, os estudos e o est\u00e1gio. \u201cAinda n\u00e3o somos profissionais, at\u00e9 por que o que ganhamos com a banda n\u00e3o paga nem os ensaios direito, mas gostamos do que fazemos e queremos ir em frente. Normalmente, os ensaios duram tr\u00eas horas e \u00e9 feito ou no s\u00e1bado ou domingo. Mas, durante a semana, \u00e0s vezes, tem reuni\u00f5es via msn e gtalk\u201d. O tempo gasto com o projeto d\u00e1 a dimens\u00e3o da import\u00e2ncia da banda para ela. \u201c\u00c9 um peda\u00e7o da minha vida. Hoje n\u00e3o sei se viveria sem\u201d.<\/p>\n<p style=\"text-align: justify;\"><a href=\"http:\/\/www.bandaset7e.com\/\">Acesse o site da banda<\/a><\/p>\n<p style=\"text-align: justify;\">Leia mais:<\/p>\n<p style=\"text-align: justify;\"><a href=\" http:\/\/impressaodigital126.ufba.br\/2011\/12\/16\/da-terra-do-sol-nascente\/\">Da terra do sol nascente<\/a><\/p>\n<p style=\"text-align: justify;\"><a href=\"http:\/\/impressaodigital126.ufba.br\/2011\/12\/14\/ser-otaku-e-muito-kawaii\/\">Ser otaku \u00e9 muito kawaii*!<\/a><\/p>\n<p>&nbsp;<\/p>\n<p>&nbsp;<\/p>\n","protected":false},"excerpt":{"rendered":"<p>Tocar em uma banda de rock pode n\u00e3o ser f\u00e1cil em Salvador, imagine numa de JRock, o rock do Jap\u00e3o. Essa \u00e9 a hist\u00f3ria de Ana Carolina, vocalista da Banda Se7te, um grupo que mistura m\u00fasica com animes <\/p>\n","protected":false},"author":4,"featured_media":5301,"comment_status":"open","ping_status":"open","sticky":false,"template":"","format":"standard","meta":{"_acf_changed":false,"_monsterinsights_skip_tracking":false,"_monsterinsights_sitenote_active":false,"_monsterinsights_sitenote_note":"","_monsterinsights_sitenote_category":0,"footnotes":""},"categories":[111],"tags":[644,640,643,641,642,631],"acf":[],"aioseo_notices":[],"yoast_head":"<!-- This site is optimized with the Yoast SEO plugin v24.5 - https:\/\/yoast.com\/wordpress\/plugins\/seo\/ -->\n<title>Rock made in Japan - Impressao Digital 126<\/title>\n<meta name=\"robots\" content=\"index, follow, max-snippet:-1, max-image-preview:large, max-video-preview:-1\" \/>\n<link rel=\"canonical\" href=\"https:\/\/id126ufba.com.br\/memoria\/rock-made-in-japan\/\" \/>\n<meta property=\"og:locale\" content=\"pt_BR\" \/>\n<meta property=\"og:type\" content=\"article\" \/>\n<meta property=\"og:title\" content=\"Rock made in Japan - Impressao Digital 126\" \/>\n<meta property=\"og:description\" content=\"Tocar em uma banda de rock pode n\u00e3o ser f\u00e1cil em Salvador, imagine numa de JRock, o rock do Jap\u00e3o. Essa \u00e9 a hist\u00f3ria de Ana Carolina, vocalista da Banda Se7te, um grupo que mistura m\u00fasica com animes\" \/>\n<meta property=\"og:url\" content=\"https:\/\/id126ufba.com.br\/memoria\/rock-made-in-japan\/\" \/>\n<meta property=\"og:site_name\" content=\"Impressao Digital 126\" \/>\n<meta property=\"article:published_time\" content=\"2011-12-14T14:28:38+00:00\" \/>\n<meta property=\"article:modified_time\" content=\"2012-04-02T01:46:43+00:00\" \/>\n<meta property=\"og:image\" content=\"https:\/\/id126ufba.com.br\/memoria\/wp-content\/uploads\/2011\/12\/rockmadeinjapan.jpg\" \/>\n\t<meta property=\"og:image:width\" content=\"800\" \/>\n\t<meta property=\"og:image:height\" content=\"482\" \/>\n\t<meta property=\"og:image:type\" content=\"image\/jpeg\" \/>\n<meta name=\"twitter:card\" content=\"summary_large_image\" \/>\n<meta name=\"twitter:label1\" content=\"Escrito por\" \/>\n\t<meta name=\"twitter:data1\" content=\"\" \/>\n\t<meta name=\"twitter:label2\" content=\"Est. tempo de leitura\" \/>\n\t<meta name=\"twitter:data2\" content=\"3 minutos\" \/>\n<script type=\"application\/ld+json\" class=\"yoast-schema-graph\">{\"@context\":\"https:\/\/schema.org\",\"@graph\":[{\"@type\":\"Article\",\"@id\":\"https:\/\/id126ufba.com.br\/memoria\/rock-made-in-japan\/#article\",\"isPartOf\":{\"@id\":\"https:\/\/id126ufba.com.br\/memoria\/rock-made-in-japan\/\"},\"author\":{\"name\":\"\",\"@id\":\"\"},\"headline\":\"Rock made in Japan\",\"datePublished\":\"2011-12-14T14:28:38+00:00\",\"dateModified\":\"2012-04-02T01:46:43+00:00\",\"mainEntityOfPage\":{\"@id\":\"https:\/\/id126ufba.com.br\/memoria\/rock-made-in-japan\/\"},\"wordCount\":549,\"commentCount\":0,\"publisher\":{\"@id\":\"https:\/\/id126ufba.com.br\/memoria\/#organization\"},\"image\":{\"@id\":\"https:\/\/id126ufba.com.br\/memoria\/rock-made-in-japan\/#primaryimage\"},\"thumbnailUrl\":\"https:\/\/id126ufba.com.br\/memoria\/wp-content\/uploads\/2011\/12\/rockmadeinjapan.jpg\",\"keywords\":[\"banda set7e\",\"Cosplay\",\"Jap\u00e3o\",\"Jpop\",\"Jrock\",\"otaku\"],\"articleSection\":[\"Coordenadas\/Complementares\"],\"inLanguage\":\"pt-BR\",\"potentialAction\":[{\"@type\":\"CommentAction\",\"name\":\"Comment\",\"target\":[\"https:\/\/id126ufba.com.br\/memoria\/rock-made-in-japan\/#respond\"]}]},{\"@type\":\"WebPage\",\"@id\":\"https:\/\/id126ufba.com.br\/memoria\/rock-made-in-japan\/\",\"url\":\"https:\/\/id126ufba.com.br\/memoria\/rock-made-in-japan\/\",\"name\":\"Rock made in Japan - Impressao Digital 126\",\"isPartOf\":{\"@id\":\"https:\/\/id126ufba.com.br\/memoria\/#website\"},\"primaryImageOfPage\":{\"@id\":\"https:\/\/id126ufba.com.br\/memoria\/rock-made-in-japan\/#primaryimage\"},\"image\":{\"@id\":\"https:\/\/id126ufba.com.br\/memoria\/rock-made-in-japan\/#primaryimage\"},\"thumbnailUrl\":\"https:\/\/id126ufba.com.br\/memoria\/wp-content\/uploads\/2011\/12\/rockmadeinjapan.jpg\",\"datePublished\":\"2011-12-14T14:28:38+00:00\",\"dateModified\":\"2012-04-02T01:46:43+00:00\",\"breadcrumb\":{\"@id\":\"https:\/\/id126ufba.com.br\/memoria\/rock-made-in-japan\/#breadcrumb\"},\"inLanguage\":\"pt-BR\",\"potentialAction\":[{\"@type\":\"ReadAction\",\"target\":[\"https:\/\/id126ufba.com.br\/memoria\/rock-made-in-japan\/\"]}]},{\"@type\":\"ImageObject\",\"inLanguage\":\"pt-BR\",\"@id\":\"https:\/\/id126ufba.com.br\/memoria\/rock-made-in-japan\/#primaryimage\",\"url\":\"https:\/\/id126ufba.com.br\/memoria\/wp-content\/uploads\/2011\/12\/rockmadeinjapan.jpg\",\"contentUrl\":\"https:\/\/id126ufba.com.br\/memoria\/wp-content\/uploads\/2011\/12\/rockmadeinjapan.jpg\",\"width\":\"800\",\"height\":\"482\"},{\"@type\":\"BreadcrumbList\",\"@id\":\"https:\/\/id126ufba.com.br\/memoria\/rock-made-in-japan\/#breadcrumb\",\"itemListElement\":[{\"@type\":\"ListItem\",\"position\":1,\"name\":\"In\u00edcio\",\"item\":\"https:\/\/id126ufba.com.br\/memoria\/\"},{\"@type\":\"ListItem\",\"position\":2,\"name\":\"Rock made in Japan\"}]},{\"@type\":\"WebSite\",\"@id\":\"https:\/\/id126ufba.com.br\/memoria\/#website\",\"url\":\"https:\/\/id126ufba.com.br\/memoria\/\",\"name\":\"Impressao Digital 126\",\"description\":\"\",\"publisher\":{\"@id\":\"https:\/\/id126ufba.com.br\/memoria\/#organization\"},\"potentialAction\":[{\"@type\":\"SearchAction\",\"target\":{\"@type\":\"EntryPoint\",\"urlTemplate\":\"https:\/\/id126ufba.com.br\/memoria\/?s={search_term_string}\"},\"query-input\":{\"@type\":\"PropertyValueSpecification\",\"valueRequired\":true,\"valueName\":\"search_term_string\"}}],\"inLanguage\":\"pt-BR\"},{\"@type\":\"Organization\",\"@id\":\"https:\/\/id126ufba.com.br\/memoria\/#organization\",\"name\":\"Impressao Digital 126\",\"url\":\"https:\/\/id126ufba.com.br\/memoria\/\",\"logo\":{\"@type\":\"ImageObject\",\"inLanguage\":\"pt-BR\",\"@id\":\"https:\/\/id126ufba.com.br\/memoria\/#\/schema\/logo\/image\/\",\"url\":\"https:\/\/id126ufba.com.br\/memoria\/wp-content\/uploads\/2024\/07\/cropped-logo_memoria-1.png\",\"contentUrl\":\"https:\/\/id126ufba.com.br\/memoria\/wp-content\/uploads\/2024\/07\/cropped-logo_memoria-1.png\",\"width\":500,\"height\":100,\"caption\":\"Impressao Digital 126\"},\"image\":{\"@id\":\"https:\/\/id126ufba.com.br\/memoria\/#\/schema\/logo\/image\/\"}},{\"@type\":\"Person\",\"@id\":\"\",\"url\":\"https:\/\/id126ufba.com.br\/memoria\/author\/\"}]}<\/script>\n<!-- \/ Yoast SEO plugin. -->","yoast_head_json":{"title":"Rock made in Japan - Impressao Digital 126","robots":{"index":"index","follow":"follow","max-snippet":"max-snippet:-1","max-image-preview":"max-image-preview:large","max-video-preview":"max-video-preview:-1"},"canonical":"https:\/\/id126ufba.com.br\/memoria\/rock-made-in-japan\/","og_locale":"pt_BR","og_type":"article","og_title":"Rock made in Japan - Impressao Digital 126","og_description":"Tocar em uma banda de rock pode n\u00e3o ser f\u00e1cil em Salvador, imagine numa de JRock, o rock do Jap\u00e3o. Essa \u00e9 a hist\u00f3ria de Ana Carolina, vocalista da Banda Se7te, um grupo que mistura m\u00fasica com animes","og_url":"https:\/\/id126ufba.com.br\/memoria\/rock-made-in-japan\/","og_site_name":"Impressao Digital 126","article_published_time":"2011-12-14T14:28:38+00:00","article_modified_time":"2012-04-02T01:46:43+00:00","og_image":[{"width":800,"height":482,"url":"https:\/\/id126ufba.com.br\/memoria\/wp-content\/uploads\/2011\/12\/rockmadeinjapan.jpg","type":"image\/jpeg"}],"twitter_card":"summary_large_image","twitter_misc":{"Escrito por":"","Est. tempo de leitura":"3 minutos"},"schema":{"@context":"https:\/\/schema.org","@graph":[{"@type":"Article","@id":"https:\/\/id126ufba.com.br\/memoria\/rock-made-in-japan\/#article","isPartOf":{"@id":"https:\/\/id126ufba.com.br\/memoria\/rock-made-in-japan\/"},"author":{"name":"","@id":""},"headline":"Rock made in Japan","datePublished":"2011-12-14T14:28:38+00:00","dateModified":"2012-04-02T01:46:43+00:00","mainEntityOfPage":{"@id":"https:\/\/id126ufba.com.br\/memoria\/rock-made-in-japan\/"},"wordCount":549,"commentCount":0,"publisher":{"@id":"https:\/\/id126ufba.com.br\/memoria\/#organization"},"image":{"@id":"https:\/\/id126ufba.com.br\/memoria\/rock-made-in-japan\/#primaryimage"},"thumbnailUrl":"https:\/\/id126ufba.com.br\/memoria\/wp-content\/uploads\/2011\/12\/rockmadeinjapan.jpg","keywords":["banda set7e","Cosplay","Jap\u00e3o","Jpop","Jrock","otaku"],"articleSection":["Coordenadas\/Complementares"],"inLanguage":"pt-BR","potentialAction":[{"@type":"CommentAction","name":"Comment","target":["https:\/\/id126ufba.com.br\/memoria\/rock-made-in-japan\/#respond"]}]},{"@type":"WebPage","@id":"https:\/\/id126ufba.com.br\/memoria\/rock-made-in-japan\/","url":"https:\/\/id126ufba.com.br\/memoria\/rock-made-in-japan\/","name":"Rock made in Japan - Impressao Digital 126","isPartOf":{"@id":"https:\/\/id126ufba.com.br\/memoria\/#website"},"primaryImageOfPage":{"@id":"https:\/\/id126ufba.com.br\/memoria\/rock-made-in-japan\/#primaryimage"},"image":{"@id":"https:\/\/id126ufba.com.br\/memoria\/rock-made-in-japan\/#primaryimage"},"thumbnailUrl":"https:\/\/id126ufba.com.br\/memoria\/wp-content\/uploads\/2011\/12\/rockmadeinjapan.jpg","datePublished":"2011-12-14T14:28:38+00:00","dateModified":"2012-04-02T01:46:43+00:00","breadcrumb":{"@id":"https:\/\/id126ufba.com.br\/memoria\/rock-made-in-japan\/#breadcrumb"},"inLanguage":"pt-BR","potentialAction":[{"@type":"ReadAction","target":["https:\/\/id126ufba.com.br\/memoria\/rock-made-in-japan\/"]}]},{"@type":"ImageObject","inLanguage":"pt-BR","@id":"https:\/\/id126ufba.com.br\/memoria\/rock-made-in-japan\/#primaryimage","url":"https:\/\/id126ufba.com.br\/memoria\/wp-content\/uploads\/2011\/12\/rockmadeinjapan.jpg","contentUrl":"https:\/\/id126ufba.com.br\/memoria\/wp-content\/uploads\/2011\/12\/rockmadeinjapan.jpg","width":"800","height":"482"},{"@type":"BreadcrumbList","@id":"https:\/\/id126ufba.com.br\/memoria\/rock-made-in-japan\/#breadcrumb","itemListElement":[{"@type":"ListItem","position":1,"name":"In\u00edcio","item":"https:\/\/id126ufba.com.br\/memoria\/"},{"@type":"ListItem","position":2,"name":"Rock made in Japan"}]},{"@type":"WebSite","@id":"https:\/\/id126ufba.com.br\/memoria\/#website","url":"https:\/\/id126ufba.com.br\/memoria\/","name":"Impressao Digital 126","description":"","publisher":{"@id":"https:\/\/id126ufba.com.br\/memoria\/#organization"},"potentialAction":[{"@type":"SearchAction","target":{"@type":"EntryPoint","urlTemplate":"https:\/\/id126ufba.com.br\/memoria\/?s={search_term_string}"},"query-input":{"@type":"PropertyValueSpecification","valueRequired":true,"valueName":"search_term_string"}}],"inLanguage":"pt-BR"},{"@type":"Organization","@id":"https:\/\/id126ufba.com.br\/memoria\/#organization","name":"Impressao Digital 126","url":"https:\/\/id126ufba.com.br\/memoria\/","logo":{"@type":"ImageObject","inLanguage":"pt-BR","@id":"https:\/\/id126ufba.com.br\/memoria\/#\/schema\/logo\/image\/","url":"https:\/\/id126ufba.com.br\/memoria\/wp-content\/uploads\/2024\/07\/cropped-logo_memoria-1.png","contentUrl":"https:\/\/id126ufba.com.br\/memoria\/wp-content\/uploads\/2024\/07\/cropped-logo_memoria-1.png","width":500,"height":100,"caption":"Impressao Digital 126"},"image":{"@id":"https:\/\/id126ufba.com.br\/memoria\/#\/schema\/logo\/image\/"}},{"@type":"Person","@id":"","url":"https:\/\/id126ufba.com.br\/memoria\/author\/"}]}},"_links":{"self":[{"href":"https:\/\/id126ufba.com.br\/memoria\/wp-json\/wp\/v2\/posts\/5125"}],"collection":[{"href":"https:\/\/id126ufba.com.br\/memoria\/wp-json\/wp\/v2\/posts"}],"about":[{"href":"https:\/\/id126ufba.com.br\/memoria\/wp-json\/wp\/v2\/types\/post"}],"author":[{"embeddable":true,"href":"https:\/\/id126ufba.com.br\/memoria\/wp-json\/wp\/v2\/users\/4"}],"replies":[{"embeddable":true,"href":"https:\/\/id126ufba.com.br\/memoria\/wp-json\/wp\/v2\/comments?post=5125"}],"version-history":[{"count":0,"href":"https:\/\/id126ufba.com.br\/memoria\/wp-json\/wp\/v2\/posts\/5125\/revisions"}],"wp:featuredmedia":[{"embeddable":true,"href":"https:\/\/id126ufba.com.br\/memoria\/wp-json\/wp\/v2\/media\/5301"}],"wp:attachment":[{"href":"https:\/\/id126ufba.com.br\/memoria\/wp-json\/wp\/v2\/media?parent=5125"}],"wp:term":[{"taxonomy":"category","embeddable":true,"href":"https:\/\/id126ufba.com.br\/memoria\/wp-json\/wp\/v2\/categories?post=5125"},{"taxonomy":"post_tag","embeddable":true,"href":"https:\/\/id126ufba.com.br\/memoria\/wp-json\/wp\/v2\/tags?post=5125"}],"curies":[{"name":"wp","href":"https:\/\/api.w.org\/{rel}","templated":true}]}}