{"id":657,"date":"2011-06-11T21:18:32","date_gmt":"2011-06-11T21:18:32","guid":{"rendered":"http:\/\/impressaodigital126.ufba.br\/?p=657"},"modified":"2011-07-04T12:33:09","modified_gmt":"2011-07-04T12:33:09","slug":"o-reconcavo-e-o-reggae-baiano","status":"publish","type":"post","link":"https:\/\/id126ufba.com.br\/memoria\/o-reconcavo-e-o-reggae-baiano\/","title":{"rendered":"O rec\u00f4ncavo e o reggae baiano"},"content":{"rendered":"<p style=\"text-align: justify;\"><em>Cachoeira e S\u00e3o F\u00e9lix, ra\u00edzes d<\/em><em>o reggae \u201croots\u201d feito na Bahia<\/em><a href=\"http:\/\/impressaodigital126.ufba.br\/wp-content\/uploads\/2011\/06\/edson-gomes.jpg\"><img loading=\"lazy\" decoding=\"async\" class=\"alignright size-full wp-image-659\" title=\"Edson Gomes\" src=\"http:\/\/impressaodigital126.ufba.br\/wp-content\/uploads\/2011\/06\/edson-gomes.jpg\" alt=\"Foto comemorativa dos 51 anos de Edson Gomes no Surforeggae\" width=\"246\" height=\"162\" \/><\/a><\/p>\n<p style=\"text-align: justify;\">Por Albano Moura<\/p>\n<p style=\"text-align: justify;\">As cidades vizinhas de Cachoeira e S\u00e3o F\u00e9lix, na regi\u00e3o do Rec\u00f4ncavo Baiano, s\u00e3o conhecidas pelos artistas de reggae que revelam, tais como Edson Gomes, Sine Calmon, Nengo Vieira, Tin Tin Gomes e Geraldo Cristal. Desses artistas, o que mais se apresenta nos grandes eventos de reggae em Salvador \u00e9 Edson Gomes.<\/p>\n<p style=\"text-align: justify;\">O artista sempre enfrentou dificuldades financeiras, o que o for\u00e7ou a largar os estudos e dedicar-se ao trabalho em constru\u00e7\u00f5es na cidade de S\u00e3o Paulo, no in\u00edcio da d\u00e9cada de 80. Apesar de lan\u00e7ar um pequeno compacto na \u00e9poca, \u00e9 somente em 1988 que Edson Gomes grava seu primeiro \u00e1lbum, \u201cReggae e Resist\u00eancia\u201d, lan\u00e7ado pela EMI. Nos anos 90, fez grande sucesso no Nordeste e tocou nas r\u00e1dios do Brasil inteiro, recebendo algum reconhecimento pelos seus hits, como \u201cSamarina\u201d; \u201cCamel\u00f4\u201d; \u201cPerdido de Amor\u201d e \u201cCampo de Batalha\u201d. A parceria com a EMI durou at\u00e9 1999, quando a gravadora lan\u00e7ou uma colet\u00e2nea dos grandes sucessos de Edson Gomes, intitulada \u201cMeus momentos\u201d.<\/p>\n<p style=\"text-align: justify;\">A m\u00fasica de protesto e o que se chamaria de \u201creggae engajado\u201d s\u00e3o as grandes caracter\u00edsticas do artista baiano, influenciado principalmente pelo reggae jamaicano e tendo como mentores prim<a href=\"http:\/\/impressaodigital126.ufba.br\/wp-content\/uploads\/2011\/06\/OSREMANESCENTES.jpg\"><img loading=\"lazy\" decoding=\"async\" class=\"alignright size-medium wp-image-658\" title=\"Os Remanescentes\" src=\"http:\/\/impressaodigital126.ufba.br\/wp-content\/uploads\/2011\/06\/OSREMANESCENTES-215x300.jpg\" alt=\"\" width=\"199\" height=\"277\" srcset=\"https:\/\/id126ufba.com.br\/memoria\/wp-content\/uploads\/2011\/06\/OSREMANESCENTES-215x300.jpg 215w, https:\/\/id126ufba.com.br\/memoria\/wp-content\/uploads\/2011\/06\/OSREMANESCENTES.jpg 246w\" sizes=\"(max-width: 199px) 100vw, 199px\" \/><\/a>\u00e1rios Bob Marley e Jimmy Cliff. O outro grupo de Cachoeira que tornou-se conhecido foi a banda \u201cOs Remanescentes\u201d, formada durante os anos 80 por Nengo Vieira, Sine Calmon, Tin tin Gomes e Marco Oliveira. A banda gravou apenas um \u00e1lbum, em 1994, pela gravadora baiana WR, que permanece in\u00e9dito no meio musical.<\/p>\n<p style=\"text-align: justify;\">Ap\u00f3s a dissolu\u00e7\u00e3o da banda, todos os artistas seguiram produzindo m\u00fasicas pr\u00f3prias e formando outros grupos, e \u00e9 nesse contexto que surge a banda Morr\u00e3o Fumegante, fundada por Sine Calmon em 1995, que fez sucesso na cidade com a m\u00fasica \u201cNiyabinghi Blues\u201d, tendo sido a mais tocada em Salvador no ver\u00e3o de 1998. O estilo de reggae jamaicano permanecia, e as letras de protesto tamb\u00e9m. O grupo \u201cOs Remanescentes\u201d foi um marco do g\u00eanero feito na Bahia, e todos os seus artistas seguiram suas carreiras e continuam tocando reggae baiano de qualidade em Salvador e no Brasil, muitos tendo feito regrava\u00e7\u00f5es das m\u00fasicas produzidas durante o per\u00edodo do \u201cRemanescentes\u201d, que mant\u00e9m o reggae do Rec\u00f4ncavo ativo.<\/p>\n<p style=\"text-align: justify;\">Fonte: <a href=\"http:\/\/reggaebrasilhistoria.blogspot.com\/2009\/06\/remanescentes.html\">http:\/\/reggaebrasilhistoria.blogspot.com\/2009\/06\/remanescentes.html<\/a><\/p>\n<p>&nbsp;<\/p>\n<p><strong>Continue lendo:<\/strong><\/p>\n<p><a title=\"O internauta do reggae\" href=\"http:\/\/impressaodigital126.ufba.br\/2011\/06\/13\/o-internauta-do-reggae\/\">O internauta do reggae &#8211; Entrevista a Rafael Costa<\/a><\/p>\n<p><a title=\"O internauta do reggae\" href=\"http:\/\/impressaodigital126.ufba.br\/2011\/06\/13\/o-internauta-do-reggae\/\"><\/a><a title=\"Reggae de Salvador\" href=\"http:\/\/impressaodigital126.ufba.br\/2011\/06\/13\/reggae-de-salvador\/\">Reggae de Salvador<\/a><\/p>\n<p><a title=\"Reggae de Salvador\" href=\"http:\/\/impressaodigital126.ufba.br\/2011\/06\/13\/reggae-de-salvador\/\"><\/a><a title=\"O atual cen\u00e1rio independente do reggae soteropolitano\" href=\"http:\/\/impressaodigital126.ufba.br\/2011\/06\/13\/o-atual-cenario-independente-do-reggae-soteropolitano\/\">O atual cen\u00e1rio independente do reggae soteropolitano<\/a><\/p>\n<p><a title=\"O atual cen\u00e1rio independente do reggae soteropolitano\" href=\"http:\/\/impressaodigital126.ufba.br\/2011\/06\/13\/o-atual-cenario-independente-do-reggae-soteropolitano\/\"><\/a><a title=\"\u201cCanta Bahia reggae now!\u201d\" href=\"http:\/\/impressaodigital126.ufba.br\/2011\/06\/13\/%e2%80%9ccanta-bahia-reggae-now%e2%80%9d\/\">Canta Bahia reggae now!<\/a><\/p>\n","protected":false},"excerpt":{"rendered":"<p>Cachoeira e S\u00e3o F\u00e9lix, ra\u00edzes do reggae \u201croots\u201d feito na Bahia Por Albano Moura As cidades vizinhas de Cachoeira e S\u00e3o F\u00e9lix, na regi\u00e3o do Rec\u00f4ncavo Baiano, s\u00e3o conhecidas pelos artistas de reggae que revelam, tais como Edson Gomes, Sine Calmon, Nengo Vieira, Tin Tin Gomes e Geraldo Cristal. Desses artistas, o que mais se [&hellip;]<\/p>\n","protected":false},"author":2,"featured_media":0,"comment_status":"open","ping_status":"open","sticky":false,"template":"","format":"standard","meta":{"_acf_changed":false,"_monsterinsights_skip_tracking":false,"_monsterinsights_sitenote_active":false,"_monsterinsights_sitenote_note":"","_monsterinsights_sitenote_category":0,"footnotes":""},"categories":[111],"tags":[114,117,115,112,116,113,118],"acf":[],"aioseo_notices":[],"yoast_head":"<!-- This site is optimized with the Yoast SEO plugin v24.5 - https:\/\/yoast.com\/wordpress\/plugins\/seo\/ -->\n<title>O rec\u00f4ncavo e o reggae baiano - Impressao Digital 126<\/title>\n<meta name=\"robots\" content=\"index, follow, max-snippet:-1, max-image-preview:large, max-video-preview:-1\" \/>\n<link rel=\"canonical\" href=\"https:\/\/id126ufba.com.br\/memoria\/o-reconcavo-e-o-reggae-baiano\/\" \/>\n<meta property=\"og:locale\" content=\"pt_BR\" \/>\n<meta property=\"og:type\" content=\"article\" \/>\n<meta property=\"og:title\" content=\"O rec\u00f4ncavo e o reggae baiano - Impressao Digital 126\" \/>\n<meta property=\"og:description\" content=\"Cachoeira e S\u00e3o F\u00e9lix, ra\u00edzes do reggae \u201croots\u201d feito na Bahia Por Albano Moura As cidades vizinhas de Cachoeira e S\u00e3o F\u00e9lix, na regi\u00e3o do Rec\u00f4ncavo Baiano, s\u00e3o conhecidas pelos artistas de reggae que revelam, tais como Edson Gomes, Sine Calmon, Nengo Vieira, Tin Tin Gomes e Geraldo Cristal. Desses artistas, o que mais se [&hellip;]\" \/>\n<meta property=\"og:url\" content=\"https:\/\/id126ufba.com.br\/memoria\/o-reconcavo-e-o-reggae-baiano\/\" \/>\n<meta property=\"og:site_name\" content=\"Impressao Digital 126\" \/>\n<meta property=\"article:published_time\" content=\"2011-06-11T21:18:32+00:00\" \/>\n<meta property=\"article:modified_time\" content=\"2011-07-04T12:33:09+00:00\" \/>\n<meta property=\"og:image\" content=\"http:\/\/impressaodigital126.ufba.br\/wp-content\/uploads\/2011\/06\/edson-gomes.jpg\" \/>\n<meta name=\"author\" content=\"Editor\" \/>\n<meta name=\"twitter:card\" content=\"summary_large_image\" \/>\n<meta name=\"twitter:label1\" content=\"Escrito por\" \/>\n\t<meta name=\"twitter:data1\" content=\"Editor\" \/>\n\t<meta name=\"twitter:label2\" content=\"Est. tempo de leitura\" \/>\n\t<meta name=\"twitter:data2\" content=\"2 minutos\" \/>\n<script type=\"application\/ld+json\" class=\"yoast-schema-graph\">{\"@context\":\"https:\/\/schema.org\",\"@graph\":[{\"@type\":\"Article\",\"@id\":\"https:\/\/id126ufba.com.br\/memoria\/o-reconcavo-e-o-reggae-baiano\/#article\",\"isPartOf\":{\"@id\":\"https:\/\/id126ufba.com.br\/memoria\/o-reconcavo-e-o-reggae-baiano\/\"},\"author\":{\"name\":\"Editor\",\"@id\":\"https:\/\/id126ufba.com.br\/memoria\/#\/schema\/person\/4f42ebfe385625f80efb1e423b1971ee\"},\"headline\":\"O rec\u00f4ncavo e o reggae baiano\",\"datePublished\":\"2011-06-11T21:18:32+00:00\",\"dateModified\":\"2011-07-04T12:33:09+00:00\",\"mainEntityOfPage\":{\"@id\":\"https:\/\/id126ufba.com.br\/memoria\/o-reconcavo-e-o-reggae-baiano\/\"},\"wordCount\":442,\"commentCount\":0,\"publisher\":{\"@id\":\"https:\/\/id126ufba.com.br\/memoria\/#organization\"},\"image\":{\"@id\":\"https:\/\/id126ufba.com.br\/memoria\/o-reconcavo-e-o-reggae-baiano\/#primaryimage\"},\"thumbnailUrl\":\"http:\/\/impressaodigital126.ufba.br\/wp-content\/uploads\/2011\/06\/edson-gomes.jpg\",\"keywords\":[\"bob marley\",\"edson gomes\",\"jamaica\",\"reggae\",\"roots\",\"salvador\",\"sine calmon\"],\"articleSection\":[\"Coordenadas\/Complementares\"],\"inLanguage\":\"pt-BR\",\"potentialAction\":[{\"@type\":\"CommentAction\",\"name\":\"Comment\",\"target\":[\"https:\/\/id126ufba.com.br\/memoria\/o-reconcavo-e-o-reggae-baiano\/#respond\"]}]},{\"@type\":\"WebPage\",\"@id\":\"https:\/\/id126ufba.com.br\/memoria\/o-reconcavo-e-o-reggae-baiano\/\",\"url\":\"https:\/\/id126ufba.com.br\/memoria\/o-reconcavo-e-o-reggae-baiano\/\",\"name\":\"O rec\u00f4ncavo e o reggae baiano - Impressao Digital 126\",\"isPartOf\":{\"@id\":\"https:\/\/id126ufba.com.br\/memoria\/#website\"},\"primaryImageOfPage\":{\"@id\":\"https:\/\/id126ufba.com.br\/memoria\/o-reconcavo-e-o-reggae-baiano\/#primaryimage\"},\"image\":{\"@id\":\"https:\/\/id126ufba.com.br\/memoria\/o-reconcavo-e-o-reggae-baiano\/#primaryimage\"},\"thumbnailUrl\":\"http:\/\/impressaodigital126.ufba.br\/wp-content\/uploads\/2011\/06\/edson-gomes.jpg\",\"datePublished\":\"2011-06-11T21:18:32+00:00\",\"dateModified\":\"2011-07-04T12:33:09+00:00\",\"breadcrumb\":{\"@id\":\"https:\/\/id126ufba.com.br\/memoria\/o-reconcavo-e-o-reggae-baiano\/#breadcrumb\"},\"inLanguage\":\"pt-BR\",\"potentialAction\":[{\"@type\":\"ReadAction\",\"target\":[\"https:\/\/id126ufba.com.br\/memoria\/o-reconcavo-e-o-reggae-baiano\/\"]}]},{\"@type\":\"ImageObject\",\"inLanguage\":\"pt-BR\",\"@id\":\"https:\/\/id126ufba.com.br\/memoria\/o-reconcavo-e-o-reggae-baiano\/#primaryimage\",\"url\":\"http:\/\/impressaodigital126.ufba.br\/wp-content\/uploads\/2011\/06\/edson-gomes.jpg\",\"contentUrl\":\"http:\/\/impressaodigital126.ufba.br\/wp-content\/uploads\/2011\/06\/edson-gomes.jpg\"},{\"@type\":\"BreadcrumbList\",\"@id\":\"https:\/\/id126ufba.com.br\/memoria\/o-reconcavo-e-o-reggae-baiano\/#breadcrumb\",\"itemListElement\":[{\"@type\":\"ListItem\",\"position\":1,\"name\":\"In\u00edcio\",\"item\":\"https:\/\/id126ufba.com.br\/memoria\/\"},{\"@type\":\"ListItem\",\"position\":2,\"name\":\"O rec\u00f4ncavo e o reggae baiano\"}]},{\"@type\":\"WebSite\",\"@id\":\"https:\/\/id126ufba.com.br\/memoria\/#website\",\"url\":\"https:\/\/id126ufba.com.br\/memoria\/\",\"name\":\"Impressao Digital 126\",\"description\":\"\",\"publisher\":{\"@id\":\"https:\/\/id126ufba.com.br\/memoria\/#organization\"},\"potentialAction\":[{\"@type\":\"SearchAction\",\"target\":{\"@type\":\"EntryPoint\",\"urlTemplate\":\"https:\/\/id126ufba.com.br\/memoria\/?s={search_term_string}\"},\"query-input\":{\"@type\":\"PropertyValueSpecification\",\"valueRequired\":true,\"valueName\":\"search_term_string\"}}],\"inLanguage\":\"pt-BR\"},{\"@type\":\"Organization\",\"@id\":\"https:\/\/id126ufba.com.br\/memoria\/#organization\",\"name\":\"Impressao Digital 126\",\"url\":\"https:\/\/id126ufba.com.br\/memoria\/\",\"logo\":{\"@type\":\"ImageObject\",\"inLanguage\":\"pt-BR\",\"@id\":\"https:\/\/id126ufba.com.br\/memoria\/#\/schema\/logo\/image\/\",\"url\":\"https:\/\/id126ufba.com.br\/memoria\/wp-content\/uploads\/2024\/07\/cropped-logo_memoria-1.png\",\"contentUrl\":\"https:\/\/id126ufba.com.br\/memoria\/wp-content\/uploads\/2024\/07\/cropped-logo_memoria-1.png\",\"width\":500,\"height\":100,\"caption\":\"Impressao Digital 126\"},\"image\":{\"@id\":\"https:\/\/id126ufba.com.br\/memoria\/#\/schema\/logo\/image\/\"}},{\"@type\":\"Person\",\"@id\":\"https:\/\/id126ufba.com.br\/memoria\/#\/schema\/person\/4f42ebfe385625f80efb1e423b1971ee\",\"name\":\"Editor\",\"image\":{\"@type\":\"ImageObject\",\"inLanguage\":\"pt-BR\",\"@id\":\"https:\/\/id126ufba.com.br\/memoria\/#\/schema\/person\/image\/\",\"url\":\"https:\/\/secure.gravatar.com\/avatar\/1d69d145a93605cda3e299a3b9c25751?s=96&d=mm&r=g\",\"contentUrl\":\"https:\/\/secure.gravatar.com\/avatar\/1d69d145a93605cda3e299a3b9c25751?s=96&d=mm&r=g\",\"caption\":\"Editor\"},\"url\":\"https:\/\/id126ufba.com.br\/memoria\/author\/editor\/\"}]}<\/script>\n<!-- \/ Yoast SEO plugin. -->","yoast_head_json":{"title":"O rec\u00f4ncavo e o reggae baiano - Impressao Digital 126","robots":{"index":"index","follow":"follow","max-snippet":"max-snippet:-1","max-image-preview":"max-image-preview:large","max-video-preview":"max-video-preview:-1"},"canonical":"https:\/\/id126ufba.com.br\/memoria\/o-reconcavo-e-o-reggae-baiano\/","og_locale":"pt_BR","og_type":"article","og_title":"O rec\u00f4ncavo e o reggae baiano - Impressao Digital 126","og_description":"Cachoeira e S\u00e3o F\u00e9lix, ra\u00edzes do reggae \u201croots\u201d feito na Bahia Por Albano Moura As cidades vizinhas de Cachoeira e S\u00e3o F\u00e9lix, na regi\u00e3o do Rec\u00f4ncavo Baiano, s\u00e3o conhecidas pelos artistas de reggae que revelam, tais como Edson Gomes, Sine Calmon, Nengo Vieira, Tin Tin Gomes e Geraldo Cristal. Desses artistas, o que mais se [&hellip;]","og_url":"https:\/\/id126ufba.com.br\/memoria\/o-reconcavo-e-o-reggae-baiano\/","og_site_name":"Impressao Digital 126","article_published_time":"2011-06-11T21:18:32+00:00","article_modified_time":"2011-07-04T12:33:09+00:00","og_image":[{"url":"http:\/\/impressaodigital126.ufba.br\/wp-content\/uploads\/2011\/06\/edson-gomes.jpg","type":"","width":"","height":""}],"author":"Editor","twitter_card":"summary_large_image","twitter_misc":{"Escrito por":"Editor","Est. tempo de leitura":"2 minutos"},"schema":{"@context":"https:\/\/schema.org","@graph":[{"@type":"Article","@id":"https:\/\/id126ufba.com.br\/memoria\/o-reconcavo-e-o-reggae-baiano\/#article","isPartOf":{"@id":"https:\/\/id126ufba.com.br\/memoria\/o-reconcavo-e-o-reggae-baiano\/"},"author":{"name":"Editor","@id":"https:\/\/id126ufba.com.br\/memoria\/#\/schema\/person\/4f42ebfe385625f80efb1e423b1971ee"},"headline":"O rec\u00f4ncavo e o reggae baiano","datePublished":"2011-06-11T21:18:32+00:00","dateModified":"2011-07-04T12:33:09+00:00","mainEntityOfPage":{"@id":"https:\/\/id126ufba.com.br\/memoria\/o-reconcavo-e-o-reggae-baiano\/"},"wordCount":442,"commentCount":0,"publisher":{"@id":"https:\/\/id126ufba.com.br\/memoria\/#organization"},"image":{"@id":"https:\/\/id126ufba.com.br\/memoria\/o-reconcavo-e-o-reggae-baiano\/#primaryimage"},"thumbnailUrl":"http:\/\/impressaodigital126.ufba.br\/wp-content\/uploads\/2011\/06\/edson-gomes.jpg","keywords":["bob marley","edson gomes","jamaica","reggae","roots","salvador","sine calmon"],"articleSection":["Coordenadas\/Complementares"],"inLanguage":"pt-BR","potentialAction":[{"@type":"CommentAction","name":"Comment","target":["https:\/\/id126ufba.com.br\/memoria\/o-reconcavo-e-o-reggae-baiano\/#respond"]}]},{"@type":"WebPage","@id":"https:\/\/id126ufba.com.br\/memoria\/o-reconcavo-e-o-reggae-baiano\/","url":"https:\/\/id126ufba.com.br\/memoria\/o-reconcavo-e-o-reggae-baiano\/","name":"O rec\u00f4ncavo e o reggae baiano - Impressao Digital 126","isPartOf":{"@id":"https:\/\/id126ufba.com.br\/memoria\/#website"},"primaryImageOfPage":{"@id":"https:\/\/id126ufba.com.br\/memoria\/o-reconcavo-e-o-reggae-baiano\/#primaryimage"},"image":{"@id":"https:\/\/id126ufba.com.br\/memoria\/o-reconcavo-e-o-reggae-baiano\/#primaryimage"},"thumbnailUrl":"http:\/\/impressaodigital126.ufba.br\/wp-content\/uploads\/2011\/06\/edson-gomes.jpg","datePublished":"2011-06-11T21:18:32+00:00","dateModified":"2011-07-04T12:33:09+00:00","breadcrumb":{"@id":"https:\/\/id126ufba.com.br\/memoria\/o-reconcavo-e-o-reggae-baiano\/#breadcrumb"},"inLanguage":"pt-BR","potentialAction":[{"@type":"ReadAction","target":["https:\/\/id126ufba.com.br\/memoria\/o-reconcavo-e-o-reggae-baiano\/"]}]},{"@type":"ImageObject","inLanguage":"pt-BR","@id":"https:\/\/id126ufba.com.br\/memoria\/o-reconcavo-e-o-reggae-baiano\/#primaryimage","url":"http:\/\/impressaodigital126.ufba.br\/wp-content\/uploads\/2011\/06\/edson-gomes.jpg","contentUrl":"http:\/\/impressaodigital126.ufba.br\/wp-content\/uploads\/2011\/06\/edson-gomes.jpg"},{"@type":"BreadcrumbList","@id":"https:\/\/id126ufba.com.br\/memoria\/o-reconcavo-e-o-reggae-baiano\/#breadcrumb","itemListElement":[{"@type":"ListItem","position":1,"name":"In\u00edcio","item":"https:\/\/id126ufba.com.br\/memoria\/"},{"@type":"ListItem","position":2,"name":"O rec\u00f4ncavo e o reggae baiano"}]},{"@type":"WebSite","@id":"https:\/\/id126ufba.com.br\/memoria\/#website","url":"https:\/\/id126ufba.com.br\/memoria\/","name":"Impressao Digital 126","description":"","publisher":{"@id":"https:\/\/id126ufba.com.br\/memoria\/#organization"},"potentialAction":[{"@type":"SearchAction","target":{"@type":"EntryPoint","urlTemplate":"https:\/\/id126ufba.com.br\/memoria\/?s={search_term_string}"},"query-input":{"@type":"PropertyValueSpecification","valueRequired":true,"valueName":"search_term_string"}}],"inLanguage":"pt-BR"},{"@type":"Organization","@id":"https:\/\/id126ufba.com.br\/memoria\/#organization","name":"Impressao Digital 126","url":"https:\/\/id126ufba.com.br\/memoria\/","logo":{"@type":"ImageObject","inLanguage":"pt-BR","@id":"https:\/\/id126ufba.com.br\/memoria\/#\/schema\/logo\/image\/","url":"https:\/\/id126ufba.com.br\/memoria\/wp-content\/uploads\/2024\/07\/cropped-logo_memoria-1.png","contentUrl":"https:\/\/id126ufba.com.br\/memoria\/wp-content\/uploads\/2024\/07\/cropped-logo_memoria-1.png","width":500,"height":100,"caption":"Impressao Digital 126"},"image":{"@id":"https:\/\/id126ufba.com.br\/memoria\/#\/schema\/logo\/image\/"}},{"@type":"Person","@id":"https:\/\/id126ufba.com.br\/memoria\/#\/schema\/person\/4f42ebfe385625f80efb1e423b1971ee","name":"Editor","image":{"@type":"ImageObject","inLanguage":"pt-BR","@id":"https:\/\/id126ufba.com.br\/memoria\/#\/schema\/person\/image\/","url":"https:\/\/secure.gravatar.com\/avatar\/1d69d145a93605cda3e299a3b9c25751?s=96&d=mm&r=g","contentUrl":"https:\/\/secure.gravatar.com\/avatar\/1d69d145a93605cda3e299a3b9c25751?s=96&d=mm&r=g","caption":"Editor"},"url":"https:\/\/id126ufba.com.br\/memoria\/author\/editor\/"}]}},"_links":{"self":[{"href":"https:\/\/id126ufba.com.br\/memoria\/wp-json\/wp\/v2\/posts\/657"}],"collection":[{"href":"https:\/\/id126ufba.com.br\/memoria\/wp-json\/wp\/v2\/posts"}],"about":[{"href":"https:\/\/id126ufba.com.br\/memoria\/wp-json\/wp\/v2\/types\/post"}],"author":[{"embeddable":true,"href":"https:\/\/id126ufba.com.br\/memoria\/wp-json\/wp\/v2\/users\/2"}],"replies":[{"embeddable":true,"href":"https:\/\/id126ufba.com.br\/memoria\/wp-json\/wp\/v2\/comments?post=657"}],"version-history":[{"count":0,"href":"https:\/\/id126ufba.com.br\/memoria\/wp-json\/wp\/v2\/posts\/657\/revisions"}],"wp:attachment":[{"href":"https:\/\/id126ufba.com.br\/memoria\/wp-json\/wp\/v2\/media?parent=657"}],"wp:term":[{"taxonomy":"category","embeddable":true,"href":"https:\/\/id126ufba.com.br\/memoria\/wp-json\/wp\/v2\/categories?post=657"},{"taxonomy":"post_tag","embeddable":true,"href":"https:\/\/id126ufba.com.br\/memoria\/wp-json\/wp\/v2\/tags?post=657"}],"curies":[{"name":"wp","href":"https:\/\/api.w.org\/{rel}","templated":true}]}}