{"id":694,"date":"2011-06-13T21:27:41","date_gmt":"2011-06-13T21:27:41","guid":{"rendered":"http:\/\/impressaodigital126.ufba.br\/?p=694"},"modified":"2011-07-18T15:26:11","modified_gmt":"2011-07-18T15:26:11","slug":"reggae-de-salvador","status":"publish","type":"post","link":"https:\/\/id126ufba.com.br\/memoria\/reggae-de-salvador\/","title":{"rendered":"Reggae de Salvador"},"content":{"rendered":"<p><em>Um panorama dos \u00faltimos dez anos de grandes produ\u00e7\u00f5es na cidade, abordando a evolu\u00e7\u00e3o e os desafios <\/em><!--more--><br \/>\nPor Albano Moura<\/p>\n<div id=\"attachment_762\" style=\"width: 310px\" class=\"wp-caption alignright\"><a href=\"http:\/\/impressaodigital126.ufba.br\/wp-content\/uploads\/2011\/06\/republicadoreggae20112010.jpg\"><img loading=\"lazy\" decoding=\"async\" aria-describedby=\"caption-attachment-762\" class=\"size-medium wp-image-762\" title=\"republicadoreggae20112010\" src=\"http:\/\/impressaodigital126.ufba.br\/wp-content\/uploads\/2011\/06\/republicadoreggae20112010-300x124.jpg\" alt=\"\" width=\"300\" height=\"124\" srcset=\"https:\/\/id126ufba.com.br\/memoria\/wp-content\/uploads\/2011\/06\/republicadoreggae20112010-300x124.jpg 300w, https:\/\/id126ufba.com.br\/memoria\/wp-content\/uploads\/2011\/06\/republicadoreggae20112010.jpg 650w\" sizes=\"(max-width: 300px) 100vw, 300px\" \/><\/a><p id=\"caption-attachment-762\" class=\"wp-caption-text\"> <\/p><\/div>\n<p style=\"text-align: justify;\">As produ\u00e7\u00f5es de reggae gradativamente juntam grande p\u00fablico em Salvador, mas \u00e9 uma unanimidade entre os profissionais que produzem, atuam e criticam os eventos, que a cidade peca em diversos aspectos, que prejudicam a sua perfeita realiza\u00e7\u00e3o.<\/p>\n<p style=\"text-align: justify;\">O jornalista do Massa! Rafael Tiago Nunes, que trabalhou pelo jornal A Tarde em coberturas de diversos eventos de reggae em Salvador, diz: \u201cSalvador e regi\u00e3o metropolitana necessitam urgentemente de uma \u00e1rea fixa para shows de grande porte com estacionamento, capacidade para pelo menos 20 mil pessoas e de f\u00e1cil acesso. De maneira geral, n\u00e3o temos uma \u00e1rea ideal para shows de grande porte. Outro grande problema \u00e9 a falta de seguran\u00e7a. O \u00edndice de assaltos e confus\u00f5es nos shows de reggae aumentaram significativamente.\u201d, diz Rafael.<\/p>\n<div id=\"attachment_761\" style=\"width: 221px\" class=\"wp-caption alignright\"><a href=\"http:\/\/impressaodigital126.ufba.br\/wp-content\/uploads\/2011\/06\/reggaepower07122009.jpg\"><img loading=\"lazy\" decoding=\"async\" aria-describedby=\"caption-attachment-761\" class=\"size-medium wp-image-761\" title=\"reggaepower07122009\" src=\"http:\/\/impressaodigital126.ufba.br\/wp-content\/uploads\/2011\/06\/reggaepower07122009-211x300.jpg\" alt=\"\" width=\"211\" height=\"300\" srcset=\"https:\/\/id126ufba.com.br\/memoria\/wp-content\/uploads\/2011\/06\/reggaepower07122009-211x300.jpg 211w, https:\/\/id126ufba.com.br\/memoria\/wp-content\/uploads\/2011\/06\/reggaepower07122009.jpg 350w\" sizes=\"(max-width: 211px) 100vw, 211px\" \/><\/a><p id=\"caption-attachment-761\" class=\"wp-caption-text\"> <\/p><\/div>\n<p style=\"text-align: justify;\">Os grandes eventos, geralmente realizados em Salvador pelas produtoras Pida, Dend\u00ea Produ\u00e7\u00f5es, a Praia Produ\u00e7\u00f5es e Salvador Produ\u00e7\u00f5es, t\u00eam como principais locais o antigo Wet\u2019n\u2019Wild e o Bahia Caf\u00e9 Hall na Av. Luis Viana Filho, o Kart\u00f3dromo Ayrton Senna em Lauro de Freitas, as barracas de praia em Ipitanga ou, como aconteceu no \u00faltimo Bob Marley Day, o Parque de Exposi\u00e7\u00f5es.<\/p>\n<p style=\"text-align: justify;\">Eventos menores acontecem no World Bar(Barra), Espa\u00e7o Verde(Itapu\u00e3), e nas pra\u00e7as do Pelourinho. Fica claro com a repercuss\u00e3o e quantidade de shows que a cidade realiza, que com um controle da quest\u00e3o da seguran\u00e7a e aumento no n\u00edvel de infraestrutura, as grandes produ\u00e7\u00f5es tem total capacidade de tornar Salvador uma grande capital do reggae no Brasil.<\/p>\n<p style=\"text-align: justify;\">Confira abaixo a linha do tempo das grandes produ\u00e7\u00f5es de reggae em Salvador, desde 2003.<\/p>\n<p style=\"text-align: justify;\"><strong>Continue lendo:<\/strong><\/p>\n<p><a title=\"O atual cen\u00e1rio independente do reggae soteropolitano\" href=\"http:\/\/impressaodigital126.ufba.br\/2011\/06\/11\/o-atual-cenario-independente-do-reggae-soteropolitano\/\">O atual cen\u00e1rio independente do reggae soteropolitano<\/a><\/p>\n<p><a title=\"O atual cen\u00e1rio independente do reggae soteropolitano\" href=\"http:\/\/impressaodigital126.ufba.br\/2011\/06\/11\/o-atual-cenario-independente-do-reggae-soteropolitano\/\"><\/a><a title=\"\u201cCanta Bahia reggae now!\u201d\" href=\"http:\/\/impressaodigital126.ufba.br\/2011\/06\/11\/%E2%80%9Ccanta-bahia-reggae-now%E2%80%9D\/\">Canta Bahia reggae now!<\/a><\/p>\n<p><a title=\"\u201cCanta Bahia reggae now!\u201d\" href=\"http:\/\/impressaodigital126.ufba.br\/2011\/06\/11\/%E2%80%9Ccanta-bahia-reggae-now%E2%80%9D\/\"><\/a><a title=\"O rec\u00f4ncavo e o reggae baiano\" href=\"http:\/\/impressaodigital126.ufba.br\/2011\/06\/11\/o-reconcavo-e-o-reggae-baiano\/\">O rec\u00f4ncavo e o reggae baiano<\/a><\/p>\n<p><a title=\"O rec\u00f4ncavo e o reggae baiano\" href=\"http:\/\/impressaodigital126.ufba.br\/2011\/06\/11\/o-reconcavo-e-o-reggae-baiano\/\"><\/a><a title=\"O internauta do reggae\" href=\"http:\/\/impressaodigital126.ufba.br\/2011\/06\/11\/o-internauta-do-reggae\/\">O internauta do reggae &#8211; Entrevista com Rafael Costa<\/a><\/p>\n<p>&nbsp;<\/p>\n<p style=\"text-align: center;\"><object width=\"550\" height=\"400\"><param name=\"movie\" value=\"http:\/\/www.timetoast.com\/flash\/TimelineViewer.swf?passedTimelines=155387\" \/><param name=\"passedTimelines\" value=\"155387\" \/><param name=\"allowScriptAccess\" value=\"always\" \/><embed type=\"application\/x-shockwave-flash\" width=\"550\" height=\"400\" src=\"http:\/\/www.timetoast.com\/flash\/TimelineViewer.swf?passedTimelines=155387\" passedtimelines=\"155387\" allowscriptaccess=\"always\"><\/embed><\/object><\/p>\n","protected":false},"excerpt":{"rendered":"<p>Salvador tem se tornado uma das grandes cidades da m\u00fasica reggae no Brasil, com diversas atra\u00e7\u00f5es nacionais e internacionais em eventos de grande porte desde 2003. Bandas como Groundation(EUA), SOJA &#8211; Soldiers of Jah Army (EUA) e Steel Pulse(Inglaterra) est\u00e3o entre os principais artistas que comp\u00f5em esse novo cen\u00e1rio. O impress\u00e3o digital 126 conversou com alguns dos principais agentes do reggae em Salvador e no Brasil, al\u00e9m de bandas independentes da cidade. Confira!<\/p>\n","protected":false},"author":2,"featured_media":1012,"comment_status":"open","ping_status":"open","sticky":false,"template":"","format":"standard","meta":{"_acf_changed":false,"_monsterinsights_skip_tracking":false,"_monsterinsights_sitenote_active":false,"_monsterinsights_sitenote_note":"","_monsterinsights_sitenote_category":0,"footnotes":""},"categories":[3],"tags":[114,117,115,112,116,113,118],"acf":[],"aioseo_notices":[],"yoast_head":"<!-- This site is optimized with the Yoast SEO plugin v24.5 - https:\/\/yoast.com\/wordpress\/plugins\/seo\/ -->\n<title>Reggae de Salvador - Impressao Digital 126<\/title>\n<meta name=\"robots\" content=\"index, follow, max-snippet:-1, max-image-preview:large, max-video-preview:-1\" \/>\n<link rel=\"canonical\" href=\"https:\/\/id126ufba.com.br\/memoria\/reggae-de-salvador\/\" \/>\n<meta property=\"og:locale\" content=\"pt_BR\" \/>\n<meta property=\"og:type\" content=\"article\" \/>\n<meta property=\"og:title\" content=\"Reggae de Salvador - Impressao Digital 126\" \/>\n<meta property=\"og:description\" content=\"Salvador tem se tornado uma das grandes cidades da m\u00fasica reggae no Brasil, com diversas atra\u00e7\u00f5es nacionais e internacionais em eventos de grande porte desde 2003. Bandas como Groundation(EUA), SOJA - Soldiers of Jah Army (EUA) e Steel Pulse(Inglaterra) est\u00e3o entre os principais artistas que comp\u00f5em esse novo cen\u00e1rio. O impress\u00e3o digital 126 conversou com alguns dos principais agentes do reggae em Salvador e no Brasil, al\u00e9m de bandas independentes da cidade. Confira!\" \/>\n<meta property=\"og:url\" content=\"https:\/\/id126ufba.com.br\/memoria\/reggae-de-salvador\/\" \/>\n<meta property=\"og:site_name\" content=\"Impressao Digital 126\" \/>\n<meta property=\"article:published_time\" content=\"2011-06-13T21:27:41+00:00\" \/>\n<meta property=\"article:modified_time\" content=\"2011-07-18T15:26:11+00:00\" \/>\n<meta property=\"og:image\" content=\"https:\/\/id126ufba.com.br\/memoria\/wp-content\/uploads\/2011\/06\/republicadoreggae20112010-300x1241.jpg\" \/>\n\t<meta property=\"og:image:width\" content=\"300\" \/>\n\t<meta property=\"og:image:height\" content=\"124\" \/>\n\t<meta property=\"og:image:type\" content=\"image\/jpeg\" \/>\n<meta name=\"author\" content=\"Editor\" \/>\n<meta name=\"twitter:card\" content=\"summary_large_image\" \/>\n<meta name=\"twitter:label1\" content=\"Escrito por\" \/>\n\t<meta name=\"twitter:data1\" content=\"Editor\" \/>\n\t<meta name=\"twitter:label2\" content=\"Est. tempo de leitura\" \/>\n\t<meta name=\"twitter:data2\" content=\"2 minutos\" \/>\n<script type=\"application\/ld+json\" class=\"yoast-schema-graph\">{\"@context\":\"https:\/\/schema.org\",\"@graph\":[{\"@type\":\"Article\",\"@id\":\"https:\/\/id126ufba.com.br\/memoria\/reggae-de-salvador\/#article\",\"isPartOf\":{\"@id\":\"https:\/\/id126ufba.com.br\/memoria\/reggae-de-salvador\/\"},\"author\":{\"name\":\"Editor\",\"@id\":\"https:\/\/id126ufba.com.br\/memoria\/#\/schema\/person\/4f42ebfe385625f80efb1e423b1971ee\"},\"headline\":\"Reggae de Salvador\",\"datePublished\":\"2011-06-13T21:27:41+00:00\",\"dateModified\":\"2011-07-18T15:26:11+00:00\",\"mainEntityOfPage\":{\"@id\":\"https:\/\/id126ufba.com.br\/memoria\/reggae-de-salvador\/\"},\"wordCount\":349,\"commentCount\":0,\"publisher\":{\"@id\":\"https:\/\/id126ufba.com.br\/memoria\/#organization\"},\"image\":{\"@id\":\"https:\/\/id126ufba.com.br\/memoria\/reggae-de-salvador\/#primaryimage\"},\"thumbnailUrl\":\"https:\/\/id126ufba.com.br\/memoria\/wp-content\/uploads\/2011\/06\/republicadoreggae20112010-300x1241.jpg\",\"keywords\":[\"bob marley\",\"edson gomes\",\"jamaica\",\"reggae\",\"roots\",\"salvador\",\"sine calmon\"],\"articleSection\":[\"Cultura\"],\"inLanguage\":\"pt-BR\",\"potentialAction\":[{\"@type\":\"CommentAction\",\"name\":\"Comment\",\"target\":[\"https:\/\/id126ufba.com.br\/memoria\/reggae-de-salvador\/#respond\"]}]},{\"@type\":\"WebPage\",\"@id\":\"https:\/\/id126ufba.com.br\/memoria\/reggae-de-salvador\/\",\"url\":\"https:\/\/id126ufba.com.br\/memoria\/reggae-de-salvador\/\",\"name\":\"Reggae de Salvador - Impressao Digital 126\",\"isPartOf\":{\"@id\":\"https:\/\/id126ufba.com.br\/memoria\/#website\"},\"primaryImageOfPage\":{\"@id\":\"https:\/\/id126ufba.com.br\/memoria\/reggae-de-salvador\/#primaryimage\"},\"image\":{\"@id\":\"https:\/\/id126ufba.com.br\/memoria\/reggae-de-salvador\/#primaryimage\"},\"thumbnailUrl\":\"https:\/\/id126ufba.com.br\/memoria\/wp-content\/uploads\/2011\/06\/republicadoreggae20112010-300x1241.jpg\",\"datePublished\":\"2011-06-13T21:27:41+00:00\",\"dateModified\":\"2011-07-18T15:26:11+00:00\",\"breadcrumb\":{\"@id\":\"https:\/\/id126ufba.com.br\/memoria\/reggae-de-salvador\/#breadcrumb\"},\"inLanguage\":\"pt-BR\",\"potentialAction\":[{\"@type\":\"ReadAction\",\"target\":[\"https:\/\/id126ufba.com.br\/memoria\/reggae-de-salvador\/\"]}]},{\"@type\":\"ImageObject\",\"inLanguage\":\"pt-BR\",\"@id\":\"https:\/\/id126ufba.com.br\/memoria\/reggae-de-salvador\/#primaryimage\",\"url\":\"https:\/\/id126ufba.com.br\/memoria\/wp-content\/uploads\/2011\/06\/republicadoreggae20112010-300x1241.jpg\",\"contentUrl\":\"https:\/\/id126ufba.com.br\/memoria\/wp-content\/uploads\/2011\/06\/republicadoreggae20112010-300x1241.jpg\",\"width\":\"300\",\"height\":\"124\"},{\"@type\":\"BreadcrumbList\",\"@id\":\"https:\/\/id126ufba.com.br\/memoria\/reggae-de-salvador\/#breadcrumb\",\"itemListElement\":[{\"@type\":\"ListItem\",\"position\":1,\"name\":\"In\u00edcio\",\"item\":\"https:\/\/id126ufba.com.br\/memoria\/\"},{\"@type\":\"ListItem\",\"position\":2,\"name\":\"Reggae de Salvador\"}]},{\"@type\":\"WebSite\",\"@id\":\"https:\/\/id126ufba.com.br\/memoria\/#website\",\"url\":\"https:\/\/id126ufba.com.br\/memoria\/\",\"name\":\"Impressao Digital 126\",\"description\":\"\",\"publisher\":{\"@id\":\"https:\/\/id126ufba.com.br\/memoria\/#organization\"},\"potentialAction\":[{\"@type\":\"SearchAction\",\"target\":{\"@type\":\"EntryPoint\",\"urlTemplate\":\"https:\/\/id126ufba.com.br\/memoria\/?s={search_term_string}\"},\"query-input\":{\"@type\":\"PropertyValueSpecification\",\"valueRequired\":true,\"valueName\":\"search_term_string\"}}],\"inLanguage\":\"pt-BR\"},{\"@type\":\"Organization\",\"@id\":\"https:\/\/id126ufba.com.br\/memoria\/#organization\",\"name\":\"Impressao Digital 126\",\"url\":\"https:\/\/id126ufba.com.br\/memoria\/\",\"logo\":{\"@type\":\"ImageObject\",\"inLanguage\":\"pt-BR\",\"@id\":\"https:\/\/id126ufba.com.br\/memoria\/#\/schema\/logo\/image\/\",\"url\":\"https:\/\/id126ufba.com.br\/memoria\/wp-content\/uploads\/2024\/07\/cropped-logo_memoria-1.png\",\"contentUrl\":\"https:\/\/id126ufba.com.br\/memoria\/wp-content\/uploads\/2024\/07\/cropped-logo_memoria-1.png\",\"width\":500,\"height\":100,\"caption\":\"Impressao Digital 126\"},\"image\":{\"@id\":\"https:\/\/id126ufba.com.br\/memoria\/#\/schema\/logo\/image\/\"}},{\"@type\":\"Person\",\"@id\":\"https:\/\/id126ufba.com.br\/memoria\/#\/schema\/person\/4f42ebfe385625f80efb1e423b1971ee\",\"name\":\"Editor\",\"image\":{\"@type\":\"ImageObject\",\"inLanguage\":\"pt-BR\",\"@id\":\"https:\/\/id126ufba.com.br\/memoria\/#\/schema\/person\/image\/\",\"url\":\"https:\/\/secure.gravatar.com\/avatar\/1d69d145a93605cda3e299a3b9c25751?s=96&d=mm&r=g\",\"contentUrl\":\"https:\/\/secure.gravatar.com\/avatar\/1d69d145a93605cda3e299a3b9c25751?s=96&d=mm&r=g\",\"caption\":\"Editor\"},\"url\":\"https:\/\/id126ufba.com.br\/memoria\/author\/editor\/\"}]}<\/script>\n<!-- \/ Yoast SEO plugin. -->","yoast_head_json":{"title":"Reggae de Salvador - Impressao Digital 126","robots":{"index":"index","follow":"follow","max-snippet":"max-snippet:-1","max-image-preview":"max-image-preview:large","max-video-preview":"max-video-preview:-1"},"canonical":"https:\/\/id126ufba.com.br\/memoria\/reggae-de-salvador\/","og_locale":"pt_BR","og_type":"article","og_title":"Reggae de Salvador - Impressao Digital 126","og_description":"Salvador tem se tornado uma das grandes cidades da m\u00fasica reggae no Brasil, com diversas atra\u00e7\u00f5es nacionais e internacionais em eventos de grande porte desde 2003. Bandas como Groundation(EUA), SOJA - Soldiers of Jah Army (EUA) e Steel Pulse(Inglaterra) est\u00e3o entre os principais artistas que comp\u00f5em esse novo cen\u00e1rio. O impress\u00e3o digital 126 conversou com alguns dos principais agentes do reggae em Salvador e no Brasil, al\u00e9m de bandas independentes da cidade. Confira!","og_url":"https:\/\/id126ufba.com.br\/memoria\/reggae-de-salvador\/","og_site_name":"Impressao Digital 126","article_published_time":"2011-06-13T21:27:41+00:00","article_modified_time":"2011-07-18T15:26:11+00:00","og_image":[{"width":300,"height":124,"url":"https:\/\/id126ufba.com.br\/memoria\/wp-content\/uploads\/2011\/06\/republicadoreggae20112010-300x1241.jpg","type":"image\/jpeg"}],"author":"Editor","twitter_card":"summary_large_image","twitter_misc":{"Escrito por":"Editor","Est. tempo de leitura":"2 minutos"},"schema":{"@context":"https:\/\/schema.org","@graph":[{"@type":"Article","@id":"https:\/\/id126ufba.com.br\/memoria\/reggae-de-salvador\/#article","isPartOf":{"@id":"https:\/\/id126ufba.com.br\/memoria\/reggae-de-salvador\/"},"author":{"name":"Editor","@id":"https:\/\/id126ufba.com.br\/memoria\/#\/schema\/person\/4f42ebfe385625f80efb1e423b1971ee"},"headline":"Reggae de Salvador","datePublished":"2011-06-13T21:27:41+00:00","dateModified":"2011-07-18T15:26:11+00:00","mainEntityOfPage":{"@id":"https:\/\/id126ufba.com.br\/memoria\/reggae-de-salvador\/"},"wordCount":349,"commentCount":0,"publisher":{"@id":"https:\/\/id126ufba.com.br\/memoria\/#organization"},"image":{"@id":"https:\/\/id126ufba.com.br\/memoria\/reggae-de-salvador\/#primaryimage"},"thumbnailUrl":"https:\/\/id126ufba.com.br\/memoria\/wp-content\/uploads\/2011\/06\/republicadoreggae20112010-300x1241.jpg","keywords":["bob marley","edson gomes","jamaica","reggae","roots","salvador","sine calmon"],"articleSection":["Cultura"],"inLanguage":"pt-BR","potentialAction":[{"@type":"CommentAction","name":"Comment","target":["https:\/\/id126ufba.com.br\/memoria\/reggae-de-salvador\/#respond"]}]},{"@type":"WebPage","@id":"https:\/\/id126ufba.com.br\/memoria\/reggae-de-salvador\/","url":"https:\/\/id126ufba.com.br\/memoria\/reggae-de-salvador\/","name":"Reggae de Salvador - Impressao Digital 126","isPartOf":{"@id":"https:\/\/id126ufba.com.br\/memoria\/#website"},"primaryImageOfPage":{"@id":"https:\/\/id126ufba.com.br\/memoria\/reggae-de-salvador\/#primaryimage"},"image":{"@id":"https:\/\/id126ufba.com.br\/memoria\/reggae-de-salvador\/#primaryimage"},"thumbnailUrl":"https:\/\/id126ufba.com.br\/memoria\/wp-content\/uploads\/2011\/06\/republicadoreggae20112010-300x1241.jpg","datePublished":"2011-06-13T21:27:41+00:00","dateModified":"2011-07-18T15:26:11+00:00","breadcrumb":{"@id":"https:\/\/id126ufba.com.br\/memoria\/reggae-de-salvador\/#breadcrumb"},"inLanguage":"pt-BR","potentialAction":[{"@type":"ReadAction","target":["https:\/\/id126ufba.com.br\/memoria\/reggae-de-salvador\/"]}]},{"@type":"ImageObject","inLanguage":"pt-BR","@id":"https:\/\/id126ufba.com.br\/memoria\/reggae-de-salvador\/#primaryimage","url":"https:\/\/id126ufba.com.br\/memoria\/wp-content\/uploads\/2011\/06\/republicadoreggae20112010-300x1241.jpg","contentUrl":"https:\/\/id126ufba.com.br\/memoria\/wp-content\/uploads\/2011\/06\/republicadoreggae20112010-300x1241.jpg","width":"300","height":"124"},{"@type":"BreadcrumbList","@id":"https:\/\/id126ufba.com.br\/memoria\/reggae-de-salvador\/#breadcrumb","itemListElement":[{"@type":"ListItem","position":1,"name":"In\u00edcio","item":"https:\/\/id126ufba.com.br\/memoria\/"},{"@type":"ListItem","position":2,"name":"Reggae de Salvador"}]},{"@type":"WebSite","@id":"https:\/\/id126ufba.com.br\/memoria\/#website","url":"https:\/\/id126ufba.com.br\/memoria\/","name":"Impressao Digital 126","description":"","publisher":{"@id":"https:\/\/id126ufba.com.br\/memoria\/#organization"},"potentialAction":[{"@type":"SearchAction","target":{"@type":"EntryPoint","urlTemplate":"https:\/\/id126ufba.com.br\/memoria\/?s={search_term_string}"},"query-input":{"@type":"PropertyValueSpecification","valueRequired":true,"valueName":"search_term_string"}}],"inLanguage":"pt-BR"},{"@type":"Organization","@id":"https:\/\/id126ufba.com.br\/memoria\/#organization","name":"Impressao Digital 126","url":"https:\/\/id126ufba.com.br\/memoria\/","logo":{"@type":"ImageObject","inLanguage":"pt-BR","@id":"https:\/\/id126ufba.com.br\/memoria\/#\/schema\/logo\/image\/","url":"https:\/\/id126ufba.com.br\/memoria\/wp-content\/uploads\/2024\/07\/cropped-logo_memoria-1.png","contentUrl":"https:\/\/id126ufba.com.br\/memoria\/wp-content\/uploads\/2024\/07\/cropped-logo_memoria-1.png","width":500,"height":100,"caption":"Impressao Digital 126"},"image":{"@id":"https:\/\/id126ufba.com.br\/memoria\/#\/schema\/logo\/image\/"}},{"@type":"Person","@id":"https:\/\/id126ufba.com.br\/memoria\/#\/schema\/person\/4f42ebfe385625f80efb1e423b1971ee","name":"Editor","image":{"@type":"ImageObject","inLanguage":"pt-BR","@id":"https:\/\/id126ufba.com.br\/memoria\/#\/schema\/person\/image\/","url":"https:\/\/secure.gravatar.com\/avatar\/1d69d145a93605cda3e299a3b9c25751?s=96&d=mm&r=g","contentUrl":"https:\/\/secure.gravatar.com\/avatar\/1d69d145a93605cda3e299a3b9c25751?s=96&d=mm&r=g","caption":"Editor"},"url":"https:\/\/id126ufba.com.br\/memoria\/author\/editor\/"}]}},"_links":{"self":[{"href":"https:\/\/id126ufba.com.br\/memoria\/wp-json\/wp\/v2\/posts\/694"}],"collection":[{"href":"https:\/\/id126ufba.com.br\/memoria\/wp-json\/wp\/v2\/posts"}],"about":[{"href":"https:\/\/id126ufba.com.br\/memoria\/wp-json\/wp\/v2\/types\/post"}],"author":[{"embeddable":true,"href":"https:\/\/id126ufba.com.br\/memoria\/wp-json\/wp\/v2\/users\/2"}],"replies":[{"embeddable":true,"href":"https:\/\/id126ufba.com.br\/memoria\/wp-json\/wp\/v2\/comments?post=694"}],"version-history":[{"count":0,"href":"https:\/\/id126ufba.com.br\/memoria\/wp-json\/wp\/v2\/posts\/694\/revisions"}],"wp:featuredmedia":[{"embeddable":true,"href":"https:\/\/id126ufba.com.br\/memoria\/wp-json\/wp\/v2\/media\/1012"}],"wp:attachment":[{"href":"https:\/\/id126ufba.com.br\/memoria\/wp-json\/wp\/v2\/media?parent=694"}],"wp:term":[{"taxonomy":"category","embeddable":true,"href":"https:\/\/id126ufba.com.br\/memoria\/wp-json\/wp\/v2\/categories?post=694"},{"taxonomy":"post_tag","embeddable":true,"href":"https:\/\/id126ufba.com.br\/memoria\/wp-json\/wp\/v2\/tags?post=694"}],"curies":[{"name":"wp","href":"https:\/\/api.w.org\/{rel}","templated":true}]}}